{"id":38853,"date":"2021-09-08T07:25:27","date_gmt":"2021-09-08T10:25:27","guid":{"rendered":"https:\/\/abes.org.br\/?p=38853"},"modified":"2021-09-15T08:07:46","modified_gmt":"2021-09-15T11:07:46","slug":"7a-edicao-do-connected-smart-cities-mobility-retoma-presencialmente-na-capital-paulista-com-passaporte-da-vacina-mais-de-300-palestrantes-e-aproximadamente-600-pessoas-no-centro-de-convencoes","status":"publish","type":"post","link":"https:\/\/abes.org.br\/en\/7a-edicao-do-connected-smart-cities-mobility-retoma-presencialmente-na-capital-paulista-com-passaporte-da-vacina-mais-de-300-palestrantes-e-aproximadamente-600-pessoas-no-centro-de-convencoes\/","title":{"rendered":"7th edition of Connected Smart Cities &amp; Mobility resumes in person in S\u00e3o Paulo with vaccine passport"},"content":{"rendered":"<p><img loading=\"lazy\" decoding=\"async\" class=\"wp-image-38854 aligncenter\" src=\"https:\/\/abes.org.br\/wp-content\/uploads\/2021\/09\/WhatsApp-Image-2021-09-06-at-21.10.59.jpeg\" alt=\"\" width=\"584\" height=\"329\" srcset=\"https:\/\/abes.org.br\/wp-content\/uploads\/2021\/09\/WhatsApp-Image-2021-09-06-at-21.10.59-980x552.jpeg 980w, https:\/\/abes.org.br\/wp-content\/uploads\/2021\/09\/WhatsApp-Image-2021-09-06-at-21.10.59-480x270.jpeg 480w\" sizes=\"(min-width: 0px) and (max-width: 480px) 480px, (min-width: 481px) and (max-width: 980px) 980px, 100vw\" \/><\/p>\n<p><i>City Halls and Innovative Businesses are awarded in the two days of the event, which opened space for entrepreneurship in cities across the country; ABES participated and institutionally supported this edition of Connected Smart Cities<\/i><\/p>\n<p>In its seventh year of edition, Connected Smart Cities &amp; Mobility resumed in person the event that discusses projects and actions of smart cities, at the Frei Caneca Convention Center, in S\u00e3o Paulo. This year, the event had a hybrid format, being on the 1st and 2nd in person, with simultaneous transmission in digital, and on the 3rd only digital. There were more than 300 speakers and approximately 600 people who attended the first two days of the event, in addition to 2,400 accesses on the online transmission platform.<\/p>\n<p>ABES \u2013 Brazilian Association of Software Companies, led by its director Jamile Sabatini Marques, participated in the event with a technology and innovation agenda focused on smart cities, with the panel \u201c<strong>The impact of ESG in times of crisis in the technology sector<\/strong>\u201c, with the participation of Tatiana Tucunduva Philippi Cortese, Researcher at the USP Global Cities Synthesis Center; Felipe Silva Martins, Professor at Uninove and Institute of Advanced Studies at USP; and Tatiana Wittman, Master&#039;s Student in Engineering and Knowledge Management at UFSC (Federal University of Santa Catarina).<\/p>\n<p>The 7th edition shared the same space with AirConnected at the Convention Center. The search for the event came from various parts of Brazil. The Southeast region represented 46% of presence. Right behind, it was the southern state of Rio Grande do Sul, with 21%, who were most interested in learning about the projects for\u00a0<i>Smart Cities and aviation cases.<\/i>\u00a0In third place was the Northeast with 17%, followed by the Midwest with 8%. The North region, with 5%, was also not left out. Although distant, Paraupebas, in Par\u00e1, attended with a delegation of 15 people. The Special Secretary of Government, Keniston Braga, says he was thrilled with what he witnessed at Connected. \u201cWe are going to transform Parauapebas into a national reference in matters of Smart Cities. This is a path of no return. A positive legacy that we are going to leave for current and future generations\u201d, he stated.<\/p>\n<p>Access for all speakers and participants was only allowed after the Vaccine Passport was required, as per state decree valid from September 1st. The guests presented proof of the first dose against Covid-19, underwent the PCR test and, after negative, were released for the event. Paula Faria, CEO of Necta, and creator of Connected Smart Cities &amp; Mobility commented that, even before the state decree, the organization was already complying with all the rules of the security protocol. &quot;It is essential that we manage to make protocols that actually bring security to people, and that we are able to inspire the government to pass on these good practices so that people occupy the event spaces again,&quot; said the CEO .<\/p>\n<p><b>First Day \u2013 Ranking<\/b><\/p>\n<p>On the first day of the event, the highlight, right after the Opening Ceremony, was the presentation of the Connected Smart Cities 2021 Ranking. technology and innovation, economy, education, health, safety, entrepreneurship, governance and energy, themes discussed in the three days of the event.<\/p>\n<p>S\u00e3o Paulo (SP) remained in first place overall in the Ranking. Florian\u00f3polis (SC) was in second place, followed by Curitiba (PR), Bras\u00edlia (DF), S\u00e3o Caetano do Sul (SP), Rio de Janeiro (RJ), Campinas (SP), Niter\u00f3i (RJ) and Salvador (BA) . The cities of Balne\u00e1rio Cambori\u00fa (SC), Belo Horizonte (MG), Barueri (SP), Palmas (TO), and Jaguari\u00fana (SP) were also awarded. Mayors and municipal secretaries received the trophy for the smartest and most connected city in Brazil.<\/p>\n<p>Right after lunch, panels started in a round table format, divided by thematic axes between connected cities, participatory and engaged cities, entrepreneurial cities, prosperous cities, human, resilient and inclusive cities, sustainable urbanism in cities, connectivity and integration, date analytics, trends, shared mobility, active mobility, electric vehicles, and mobility for people.<\/p>\n<p><b>Second Day - Prize<\/b><\/p>\n<p>On the second day, the roundtables continued and the winners of the Connected Smart Cities 2021 Award were revealed. This year, the Award was divided into the categories Business in Operation (with products or services available on the market), and Pre-Operational Business (which are still in the development stage). From each category, five finalists were chosen. Among them, there were three first placed.<\/p>\n<p>In the Pre-Operational Business category, the third place went to Vitor Dutra with the project of\u00a0<b>DAE - Efficient Active Debt<\/b>, from Bahia, which created a platform to encourage municipal collection with the recovery of public debts. Who took second place was the\u00a0<b>Bus<\/b>\u00a0of the Collective Mobility on Demand, from Bras\u00edlia, which, through a platform, offers collective services on demand. And on\u00a0<b>first position<\/b>, won the\u00a0<b>Boomerang Method<\/b>, which aims to manage waste in hospitals and health services.<\/p>\n<p>In the Business in Operation Category,\u00a0<b>Er\u00ea Lab<\/b>, from S\u00e3o Paulo, came in third place with the creation of playful spaces in favor of childhood. In second place in this category, the\u00a0<b>Lemobs - School Feeding<\/b>, from Rio de Janeiro, was chosen. The solution supports the management of municipal school meals with menus developed by nutritionists, which help to reduce waste. And as a winner in\u00a0<b>first position<\/b>, was the<b>\u00a0Horus Monitoring System<\/b>, from Florian\u00f3polis, which combines satellite images, drones and artificial intelligence to identify irregular works and deforestation.<\/p>\n<p><b>Connections and Business Rounds\u00a0<\/b><\/p>\n<p>Over the two days, in face-to-face and digital format, Connected Smart Cities &amp; Mobility, added to AirConnected, had 56 companies participating in the Connections and Business Rounds. There were 82 meetings that moved the market of organizations seeking to solve problems with urban mobility, sustainability and infrastructure, both in the context of smart cities and in the aerospace sector.<\/p>\n<p>The 7th edition of Connected Smart Cities &amp; Mobility was a success because we returned with enthusiasm, bringing back people&#039;s warmth, face-to-face discussions, eye to eye. This is a restart phase and we are betting all the chips of the lessons we have taken with the pandemic period\u201d, comments Paula Faria, creator and also organizer of the event, in partnership with Urban Systems Brazil.<\/p>\n<p>\u201cConnected Smart Cities Edition 2021 once again positioned this platform at the forefront of smart city discussions. First, for inaugurating the hybrid events calendar in S\u00e3o Paulo in an effective and very competent way. Second, for bringing together public authorities from different spheres, companies, academia, students and specialists in rich discussions, with the purpose of helping the intelligent development of our cities. I&#039;m sure many mayors and secretaries have returned to their cities with more knowledge and ways to improve the municipalities they represent,\u201d said Willian Rigon, director of Urban Systems and partner of Connected Smart Cities &amp; Mobility.<\/p>\n<p><b>Service:<\/b><\/p>\n<p>7th edition Connected Smart Cities &amp; Mobility<\/p>\n<p>Date: September 1-3, 2021<\/p>\n<ul>\n<li>All the content of lectures from both events will be available to those who participated until December, through the online transmission platform. And those who did not participate, can purchase from today all the content with a 50% discount to also have access until the end of 2021.<\/li>\n<\/ul>\n<p>More information:\u00a0<a href=\"https:\/\/evento.connectedsmartcities.com.br\/\">https:\/\/evento.connectedsmartcities.com.br\/<\/a><\/p>","protected":false},"excerpt":{"rendered":"<p>Prefeituras e Neg\u00f3cios Inovadores s\u00e3o premiados nos dois dias do evento que abriu espa\u00e7o para o empreendedorismo nas cidades em todo o pa\u00eds; a ABES participou e apoiou institucionalmente esta edi\u00e7\u00e3o do Connected Smart Cities Em seu s\u00e9timo ano de edi\u00e7\u00e3o, o Connected Smart Cities &amp; Mobility retomou presencialmente o evento que discute projetos e [&hellip;]<\/p>\n","protected":false},"author":10,"featured_media":38854,"comment_status":"closed","ping_status":"closed","sticky":false,"template":"","format":"standard","meta":{"_acf_changed":false,"_et_pb_use_builder":"","_et_pb_old_content":"","_et_gb_content_width":"","footnotes":""},"categories":[39,19],"tags":[1683,282,2150,367,2149,1850,346,2151],"class_list":["post-38853","post","type-post","status-publish","format-standard","has-post-thumbnail","hentry","category-coluna-4","category-ultimas-noticias","tag-avancos-em-iot","tag-cidades-empreendedoras","tag-cidades-humanas","tag-cidades-inteligentes","tag-cidades-prosperas","tag-data-analytics","tag-desafio-da-mobilidade","tag-onectividade-e-integracao"],"acf":[],"yoast_head":"<!-- This site is optimized with the Yoast SEO plugin v27.3 - https:\/\/yoast.com\/product\/yoast-seo-wordpress\/ -->\n<title>7\u00aa edi\u00e7\u00e3o do Connected Smart Cities &amp; Mobility retoma presencialmente na capital paulista com passaporte da vacina - ABES<\/title>\n<meta name=\"robots\" content=\"index, follow, max-snippet:-1, max-image-preview:large, max-video-preview:-1\" \/>\n<link rel=\"canonical\" href=\"https:\/\/abes.org.br\/en\/7a-edicao-do-connected-smart-cities-mobility-retoma-presencialmente-na-capital-paulista-com-passaporte-da-vacina-mais-de-300-palestrantes-e-aproximadamente-600-pessoas-no-centro-de-convencoes\/\" \/>\n<meta property=\"og:locale\" content=\"en_US\" \/>\n<meta property=\"og:type\" content=\"article\" \/>\n<meta property=\"og:title\" content=\"7\u00aa edi\u00e7\u00e3o do Connected Smart Cities &amp; Mobility retoma presencialmente na capital paulista com passaporte da vacina - ABES\" \/>\n<meta property=\"og:description\" content=\"Prefeituras e Neg\u00f3cios Inovadores s\u00e3o premiados nos dois dias do evento que abriu espa\u00e7o para o empreendedorismo nas cidades em todo o pa\u00eds; a ABES participou e apoiou institucionalmente esta edi\u00e7\u00e3o do Connected Smart Cities Em seu s\u00e9timo ano de edi\u00e7\u00e3o, o Connected Smart Cities &amp; Mobility retomou presencialmente o evento que discute projetos e [&hellip;]\" \/>\n<meta property=\"og:url\" content=\"https:\/\/abes.org.br\/en\/7a-edicao-do-connected-smart-cities-mobility-retoma-presencialmente-na-capital-paulista-com-passaporte-da-vacina-mais-de-300-palestrantes-e-aproximadamente-600-pessoas-no-centro-de-convencoes\/\" \/>\n<meta property=\"og:site_name\" content=\"ABES\" \/>\n<meta property=\"article:publisher\" content=\"https:\/\/www.facebook.com\/ABES.software\" \/>\n<meta property=\"article:published_time\" content=\"2021-09-08T10:25:27+00:00\" \/>\n<meta property=\"article:modified_time\" content=\"2021-09-15T11:07:46+00:00\" \/>\n<meta property=\"og:image\" content=\"https:\/\/abes.org.br\/wp-content\/uploads\/2021\/09\/WhatsApp-Image-2021-09-06-at-21.10.59.jpeg\" \/>\n\t<meta property=\"og:image:width\" content=\"1074\" \/>\n\t<meta property=\"og:image:height\" content=\"605\" \/>\n\t<meta property=\"og:image:type\" content=\"image\/jpeg\" \/>\n<meta name=\"author\" content=\"Editor ABES\" \/>\n<meta name=\"twitter:card\" content=\"summary_large_image\" \/>\n<meta name=\"twitter:creator\" content=\"@ABES_SOFTWARE\" \/>\n<meta name=\"twitter:site\" content=\"@ABES_SOFTWARE\" \/>\n<meta name=\"twitter:label1\" content=\"Written by\" \/>\n\t<meta name=\"twitter:data1\" content=\"Editor ABES\" \/>\n\t<meta name=\"twitter:label2\" content=\"Est. reading time\" \/>\n\t<meta name=\"twitter:data2\" content=\"7 minutes\" \/>\n<script type=\"application\/ld+json\" class=\"yoast-schema-graph\">{\"@context\":\"https:\\\/\\\/schema.org\",\"@graph\":[{\"@type\":\"Article\",\"@id\":\"https:\\\/\\\/abes.org.br\\\/7a-edicao-do-connected-smart-cities-mobility-retoma-presencialmente-na-capital-paulista-com-passaporte-da-vacina-mais-de-300-palestrantes-e-aproximadamente-600-pessoas-no-centro-de-convencoes\\\/#article\",\"isPartOf\":{\"@id\":\"https:\\\/\\\/abes.org.br\\\/7a-edicao-do-connected-smart-cities-mobility-retoma-presencialmente-na-capital-paulista-com-passaporte-da-vacina-mais-de-300-palestrantes-e-aproximadamente-600-pessoas-no-centro-de-convencoes\\\/\"},\"author\":{\"name\":\"Editor ABES\",\"@id\":\"https:\\\/\\\/abes.org.br\\\/#\\\/schema\\\/person\\\/d65ed84c8883a123fe668129fd6a7ed3\"},\"headline\":\"7\u00aa edi\u00e7\u00e3o do Connected Smart Cities &amp; Mobility retoma presencialmente na capital paulista com passaporte da vacina\",\"datePublished\":\"2021-09-08T10:25:27+00:00\",\"dateModified\":\"2021-09-15T11:07:46+00:00\",\"mainEntityOfPage\":{\"@id\":\"https:\\\/\\\/abes.org.br\\\/7a-edicao-do-connected-smart-cities-mobility-retoma-presencialmente-na-capital-paulista-com-passaporte-da-vacina-mais-de-300-palestrantes-e-aproximadamente-600-pessoas-no-centro-de-convencoes\\\/\"},\"wordCount\":1338,\"publisher\":{\"@id\":\"https:\\\/\\\/abes.org.br\\\/#organization\"},\"image\":{\"@id\":\"https:\\\/\\\/abes.org.br\\\/7a-edicao-do-connected-smart-cities-mobility-retoma-presencialmente-na-capital-paulista-com-passaporte-da-vacina-mais-de-300-palestrantes-e-aproximadamente-600-pessoas-no-centro-de-convencoes\\\/#primaryimage\"},\"thumbnailUrl\":\"https:\\\/\\\/abes.org.br\\\/wp-content\\\/uploads\\\/2021\\\/09\\\/WhatsApp-Image-2021-09-06-at-21.10.59.jpeg\",\"keywords\":[\"avan\u00e7os em IoT\",\"cidades empreendedoras\",\"cidades humanas\",\"cidades inteligentes\",\"cidades pr\u00f3speras\",\"Data &amp; Analytics\",\"desafio da mobilidade\",\"onectividade e integra\u00e7\u00e3o\"],\"articleSection\":[\"-Coluna 4\",\"\u00daltimas not\u00edcias\"],\"inLanguage\":\"en-US\"},{\"@type\":\"WebPage\",\"@id\":\"https:\\\/\\\/abes.org.br\\\/7a-edicao-do-connected-smart-cities-mobility-retoma-presencialmente-na-capital-paulista-com-passaporte-da-vacina-mais-de-300-palestrantes-e-aproximadamente-600-pessoas-no-centro-de-convencoes\\\/\",\"url\":\"https:\\\/\\\/abes.org.br\\\/7a-edicao-do-connected-smart-cities-mobility-retoma-presencialmente-na-capital-paulista-com-passaporte-da-vacina-mais-de-300-palestrantes-e-aproximadamente-600-pessoas-no-centro-de-convencoes\\\/\",\"name\":\"7\u00aa edi\u00e7\u00e3o do Connected Smart Cities &amp; Mobility retoma presencialmente na capital paulista com passaporte da vacina - ABES\",\"isPartOf\":{\"@id\":\"https:\\\/\\\/abes.org.br\\\/#website\"},\"primaryImageOfPage\":{\"@id\":\"https:\\\/\\\/abes.org.br\\\/7a-edicao-do-connected-smart-cities-mobility-retoma-presencialmente-na-capital-paulista-com-passaporte-da-vacina-mais-de-300-palestrantes-e-aproximadamente-600-pessoas-no-centro-de-convencoes\\\/#primaryimage\"},\"image\":{\"@id\":\"https:\\\/\\\/abes.org.br\\\/7a-edicao-do-connected-smart-cities-mobility-retoma-presencialmente-na-capital-paulista-com-passaporte-da-vacina-mais-de-300-palestrantes-e-aproximadamente-600-pessoas-no-centro-de-convencoes\\\/#primaryimage\"},\"thumbnailUrl\":\"https:\\\/\\\/abes.org.br\\\/wp-content\\\/uploads\\\/2021\\\/09\\\/WhatsApp-Image-2021-09-06-at-21.10.59.jpeg\",\"datePublished\":\"2021-09-08T10:25:27+00:00\",\"dateModified\":\"2021-09-15T11:07:46+00:00\",\"breadcrumb\":{\"@id\":\"https:\\\/\\\/abes.org.br\\\/7a-edicao-do-connected-smart-cities-mobility-retoma-presencialmente-na-capital-paulista-com-passaporte-da-vacina-mais-de-300-palestrantes-e-aproximadamente-600-pessoas-no-centro-de-convencoes\\\/#breadcrumb\"},\"inLanguage\":\"en-US\",\"potentialAction\":[{\"@type\":\"ReadAction\",\"target\":[\"https:\\\/\\\/abes.org.br\\\/7a-edicao-do-connected-smart-cities-mobility-retoma-presencialmente-na-capital-paulista-com-passaporte-da-vacina-mais-de-300-palestrantes-e-aproximadamente-600-pessoas-no-centro-de-convencoes\\\/\"]}]},{\"@type\":\"ImageObject\",\"inLanguage\":\"en-US\",\"@id\":\"https:\\\/\\\/abes.org.br\\\/7a-edicao-do-connected-smart-cities-mobility-retoma-presencialmente-na-capital-paulista-com-passaporte-da-vacina-mais-de-300-palestrantes-e-aproximadamente-600-pessoas-no-centro-de-convencoes\\\/#primaryimage\",\"url\":\"https:\\\/\\\/abes.org.br\\\/wp-content\\\/uploads\\\/2021\\\/09\\\/WhatsApp-Image-2021-09-06-at-21.10.59.jpeg\",\"contentUrl\":\"https:\\\/\\\/abes.org.br\\\/wp-content\\\/uploads\\\/2021\\\/09\\\/WhatsApp-Image-2021-09-06-at-21.10.59.jpeg\",\"width\":1074,\"height\":605},{\"@type\":\"BreadcrumbList\",\"@id\":\"https:\\\/\\\/abes.org.br\\\/7a-edicao-do-connected-smart-cities-mobility-retoma-presencialmente-na-capital-paulista-com-passaporte-da-vacina-mais-de-300-palestrantes-e-aproximadamente-600-pessoas-no-centro-de-convencoes\\\/#breadcrumb\",\"itemListElement\":[{\"@type\":\"ListItem\",\"position\":1,\"name\":\"In\u00edcio\",\"item\":\"https:\\\/\\\/abes.org.br\\\/\"},{\"@type\":\"ListItem\",\"position\":2,\"name\":\"7\u00aa edi\u00e7\u00e3o do Connected Smart Cities &amp; Mobility retoma presencialmente na capital paulista com passaporte da vacina\"}]},{\"@type\":\"WebSite\",\"@id\":\"https:\\\/\\\/abes.org.br\\\/#website\",\"url\":\"https:\\\/\\\/abes.org.br\\\/\",\"name\":\"ABES\",\"description\":\"Associa\u00e7\u00e3o Brasileira das Empresas de Software\",\"publisher\":{\"@id\":\"https:\\\/\\\/abes.org.br\\\/#organization\"},\"potentialAction\":[{\"@type\":\"SearchAction\",\"target\":{\"@type\":\"EntryPoint\",\"urlTemplate\":\"https:\\\/\\\/abes.org.br\\\/?s={search_term_string}\"},\"query-input\":{\"@type\":\"PropertyValueSpecification\",\"valueRequired\":true,\"valueName\":\"search_term_string\"}}],\"inLanguage\":\"en-US\"},{\"@type\":\"Organization\",\"@id\":\"https:\\\/\\\/abes.org.br\\\/#organization\",\"name\":\"Associa\u00e7\u00e3o Brasileira das Empresas de Software\",\"url\":\"https:\\\/\\\/abes.org.br\\\/\",\"logo\":{\"@type\":\"ImageObject\",\"inLanguage\":\"en-US\",\"@id\":\"https:\\\/\\\/abes.org.br\\\/#\\\/schema\\\/logo\\\/image\\\/\",\"url\":\"https:\\\/\\\/abes.org.br\\\/wp-content\\\/uploads\\\/2020\\\/09\\\/logo_abes_marca_d_tagline_horizontal_verde-amarelo_cmyk.png\",\"contentUrl\":\"https:\\\/\\\/abes.org.br\\\/wp-content\\\/uploads\\\/2020\\\/09\\\/logo_abes_marca_d_tagline_horizontal_verde-amarelo_cmyk.png\",\"width\":324,\"height\":70,\"caption\":\"Associa\u00e7\u00e3o Brasileira das Empresas de Software\"},\"image\":{\"@id\":\"https:\\\/\\\/abes.org.br\\\/#\\\/schema\\\/logo\\\/image\\\/\"},\"sameAs\":[\"https:\\\/\\\/www.facebook.com\\\/ABES.software\",\"https:\\\/\\\/x.com\\\/ABES_SOFTWARE\",\"https:\\\/\\\/www.linkedin.com\\\/company\\\/abes-software\\\/\",\"https:\\\/\\\/www.instagram.com\\\/abes_software\\\/\"]},{\"@type\":\"Person\",\"@id\":\"https:\\\/\\\/abes.org.br\\\/#\\\/schema\\\/person\\\/d65ed84c8883a123fe668129fd6a7ed3\",\"name\":\"Editor ABES\",\"image\":{\"@type\":\"ImageObject\",\"inLanguage\":\"en-US\",\"@id\":\"https:\\\/\\\/secure.gravatar.com\\\/avatar\\\/3b207abce016c5e2ad6bf38914af9ad16e277128bb9b06dabb05bc191f02d7fe?s=96&d=mm&r=g\",\"url\":\"https:\\\/\\\/secure.gravatar.com\\\/avatar\\\/3b207abce016c5e2ad6bf38914af9ad16e277128bb9b06dabb05bc191f02d7fe?s=96&d=mm&r=g\",\"contentUrl\":\"https:\\\/\\\/secure.gravatar.com\\\/avatar\\\/3b207abce016c5e2ad6bf38914af9ad16e277128bb9b06dabb05bc191f02d7fe?s=96&d=mm&r=g\",\"caption\":\"Editor ABES\"},\"url\":\"https:\\\/\\\/abes.org.br\\\/en\\\/author\\\/editor-abes\\\/\"}]}<\/script>\n<!-- \/ Yoast SEO plugin. -->","yoast_head_json":{"title":"The 7th edition of Connected Smart Cities &amp; Mobility resumes in person in S\u00e3o Paulo with a vaccine passport - ABES","robots":{"index":"index","follow":"follow","max-snippet":"max-snippet:-1","max-image-preview":"max-image-preview:large","max-video-preview":"max-video-preview:-1"},"canonical":"https:\/\/abes.org.br\/en\/7a-edicao-do-connected-smart-cities-mobility-retoma-presencialmente-na-capital-paulista-com-passaporte-da-vacina-mais-de-300-palestrantes-e-aproximadamente-600-pessoas-no-centro-de-convencoes\/","og_locale":"en_US","og_type":"article","og_title":"7\u00aa edi\u00e7\u00e3o do Connected Smart Cities &amp; Mobility retoma presencialmente na capital paulista com passaporte da vacina - ABES","og_description":"Prefeituras e Neg\u00f3cios Inovadores s\u00e3o premiados nos dois dias do evento que abriu espa\u00e7o para o empreendedorismo nas cidades em todo o pa\u00eds; a ABES participou e apoiou institucionalmente esta edi\u00e7\u00e3o do Connected Smart Cities Em seu s\u00e9timo ano de edi\u00e7\u00e3o, o Connected Smart Cities &amp; Mobility retomou presencialmente o evento que discute projetos e [&hellip;]","og_url":"https:\/\/abes.org.br\/en\/7a-edicao-do-connected-smart-cities-mobility-retoma-presencialmente-na-capital-paulista-com-passaporte-da-vacina-mais-de-300-palestrantes-e-aproximadamente-600-pessoas-no-centro-de-convencoes\/","og_site_name":"ABES","article_publisher":"https:\/\/www.facebook.com\/ABES.software","article_published_time":"2021-09-08T10:25:27+00:00","article_modified_time":"2021-09-15T11:07:46+00:00","og_image":[{"width":1074,"height":605,"url":"https:\/\/abes.org.br\/wp-content\/uploads\/2021\/09\/WhatsApp-Image-2021-09-06-at-21.10.59.jpeg","type":"image\/jpeg"}],"author":"Editor ABES","twitter_card":"summary_large_image","twitter_creator":"@ABES_SOFTWARE","twitter_site":"@ABES_SOFTWARE","twitter_misc":{"Written by":"Editor ABES","Est. reading time":"7 minutes"},"schema":{"@context":"https:\/\/schema.org","@graph":[{"@type":"Article","@id":"https:\/\/abes.org.br\/7a-edicao-do-connected-smart-cities-mobility-retoma-presencialmente-na-capital-paulista-com-passaporte-da-vacina-mais-de-300-palestrantes-e-aproximadamente-600-pessoas-no-centro-de-convencoes\/#article","isPartOf":{"@id":"https:\/\/abes.org.br\/7a-edicao-do-connected-smart-cities-mobility-retoma-presencialmente-na-capital-paulista-com-passaporte-da-vacina-mais-de-300-palestrantes-e-aproximadamente-600-pessoas-no-centro-de-convencoes\/"},"author":{"name":"Editor ABES","@id":"https:\/\/abes.org.br\/#\/schema\/person\/d65ed84c8883a123fe668129fd6a7ed3"},"headline":"7\u00aa edi\u00e7\u00e3o do Connected Smart Cities &amp; Mobility retoma presencialmente na capital paulista com passaporte da vacina","datePublished":"2021-09-08T10:25:27+00:00","dateModified":"2021-09-15T11:07:46+00:00","mainEntityOfPage":{"@id":"https:\/\/abes.org.br\/7a-edicao-do-connected-smart-cities-mobility-retoma-presencialmente-na-capital-paulista-com-passaporte-da-vacina-mais-de-300-palestrantes-e-aproximadamente-600-pessoas-no-centro-de-convencoes\/"},"wordCount":1338,"publisher":{"@id":"https:\/\/abes.org.br\/#organization"},"image":{"@id":"https:\/\/abes.org.br\/7a-edicao-do-connected-smart-cities-mobility-retoma-presencialmente-na-capital-paulista-com-passaporte-da-vacina-mais-de-300-palestrantes-e-aproximadamente-600-pessoas-no-centro-de-convencoes\/#primaryimage"},"thumbnailUrl":"https:\/\/abes.org.br\/wp-content\/uploads\/2021\/09\/WhatsApp-Image-2021-09-06-at-21.10.59.jpeg","keywords":["avan\u00e7os em IoT","cidades empreendedoras","cidades humanas","cidades inteligentes","cidades pr\u00f3speras","Data &amp; Analytics","desafio da mobilidade","onectividade e integra\u00e7\u00e3o"],"articleSection":["-Coluna 4","\u00daltimas not\u00edcias"],"inLanguage":"en-US"},{"@type":"WebPage","@id":"https:\/\/abes.org.br\/7a-edicao-do-connected-smart-cities-mobility-retoma-presencialmente-na-capital-paulista-com-passaporte-da-vacina-mais-de-300-palestrantes-e-aproximadamente-600-pessoas-no-centro-de-convencoes\/","url":"https:\/\/abes.org.br\/7a-edicao-do-connected-smart-cities-mobility-retoma-presencialmente-na-capital-paulista-com-passaporte-da-vacina-mais-de-300-palestrantes-e-aproximadamente-600-pessoas-no-centro-de-convencoes\/","name":"The 7th edition of Connected Smart Cities &amp; Mobility resumes in person in S\u00e3o Paulo with a vaccine passport - ABES","isPartOf":{"@id":"https:\/\/abes.org.br\/#website"},"primaryImageOfPage":{"@id":"https:\/\/abes.org.br\/7a-edicao-do-connected-smart-cities-mobility-retoma-presencialmente-na-capital-paulista-com-passaporte-da-vacina-mais-de-300-palestrantes-e-aproximadamente-600-pessoas-no-centro-de-convencoes\/#primaryimage"},"image":{"@id":"https:\/\/abes.org.br\/7a-edicao-do-connected-smart-cities-mobility-retoma-presencialmente-na-capital-paulista-com-passaporte-da-vacina-mais-de-300-palestrantes-e-aproximadamente-600-pessoas-no-centro-de-convencoes\/#primaryimage"},"thumbnailUrl":"https:\/\/abes.org.br\/wp-content\/uploads\/2021\/09\/WhatsApp-Image-2021-09-06-at-21.10.59.jpeg","datePublished":"2021-09-08T10:25:27+00:00","dateModified":"2021-09-15T11:07:46+00:00","breadcrumb":{"@id":"https:\/\/abes.org.br\/7a-edicao-do-connected-smart-cities-mobility-retoma-presencialmente-na-capital-paulista-com-passaporte-da-vacina-mais-de-300-palestrantes-e-aproximadamente-600-pessoas-no-centro-de-convencoes\/#breadcrumb"},"inLanguage":"en-US","potentialAction":[{"@type":"ReadAction","target":["https:\/\/abes.org.br\/7a-edicao-do-connected-smart-cities-mobility-retoma-presencialmente-na-capital-paulista-com-passaporte-da-vacina-mais-de-300-palestrantes-e-aproximadamente-600-pessoas-no-centro-de-convencoes\/"]}]},{"@type":"ImageObject","inLanguage":"en-US","@id":"https:\/\/abes.org.br\/7a-edicao-do-connected-smart-cities-mobility-retoma-presencialmente-na-capital-paulista-com-passaporte-da-vacina-mais-de-300-palestrantes-e-aproximadamente-600-pessoas-no-centro-de-convencoes\/#primaryimage","url":"https:\/\/abes.org.br\/wp-content\/uploads\/2021\/09\/WhatsApp-Image-2021-09-06-at-21.10.59.jpeg","contentUrl":"https:\/\/abes.org.br\/wp-content\/uploads\/2021\/09\/WhatsApp-Image-2021-09-06-at-21.10.59.jpeg","width":1074,"height":605},{"@type":"BreadcrumbList","@id":"https:\/\/abes.org.br\/7a-edicao-do-connected-smart-cities-mobility-retoma-presencialmente-na-capital-paulista-com-passaporte-da-vacina-mais-de-300-palestrantes-e-aproximadamente-600-pessoas-no-centro-de-convencoes\/#breadcrumb","itemListElement":[{"@type":"ListItem","position":1,"name":"In\u00edcio","item":"https:\/\/abes.org.br\/"},{"@type":"ListItem","position":2,"name":"7\u00aa edi\u00e7\u00e3o do Connected Smart Cities &amp; Mobility retoma presencialmente na capital paulista com passaporte da vacina"}]},{"@type":"WebSite","@id":"https:\/\/abes.org.br\/#website","url":"https:\/\/abes.org.br\/","name":"ABES","description":"Brazilian Association of Software Companies","publisher":{"@id":"https:\/\/abes.org.br\/#organization"},"potentialAction":[{"@type":"SearchAction","target":{"@type":"EntryPoint","urlTemplate":"https:\/\/abes.org.br\/?s={search_term_string}"},"query-input":{"@type":"PropertyValueSpecification","valueRequired":true,"valueName":"search_term_string"}}],"inLanguage":"en-US"},{"@type":"Organization","@id":"https:\/\/abes.org.br\/#organization","name":"Brazilian Association of Software Companies","url":"https:\/\/abes.org.br\/","logo":{"@type":"ImageObject","inLanguage":"en-US","@id":"https:\/\/abes.org.br\/#\/schema\/logo\/image\/","url":"https:\/\/abes.org.br\/wp-content\/uploads\/2020\/09\/logo_abes_marca_d_tagline_horizontal_verde-amarelo_cmyk.png","contentUrl":"https:\/\/abes.org.br\/wp-content\/uploads\/2020\/09\/logo_abes_marca_d_tagline_horizontal_verde-amarelo_cmyk.png","width":324,"height":70,"caption":"Associa\u00e7\u00e3o Brasileira das Empresas de Software"},"image":{"@id":"https:\/\/abes.org.br\/#\/schema\/logo\/image\/"},"sameAs":["https:\/\/www.facebook.com\/ABES.software","https:\/\/x.com\/ABES_SOFTWARE","https:\/\/www.linkedin.com\/company\/abes-software\/","https:\/\/www.instagram.com\/abes_software\/"]},{"@type":"Person","@id":"https:\/\/abes.org.br\/#\/schema\/person\/d65ed84c8883a123fe668129fd6a7ed3","name":"ABES Editor","image":{"@type":"ImageObject","inLanguage":"en-US","@id":"https:\/\/secure.gravatar.com\/avatar\/3b207abce016c5e2ad6bf38914af9ad16e277128bb9b06dabb05bc191f02d7fe?s=96&d=mm&r=g","url":"https:\/\/secure.gravatar.com\/avatar\/3b207abce016c5e2ad6bf38914af9ad16e277128bb9b06dabb05bc191f02d7fe?s=96&d=mm&r=g","contentUrl":"https:\/\/secure.gravatar.com\/avatar\/3b207abce016c5e2ad6bf38914af9ad16e277128bb9b06dabb05bc191f02d7fe?s=96&d=mm&r=g","caption":"Editor ABES"},"url":"https:\/\/abes.org.br\/en\/author\/editor-abes\/"}]}},"publishpress_future_action":{"enabled":false,"date":"2026-05-02 02:19:35","action":"change-status","newStatus":"draft","terms":[],"taxonomy":"category","extraData":[]},"publishpress_future_workflow_manual_trigger":{"enabledWorkflows":[]},"_links":{"self":[{"href":"https:\/\/abes.org.br\/en\/wp-json\/wp\/v2\/posts\/38853","targetHints":{"allow":["GET"]}}],"collection":[{"href":"https:\/\/abes.org.br\/en\/wp-json\/wp\/v2\/posts"}],"about":[{"href":"https:\/\/abes.org.br\/en\/wp-json\/wp\/v2\/types\/post"}],"author":[{"embeddable":true,"href":"https:\/\/abes.org.br\/en\/wp-json\/wp\/v2\/users\/10"}],"replies":[{"embeddable":true,"href":"https:\/\/abes.org.br\/en\/wp-json\/wp\/v2\/comments?post=38853"}],"version-history":[{"count":6,"href":"https:\/\/abes.org.br\/en\/wp-json\/wp\/v2\/posts\/38853\/revisions"}],"predecessor-version":[{"id":38872,"href":"https:\/\/abes.org.br\/en\/wp-json\/wp\/v2\/posts\/38853\/revisions\/38872"}],"wp:featuredmedia":[{"embeddable":true,"href":"https:\/\/abes.org.br\/en\/wp-json\/wp\/v2\/media\/38854"}],"wp:attachment":[{"href":"https:\/\/abes.org.br\/en\/wp-json\/wp\/v2\/media?parent=38853"}],"wp:term":[{"taxonomy":"category","embeddable":true,"href":"https:\/\/abes.org.br\/en\/wp-json\/wp\/v2\/categories?post=38853"},{"taxonomy":"post_tag","embeddable":true,"href":"https:\/\/abes.org.br\/en\/wp-json\/wp\/v2\/tags?post=38853"}],"curies":[{"name":"wp","href":"https:\/\/api.w.org\/{rel}","templated":true}]}}