{"id":38643,"date":"2021-09-06T14:26:05","date_gmt":"2021-09-06T17:26:05","guid":{"rendered":"https:\/\/abes.org.br\/?p=38643"},"modified":"2021-08-30T17:34:02","modified_gmt":"2021-08-30T20:34:02","slug":"gartner-preve-que-51-dos-profissionais-do-conhecimento-trabalharao-remotamente-ate-o-final-de-2021","status":"publish","type":"post","link":"https:\/\/abes.org.br\/en\/gartner-preve-que-51-dos-profissionais-do-conhecimento-trabalharao-remotamente-ate-o-final-de-2021\/","title":{"rendered":"Gartner predicts that 51% of knowledge workers will work remotely by the end of 2021"},"content":{"rendered":"<p><em>This year, telecommuting will generate a record 500 million increase in PC and tablet shipments<\/em><\/p>\n<p>By the end of 2021, it is expected that 51% of all knowledge workers in the world will work remotely, against an amount of just 27% we had in 2019. The forecast is from Gartner, Inc., a world reference in research and advice for companies .<\/p>\n<p>\u201cA hybrid workforce is the future of work, with remote and face-to-face part of the same solution to optimize employers&#039; workforce needs,\u201d says Ranjit Atwal, Senior Director of Research at Gartner.<\/p>\n<p><img loading=\"lazy\" decoding=\"async\" class=\"wp-image-38644 alignright\" src=\"https:\/\/abes.org.br\/wp-content\/uploads\/2021\/08\/startup-Microsoft.png\" alt=\"\" width=\"430\" height=\"240\" \/>According to new global research, it is estimated that remote workers will represent 32% of all employees on the planet by the end of 2021. That&#039;s more than the 17% registered in 2019. Gartner defines that knowledge workers are the ones who they are involved in some kind of knowledge-intensive occupation, such as lawyers, writers, accountants or engineers. For Gartner, a remote worker is an employee who works away from their company, government, or customer for at least one full day a week (hybrid workers) or who works entirely from home (completely remote workers).<\/p>\n<p>Telecommuting varies considerably across the world, depending on IT adoption, culture, and the mix of modern things. By 2022, about a third of workers will be mobile (a mix of hybrid and fully mobile). In addition, the United States will lead the number of telecommuters in 2022, accounting for 53% of the US workforce. Across Europe, UK teleworkers will account for 52% of the workforce by 2022, while teleworkers in Germany and France will account for 37% and 33% respectively.<\/p>\n<p>India and China will produce large numbers of teleworkers, but their overall attendance rates will remain relatively low, with 30% of teleworkers in India, and 28% of workers in China operating from the telecommuting model.<\/p>\n<p><strong>Impact on how IT is acquired and used by 2024 \u2013<\/strong>\u00a0The lasting impact of telecommuting is resulting in a reassessment of the IT infrastructure that changes buyer requirements to demand work-anywhere capabilities. \u201cBy 2024, organizations will be forced to submit digital business transformation plans for at least the next five years. These plans will have to adapt to a post-COVID-19 world that involves an ever-increasing adoption of remote working and digital touchpoints,\u201d says Atwal.<\/p>\n<p>Digital products and services will play a big role in these digital transformation efforts. This longer strategic plan requires continued investment in strategic remote technology continuity implementations along with new technologies such as hyper-automation, Artificial Intelligence and collaboration technologies to open up more flexibility of location choice in job functions.<\/p>\n<p>The hybrid workforce will continue to increase demand for PCs and tablets. By 2021, PC and tablet shipments will exceed 500 million units for the first time in history, highlighting demand in the business and consumer markets.<\/p>\n<p>Organizations are also implementing Cloud solutions to enable remote workers to operate more quickly. Gartner predicts that end-user Public Cloud services spending will grow by 23.1% by 2021 as CIOs and IT leaders continue to prioritize cloud-powered applications such as Software as a Service (SaaS). SaaS apps are designed for remote access and are not limited by the location of workers using the app. Social and collaboration tools will continue to be \u201cmust haves\u201d, which will drive the global social and collaboration software market to increase its sales by 17.1% in 2021.<\/p>\n<p>In terms of connectivity, many organizations have had to change and adapt IT approaches to ensure business continuity among their remote workers. By 2024, at least 40% of all remote access usage will be predominantly served by zero-trust network access (ZTNA - de\u00a0<em>Zero Trust Network Access,<\/em>\u00a0in English), against less than 5% at the end of 2020. While most of these organizations will not completely retire all of their customers facing VPN services, ZTNA will become the main replacement technology.<\/p>","protected":false},"excerpt":{"rendered":"<p>Este ano, o trabalho remoto ir\u00e1 gerar aumento recorde de 500 milh\u00f5es em remessas de PCs e tablets At\u00e9 o final de 2021, espera-se que 51% de todos os trabalhadores do conhecimento do mundo trabalhar\u00e3o remotamente, contra um montante de apenas 27% que t\u00ednhamos em 2019. A previs\u00e3o \u00e9 do\u00a0Gartner, Inc., refer\u00eancia mundial em pesquisa [&hellip;]<\/p>\n","protected":false},"author":10,"featured_media":0,"comment_status":"closed","ping_status":"closed","sticky":false,"template":"","format":"standard","meta":{"_acf_changed":false,"_et_pb_use_builder":"","_et_pb_old_content":"","_et_gb_content_width":"","footnotes":""},"categories":[39,19],"tags":[567,2119,1008,111,1422,2120,113],"class_list":["post-38643","post","type-post","status-publish","format-standard","hentry","category-coluna-4","category-ultimas-noticias","tag-acesso-remoto","tag-forca-de-trabalho-hibrida","tag-futuro-do-trabalho","tag-home-office","tag-nuvem-publica","tag-software-como-servico-saas","tag-trabalho-remoto"],"acf":[],"yoast_head":"<!-- This site is optimized with the Yoast SEO plugin v27.3 - https:\/\/yoast.com\/product\/yoast-seo-wordpress\/ -->\n<title>Gartner prev\u00ea que 51% dos profissionais do conhecimento trabalhar\u00e3o remotamente at\u00e9 o final de 2021 - ABES<\/title>\n<meta name=\"robots\" content=\"index, follow, max-snippet:-1, max-image-preview:large, max-video-preview:-1\" \/>\n<link rel=\"canonical\" href=\"https:\/\/abes.org.br\/en\/gartner-preve-que-51-dos-profissionais-do-conhecimento-trabalharao-remotamente-ate-o-final-de-2021\/\" \/>\n<meta property=\"og:locale\" content=\"en_US\" \/>\n<meta property=\"og:type\" content=\"article\" \/>\n<meta property=\"og:title\" content=\"Gartner prev\u00ea que 51% dos profissionais do conhecimento trabalhar\u00e3o remotamente at\u00e9 o final de 2021 - ABES\" \/>\n<meta property=\"og:description\" content=\"Este ano, o trabalho remoto ir\u00e1 gerar aumento recorde de 500 milh\u00f5es em remessas de PCs e tablets At\u00e9 o final de 2021, espera-se que 51% de todos os trabalhadores do conhecimento do mundo trabalhar\u00e3o remotamente, contra um montante de apenas 27% que t\u00ednhamos em 2019. A previs\u00e3o \u00e9 do\u00a0Gartner, Inc., refer\u00eancia mundial em pesquisa [&hellip;]\" \/>\n<meta property=\"og:url\" content=\"https:\/\/abes.org.br\/en\/gartner-preve-que-51-dos-profissionais-do-conhecimento-trabalharao-remotamente-ate-o-final-de-2021\/\" \/>\n<meta property=\"og:site_name\" content=\"ABES\" \/>\n<meta property=\"article:publisher\" content=\"https:\/\/www.facebook.com\/ABES.software\" \/>\n<meta property=\"article:published_time\" content=\"2021-09-06T17:26:05+00:00\" \/>\n<meta property=\"og:image\" content=\"https:\/\/abes.org.br\/wp-content\/uploads\/2021\/08\/startup-Microsoft.png\" \/>\n<meta name=\"author\" content=\"Editor ABES\" \/>\n<meta name=\"twitter:card\" content=\"summary_large_image\" \/>\n<meta name=\"twitter:creator\" content=\"@ABES_SOFTWARE\" \/>\n<meta name=\"twitter:site\" content=\"@ABES_SOFTWARE\" \/>\n<meta name=\"twitter:label1\" content=\"Written by\" \/>\n\t<meta name=\"twitter:data1\" content=\"Editor ABES\" \/>\n\t<meta name=\"twitter:label2\" content=\"Est. reading time\" \/>\n\t<meta name=\"twitter:data2\" content=\"4 minutes\" \/>\n<script type=\"application\/ld+json\" class=\"yoast-schema-graph\">{\"@context\":\"https:\\\/\\\/schema.org\",\"@graph\":[{\"@type\":\"Article\",\"@id\":\"https:\\\/\\\/abes.org.br\\\/gartner-preve-que-51-dos-profissionais-do-conhecimento-trabalharao-remotamente-ate-o-final-de-2021\\\/#article\",\"isPartOf\":{\"@id\":\"https:\\\/\\\/abes.org.br\\\/gartner-preve-que-51-dos-profissionais-do-conhecimento-trabalharao-remotamente-ate-o-final-de-2021\\\/\"},\"author\":{\"name\":\"Editor ABES\",\"@id\":\"https:\\\/\\\/abes.org.br\\\/#\\\/schema\\\/person\\\/d65ed84c8883a123fe668129fd6a7ed3\"},\"headline\":\"Gartner prev\u00ea que 51% dos profissionais do conhecimento trabalhar\u00e3o remotamente at\u00e9 o final de 2021\",\"datePublished\":\"2021-09-06T17:26:05+00:00\",\"mainEntityOfPage\":{\"@id\":\"https:\\\/\\\/abes.org.br\\\/gartner-preve-que-51-dos-profissionais-do-conhecimento-trabalharao-remotamente-ate-o-final-de-2021\\\/\"},\"wordCount\":775,\"publisher\":{\"@id\":\"https:\\\/\\\/abes.org.br\\\/#organization\"},\"image\":{\"@id\":\"https:\\\/\\\/abes.org.br\\\/gartner-preve-que-51-dos-profissionais-do-conhecimento-trabalharao-remotamente-ate-o-final-de-2021\\\/#primaryimage\"},\"thumbnailUrl\":\"https:\\\/\\\/abes.org.br\\\/wp-content\\\/uploads\\\/2021\\\/08\\\/startup-Microsoft.png\",\"keywords\":[\"acesso remoto\",\"for\u00e7a de trabalho h\u00edbrida\",\"Futuro do trabalho\",\"home office\",\"nuvem p\u00fablica\",\"Software como Servi\u00e7o (SaaS)\",\"trabalho remoto\"],\"articleSection\":[\"-Coluna 4\",\"\u00daltimas not\u00edcias\"],\"inLanguage\":\"en-US\"},{\"@type\":\"WebPage\",\"@id\":\"https:\\\/\\\/abes.org.br\\\/gartner-preve-que-51-dos-profissionais-do-conhecimento-trabalharao-remotamente-ate-o-final-de-2021\\\/\",\"url\":\"https:\\\/\\\/abes.org.br\\\/gartner-preve-que-51-dos-profissionais-do-conhecimento-trabalharao-remotamente-ate-o-final-de-2021\\\/\",\"name\":\"Gartner prev\u00ea que 51% dos profissionais do conhecimento trabalhar\u00e3o remotamente at\u00e9 o final de 2021 - ABES\",\"isPartOf\":{\"@id\":\"https:\\\/\\\/abes.org.br\\\/#website\"},\"primaryImageOfPage\":{\"@id\":\"https:\\\/\\\/abes.org.br\\\/gartner-preve-que-51-dos-profissionais-do-conhecimento-trabalharao-remotamente-ate-o-final-de-2021\\\/#primaryimage\"},\"image\":{\"@id\":\"https:\\\/\\\/abes.org.br\\\/gartner-preve-que-51-dos-profissionais-do-conhecimento-trabalharao-remotamente-ate-o-final-de-2021\\\/#primaryimage\"},\"thumbnailUrl\":\"https:\\\/\\\/abes.org.br\\\/wp-content\\\/uploads\\\/2021\\\/08\\\/startup-Microsoft.png\",\"datePublished\":\"2021-09-06T17:26:05+00:00\",\"breadcrumb\":{\"@id\":\"https:\\\/\\\/abes.org.br\\\/gartner-preve-que-51-dos-profissionais-do-conhecimento-trabalharao-remotamente-ate-o-final-de-2021\\\/#breadcrumb\"},\"inLanguage\":\"en-US\",\"potentialAction\":[{\"@type\":\"ReadAction\",\"target\":[\"https:\\\/\\\/abes.org.br\\\/gartner-preve-que-51-dos-profissionais-do-conhecimento-trabalharao-remotamente-ate-o-final-de-2021\\\/\"]}]},{\"@type\":\"ImageObject\",\"inLanguage\":\"en-US\",\"@id\":\"https:\\\/\\\/abes.org.br\\\/gartner-preve-que-51-dos-profissionais-do-conhecimento-trabalharao-remotamente-ate-o-final-de-2021\\\/#primaryimage\",\"url\":\"https:\\\/\\\/abes.org.br\\\/wp-content\\\/uploads\\\/2021\\\/08\\\/startup-Microsoft.png\",\"contentUrl\":\"https:\\\/\\\/abes.org.br\\\/wp-content\\\/uploads\\\/2021\\\/08\\\/startup-Microsoft.png\"},{\"@type\":\"BreadcrumbList\",\"@id\":\"https:\\\/\\\/abes.org.br\\\/gartner-preve-que-51-dos-profissionais-do-conhecimento-trabalharao-remotamente-ate-o-final-de-2021\\\/#breadcrumb\",\"itemListElement\":[{\"@type\":\"ListItem\",\"position\":1,\"name\":\"In\u00edcio\",\"item\":\"https:\\\/\\\/abes.org.br\\\/\"},{\"@type\":\"ListItem\",\"position\":2,\"name\":\"Gartner prev\u00ea que 51% dos profissionais do conhecimento trabalhar\u00e3o remotamente at\u00e9 o final de 2021\"}]},{\"@type\":\"WebSite\",\"@id\":\"https:\\\/\\\/abes.org.br\\\/#website\",\"url\":\"https:\\\/\\\/abes.org.br\\\/\",\"name\":\"ABES\",\"description\":\"Associa\u00e7\u00e3o Brasileira das Empresas de Software\",\"publisher\":{\"@id\":\"https:\\\/\\\/abes.org.br\\\/#organization\"},\"potentialAction\":[{\"@type\":\"SearchAction\",\"target\":{\"@type\":\"EntryPoint\",\"urlTemplate\":\"https:\\\/\\\/abes.org.br\\\/?s={search_term_string}\"},\"query-input\":{\"@type\":\"PropertyValueSpecification\",\"valueRequired\":true,\"valueName\":\"search_term_string\"}}],\"inLanguage\":\"en-US\"},{\"@type\":\"Organization\",\"@id\":\"https:\\\/\\\/abes.org.br\\\/#organization\",\"name\":\"Associa\u00e7\u00e3o Brasileira das Empresas de Software\",\"url\":\"https:\\\/\\\/abes.org.br\\\/\",\"logo\":{\"@type\":\"ImageObject\",\"inLanguage\":\"en-US\",\"@id\":\"https:\\\/\\\/abes.org.br\\\/#\\\/schema\\\/logo\\\/image\\\/\",\"url\":\"https:\\\/\\\/abes.org.br\\\/wp-content\\\/uploads\\\/2020\\\/09\\\/logo_abes_marca_d_tagline_horizontal_verde-amarelo_cmyk.png\",\"contentUrl\":\"https:\\\/\\\/abes.org.br\\\/wp-content\\\/uploads\\\/2020\\\/09\\\/logo_abes_marca_d_tagline_horizontal_verde-amarelo_cmyk.png\",\"width\":324,\"height\":70,\"caption\":\"Associa\u00e7\u00e3o Brasileira das Empresas de Software\"},\"image\":{\"@id\":\"https:\\\/\\\/abes.org.br\\\/#\\\/schema\\\/logo\\\/image\\\/\"},\"sameAs\":[\"https:\\\/\\\/www.facebook.com\\\/ABES.software\",\"https:\\\/\\\/x.com\\\/ABES_SOFTWARE\",\"https:\\\/\\\/www.linkedin.com\\\/company\\\/abes-software\\\/\",\"https:\\\/\\\/www.instagram.com\\\/abes_software\\\/\"]},{\"@type\":\"Person\",\"@id\":\"https:\\\/\\\/abes.org.br\\\/#\\\/schema\\\/person\\\/d65ed84c8883a123fe668129fd6a7ed3\",\"name\":\"Editor ABES\",\"image\":{\"@type\":\"ImageObject\",\"inLanguage\":\"en-US\",\"@id\":\"https:\\\/\\\/secure.gravatar.com\\\/avatar\\\/3b207abce016c5e2ad6bf38914af9ad16e277128bb9b06dabb05bc191f02d7fe?s=96&d=mm&r=g\",\"url\":\"https:\\\/\\\/secure.gravatar.com\\\/avatar\\\/3b207abce016c5e2ad6bf38914af9ad16e277128bb9b06dabb05bc191f02d7fe?s=96&d=mm&r=g\",\"contentUrl\":\"https:\\\/\\\/secure.gravatar.com\\\/avatar\\\/3b207abce016c5e2ad6bf38914af9ad16e277128bb9b06dabb05bc191f02d7fe?s=96&d=mm&r=g\",\"caption\":\"Editor ABES\"},\"url\":\"https:\\\/\\\/abes.org.br\\\/en\\\/author\\\/editor-abes\\\/\"}]}<\/script>\n<!-- \/ Yoast SEO plugin. -->","yoast_head_json":{"title":"Gartner prev\u00ea que 51% dos profissionais do conhecimento trabalhar\u00e3o remotamente at\u00e9 o final de 2021 - ABES","robots":{"index":"index","follow":"follow","max-snippet":"max-snippet:-1","max-image-preview":"max-image-preview:large","max-video-preview":"max-video-preview:-1"},"canonical":"https:\/\/abes.org.br\/en\/gartner-preve-que-51-dos-profissionais-do-conhecimento-trabalharao-remotamente-ate-o-final-de-2021\/","og_locale":"en_US","og_type":"article","og_title":"Gartner prev\u00ea que 51% dos profissionais do conhecimento trabalhar\u00e3o remotamente at\u00e9 o final de 2021 - ABES","og_description":"Este ano, o trabalho remoto ir\u00e1 gerar aumento recorde de 500 milh\u00f5es em remessas de PCs e tablets At\u00e9 o final de 2021, espera-se que 51% de todos os trabalhadores do conhecimento do mundo trabalhar\u00e3o remotamente, contra um montante de apenas 27% que t\u00ednhamos em 2019. A previs\u00e3o \u00e9 do\u00a0Gartner, Inc., refer\u00eancia mundial em pesquisa [&hellip;]","og_url":"https:\/\/abes.org.br\/en\/gartner-preve-que-51-dos-profissionais-do-conhecimento-trabalharao-remotamente-ate-o-final-de-2021\/","og_site_name":"ABES","article_publisher":"https:\/\/www.facebook.com\/ABES.software","article_published_time":"2021-09-06T17:26:05+00:00","og_image":[{"url":"https:\/\/abes.org.br\/wp-content\/uploads\/2021\/08\/startup-Microsoft.png","type":"","width":"","height":""}],"author":"Editor ABES","twitter_card":"summary_large_image","twitter_creator":"@ABES_SOFTWARE","twitter_site":"@ABES_SOFTWARE","twitter_misc":{"Written by":"Editor ABES","Est. reading time":"4 minutes"},"schema":{"@context":"https:\/\/schema.org","@graph":[{"@type":"Article","@id":"https:\/\/abes.org.br\/gartner-preve-que-51-dos-profissionais-do-conhecimento-trabalharao-remotamente-ate-o-final-de-2021\/#article","isPartOf":{"@id":"https:\/\/abes.org.br\/gartner-preve-que-51-dos-profissionais-do-conhecimento-trabalharao-remotamente-ate-o-final-de-2021\/"},"author":{"name":"Editor ABES","@id":"https:\/\/abes.org.br\/#\/schema\/person\/d65ed84c8883a123fe668129fd6a7ed3"},"headline":"Gartner prev\u00ea que 51% dos profissionais do conhecimento trabalhar\u00e3o remotamente at\u00e9 o final de 2021","datePublished":"2021-09-06T17:26:05+00:00","mainEntityOfPage":{"@id":"https:\/\/abes.org.br\/gartner-preve-que-51-dos-profissionais-do-conhecimento-trabalharao-remotamente-ate-o-final-de-2021\/"},"wordCount":775,"publisher":{"@id":"https:\/\/abes.org.br\/#organization"},"image":{"@id":"https:\/\/abes.org.br\/gartner-preve-que-51-dos-profissionais-do-conhecimento-trabalharao-remotamente-ate-o-final-de-2021\/#primaryimage"},"thumbnailUrl":"https:\/\/abes.org.br\/wp-content\/uploads\/2021\/08\/startup-Microsoft.png","keywords":["acesso remoto","for\u00e7a de trabalho h\u00edbrida","Futuro do trabalho","home office","nuvem p\u00fablica","Software como Servi\u00e7o (SaaS)","trabalho remoto"],"articleSection":["-Coluna 4","\u00daltimas not\u00edcias"],"inLanguage":"en-US"},{"@type":"WebPage","@id":"https:\/\/abes.org.br\/gartner-preve-que-51-dos-profissionais-do-conhecimento-trabalharao-remotamente-ate-o-final-de-2021\/","url":"https:\/\/abes.org.br\/gartner-preve-que-51-dos-profissionais-do-conhecimento-trabalharao-remotamente-ate-o-final-de-2021\/","name":"Gartner prev\u00ea que 51% dos profissionais do conhecimento trabalhar\u00e3o remotamente at\u00e9 o final de 2021 - ABES","isPartOf":{"@id":"https:\/\/abes.org.br\/#website"},"primaryImageOfPage":{"@id":"https:\/\/abes.org.br\/gartner-preve-que-51-dos-profissionais-do-conhecimento-trabalharao-remotamente-ate-o-final-de-2021\/#primaryimage"},"image":{"@id":"https:\/\/abes.org.br\/gartner-preve-que-51-dos-profissionais-do-conhecimento-trabalharao-remotamente-ate-o-final-de-2021\/#primaryimage"},"thumbnailUrl":"https:\/\/abes.org.br\/wp-content\/uploads\/2021\/08\/startup-Microsoft.png","datePublished":"2021-09-06T17:26:05+00:00","breadcrumb":{"@id":"https:\/\/abes.org.br\/gartner-preve-que-51-dos-profissionais-do-conhecimento-trabalharao-remotamente-ate-o-final-de-2021\/#breadcrumb"},"inLanguage":"en-US","potentialAction":[{"@type":"ReadAction","target":["https:\/\/abes.org.br\/gartner-preve-que-51-dos-profissionais-do-conhecimento-trabalharao-remotamente-ate-o-final-de-2021\/"]}]},{"@type":"ImageObject","inLanguage":"en-US","@id":"https:\/\/abes.org.br\/gartner-preve-que-51-dos-profissionais-do-conhecimento-trabalharao-remotamente-ate-o-final-de-2021\/#primaryimage","url":"https:\/\/abes.org.br\/wp-content\/uploads\/2021\/08\/startup-Microsoft.png","contentUrl":"https:\/\/abes.org.br\/wp-content\/uploads\/2021\/08\/startup-Microsoft.png"},{"@type":"BreadcrumbList","@id":"https:\/\/abes.org.br\/gartner-preve-que-51-dos-profissionais-do-conhecimento-trabalharao-remotamente-ate-o-final-de-2021\/#breadcrumb","itemListElement":[{"@type":"ListItem","position":1,"name":"In\u00edcio","item":"https:\/\/abes.org.br\/"},{"@type":"ListItem","position":2,"name":"Gartner prev\u00ea que 51% dos profissionais do conhecimento trabalhar\u00e3o remotamente at\u00e9 o final de 2021"}]},{"@type":"WebSite","@id":"https:\/\/abes.org.br\/#website","url":"https:\/\/abes.org.br\/","name":"ABES","description":"Brazilian Association of Software Companies","publisher":{"@id":"https:\/\/abes.org.br\/#organization"},"potentialAction":[{"@type":"SearchAction","target":{"@type":"EntryPoint","urlTemplate":"https:\/\/abes.org.br\/?s={search_term_string}"},"query-input":{"@type":"PropertyValueSpecification","valueRequired":true,"valueName":"search_term_string"}}],"inLanguage":"en-US"},{"@type":"Organization","@id":"https:\/\/abes.org.br\/#organization","name":"Brazilian Association of Software Companies","url":"https:\/\/abes.org.br\/","logo":{"@type":"ImageObject","inLanguage":"en-US","@id":"https:\/\/abes.org.br\/#\/schema\/logo\/image\/","url":"https:\/\/abes.org.br\/wp-content\/uploads\/2020\/09\/logo_abes_marca_d_tagline_horizontal_verde-amarelo_cmyk.png","contentUrl":"https:\/\/abes.org.br\/wp-content\/uploads\/2020\/09\/logo_abes_marca_d_tagline_horizontal_verde-amarelo_cmyk.png","width":324,"height":70,"caption":"Associa\u00e7\u00e3o Brasileira das Empresas de Software"},"image":{"@id":"https:\/\/abes.org.br\/#\/schema\/logo\/image\/"},"sameAs":["https:\/\/www.facebook.com\/ABES.software","https:\/\/x.com\/ABES_SOFTWARE","https:\/\/www.linkedin.com\/company\/abes-software\/","https:\/\/www.instagram.com\/abes_software\/"]},{"@type":"Person","@id":"https:\/\/abes.org.br\/#\/schema\/person\/d65ed84c8883a123fe668129fd6a7ed3","name":"ABES Editor","image":{"@type":"ImageObject","inLanguage":"en-US","@id":"https:\/\/secure.gravatar.com\/avatar\/3b207abce016c5e2ad6bf38914af9ad16e277128bb9b06dabb05bc191f02d7fe?s=96&d=mm&r=g","url":"https:\/\/secure.gravatar.com\/avatar\/3b207abce016c5e2ad6bf38914af9ad16e277128bb9b06dabb05bc191f02d7fe?s=96&d=mm&r=g","contentUrl":"https:\/\/secure.gravatar.com\/avatar\/3b207abce016c5e2ad6bf38914af9ad16e277128bb9b06dabb05bc191f02d7fe?s=96&d=mm&r=g","caption":"Editor ABES"},"url":"https:\/\/abes.org.br\/en\/author\/editor-abes\/"}]}},"publishpress_future_action":{"enabled":false,"date":"2026-05-02 02:12:23","action":"change-status","newStatus":"draft","terms":[],"taxonomy":"category","extraData":[]},"publishpress_future_workflow_manual_trigger":{"enabledWorkflows":[]},"_links":{"self":[{"href":"https:\/\/abes.org.br\/en\/wp-json\/wp\/v2\/posts\/38643","targetHints":{"allow":["GET"]}}],"collection":[{"href":"https:\/\/abes.org.br\/en\/wp-json\/wp\/v2\/posts"}],"about":[{"href":"https:\/\/abes.org.br\/en\/wp-json\/wp\/v2\/types\/post"}],"author":[{"embeddable":true,"href":"https:\/\/abes.org.br\/en\/wp-json\/wp\/v2\/users\/10"}],"replies":[{"embeddable":true,"href":"https:\/\/abes.org.br\/en\/wp-json\/wp\/v2\/comments?post=38643"}],"version-history":[{"count":3,"href":"https:\/\/abes.org.br\/en\/wp-json\/wp\/v2\/posts\/38643\/revisions"}],"predecessor-version":[{"id":38647,"href":"https:\/\/abes.org.br\/en\/wp-json\/wp\/v2\/posts\/38643\/revisions\/38647"}],"wp:attachment":[{"href":"https:\/\/abes.org.br\/en\/wp-json\/wp\/v2\/media?parent=38643"}],"wp:term":[{"taxonomy":"category","embeddable":true,"href":"https:\/\/abes.org.br\/en\/wp-json\/wp\/v2\/categories?post=38643"},{"taxonomy":"post_tag","embeddable":true,"href":"https:\/\/abes.org.br\/en\/wp-json\/wp\/v2\/tags?post=38643"}],"curies":[{"name":"wp","href":"https:\/\/api.w.org\/{rel}","templated":true}]}}