{"id":38624,"date":"2021-08-30T16:33:16","date_gmt":"2021-08-30T19:33:16","guid":{"rendered":"https:\/\/abes.org.br\/?p=38624"},"modified":"2021-09-03T08:42:58","modified_gmt":"2021-09-03T11:42:58","slug":"abes-discute-os-impactos-do-esg-no-setor-tecnologico-durante-evento-nacional-do-connected-smart-cities","status":"publish","type":"post","link":"https:\/\/abes.org.br\/en\/abes-discute-os-impactos-do-esg-no-setor-tecnologico-durante-evento-nacional-do-connected-smart-cities\/","title":{"rendered":"ABES discusses the impacts of ESG on the technology sector during the National Connected Smart Cities Event"},"content":{"rendered":"<p><img loading=\"lazy\" decoding=\"async\" class=\"wp-image-38625 alignleft\" src=\"https:\/\/abes.org.br\/wp-content\/uploads\/2021\/08\/cscm21_card_palestrante_jamile-sabatini.png\" alt=\"\" width=\"372\" height=\"372\" \/><\/p>\n<p><i>The panel will take place on September 3 and will be attended by Jamile Sabatini Marques, the association&#039;s Director of Innovation and Development<\/i><\/p>\n<p style=\"font-weight: 400\">ABES \u2013 Brazilian Association of Software Companies, has a marked presence at the National Event, organized by Connected Smart Cities. The association will participate in the panel &quot;<strong>The impact of ESG in times of crisis in the technology sector<\/strong>\u201c, which takes place on September 3 at 9am. The Connected Smart Cities event brings together specialists, entities, companies and engaged governments that present the best practices in the development of cities. The schedule and registration are in:\u00a0<a href=\"https:\/\/evento.connectedsmartcities.com.br\/\" data-saferedirecturl=\"https:\/\/www.google.com\/url?q=https:\/\/na01.safelinks.protection.outlook.com\/?url%3Dhttps%253A%252F%252Fevento.connectedsmartcities.com.br%252F%26data%3D04%257C01%257C%257C37d10415c730467e037c08d96be03820%257C84df9e7fe9f640afb435aaaaaaaaaaaa%257C1%257C0%257C637659433029091813%257CUnknown%257CTWFpbGZsb3d8eyJWIjoiMC4wLjAwMDAiLCJQIjoiV2luMzIiLCJBTiI6Ik1haWwiLCJXVCI6Mn0%253D%257C1000%26sdata%3DoCrXT71YooenMbeRQOakr5hl%252FoPAKQMUHKDqJrPLPnI%253D%26reserved%3D0&amp;source=gmail&amp;ust=1630434839320000&amp;usg=AFQjCNFnwfpJ--mMlKKIY8OEMr2Vu3EKfg\">https:\/\/evento.connectedsmartcities.com.br\/<\/a><\/p>\n<p style=\"font-weight: 400\">The meeting aims to bring together specialists, entities, companies and governments engaged that present the best practices for the development of cities. This panel will be attended by Jamile Sabatini Marques, the association&#039;s Director of Innovation and Development; Tatiana Tucunduva Philippi Cortese, Researcher at the USP Global Cities Synthesis Center; Felipe Silva Martins, Professor at Uninove and Institute of Advanced Studies at USP; and Tatiana Wittman, Master&#039;s Student in Engineering and Knowledge Management at UFSC (Federal University of Santa Catarina).<\/p>\n<p style=\"font-weight: 400\">\u201cIn order to have a good development of cities, it is very important that the ESG is debated. Thus, we are looking for alternatives and best practices for growth that brings benefits to everyone, companies and the population. And for ABES, this theme is directly linked to its purpose of contributing to the construction of a more digital and less unequal Brazil, in which information technology plays a fundamental role in the democratization of knowledge and the creation of new opportunities for all, in an inclusive and equitable way\u201d, affirms Jamile.<\/p>\n<p style=\"font-weight: 400\">Recently, ABES launched the &quot;Mobilization for the Reduction of Inequality&quot; with the objective of reducing the impact on the environment through the proper disposal of IT equipment, and using the resources obtained in this process, to invest in projects for sociodigital inclusion, aligned with the best ESG practices and the 8 Social Development Goals of the Global Compact. The mobilization has a partnership with ReUrbi and the Third Sector Observatory, and with the support of Weber Shandwick.<\/p>\n<p style=\"font-weight: 400\">Companies can choose social projects around their headquarters, and depending on the volume, the equipment can be removed free of charge. To participate in this mobilization or find out more details, go to:\u00a0<a href=\"https:\/\/abes.org.br\/en\/mobilizacao-para-a-reducao-da-desigualdade-no-brasil\/\" data-saferedirecturl=\"https:\/\/www.google.com\/url?q=https:\/\/na01.safelinks.protection.outlook.com\/?url%3Dhttps%253A%252F%252Fabessoftware.com.br%252Fmobilizacao-para-a-reducao-da-desigualdade-no-brasil%252F%26data%3D04%257C01%257C%257C37d10415c730467e037c08d96be03820%257C84df9e7fe9f640afb435aaaaaaaaaaaa%257C1%257C0%257C637659433029101806%257CUnknown%257CTWFpbGZsb3d8eyJWIjoiMC4wLjAwMDAiLCJQIjoiV2luMzIiLCJBTiI6Ik1haWwiLCJXVCI6Mn0%253D%257C1000%26sdata%3DmJ%252FVNFN5lPLoJIFX1s2ZiEgwoyOHqR4UqixsgyKwY9g%253D%26reserved%3D0&amp;source=gmail&amp;ust=1630434839321000&amp;usg=AFQjCNEFswKVtABXbQgMuOYZ9tVdJt3atA\">https:\/\/abes.org.br\/mobilizacao-para-a-reducao-da-desigualdade-no-brasil\/<\/a>\u00a0. If you are a social entity aligned with the purpose of the mobilization, and are interested in participating, register through the website of the Observat\u00f3rio do Tercer Sector:\u00a0<u><a href=\"mailto:contato@observatorio3setor.org.br\">contato@observatorio3setor.org.br<\/a><\/u><\/p>\n<p style=\"font-weight: 400\"><strong>EVENT: Connected Smart Cities National Event \u2013 Panel: \u201cThe impact of ESG in times of crisis in the technology sector\u201d<\/strong><\/p>\n<p style=\"font-weight: 400\"><strong>Date<\/strong>: September 3rd<\/p>\n<p style=\"font-weight: 400\"><strong>Hour:\u00a0<\/strong>9 am<\/p>\n<p style=\"font-weight: 400\"><strong>Registrations<\/strong>:\u00a0<a href=\"https:\/\/evento.connectedsmartcities.com.br\/\" data-saferedirecturl=\"https:\/\/www.google.com\/url?q=https:\/\/na01.safelinks.protection.outlook.com\/?url%3Dhttps%253A%252F%252Fevento.connectedsmartcities.com.br%252F%26data%3D04%257C01%257C%257C37d10415c730467e037c08d96be03820%257C84df9e7fe9f640afb435aaaaaaaaaaaa%257C1%257C0%257C637659433029101806%257CUnknown%257CTWFpbGZsb3d8eyJWIjoiMC4wLjAwMDAiLCJQIjoiV2luMzIiLCJBTiI6Ik1haWwiLCJXVCI6Mn0%253D%257C1000%26sdata%3DaoiK7lmTTJdMHE6SRTJEcSvhKoJwMVV35Xpgkj6%252FeRk%253D%26reserved%3D0&amp;source=gmail&amp;ust=1630434839321000&amp;usg=AFQjCNFmhLXFcs7ahtGpeSh6YCAC7BMs1g\">https:\/\/evento.connectedsmartcities.com.br\/<\/a><\/p>","protected":false},"excerpt":{"rendered":"<p>Painel acontece no dia 3 de setembro e contar\u00e1 com a presen\u00e7a de Jamile Sabatini Marques, Diretora de Inova\u00e7\u00e3o e Fomento da associa\u00e7\u00e3o A ABES &#8211; Associa\u00e7\u00e3o Brasileira das Empresas de Software, tem presen\u00e7a marcada no Evento Nacional, organizado pela Connected Smart Cities. A associa\u00e7\u00e3o participar\u00e1 do painel &#8220;O impacto do ESG em tempos de [&hellip;]<\/p>\n","protected":false},"author":10,"featured_media":38626,"comment_status":"closed","ping_status":"closed","sticky":false,"template":"","format":"standard","meta":{"_acf_changed":false,"_et_pb_use_builder":"","_et_pb_old_content":"","_et_gb_content_width":"","footnotes":""},"categories":[39,19],"tags":[800,707,2107,2108],"class_list":["post-38624","post","type-post","status-publish","format-standard","has-post-thumbnail","hentry","category-coluna-4","category-ultimas-noticias","tag-connected-smart-cities","tag-empresas-de-software","tag-inovacao-e-fomento","tag-praticas-de-esg"],"acf":[],"yoast_head":"<!-- This site is optimized with the Yoast SEO plugin v27.3 - https:\/\/yoast.com\/product\/yoast-seo-wordpress\/ -->\n<title>ABES discute os impactos do ESG no setor tecnol\u00f3gico durante Evento Nacional do Connected Smart Cities - ABES<\/title>\n<meta name=\"robots\" content=\"index, follow, max-snippet:-1, max-image-preview:large, max-video-preview:-1\" \/>\n<link rel=\"canonical\" href=\"https:\/\/abes.org.br\/en\/abes-discute-os-impactos-do-esg-no-setor-tecnologico-durante-evento-nacional-do-connected-smart-cities\/\" \/>\n<meta property=\"og:locale\" content=\"en_US\" \/>\n<meta property=\"og:type\" content=\"article\" \/>\n<meta property=\"og:title\" content=\"ABES discute os impactos do ESG no setor tecnol\u00f3gico durante Evento Nacional do Connected Smart Cities - ABES\" \/>\n<meta property=\"og:description\" content=\"Painel acontece no dia 3 de setembro e contar\u00e1 com a presen\u00e7a de Jamile Sabatini Marques, Diretora de Inova\u00e7\u00e3o e Fomento da associa\u00e7\u00e3o A ABES &#8211; Associa\u00e7\u00e3o Brasileira das Empresas de Software, tem presen\u00e7a marcada no Evento Nacional, organizado pela Connected Smart Cities. A associa\u00e7\u00e3o participar\u00e1 do painel &#8220;O impacto do ESG em tempos de [&hellip;]\" \/>\n<meta property=\"og:url\" content=\"https:\/\/abes.org.br\/en\/abes-discute-os-impactos-do-esg-no-setor-tecnologico-durante-evento-nacional-do-connected-smart-cities\/\" \/>\n<meta property=\"og:site_name\" content=\"ABES\" \/>\n<meta property=\"article:publisher\" content=\"https:\/\/www.facebook.com\/ABES.software\" \/>\n<meta property=\"article:published_time\" content=\"2021-08-30T19:33:16+00:00\" \/>\n<meta property=\"article:modified_time\" content=\"2021-09-03T11:42:58+00:00\" \/>\n<meta property=\"og:image\" content=\"https:\/\/abes.org.br\/wp-content\/uploads\/2021\/08\/banner-jamille.jpg\" \/>\n\t<meta property=\"og:image:width\" content=\"896\" \/>\n\t<meta property=\"og:image:height\" content=\"502\" \/>\n\t<meta property=\"og:image:type\" content=\"image\/jpeg\" \/>\n<meta name=\"author\" content=\"Editor ABES\" \/>\n<meta name=\"twitter:card\" content=\"summary_large_image\" \/>\n<meta name=\"twitter:creator\" content=\"@ABES_SOFTWARE\" \/>\n<meta name=\"twitter:site\" content=\"@ABES_SOFTWARE\" \/>\n<meta name=\"twitter:label1\" content=\"Written by\" \/>\n\t<meta name=\"twitter:data1\" content=\"Editor ABES\" \/>\n\t<meta name=\"twitter:label2\" content=\"Est. reading time\" \/>\n\t<meta name=\"twitter:data2\" content=\"2 minutes\" \/>\n<script type=\"application\/ld+json\" class=\"yoast-schema-graph\">{\"@context\":\"https:\\\/\\\/schema.org\",\"@graph\":[{\"@type\":\"Article\",\"@id\":\"https:\\\/\\\/abes.org.br\\\/abes-discute-os-impactos-do-esg-no-setor-tecnologico-durante-evento-nacional-do-connected-smart-cities\\\/#article\",\"isPartOf\":{\"@id\":\"https:\\\/\\\/abes.org.br\\\/abes-discute-os-impactos-do-esg-no-setor-tecnologico-durante-evento-nacional-do-connected-smart-cities\\\/\"},\"author\":{\"name\":\"Editor ABES\",\"@id\":\"https:\\\/\\\/abes.org.br\\\/#\\\/schema\\\/person\\\/d65ed84c8883a123fe668129fd6a7ed3\"},\"headline\":\"ABES discute os impactos do ESG no setor tecnol\u00f3gico durante Evento Nacional do Connected Smart Cities\",\"datePublished\":\"2021-08-30T19:33:16+00:00\",\"dateModified\":\"2021-09-03T11:42:58+00:00\",\"mainEntityOfPage\":{\"@id\":\"https:\\\/\\\/abes.org.br\\\/abes-discute-os-impactos-do-esg-no-setor-tecnologico-durante-evento-nacional-do-connected-smart-cities\\\/\"},\"wordCount\":510,\"publisher\":{\"@id\":\"https:\\\/\\\/abes.org.br\\\/#organization\"},\"image\":{\"@id\":\"https:\\\/\\\/abes.org.br\\\/abes-discute-os-impactos-do-esg-no-setor-tecnologico-durante-evento-nacional-do-connected-smart-cities\\\/#primaryimage\"},\"thumbnailUrl\":\"https:\\\/\\\/abes.org.br\\\/wp-content\\\/uploads\\\/2021\\\/08\\\/banner-jamille.jpg\",\"keywords\":[\"Connected Smart Cities\",\"Empresas de Software\",\"Inova\u00e7\u00e3o e Fomento\",\"pr\u00e1ticas de ESG\"],\"articleSection\":[\"-Coluna 4\",\"\u00daltimas not\u00edcias\"],\"inLanguage\":\"en-US\"},{\"@type\":\"WebPage\",\"@id\":\"https:\\\/\\\/abes.org.br\\\/abes-discute-os-impactos-do-esg-no-setor-tecnologico-durante-evento-nacional-do-connected-smart-cities\\\/\",\"url\":\"https:\\\/\\\/abes.org.br\\\/abes-discute-os-impactos-do-esg-no-setor-tecnologico-durante-evento-nacional-do-connected-smart-cities\\\/\",\"name\":\"ABES discute os impactos do ESG no setor tecnol\u00f3gico durante Evento Nacional do Connected Smart Cities - ABES\",\"isPartOf\":{\"@id\":\"https:\\\/\\\/abes.org.br\\\/#website\"},\"primaryImageOfPage\":{\"@id\":\"https:\\\/\\\/abes.org.br\\\/abes-discute-os-impactos-do-esg-no-setor-tecnologico-durante-evento-nacional-do-connected-smart-cities\\\/#primaryimage\"},\"image\":{\"@id\":\"https:\\\/\\\/abes.org.br\\\/abes-discute-os-impactos-do-esg-no-setor-tecnologico-durante-evento-nacional-do-connected-smart-cities\\\/#primaryimage\"},\"thumbnailUrl\":\"https:\\\/\\\/abes.org.br\\\/wp-content\\\/uploads\\\/2021\\\/08\\\/banner-jamille.jpg\",\"datePublished\":\"2021-08-30T19:33:16+00:00\",\"dateModified\":\"2021-09-03T11:42:58+00:00\",\"breadcrumb\":{\"@id\":\"https:\\\/\\\/abes.org.br\\\/abes-discute-os-impactos-do-esg-no-setor-tecnologico-durante-evento-nacional-do-connected-smart-cities\\\/#breadcrumb\"},\"inLanguage\":\"en-US\",\"potentialAction\":[{\"@type\":\"ReadAction\",\"target\":[\"https:\\\/\\\/abes.org.br\\\/abes-discute-os-impactos-do-esg-no-setor-tecnologico-durante-evento-nacional-do-connected-smart-cities\\\/\"]}]},{\"@type\":\"ImageObject\",\"inLanguage\":\"en-US\",\"@id\":\"https:\\\/\\\/abes.org.br\\\/abes-discute-os-impactos-do-esg-no-setor-tecnologico-durante-evento-nacional-do-connected-smart-cities\\\/#primaryimage\",\"url\":\"https:\\\/\\\/abes.org.br\\\/wp-content\\\/uploads\\\/2021\\\/08\\\/banner-jamille.jpg\",\"contentUrl\":\"https:\\\/\\\/abes.org.br\\\/wp-content\\\/uploads\\\/2021\\\/08\\\/banner-jamille.jpg\",\"width\":896,\"height\":502},{\"@type\":\"BreadcrumbList\",\"@id\":\"https:\\\/\\\/abes.org.br\\\/abes-discute-os-impactos-do-esg-no-setor-tecnologico-durante-evento-nacional-do-connected-smart-cities\\\/#breadcrumb\",\"itemListElement\":[{\"@type\":\"ListItem\",\"position\":1,\"name\":\"In\u00edcio\",\"item\":\"https:\\\/\\\/abes.org.br\\\/\"},{\"@type\":\"ListItem\",\"position\":2,\"name\":\"ABES discute os impactos do ESG no setor tecnol\u00f3gico durante Evento Nacional do Connected Smart Cities\"}]},{\"@type\":\"WebSite\",\"@id\":\"https:\\\/\\\/abes.org.br\\\/#website\",\"url\":\"https:\\\/\\\/abes.org.br\\\/\",\"name\":\"ABES\",\"description\":\"Associa\u00e7\u00e3o Brasileira das Empresas de Software\",\"publisher\":{\"@id\":\"https:\\\/\\\/abes.org.br\\\/#organization\"},\"potentialAction\":[{\"@type\":\"SearchAction\",\"target\":{\"@type\":\"EntryPoint\",\"urlTemplate\":\"https:\\\/\\\/abes.org.br\\\/?s={search_term_string}\"},\"query-input\":{\"@type\":\"PropertyValueSpecification\",\"valueRequired\":true,\"valueName\":\"search_term_string\"}}],\"inLanguage\":\"en-US\"},{\"@type\":\"Organization\",\"@id\":\"https:\\\/\\\/abes.org.br\\\/#organization\",\"name\":\"Associa\u00e7\u00e3o Brasileira das Empresas de Software\",\"url\":\"https:\\\/\\\/abes.org.br\\\/\",\"logo\":{\"@type\":\"ImageObject\",\"inLanguage\":\"en-US\",\"@id\":\"https:\\\/\\\/abes.org.br\\\/#\\\/schema\\\/logo\\\/image\\\/\",\"url\":\"https:\\\/\\\/abes.org.br\\\/wp-content\\\/uploads\\\/2020\\\/09\\\/logo_abes_marca_d_tagline_horizontal_verde-amarelo_cmyk.png\",\"contentUrl\":\"https:\\\/\\\/abes.org.br\\\/wp-content\\\/uploads\\\/2020\\\/09\\\/logo_abes_marca_d_tagline_horizontal_verde-amarelo_cmyk.png\",\"width\":324,\"height\":70,\"caption\":\"Associa\u00e7\u00e3o Brasileira das Empresas de Software\"},\"image\":{\"@id\":\"https:\\\/\\\/abes.org.br\\\/#\\\/schema\\\/logo\\\/image\\\/\"},\"sameAs\":[\"https:\\\/\\\/www.facebook.com\\\/ABES.software\",\"https:\\\/\\\/x.com\\\/ABES_SOFTWARE\",\"https:\\\/\\\/www.linkedin.com\\\/company\\\/abes-software\\\/\",\"https:\\\/\\\/www.instagram.com\\\/abes_software\\\/\"]},{\"@type\":\"Person\",\"@id\":\"https:\\\/\\\/abes.org.br\\\/#\\\/schema\\\/person\\\/d65ed84c8883a123fe668129fd6a7ed3\",\"name\":\"Editor ABES\",\"image\":{\"@type\":\"ImageObject\",\"inLanguage\":\"en-US\",\"@id\":\"https:\\\/\\\/secure.gravatar.com\\\/avatar\\\/3b207abce016c5e2ad6bf38914af9ad16e277128bb9b06dabb05bc191f02d7fe?s=96&d=mm&r=g\",\"url\":\"https:\\\/\\\/secure.gravatar.com\\\/avatar\\\/3b207abce016c5e2ad6bf38914af9ad16e277128bb9b06dabb05bc191f02d7fe?s=96&d=mm&r=g\",\"contentUrl\":\"https:\\\/\\\/secure.gravatar.com\\\/avatar\\\/3b207abce016c5e2ad6bf38914af9ad16e277128bb9b06dabb05bc191f02d7fe?s=96&d=mm&r=g\",\"caption\":\"Editor ABES\"},\"url\":\"https:\\\/\\\/abes.org.br\\\/en\\\/author\\\/editor-abes\\\/\"}]}<\/script>\n<!-- \/ Yoast SEO plugin. -->","yoast_head_json":{"title":"ABES discusses the impacts of ESG on the technology sector during the National Connected Smart Cities Event - ABES","robots":{"index":"index","follow":"follow","max-snippet":"max-snippet:-1","max-image-preview":"max-image-preview:large","max-video-preview":"max-video-preview:-1"},"canonical":"https:\/\/abes.org.br\/en\/abes-discute-os-impactos-do-esg-no-setor-tecnologico-durante-evento-nacional-do-connected-smart-cities\/","og_locale":"en_US","og_type":"article","og_title":"ABES discute os impactos do ESG no setor tecnol\u00f3gico durante Evento Nacional do Connected Smart Cities - ABES","og_description":"Painel acontece no dia 3 de setembro e contar\u00e1 com a presen\u00e7a de Jamile Sabatini Marques, Diretora de Inova\u00e7\u00e3o e Fomento da associa\u00e7\u00e3o A ABES &#8211; Associa\u00e7\u00e3o Brasileira das Empresas de Software, tem presen\u00e7a marcada no Evento Nacional, organizado pela Connected Smart Cities. A associa\u00e7\u00e3o participar\u00e1 do painel &#8220;O impacto do ESG em tempos de [&hellip;]","og_url":"https:\/\/abes.org.br\/en\/abes-discute-os-impactos-do-esg-no-setor-tecnologico-durante-evento-nacional-do-connected-smart-cities\/","og_site_name":"ABES","article_publisher":"https:\/\/www.facebook.com\/ABES.software","article_published_time":"2021-08-30T19:33:16+00:00","article_modified_time":"2021-09-03T11:42:58+00:00","og_image":[{"width":896,"height":502,"url":"https:\/\/abes.org.br\/wp-content\/uploads\/2021\/08\/banner-jamille.jpg","type":"image\/jpeg"}],"author":"Editor ABES","twitter_card":"summary_large_image","twitter_creator":"@ABES_SOFTWARE","twitter_site":"@ABES_SOFTWARE","twitter_misc":{"Written by":"Editor ABES","Est. reading time":"2 minutes"},"schema":{"@context":"https:\/\/schema.org","@graph":[{"@type":"Article","@id":"https:\/\/abes.org.br\/abes-discute-os-impactos-do-esg-no-setor-tecnologico-durante-evento-nacional-do-connected-smart-cities\/#article","isPartOf":{"@id":"https:\/\/abes.org.br\/abes-discute-os-impactos-do-esg-no-setor-tecnologico-durante-evento-nacional-do-connected-smart-cities\/"},"author":{"name":"Editor ABES","@id":"https:\/\/abes.org.br\/#\/schema\/person\/d65ed84c8883a123fe668129fd6a7ed3"},"headline":"ABES discute os impactos do ESG no setor tecnol\u00f3gico durante Evento Nacional do Connected Smart Cities","datePublished":"2021-08-30T19:33:16+00:00","dateModified":"2021-09-03T11:42:58+00:00","mainEntityOfPage":{"@id":"https:\/\/abes.org.br\/abes-discute-os-impactos-do-esg-no-setor-tecnologico-durante-evento-nacional-do-connected-smart-cities\/"},"wordCount":510,"publisher":{"@id":"https:\/\/abes.org.br\/#organization"},"image":{"@id":"https:\/\/abes.org.br\/abes-discute-os-impactos-do-esg-no-setor-tecnologico-durante-evento-nacional-do-connected-smart-cities\/#primaryimage"},"thumbnailUrl":"https:\/\/abes.org.br\/wp-content\/uploads\/2021\/08\/banner-jamille.jpg","keywords":["Connected Smart Cities","Empresas de Software","Inova\u00e7\u00e3o e Fomento","pr\u00e1ticas de ESG"],"articleSection":["-Coluna 4","\u00daltimas not\u00edcias"],"inLanguage":"en-US"},{"@type":"WebPage","@id":"https:\/\/abes.org.br\/abes-discute-os-impactos-do-esg-no-setor-tecnologico-durante-evento-nacional-do-connected-smart-cities\/","url":"https:\/\/abes.org.br\/abes-discute-os-impactos-do-esg-no-setor-tecnologico-durante-evento-nacional-do-connected-smart-cities\/","name":"ABES discusses the impacts of ESG on the technology sector during the National Connected Smart Cities Event - ABES","isPartOf":{"@id":"https:\/\/abes.org.br\/#website"},"primaryImageOfPage":{"@id":"https:\/\/abes.org.br\/abes-discute-os-impactos-do-esg-no-setor-tecnologico-durante-evento-nacional-do-connected-smart-cities\/#primaryimage"},"image":{"@id":"https:\/\/abes.org.br\/abes-discute-os-impactos-do-esg-no-setor-tecnologico-durante-evento-nacional-do-connected-smart-cities\/#primaryimage"},"thumbnailUrl":"https:\/\/abes.org.br\/wp-content\/uploads\/2021\/08\/banner-jamille.jpg","datePublished":"2021-08-30T19:33:16+00:00","dateModified":"2021-09-03T11:42:58+00:00","breadcrumb":{"@id":"https:\/\/abes.org.br\/abes-discute-os-impactos-do-esg-no-setor-tecnologico-durante-evento-nacional-do-connected-smart-cities\/#breadcrumb"},"inLanguage":"en-US","potentialAction":[{"@type":"ReadAction","target":["https:\/\/abes.org.br\/abes-discute-os-impactos-do-esg-no-setor-tecnologico-durante-evento-nacional-do-connected-smart-cities\/"]}]},{"@type":"ImageObject","inLanguage":"en-US","@id":"https:\/\/abes.org.br\/abes-discute-os-impactos-do-esg-no-setor-tecnologico-durante-evento-nacional-do-connected-smart-cities\/#primaryimage","url":"https:\/\/abes.org.br\/wp-content\/uploads\/2021\/08\/banner-jamille.jpg","contentUrl":"https:\/\/abes.org.br\/wp-content\/uploads\/2021\/08\/banner-jamille.jpg","width":896,"height":502},{"@type":"BreadcrumbList","@id":"https:\/\/abes.org.br\/abes-discute-os-impactos-do-esg-no-setor-tecnologico-durante-evento-nacional-do-connected-smart-cities\/#breadcrumb","itemListElement":[{"@type":"ListItem","position":1,"name":"In\u00edcio","item":"https:\/\/abes.org.br\/"},{"@type":"ListItem","position":2,"name":"ABES discute os impactos do ESG no setor tecnol\u00f3gico durante Evento Nacional do Connected Smart Cities"}]},{"@type":"WebSite","@id":"https:\/\/abes.org.br\/#website","url":"https:\/\/abes.org.br\/","name":"ABES","description":"Brazilian Association of Software Companies","publisher":{"@id":"https:\/\/abes.org.br\/#organization"},"potentialAction":[{"@type":"SearchAction","target":{"@type":"EntryPoint","urlTemplate":"https:\/\/abes.org.br\/?s={search_term_string}"},"query-input":{"@type":"PropertyValueSpecification","valueRequired":true,"valueName":"search_term_string"}}],"inLanguage":"en-US"},{"@type":"Organization","@id":"https:\/\/abes.org.br\/#organization","name":"Brazilian Association of Software Companies","url":"https:\/\/abes.org.br\/","logo":{"@type":"ImageObject","inLanguage":"en-US","@id":"https:\/\/abes.org.br\/#\/schema\/logo\/image\/","url":"https:\/\/abes.org.br\/wp-content\/uploads\/2020\/09\/logo_abes_marca_d_tagline_horizontal_verde-amarelo_cmyk.png","contentUrl":"https:\/\/abes.org.br\/wp-content\/uploads\/2020\/09\/logo_abes_marca_d_tagline_horizontal_verde-amarelo_cmyk.png","width":324,"height":70,"caption":"Associa\u00e7\u00e3o Brasileira das Empresas de Software"},"image":{"@id":"https:\/\/abes.org.br\/#\/schema\/logo\/image\/"},"sameAs":["https:\/\/www.facebook.com\/ABES.software","https:\/\/x.com\/ABES_SOFTWARE","https:\/\/www.linkedin.com\/company\/abes-software\/","https:\/\/www.instagram.com\/abes_software\/"]},{"@type":"Person","@id":"https:\/\/abes.org.br\/#\/schema\/person\/d65ed84c8883a123fe668129fd6a7ed3","name":"ABES Editor","image":{"@type":"ImageObject","inLanguage":"en-US","@id":"https:\/\/secure.gravatar.com\/avatar\/3b207abce016c5e2ad6bf38914af9ad16e277128bb9b06dabb05bc191f02d7fe?s=96&d=mm&r=g","url":"https:\/\/secure.gravatar.com\/avatar\/3b207abce016c5e2ad6bf38914af9ad16e277128bb9b06dabb05bc191f02d7fe?s=96&d=mm&r=g","contentUrl":"https:\/\/secure.gravatar.com\/avatar\/3b207abce016c5e2ad6bf38914af9ad16e277128bb9b06dabb05bc191f02d7fe?s=96&d=mm&r=g","caption":"Editor ABES"},"url":"https:\/\/abes.org.br\/en\/author\/editor-abes\/"}]}},"publishpress_future_action":{"enabled":false,"date":"2026-05-02 05:44:27","action":"change-status","newStatus":"draft","terms":[],"taxonomy":"category","extraData":[]},"publishpress_future_workflow_manual_trigger":{"enabledWorkflows":[]},"_links":{"self":[{"href":"https:\/\/abes.org.br\/en\/wp-json\/wp\/v2\/posts\/38624","targetHints":{"allow":["GET"]}}],"collection":[{"href":"https:\/\/abes.org.br\/en\/wp-json\/wp\/v2\/posts"}],"about":[{"href":"https:\/\/abes.org.br\/en\/wp-json\/wp\/v2\/types\/post"}],"author":[{"embeddable":true,"href":"https:\/\/abes.org.br\/en\/wp-json\/wp\/v2\/users\/10"}],"replies":[{"embeddable":true,"href":"https:\/\/abes.org.br\/en\/wp-json\/wp\/v2\/comments?post=38624"}],"version-history":[{"count":3,"href":"https:\/\/abes.org.br\/en\/wp-json\/wp\/v2\/posts\/38624\/revisions"}],"predecessor-version":[{"id":38629,"href":"https:\/\/abes.org.br\/en\/wp-json\/wp\/v2\/posts\/38624\/revisions\/38629"}],"wp:featuredmedia":[{"embeddable":true,"href":"https:\/\/abes.org.br\/en\/wp-json\/wp\/v2\/media\/38626"}],"wp:attachment":[{"href":"https:\/\/abes.org.br\/en\/wp-json\/wp\/v2\/media?parent=38624"}],"wp:term":[{"taxonomy":"category","embeddable":true,"href":"https:\/\/abes.org.br\/en\/wp-json\/wp\/v2\/categories?post=38624"},{"taxonomy":"post_tag","embeddable":true,"href":"https:\/\/abes.org.br\/en\/wp-json\/wp\/v2\/tags?post=38624"}],"curies":[{"name":"wp","href":"https:\/\/api.w.org\/{rel}","templated":true}]}}