{"id":38621,"date":"2021-08-31T08:55:34","date_gmt":"2021-08-31T11:55:34","guid":{"rendered":"https:\/\/abes.org.br\/?p=38621"},"modified":"2021-08-30T16:19:00","modified_gmt":"2021-08-30T19:19:00","slug":"documentario-o-debatedor-da-ibm-e-destaque-na-10a-mostra-ecofalante-de-cinema","status":"publish","type":"post","link":"https:\/\/abes.org.br\/en\/documentario-o-debatedor-da-ibm-e-destaque-na-10a-mostra-ecofalante-de-cinema\/","title":{"rendered":"Documentary O Debatedor, by IBM, is featured at the 10th Mostra Ecospeaker de Cinema"},"content":{"rendered":"<div>\n<p>Between the 3rd and 10th of September, the documentary \u201d\u00a0<a href=\"https:\/\/www.research.ibm.com\/artificial-intelligence\/project-debater\/film\/\" target=\"_blank\" rel=\"noopener noreferrer\" data-saferedirecturl=\"https:\/\/www.google.com\/url?q=https:\/\/ylezaesriesve.i-mpr.com\/link.php?code%3DbDpodHRwcyUzQSUyRiUyRnd3dy5yZXNlYXJjaC5pYm0uY29tJTJGYXJ0aWZpY2lhbC1pbnRlbGxpZ2VuY2UlMkZwcm9qZWN0LWRlYmF0ZXIlMkZmaWxtJTJGOjM2NTkzMjY1MDM6c2FuZHJhc2FudEBnbWFpbC5jb206ZmMxNzk4&amp;source=gmail&amp;ust=1630424870634000&amp;usg=AFQjCNGkyKLzL6d2-AM3LlaiAJvFWZyGeg\">the debater<\/a>\u201c, by Joshua Davis and Harry Spitzer, will be shown in\u00a0<a href=\"https:\/\/ecofalante.org.br\/\" target=\"_blank\" rel=\"noopener noreferrer\" data-saferedirecturl=\"https:\/\/www.google.com\/url?q=https:\/\/ylezaesriesve.i-mpr.com\/link.php?code%3DbDpodHRwcyUzQSUyRiUyRmVjb2ZhbGFudGUub3JnLmJyJTJGOjM2NTkzMjY1MDM6c2FuZHJhc2FudEBnbWFpbC5jb206MTkxYmNi&amp;source=gmail&amp;ust=1630424870634000&amp;usg=AFQjCNGe8hDSU4nnq5qWz0-U7q91UHajiA\">10th Cinema Echospeaker Exhibition<\/a>, South American audiovisual event dedicated to themes of impact on society, online and free of charge. The exhibition also addresses subjects such as activism, biodiversity, work and technology.<\/p>\n<\/div>\n<div>\n<p><a href=\"https:\/\/www.research.ibm.com\/artificial-intelligence\/project-debater\/film\/\" target=\"_blank\" rel=\"noopener noreferrer\" data-saferedirecturl=\"https:\/\/www.google.com\/url?q=https:\/\/ylezaesriesve.i-mpr.com\/link.php?code%3DbDpodHRwcyUzQSUyRiUyRmVjb2ZhbGFudGUub3JnLmJyJTJGZmlsbWUlMkZvLWRlYmF0ZWRvcjozNjU5MzI2NTAzOnNhbmRyYXNhbnRAZ21haWwuY29tOmYxNzE0YQ%3D%3D&amp;source=gmail&amp;ust=1630424870634000&amp;usg=AFQjCNHlujZBRsmm3LBQLpVxsBMfg5QUKw\">&quot;The Debater&quot;<\/a>\u00a0offers a rare glimpse behind the scenes of the creation of the\u00a0<a href=\"https:\/\/www.research.ibm.com\/artificial-intelligence\/project-debater\/\" target=\"_blank\" rel=\"noopener noreferrer\" data-saferedirecturl=\"https:\/\/www.google.com\/url?q=https:\/\/ylezaesriesve.i-mpr.com\/link.php?code%3DbDpodHRwcyUzQSUyRiUyRnd3dy5yZXNlYXJjaC5pYm0uY29tJTJGYXJ0aWZpY2lhbC1pbnRlbGxpZ2VuY2UlMkZwcm9qZWN0LWRlYmF0ZXIlMkY6MzY1OTMyNjUwMzpzYW5kcmFzYW50QGdtYWlsLmNvbTo1NzIyMDI%3D&amp;source=gmail&amp;ust=1630424870634000&amp;usg=AFQjCNHGJWXa4BH8Z-lsPxJJwuqUz9T-Pw\">Project Debate<\/a>, IBM&#039;s first AI system that can debate with humans on complex topics and capable of assimilating massive texts, constructing a well-structured discourse on a given topic, presenting it with clarity and purpose. The short shows the commitment of an IBM team to take AI into uncharted territory and tries to answer the following question: What happens when AI ventures into the real world of human speech and acts more like us? The film is also running for an audience prize, in which viewers can vote and choose their favourite. The subtitled trailer is available at this\u00a0<a href=\"https:\/\/www.youtube.com\/watch?v=mHSuOeHO598&amp;t=19s\" target=\"_blank\" rel=\"noopener noreferrer\" data-saferedirecturl=\"https:\/\/www.google.com\/url?q=https:\/\/www.youtube.com\/watch?time_continue%3D19%26v%3DmHSuOeHO598%26feature%3Demb_logo&amp;source=gmail&amp;ust=1630424870634000&amp;usg=AFQjCNEFWSb4E20eErpT-yTkDK2bs94utQ\">link.<\/a><\/p>\n<\/div>\n<div><a><img loading=\"lazy\" decoding=\"async\" class=\"CToWUd alignleft\" src=\"https:\/\/ci6.googleusercontent.com\/proxy\/2iQPqVwWBLhv9thss8FEjSfFsmLzLKHYmTWNO8BIWrpTUoRi7vfO31u5AgH6jmrL5pRfKC30CrHSyGhdytMsO8ND-t6k9v2es7AwHhdST7ArdXob19mjMwhEugiPtm8kRHIr9nnL99ZCMxPjE_UGWFDYujwlnVms2QGaOasEV-RvWKj9IyJQRxgYt8SA_SzSn9EJEnE6lzSsPfQ87DZ15KH3BavInb_cBDW6h3k75_1nx0Cghfb0c0AeszkrJnIFPttQQjH_3hvlpuBvY5AXFVh0Xw_6s0YZvNzuzDt8Idtr=s0-d-e1-ft#https:\/\/ylezaesriesve.i-mpr.com\/7=Y2YxAjY1oTbvNmLslWYtdGQ05WYzFmck5WYzpzMwUjNyMTO1YzM6cWZwpmL39Gb3EmNjZTM5YGNjBzMlRjZjRjYwYTNyQDMmFTZjF2Y4QjRyUyY4QjRyUCN2YkMlMzMwEzXtUTMt8VbvNmLyBXbtkmRyUiRyUSQzUycwRHdopDN\" width=\"294\" height=\"214\" \/><\/a><\/div>\n<div>\n<p>This is the first time the doc will be shown in Brazil, but it has been featured in other film festivals around the world, including the CPH: DOX (International Documentary Festival of Copenhagen), Indianapolis International Film Festival, Lighthouse International Film Festival, Rhode Island International Film Festival and Twister Alley Film Festival.<\/p>\n<\/div>\n<div>\n<p><strong>Service:<\/strong><\/p>\n<\/div>\n<div>Documentary &quot;The Debater&quot;<\/div>\n<div>Where: 10th Cinema Ecospeaker Exhibition<\/div>\n<div>When: between September 3rd and 10th, at alternate times.<\/div>\n<div><a href=\"https:\/\/ecofalante.org.br\/programacao\" target=\"_blank\" rel=\"noopener noreferrer\" data-saferedirecturl=\"https:\/\/www.google.com\/url?q=https:\/\/ylezaesriesve.i-mpr.com\/link.php?code%3DbDpodHRwcyUzQSUyRiUyRmVjb2ZhbGFudGUub3JnLmJyJTJGcHJvZ3JhbWFjYW86MzY1OTMyNjUwMzpzYW5kcmFzYW50QGdtYWlsLmNvbToxNzBlZTM%3D&amp;source=gmail&amp;ust=1630424870634000&amp;usg=AFQjCNEC2NaGDHquFrAuX8-d2nojcDWe_g\">click here<\/a>\u00a0to check the full schedule.<\/div>","protected":false},"excerpt":{"rendered":"<p>Entre os dias 3 e 10 de setembro, o document\u00e1rio &#8221;\u00a0O Debatedor&#8220;, de Joshua Davis e Harry Spitzer, ser\u00e1 exibido na\u00a010\u00aa Mostra Ecofalante de Cinema, evento audiovisual sul-americano dedicado a temas de impacto na sociedade, em formato online e gratuito. A exibi\u00e7\u00e3o tamb\u00e9m aborda assuntos como ativismo, biodiversidade, trabalho e tecnologia. &#8220;O Debatedor&#8221;\u00a0oferece um raro [&hellip;]<\/p>\n","protected":false},"author":10,"featured_media":0,"comment_status":"closed","ping_status":"closed","sticky":false,"template":"","format":"standard","meta":{"_acf_changed":false,"_et_pb_use_builder":"","_et_pb_old_content":"","_et_gb_content_width":"","footnotes":""},"categories":[39,19],"tags":[2103,2102,2106,2105,2104],"class_list":["post-38621","post","type-post","status-publish","format-standard","hentry","category-coluna-4","category-ultimas-noticias","tag-biodiversidade","tag-evento-audiovisual","tag-mostra-ecofalante-de-cinema","tag-sistema-de-ia","tag-trabalho-e-tecnologia"],"acf":[],"yoast_head":"<!-- This site is optimized with the Yoast SEO plugin v27.3 - https:\/\/yoast.com\/product\/yoast-seo-wordpress\/ -->\n<title>Document\u00e1rio O Debatedor, da IBM, \u00e9 destaque na 10\u00aa Mostra Ecofalante de Cinema - ABES<\/title>\n<meta name=\"robots\" content=\"index, follow, max-snippet:-1, max-image-preview:large, max-video-preview:-1\" \/>\n<link rel=\"canonical\" href=\"https:\/\/abes.org.br\/en\/documentario-o-debatedor-da-ibm-e-destaque-na-10a-mostra-ecofalante-de-cinema\/\" \/>\n<meta property=\"og:locale\" content=\"en_US\" \/>\n<meta property=\"og:type\" content=\"article\" \/>\n<meta property=\"og:title\" content=\"Document\u00e1rio O Debatedor, da IBM, \u00e9 destaque na 10\u00aa Mostra Ecofalante de Cinema - ABES\" \/>\n<meta property=\"og:description\" content=\"Entre os dias 3 e 10 de setembro, o document\u00e1rio &#8221;\u00a0O Debatedor&#8220;, de Joshua Davis e Harry Spitzer, ser\u00e1 exibido na\u00a010\u00aa Mostra Ecofalante de Cinema, evento audiovisual sul-americano dedicado a temas de impacto na sociedade, em formato online e gratuito. A exibi\u00e7\u00e3o tamb\u00e9m aborda assuntos como ativismo, biodiversidade, trabalho e tecnologia. &#8220;O Debatedor&#8221;\u00a0oferece um raro [&hellip;]\" \/>\n<meta property=\"og:url\" content=\"https:\/\/abes.org.br\/en\/documentario-o-debatedor-da-ibm-e-destaque-na-10a-mostra-ecofalante-de-cinema\/\" \/>\n<meta property=\"og:site_name\" content=\"ABES\" \/>\n<meta property=\"article:publisher\" content=\"https:\/\/www.facebook.com\/ABES.software\" \/>\n<meta property=\"article:published_time\" content=\"2021-08-31T11:55:34+00:00\" \/>\n<meta property=\"og:image\" content=\"https:\/\/ci6.googleusercontent.com\/proxy\/2iQPqVwWBLhv9thss8FEjSfFsmLzLKHYmTWNO8BIWrpTUoRi7vfO31u5AgH6jmrL5pRfKC30CrHSyGhdytMsO8ND-t6k9v2es7AwHhdST7ArdXob19mjMwhEugiPtm8kRHIr9nnL99ZCMxPjE_UGWFDYujwlnVms2QGaOasEV-RvWKj9IyJQRxgYt8SA_SzSn9EJEnE6lzSsPfQ87DZ15KH3BavInb_cBDW6h3k75_1nx0Cghfb0c0AeszkrJnIFPttQQjH_3hvlpuBvY5AXFVh0Xw_6s0YZvNzuzDt8Idtr=s0-d-e1-ft#https:\/\/ylezaesriesve.i-mpr.com\/7=Y2YxAjY1oTbvNmLslWYtdGQ05WYzFmck5WYzpzMwUjNyMTO1YzM6cWZwpmL39Gb3EmNjZTM5YGNjBzMlRjZjRjYwYTNyQDMmFTZjF2Y4QjRyUyY4QjRyUCN2YkMlMzMwEzXtUTMt8VbvNmLyBXbtkmRyUiRyUSQzUycwRHdopDN\" \/>\n<meta name=\"author\" content=\"Editor ABES\" \/>\n<meta name=\"twitter:card\" content=\"summary_large_image\" \/>\n<meta name=\"twitter:creator\" content=\"@ABES_SOFTWARE\" \/>\n<meta name=\"twitter:site\" content=\"@ABES_SOFTWARE\" \/>\n<meta name=\"twitter:label1\" content=\"Written by\" \/>\n\t<meta name=\"twitter:data1\" content=\"Editor ABES\" \/>\n\t<meta name=\"twitter:label2\" content=\"Est. reading time\" \/>\n\t<meta name=\"twitter:data2\" content=\"1 minute\" \/>\n<script type=\"application\/ld+json\" class=\"yoast-schema-graph\">{\"@context\":\"https:\\\/\\\/schema.org\",\"@graph\":[{\"@type\":\"Article\",\"@id\":\"https:\\\/\\\/abes.org.br\\\/documentario-o-debatedor-da-ibm-e-destaque-na-10a-mostra-ecofalante-de-cinema\\\/#article\",\"isPartOf\":{\"@id\":\"https:\\\/\\\/abes.org.br\\\/documentario-o-debatedor-da-ibm-e-destaque-na-10a-mostra-ecofalante-de-cinema\\\/\"},\"author\":{\"name\":\"Editor ABES\",\"@id\":\"https:\\\/\\\/abes.org.br\\\/#\\\/schema\\\/person\\\/d65ed84c8883a123fe668129fd6a7ed3\"},\"headline\":\"Document\u00e1rio O Debatedor, da IBM, \u00e9 destaque na 10\u00aa Mostra Ecofalante de Cinema\",\"datePublished\":\"2021-08-31T11:55:34+00:00\",\"mainEntityOfPage\":{\"@id\":\"https:\\\/\\\/abes.org.br\\\/documentario-o-debatedor-da-ibm-e-destaque-na-10a-mostra-ecofalante-de-cinema\\\/\"},\"wordCount\":271,\"publisher\":{\"@id\":\"https:\\\/\\\/abes.org.br\\\/#organization\"},\"image\":{\"@id\":\"https:\\\/\\\/abes.org.br\\\/documentario-o-debatedor-da-ibm-e-destaque-na-10a-mostra-ecofalante-de-cinema\\\/#primaryimage\"},\"thumbnailUrl\":\"https:\\\/\\\/ci6.googleusercontent.com\\\/proxy\\\/2iQPqVwWBLhv9thss8FEjSfFsmLzLKHYmTWNO8BIWrpTUoRi7vfO31u5AgH6jmrL5pRfKC30CrHSyGhdytMsO8ND-t6k9v2es7AwHhdST7ArdXob19mjMwhEugiPtm8kRHIr9nnL99ZCMxPjE_UGWFDYujwlnVms2QGaOasEV-RvWKj9IyJQRxgYt8SA_SzSn9EJEnE6lzSsPfQ87DZ15KH3BavInb_cBDW6h3k75_1nx0Cghfb0c0AeszkrJnIFPttQQjH_3hvlpuBvY5AXFVh0Xw_6s0YZvNzuzDt8Idtr=s0-d-e1-ft#https:\\\/\\\/ylezaesriesve.i-mpr.com\\\/7=Y2YxAjY1oTbvNmLslWYtdGQ05WYzFmck5WYzpzMwUjNyMTO1YzM6cWZwpmL39Gb3EmNjZTM5YGNjBzMlRjZjRjYwYTNyQDMmFTZjF2Y4QjRyUyY4QjRyUCN2YkMlMzMwEzXtUTMt8VbvNmLyBXbtkmRyUiRyUSQzUycwRHdopDN\",\"keywords\":[\"biodiversidade\",\"evento audiovisual\",\"Mostra Ecofalante de Cinema\",\"sistema de IA\",\"trabalho e tecnologia\"],\"articleSection\":[\"-Coluna 4\",\"\u00daltimas not\u00edcias\"],\"inLanguage\":\"en-US\"},{\"@type\":\"WebPage\",\"@id\":\"https:\\\/\\\/abes.org.br\\\/documentario-o-debatedor-da-ibm-e-destaque-na-10a-mostra-ecofalante-de-cinema\\\/\",\"url\":\"https:\\\/\\\/abes.org.br\\\/documentario-o-debatedor-da-ibm-e-destaque-na-10a-mostra-ecofalante-de-cinema\\\/\",\"name\":\"Document\u00e1rio O Debatedor, da IBM, \u00e9 destaque na 10\u00aa Mostra Ecofalante de Cinema - ABES\",\"isPartOf\":{\"@id\":\"https:\\\/\\\/abes.org.br\\\/#website\"},\"primaryImageOfPage\":{\"@id\":\"https:\\\/\\\/abes.org.br\\\/documentario-o-debatedor-da-ibm-e-destaque-na-10a-mostra-ecofalante-de-cinema\\\/#primaryimage\"},\"image\":{\"@id\":\"https:\\\/\\\/abes.org.br\\\/documentario-o-debatedor-da-ibm-e-destaque-na-10a-mostra-ecofalante-de-cinema\\\/#primaryimage\"},\"thumbnailUrl\":\"https:\\\/\\\/ci6.googleusercontent.com\\\/proxy\\\/2iQPqVwWBLhv9thss8FEjSfFsmLzLKHYmTWNO8BIWrpTUoRi7vfO31u5AgH6jmrL5pRfKC30CrHSyGhdytMsO8ND-t6k9v2es7AwHhdST7ArdXob19mjMwhEugiPtm8kRHIr9nnL99ZCMxPjE_UGWFDYujwlnVms2QGaOasEV-RvWKj9IyJQRxgYt8SA_SzSn9EJEnE6lzSsPfQ87DZ15KH3BavInb_cBDW6h3k75_1nx0Cghfb0c0AeszkrJnIFPttQQjH_3hvlpuBvY5AXFVh0Xw_6s0YZvNzuzDt8Idtr=s0-d-e1-ft#https:\\\/\\\/ylezaesriesve.i-mpr.com\\\/7=Y2YxAjY1oTbvNmLslWYtdGQ05WYzFmck5WYzpzMwUjNyMTO1YzM6cWZwpmL39Gb3EmNjZTM5YGNjBzMlRjZjRjYwYTNyQDMmFTZjF2Y4QjRyUyY4QjRyUCN2YkMlMzMwEzXtUTMt8VbvNmLyBXbtkmRyUiRyUSQzUycwRHdopDN\",\"datePublished\":\"2021-08-31T11:55:34+00:00\",\"breadcrumb\":{\"@id\":\"https:\\\/\\\/abes.org.br\\\/documentario-o-debatedor-da-ibm-e-destaque-na-10a-mostra-ecofalante-de-cinema\\\/#breadcrumb\"},\"inLanguage\":\"en-US\",\"potentialAction\":[{\"@type\":\"ReadAction\",\"target\":[\"https:\\\/\\\/abes.org.br\\\/documentario-o-debatedor-da-ibm-e-destaque-na-10a-mostra-ecofalante-de-cinema\\\/\"]}]},{\"@type\":\"ImageObject\",\"inLanguage\":\"en-US\",\"@id\":\"https:\\\/\\\/abes.org.br\\\/documentario-o-debatedor-da-ibm-e-destaque-na-10a-mostra-ecofalante-de-cinema\\\/#primaryimage\",\"url\":\"https:\\\/\\\/ci6.googleusercontent.com\\\/proxy\\\/2iQPqVwWBLhv9thss8FEjSfFsmLzLKHYmTWNO8BIWrpTUoRi7vfO31u5AgH6jmrL5pRfKC30CrHSyGhdytMsO8ND-t6k9v2es7AwHhdST7ArdXob19mjMwhEugiPtm8kRHIr9nnL99ZCMxPjE_UGWFDYujwlnVms2QGaOasEV-RvWKj9IyJQRxgYt8SA_SzSn9EJEnE6lzSsPfQ87DZ15KH3BavInb_cBDW6h3k75_1nx0Cghfb0c0AeszkrJnIFPttQQjH_3hvlpuBvY5AXFVh0Xw_6s0YZvNzuzDt8Idtr=s0-d-e1-ft#https:\\\/\\\/ylezaesriesve.i-mpr.com\\\/7=Y2YxAjY1oTbvNmLslWYtdGQ05WYzFmck5WYzpzMwUjNyMTO1YzM6cWZwpmL39Gb3EmNjZTM5YGNjBzMlRjZjRjYwYTNyQDMmFTZjF2Y4QjRyUyY4QjRyUCN2YkMlMzMwEzXtUTMt8VbvNmLyBXbtkmRyUiRyUSQzUycwRHdopDN\",\"contentUrl\":\"https:\\\/\\\/ci6.googleusercontent.com\\\/proxy\\\/2iQPqVwWBLhv9thss8FEjSfFsmLzLKHYmTWNO8BIWrpTUoRi7vfO31u5AgH6jmrL5pRfKC30CrHSyGhdytMsO8ND-t6k9v2es7AwHhdST7ArdXob19mjMwhEugiPtm8kRHIr9nnL99ZCMxPjE_UGWFDYujwlnVms2QGaOasEV-RvWKj9IyJQRxgYt8SA_SzSn9EJEnE6lzSsPfQ87DZ15KH3BavInb_cBDW6h3k75_1nx0Cghfb0c0AeszkrJnIFPttQQjH_3hvlpuBvY5AXFVh0Xw_6s0YZvNzuzDt8Idtr=s0-d-e1-ft#https:\\\/\\\/ylezaesriesve.i-mpr.com\\\/7=Y2YxAjY1oTbvNmLslWYtdGQ05WYzFmck5WYzpzMwUjNyMTO1YzM6cWZwpmL39Gb3EmNjZTM5YGNjBzMlRjZjRjYwYTNyQDMmFTZjF2Y4QjRyUyY4QjRyUCN2YkMlMzMwEzXtUTMt8VbvNmLyBXbtkmRyUiRyUSQzUycwRHdopDN\"},{\"@type\":\"BreadcrumbList\",\"@id\":\"https:\\\/\\\/abes.org.br\\\/documentario-o-debatedor-da-ibm-e-destaque-na-10a-mostra-ecofalante-de-cinema\\\/#breadcrumb\",\"itemListElement\":[{\"@type\":\"ListItem\",\"position\":1,\"name\":\"In\u00edcio\",\"item\":\"https:\\\/\\\/abes.org.br\\\/\"},{\"@type\":\"ListItem\",\"position\":2,\"name\":\"Document\u00e1rio O Debatedor, da IBM, \u00e9 destaque na 10\u00aa Mostra Ecofalante de Cinema\"}]},{\"@type\":\"WebSite\",\"@id\":\"https:\\\/\\\/abes.org.br\\\/#website\",\"url\":\"https:\\\/\\\/abes.org.br\\\/\",\"name\":\"ABES\",\"description\":\"Associa\u00e7\u00e3o Brasileira das Empresas de Software\",\"publisher\":{\"@id\":\"https:\\\/\\\/abes.org.br\\\/#organization\"},\"potentialAction\":[{\"@type\":\"SearchAction\",\"target\":{\"@type\":\"EntryPoint\",\"urlTemplate\":\"https:\\\/\\\/abes.org.br\\\/?s={search_term_string}\"},\"query-input\":{\"@type\":\"PropertyValueSpecification\",\"valueRequired\":true,\"valueName\":\"search_term_string\"}}],\"inLanguage\":\"en-US\"},{\"@type\":\"Organization\",\"@id\":\"https:\\\/\\\/abes.org.br\\\/#organization\",\"name\":\"Associa\u00e7\u00e3o Brasileira das Empresas de Software\",\"url\":\"https:\\\/\\\/abes.org.br\\\/\",\"logo\":{\"@type\":\"ImageObject\",\"inLanguage\":\"en-US\",\"@id\":\"https:\\\/\\\/abes.org.br\\\/#\\\/schema\\\/logo\\\/image\\\/\",\"url\":\"https:\\\/\\\/abes.org.br\\\/wp-content\\\/uploads\\\/2020\\\/09\\\/logo_abes_marca_d_tagline_horizontal_verde-amarelo_cmyk.png\",\"contentUrl\":\"https:\\\/\\\/abes.org.br\\\/wp-content\\\/uploads\\\/2020\\\/09\\\/logo_abes_marca_d_tagline_horizontal_verde-amarelo_cmyk.png\",\"width\":324,\"height\":70,\"caption\":\"Associa\u00e7\u00e3o Brasileira das Empresas de Software\"},\"image\":{\"@id\":\"https:\\\/\\\/abes.org.br\\\/#\\\/schema\\\/logo\\\/image\\\/\"},\"sameAs\":[\"https:\\\/\\\/www.facebook.com\\\/ABES.software\",\"https:\\\/\\\/x.com\\\/ABES_SOFTWARE\",\"https:\\\/\\\/www.linkedin.com\\\/company\\\/abes-software\\\/\",\"https:\\\/\\\/www.instagram.com\\\/abes_software\\\/\"]},{\"@type\":\"Person\",\"@id\":\"https:\\\/\\\/abes.org.br\\\/#\\\/schema\\\/person\\\/d65ed84c8883a123fe668129fd6a7ed3\",\"name\":\"Editor ABES\",\"image\":{\"@type\":\"ImageObject\",\"inLanguage\":\"en-US\",\"@id\":\"https:\\\/\\\/secure.gravatar.com\\\/avatar\\\/3b207abce016c5e2ad6bf38914af9ad16e277128bb9b06dabb05bc191f02d7fe?s=96&d=mm&r=g\",\"url\":\"https:\\\/\\\/secure.gravatar.com\\\/avatar\\\/3b207abce016c5e2ad6bf38914af9ad16e277128bb9b06dabb05bc191f02d7fe?s=96&d=mm&r=g\",\"contentUrl\":\"https:\\\/\\\/secure.gravatar.com\\\/avatar\\\/3b207abce016c5e2ad6bf38914af9ad16e277128bb9b06dabb05bc191f02d7fe?s=96&d=mm&r=g\",\"caption\":\"Editor ABES\"},\"url\":\"https:\\\/\\\/abes.org.br\\\/en\\\/author\\\/editor-abes\\\/\"}]}<\/script>\n<!-- \/ Yoast SEO plugin. -->","yoast_head_json":{"title":"IBM&#039;s documentary O Debatedor is featured at the 10th Ecofalante Film Festival - ABES","robots":{"index":"index","follow":"follow","max-snippet":"max-snippet:-1","max-image-preview":"max-image-preview:large","max-video-preview":"max-video-preview:-1"},"canonical":"https:\/\/abes.org.br\/en\/documentario-o-debatedor-da-ibm-e-destaque-na-10a-mostra-ecofalante-de-cinema\/","og_locale":"en_US","og_type":"article","og_title":"Document\u00e1rio O Debatedor, da IBM, \u00e9 destaque na 10\u00aa Mostra Ecofalante de Cinema - ABES","og_description":"Entre os dias 3 e 10 de setembro, o document\u00e1rio &#8221;\u00a0O Debatedor&#8220;, de Joshua Davis e Harry Spitzer, ser\u00e1 exibido na\u00a010\u00aa Mostra Ecofalante de Cinema, evento audiovisual sul-americano dedicado a temas de impacto na sociedade, em formato online e gratuito. A exibi\u00e7\u00e3o tamb\u00e9m aborda assuntos como ativismo, biodiversidade, trabalho e tecnologia. &#8220;O Debatedor&#8221;\u00a0oferece um raro [&hellip;]","og_url":"https:\/\/abes.org.br\/en\/documentario-o-debatedor-da-ibm-e-destaque-na-10a-mostra-ecofalante-de-cinema\/","og_site_name":"ABES","article_publisher":"https:\/\/www.facebook.com\/ABES.software","article_published_time":"2021-08-31T11:55:34+00:00","og_image":[{"url":"https:\/\/ci6.googleusercontent.com\/proxy\/2iQPqVwWBLhv9thss8FEjSfFsmLzLKHYmTWNO8BIWrpTUoRi7vfO31u5AgH6jmrL5pRfKC30CrHSyGhdytMsO8ND-t6k9v2es7AwHhdST7ArdXob19mjMwhEugiPtm8kRHIr9nnL99ZCMxPjE_UGWFDYujwlnVms2QGaOasEV-RvWKj9IyJQRxgYt8SA_SzSn9EJEnE6lzSsPfQ87DZ15KH3BavInb_cBDW6h3k75_1nx0Cghfb0c0AeszkrJnIFPttQQjH_3hvlpuBvY5AXFVh0Xw_6s0YZvNzuzDt8Idtr=s0-d-e1-ft#https:\/\/ylezaesriesve.i-mpr.com\/7=Y2YxAjY1oTbvNmLslWYtdGQ05WYzFmck5WYzpzMwUjNyMTO1YzM6cWZwpmL39Gb3EmNjZTM5YGNjBzMlRjZjRjYwYTNyQDMmFTZjF2Y4QjRyUyY4QjRyUCN2YkMlMzMwEzXtUTMt8VbvNmLyBXbtkmRyUiRyUSQzUycwRHdopDN","type":"","width":"","height":""}],"author":"Editor ABES","twitter_card":"summary_large_image","twitter_creator":"@ABES_SOFTWARE","twitter_site":"@ABES_SOFTWARE","twitter_misc":{"Written by":"Editor ABES","Est. reading time":"1 minute"},"schema":{"@context":"https:\/\/schema.org","@graph":[{"@type":"Article","@id":"https:\/\/abes.org.br\/documentario-o-debatedor-da-ibm-e-destaque-na-10a-mostra-ecofalante-de-cinema\/#article","isPartOf":{"@id":"https:\/\/abes.org.br\/documentario-o-debatedor-da-ibm-e-destaque-na-10a-mostra-ecofalante-de-cinema\/"},"author":{"name":"Editor ABES","@id":"https:\/\/abes.org.br\/#\/schema\/person\/d65ed84c8883a123fe668129fd6a7ed3"},"headline":"Document\u00e1rio O Debatedor, da IBM, \u00e9 destaque na 10\u00aa Mostra Ecofalante de Cinema","datePublished":"2021-08-31T11:55:34+00:00","mainEntityOfPage":{"@id":"https:\/\/abes.org.br\/documentario-o-debatedor-da-ibm-e-destaque-na-10a-mostra-ecofalante-de-cinema\/"},"wordCount":271,"publisher":{"@id":"https:\/\/abes.org.br\/#organization"},"image":{"@id":"https:\/\/abes.org.br\/documentario-o-debatedor-da-ibm-e-destaque-na-10a-mostra-ecofalante-de-cinema\/#primaryimage"},"thumbnailUrl":"https:\/\/ci6.googleusercontent.com\/proxy\/2iQPqVwWBLhv9thss8FEjSfFsmLzLKHYmTWNO8BIWrpTUoRi7vfO31u5AgH6jmrL5pRfKC30CrHSyGhdytMsO8ND-t6k9v2es7AwHhdST7ArdXob19mjMwhEugiPtm8kRHIr9nnL99ZCMxPjE_UGWFDYujwlnVms2QGaOasEV-RvWKj9IyJQRxgYt8SA_SzSn9EJEnE6lzSsPfQ87DZ15KH3BavInb_cBDW6h3k75_1nx0Cghfb0c0AeszkrJnIFPttQQjH_3hvlpuBvY5AXFVh0Xw_6s0YZvNzuzDt8Idtr=s0-d-e1-ft#https:\/\/ylezaesriesve.i-mpr.com\/7=Y2YxAjY1oTbvNmLslWYtdGQ05WYzFmck5WYzpzMwUjNyMTO1YzM6cWZwpmL39Gb3EmNjZTM5YGNjBzMlRjZjRjYwYTNyQDMmFTZjF2Y4QjRyUyY4QjRyUCN2YkMlMzMwEzXtUTMt8VbvNmLyBXbtkmRyUiRyUSQzUycwRHdopDN","keywords":["biodiversidade","evento audiovisual","Mostra Ecofalante de Cinema","sistema de IA","trabalho e tecnologia"],"articleSection":["-Coluna 4","\u00daltimas not\u00edcias"],"inLanguage":"en-US"},{"@type":"WebPage","@id":"https:\/\/abes.org.br\/documentario-o-debatedor-da-ibm-e-destaque-na-10a-mostra-ecofalante-de-cinema\/","url":"https:\/\/abes.org.br\/documentario-o-debatedor-da-ibm-e-destaque-na-10a-mostra-ecofalante-de-cinema\/","name":"IBM&#039;s documentary O Debatedor is featured at the 10th Ecofalante Film Festival - ABES","isPartOf":{"@id":"https:\/\/abes.org.br\/#website"},"primaryImageOfPage":{"@id":"https:\/\/abes.org.br\/documentario-o-debatedor-da-ibm-e-destaque-na-10a-mostra-ecofalante-de-cinema\/#primaryimage"},"image":{"@id":"https:\/\/abes.org.br\/documentario-o-debatedor-da-ibm-e-destaque-na-10a-mostra-ecofalante-de-cinema\/#primaryimage"},"thumbnailUrl":"https:\/\/ci6.googleusercontent.com\/proxy\/2iQPqVwWBLhv9thss8FEjSfFsmLzLKHYmTWNO8BIWrpTUoRi7vfO31u5AgH6jmrL5pRfKC30CrHSyGhdytMsO8ND-t6k9v2es7AwHhdST7ArdXob19mjMwhEugiPtm8kRHIr9nnL99ZCMxPjE_UGWFDYujwlnVms2QGaOasEV-RvWKj9IyJQRxgYt8SA_SzSn9EJEnE6lzSsPfQ87DZ15KH3BavInb_cBDW6h3k75_1nx0Cghfb0c0AeszkrJnIFPttQQjH_3hvlpuBvY5AXFVh0Xw_6s0YZvNzuzDt8Idtr=s0-d-e1-ft#https:\/\/ylezaesriesve.i-mpr.com\/7=Y2YxAjY1oTbvNmLslWYtdGQ05WYzFmck5WYzpzMwUjNyMTO1YzM6cWZwpmL39Gb3EmNjZTM5YGNjBzMlRjZjRjYwYTNyQDMmFTZjF2Y4QjRyUyY4QjRyUCN2YkMlMzMwEzXtUTMt8VbvNmLyBXbtkmRyUiRyUSQzUycwRHdopDN","datePublished":"2021-08-31T11:55:34+00:00","breadcrumb":{"@id":"https:\/\/abes.org.br\/documentario-o-debatedor-da-ibm-e-destaque-na-10a-mostra-ecofalante-de-cinema\/#breadcrumb"},"inLanguage":"en-US","potentialAction":[{"@type":"ReadAction","target":["https:\/\/abes.org.br\/documentario-o-debatedor-da-ibm-e-destaque-na-10a-mostra-ecofalante-de-cinema\/"]}]},{"@type":"ImageObject","inLanguage":"en-US","@id":"https:\/\/abes.org.br\/documentario-o-debatedor-da-ibm-e-destaque-na-10a-mostra-ecofalante-de-cinema\/#primaryimage","url":"https:\/\/ci6.googleusercontent.com\/proxy\/2iQPqVwWBLhv9thss8FEjSfFsmLzLKHYmTWNO8BIWrpTUoRi7vfO31u5AgH6jmrL5pRfKC30CrHSyGhdytMsO8ND-t6k9v2es7AwHhdST7ArdXob19mjMwhEugiPtm8kRHIr9nnL99ZCMxPjE_UGWFDYujwlnVms2QGaOasEV-RvWKj9IyJQRxgYt8SA_SzSn9EJEnE6lzSsPfQ87DZ15KH3BavInb_cBDW6h3k75_1nx0Cghfb0c0AeszkrJnIFPttQQjH_3hvlpuBvY5AXFVh0Xw_6s0YZvNzuzDt8Idtr=s0-d-e1-ft#https:\/\/ylezaesriesve.i-mpr.com\/7=Y2YxAjY1oTbvNmLslWYtdGQ05WYzFmck5WYzpzMwUjNyMTO1YzM6cWZwpmL39Gb3EmNjZTM5YGNjBzMlRjZjRjYwYTNyQDMmFTZjF2Y4QjRyUyY4QjRyUCN2YkMlMzMwEzXtUTMt8VbvNmLyBXbtkmRyUiRyUSQzUycwRHdopDN","contentUrl":"https:\/\/ci6.googleusercontent.com\/proxy\/2iQPqVwWBLhv9thss8FEjSfFsmLzLKHYmTWNO8BIWrpTUoRi7vfO31u5AgH6jmrL5pRfKC30CrHSyGhdytMsO8ND-t6k9v2es7AwHhdST7ArdXob19mjMwhEugiPtm8kRHIr9nnL99ZCMxPjE_UGWFDYujwlnVms2QGaOasEV-RvWKj9IyJQRxgYt8SA_SzSn9EJEnE6lzSsPfQ87DZ15KH3BavInb_cBDW6h3k75_1nx0Cghfb0c0AeszkrJnIFPttQQjH_3hvlpuBvY5AXFVh0Xw_6s0YZvNzuzDt8Idtr=s0-d-e1-ft#https:\/\/ylezaesriesve.i-mpr.com\/7=Y2YxAjY1oTbvNmLslWYtdGQ05WYzFmck5WYzpzMwUjNyMTO1YzM6cWZwpmL39Gb3EmNjZTM5YGNjBzMlRjZjRjYwYTNyQDMmFTZjF2Y4QjRyUyY4QjRyUCN2YkMlMzMwEzXtUTMt8VbvNmLyBXbtkmRyUiRyUSQzUycwRHdopDN"},{"@type":"BreadcrumbList","@id":"https:\/\/abes.org.br\/documentario-o-debatedor-da-ibm-e-destaque-na-10a-mostra-ecofalante-de-cinema\/#breadcrumb","itemListElement":[{"@type":"ListItem","position":1,"name":"In\u00edcio","item":"https:\/\/abes.org.br\/"},{"@type":"ListItem","position":2,"name":"Document\u00e1rio O Debatedor, da IBM, \u00e9 destaque na 10\u00aa Mostra Ecofalante de Cinema"}]},{"@type":"WebSite","@id":"https:\/\/abes.org.br\/#website","url":"https:\/\/abes.org.br\/","name":"ABES","description":"Brazilian Association of Software Companies","publisher":{"@id":"https:\/\/abes.org.br\/#organization"},"potentialAction":[{"@type":"SearchAction","target":{"@type":"EntryPoint","urlTemplate":"https:\/\/abes.org.br\/?s={search_term_string}"},"query-input":{"@type":"PropertyValueSpecification","valueRequired":true,"valueName":"search_term_string"}}],"inLanguage":"en-US"},{"@type":"Organization","@id":"https:\/\/abes.org.br\/#organization","name":"Brazilian Association of Software Companies","url":"https:\/\/abes.org.br\/","logo":{"@type":"ImageObject","inLanguage":"en-US","@id":"https:\/\/abes.org.br\/#\/schema\/logo\/image\/","url":"https:\/\/abes.org.br\/wp-content\/uploads\/2020\/09\/logo_abes_marca_d_tagline_horizontal_verde-amarelo_cmyk.png","contentUrl":"https:\/\/abes.org.br\/wp-content\/uploads\/2020\/09\/logo_abes_marca_d_tagline_horizontal_verde-amarelo_cmyk.png","width":324,"height":70,"caption":"Associa\u00e7\u00e3o Brasileira das Empresas de Software"},"image":{"@id":"https:\/\/abes.org.br\/#\/schema\/logo\/image\/"},"sameAs":["https:\/\/www.facebook.com\/ABES.software","https:\/\/x.com\/ABES_SOFTWARE","https:\/\/www.linkedin.com\/company\/abes-software\/","https:\/\/www.instagram.com\/abes_software\/"]},{"@type":"Person","@id":"https:\/\/abes.org.br\/#\/schema\/person\/d65ed84c8883a123fe668129fd6a7ed3","name":"ABES Editor","image":{"@type":"ImageObject","inLanguage":"en-US","@id":"https:\/\/secure.gravatar.com\/avatar\/3b207abce016c5e2ad6bf38914af9ad16e277128bb9b06dabb05bc191f02d7fe?s=96&d=mm&r=g","url":"https:\/\/secure.gravatar.com\/avatar\/3b207abce016c5e2ad6bf38914af9ad16e277128bb9b06dabb05bc191f02d7fe?s=96&d=mm&r=g","contentUrl":"https:\/\/secure.gravatar.com\/avatar\/3b207abce016c5e2ad6bf38914af9ad16e277128bb9b06dabb05bc191f02d7fe?s=96&d=mm&r=g","caption":"Editor ABES"},"url":"https:\/\/abes.org.br\/en\/author\/editor-abes\/"}]}},"publishpress_future_action":{"enabled":false,"date":"2026-05-04 05:23:57","action":"change-status","newStatus":"draft","terms":[],"taxonomy":"category","extraData":[]},"publishpress_future_workflow_manual_trigger":{"enabledWorkflows":[]},"_links":{"self":[{"href":"https:\/\/abes.org.br\/en\/wp-json\/wp\/v2\/posts\/38621","targetHints":{"allow":["GET"]}}],"collection":[{"href":"https:\/\/abes.org.br\/en\/wp-json\/wp\/v2\/posts"}],"about":[{"href":"https:\/\/abes.org.br\/en\/wp-json\/wp\/v2\/types\/post"}],"author":[{"embeddable":true,"href":"https:\/\/abes.org.br\/en\/wp-json\/wp\/v2\/users\/10"}],"replies":[{"embeddable":true,"href":"https:\/\/abes.org.br\/en\/wp-json\/wp\/v2\/comments?post=38621"}],"version-history":[{"count":2,"href":"https:\/\/abes.org.br\/en\/wp-json\/wp\/v2\/posts\/38621\/revisions"}],"predecessor-version":[{"id":38623,"href":"https:\/\/abes.org.br\/en\/wp-json\/wp\/v2\/posts\/38621\/revisions\/38623"}],"wp:attachment":[{"href":"https:\/\/abes.org.br\/en\/wp-json\/wp\/v2\/media?parent=38621"}],"wp:term":[{"taxonomy":"category","embeddable":true,"href":"https:\/\/abes.org.br\/en\/wp-json\/wp\/v2\/categories?post=38621"},{"taxonomy":"post_tag","embeddable":true,"href":"https:\/\/abes.org.br\/en\/wp-json\/wp\/v2\/tags?post=38621"}],"curies":[{"name":"wp","href":"https:\/\/api.w.org\/{rel}","templated":true}]}}