{"id":38569,"date":"2021-09-03T08:21:28","date_gmt":"2021-09-03T11:21:28","guid":{"rendered":"https:\/\/abes.org.br\/?p=38569"},"modified":"2021-09-02T10:38:12","modified_gmt":"2021-09-02T13:38:12","slug":"vtex-amplia-parceria-com-a-aws-em-programa-gratuito-de-capacitacao-para-desenvolvedores","status":"publish","type":"post","link":"https:\/\/abes.org.br\/en\/vtex-amplia-parceria-com-a-aws-em-programa-gratuito-de-capacitacao-para-desenvolvedores\/","title":{"rendered":"VTEX Expands Partnership with AWS in Free Developer Training Program"},"content":{"rendered":"<p><img loading=\"lazy\" decoding=\"async\" class=\"wp-image-38570 alignright\" src=\"https:\/\/abes.org.br\/wp-content\/uploads\/2021\/08\/VTEXdia193.png-1.png\" alt=\"\" width=\"360\" height=\"240\" \/><\/p>\n<p><em>Hiring Coders Initiative Participants Have Expanded Access to AWS Certified Training Module <\/em><\/p>\n<p>The Hiring Coders developer training program, promoted by VTEX in conjunction with the Gama Academy, has expanded free access to the Amazon Web Services (AWS) training module, the world&#039;s most widely adopted and comprehensive cloud offering. In this year&#039;s edition of the course, the learning environment will be accessible to up to 6,000 students, who will receive certificates issued by AWS.<\/p>\n<p>\u201cThe expansion of access to the training module represents not only the advancement of the partnership between VTEX and AWS Training and Certification, but also the strengthening of the global e-commerce ecosystem, as participants finish the course able to develop within the main platform of the world&#039;s cloud,\u201d says La\u00edsa Iasbech, <em>Head of Programs<\/em> in VTEX.<\/p>\n<p>The second edition of Hiring Coders has 10 thousand participants, who go through challenges and selections during different phases until reaching 300 candidates in the final challenge. By the end of the program, the goal is to train 3,000 people in AWS and VTEX IO, VTEX&#039;s development platform. The initiative is aimed at anyone who wants to enter a development career and does not require any prerequisites.<\/p>\n<p><strong>About Hiring Coders<\/strong><\/p>\n<p>With asynchronous content, Hiring Coders offers full-stack training and contact with professors recognized by the market, in addition to mentoring VTEX engineers and leaders of the main technology companies. The learning process is based on real challenges, which prepare students for the final hackathon, when the developers of the best APIs will be awarded.<strong>\u00a0<\/strong><\/p>\n<p>The current edition of Hiring Coders started in June, with training in <em>front<\/em> and <em>backend<\/em>. In late July, in-depth training on AWS and VTEX IO began. The final projects will be presented between August 31 and September 2, with live broadcast on <a href=\"https:\/\/www.youtube.com\/c\/VTEX-Commerce\/featured\">VTEX YouTube channel.<\/a><\/p>\n<p>For more information about Hiring Coders, go to: <a href=\"https:\/\/www.hiringcoders.com.br\/\">https:\/\/www.hiringcoders.com.br\/<\/a><\/p>","protected":false},"excerpt":{"rendered":"<p>Participantes da iniciativa Hiring Coders t\u00eam acesso ampliado ao m\u00f3dulo de treinamentos certificados da AWS O programa de capacita\u00e7\u00e3o para desenvolvedores Hiring Coders, promovido pela VTEX em conjunto com a Gama Academy, ampliou o acesso gratuito ao m\u00f3dulo de treinamentos da Amazon Web Services (AWS), oferta de nuvem mais adotada e abrangente do mundo. Na [&hellip;]<\/p>\n","protected":false},"author":10,"featured_media":0,"comment_status":"closed","ping_status":"closed","sticky":false,"template":"","format":"standard","meta":{"_acf_changed":false,"_et_pb_use_builder":"","_et_pb_old_content":"","_et_gb_content_width":"","footnotes":""},"categories":[39,19],"tags":[2093,2094,606,1760,2095],"class_list":["post-38569","post","type-post","status-publish","format-standard","hentry","category-coluna-4","category-ultimas-noticias","tag-capacitacao-para-desenvolvedores","tag-mentoria-de-engenheiros","tag-novos-talentos","tag-parceria-comercial","tag-processo-de-aprendizagem"],"acf":[],"yoast_head":"<!-- This site is optimized with the Yoast SEO plugin v27.3 - https:\/\/yoast.com\/product\/yoast-seo-wordpress\/ -->\n<title>VTEX amplia parceria com a AWS em programa gratuito de capacita\u00e7\u00e3o para desenvolvedores - ABES<\/title>\n<meta name=\"robots\" content=\"index, follow, max-snippet:-1, max-image-preview:large, max-video-preview:-1\" \/>\n<link rel=\"canonical\" href=\"https:\/\/abes.org.br\/en\/vtex-amplia-parceria-com-a-aws-em-programa-gratuito-de-capacitacao-para-desenvolvedores\/\" \/>\n<meta property=\"og:locale\" content=\"en_US\" \/>\n<meta property=\"og:type\" content=\"article\" \/>\n<meta property=\"og:title\" content=\"VTEX amplia parceria com a AWS em programa gratuito de capacita\u00e7\u00e3o para desenvolvedores - ABES\" \/>\n<meta property=\"og:description\" content=\"Participantes da iniciativa Hiring Coders t\u00eam acesso ampliado ao m\u00f3dulo de treinamentos certificados da AWS O programa de capacita\u00e7\u00e3o para desenvolvedores Hiring Coders, promovido pela VTEX em conjunto com a Gama Academy, ampliou o acesso gratuito ao m\u00f3dulo de treinamentos da Amazon Web Services (AWS), oferta de nuvem mais adotada e abrangente do mundo. Na [&hellip;]\" \/>\n<meta property=\"og:url\" content=\"https:\/\/abes.org.br\/en\/vtex-amplia-parceria-com-a-aws-em-programa-gratuito-de-capacitacao-para-desenvolvedores\/\" \/>\n<meta property=\"og:site_name\" content=\"ABES\" \/>\n<meta property=\"article:publisher\" content=\"https:\/\/www.facebook.com\/ABES.software\" \/>\n<meta property=\"article:published_time\" content=\"2021-09-03T11:21:28+00:00\" \/>\n<meta property=\"og:image\" content=\"https:\/\/abes.org.br\/wp-content\/uploads\/2021\/08\/VTEXdia193.png-1.png\" \/>\n<meta name=\"author\" content=\"Editor ABES\" \/>\n<meta name=\"twitter:card\" content=\"summary_large_image\" \/>\n<meta name=\"twitter:creator\" content=\"@ABES_SOFTWARE\" \/>\n<meta name=\"twitter:site\" content=\"@ABES_SOFTWARE\" \/>\n<meta name=\"twitter:label1\" content=\"Written by\" \/>\n\t<meta name=\"twitter:data1\" content=\"Editor ABES\" \/>\n\t<meta name=\"twitter:label2\" content=\"Est. reading time\" \/>\n\t<meta name=\"twitter:data2\" content=\"2 minutes\" \/>\n<script type=\"application\/ld+json\" class=\"yoast-schema-graph\">{\"@context\":\"https:\\\/\\\/schema.org\",\"@graph\":[{\"@type\":\"Article\",\"@id\":\"https:\\\/\\\/abes.org.br\\\/vtex-amplia-parceria-com-a-aws-em-programa-gratuito-de-capacitacao-para-desenvolvedores\\\/#article\",\"isPartOf\":{\"@id\":\"https:\\\/\\\/abes.org.br\\\/vtex-amplia-parceria-com-a-aws-em-programa-gratuito-de-capacitacao-para-desenvolvedores\\\/\"},\"author\":{\"name\":\"Editor ABES\",\"@id\":\"https:\\\/\\\/abes.org.br\\\/#\\\/schema\\\/person\\\/d65ed84c8883a123fe668129fd6a7ed3\"},\"headline\":\"VTEX amplia parceria com a AWS em programa gratuito de capacita\u00e7\u00e3o para desenvolvedores\",\"datePublished\":\"2021-09-03T11:21:28+00:00\",\"mainEntityOfPage\":{\"@id\":\"https:\\\/\\\/abes.org.br\\\/vtex-amplia-parceria-com-a-aws-em-programa-gratuito-de-capacitacao-para-desenvolvedores\\\/\"},\"wordCount\":367,\"publisher\":{\"@id\":\"https:\\\/\\\/abes.org.br\\\/#organization\"},\"image\":{\"@id\":\"https:\\\/\\\/abes.org.br\\\/vtex-amplia-parceria-com-a-aws-em-programa-gratuito-de-capacitacao-para-desenvolvedores\\\/#primaryimage\"},\"thumbnailUrl\":\"https:\\\/\\\/abes.org.br\\\/wp-content\\\/uploads\\\/2021\\\/08\\\/VTEXdia193.png-1.png\",\"keywords\":[\"capacita\u00e7\u00e3o para desenvolvedores\",\"mentoria de engenheiros\",\"novos talentos\",\"parceria comercial\",\"processo de aprendizagem\"],\"articleSection\":[\"-Coluna 4\",\"\u00daltimas not\u00edcias\"],\"inLanguage\":\"en-US\"},{\"@type\":\"WebPage\",\"@id\":\"https:\\\/\\\/abes.org.br\\\/vtex-amplia-parceria-com-a-aws-em-programa-gratuito-de-capacitacao-para-desenvolvedores\\\/\",\"url\":\"https:\\\/\\\/abes.org.br\\\/vtex-amplia-parceria-com-a-aws-em-programa-gratuito-de-capacitacao-para-desenvolvedores\\\/\",\"name\":\"VTEX amplia parceria com a AWS em programa gratuito de capacita\u00e7\u00e3o para desenvolvedores - ABES\",\"isPartOf\":{\"@id\":\"https:\\\/\\\/abes.org.br\\\/#website\"},\"primaryImageOfPage\":{\"@id\":\"https:\\\/\\\/abes.org.br\\\/vtex-amplia-parceria-com-a-aws-em-programa-gratuito-de-capacitacao-para-desenvolvedores\\\/#primaryimage\"},\"image\":{\"@id\":\"https:\\\/\\\/abes.org.br\\\/vtex-amplia-parceria-com-a-aws-em-programa-gratuito-de-capacitacao-para-desenvolvedores\\\/#primaryimage\"},\"thumbnailUrl\":\"https:\\\/\\\/abes.org.br\\\/wp-content\\\/uploads\\\/2021\\\/08\\\/VTEXdia193.png-1.png\",\"datePublished\":\"2021-09-03T11:21:28+00:00\",\"breadcrumb\":{\"@id\":\"https:\\\/\\\/abes.org.br\\\/vtex-amplia-parceria-com-a-aws-em-programa-gratuito-de-capacitacao-para-desenvolvedores\\\/#breadcrumb\"},\"inLanguage\":\"en-US\",\"potentialAction\":[{\"@type\":\"ReadAction\",\"target\":[\"https:\\\/\\\/abes.org.br\\\/vtex-amplia-parceria-com-a-aws-em-programa-gratuito-de-capacitacao-para-desenvolvedores\\\/\"]}]},{\"@type\":\"ImageObject\",\"inLanguage\":\"en-US\",\"@id\":\"https:\\\/\\\/abes.org.br\\\/vtex-amplia-parceria-com-a-aws-em-programa-gratuito-de-capacitacao-para-desenvolvedores\\\/#primaryimage\",\"url\":\"https:\\\/\\\/abes.org.br\\\/wp-content\\\/uploads\\\/2021\\\/08\\\/VTEXdia193.png-1.png\",\"contentUrl\":\"https:\\\/\\\/abes.org.br\\\/wp-content\\\/uploads\\\/2021\\\/08\\\/VTEXdia193.png-1.png\"},{\"@type\":\"BreadcrumbList\",\"@id\":\"https:\\\/\\\/abes.org.br\\\/vtex-amplia-parceria-com-a-aws-em-programa-gratuito-de-capacitacao-para-desenvolvedores\\\/#breadcrumb\",\"itemListElement\":[{\"@type\":\"ListItem\",\"position\":1,\"name\":\"In\u00edcio\",\"item\":\"https:\\\/\\\/abes.org.br\\\/\"},{\"@type\":\"ListItem\",\"position\":2,\"name\":\"VTEX amplia parceria com a AWS em programa gratuito de capacita\u00e7\u00e3o para desenvolvedores\"}]},{\"@type\":\"WebSite\",\"@id\":\"https:\\\/\\\/abes.org.br\\\/#website\",\"url\":\"https:\\\/\\\/abes.org.br\\\/\",\"name\":\"ABES\",\"description\":\"Associa\u00e7\u00e3o Brasileira das Empresas de Software\",\"publisher\":{\"@id\":\"https:\\\/\\\/abes.org.br\\\/#organization\"},\"potentialAction\":[{\"@type\":\"SearchAction\",\"target\":{\"@type\":\"EntryPoint\",\"urlTemplate\":\"https:\\\/\\\/abes.org.br\\\/?s={search_term_string}\"},\"query-input\":{\"@type\":\"PropertyValueSpecification\",\"valueRequired\":true,\"valueName\":\"search_term_string\"}}],\"inLanguage\":\"en-US\"},{\"@type\":\"Organization\",\"@id\":\"https:\\\/\\\/abes.org.br\\\/#organization\",\"name\":\"Associa\u00e7\u00e3o Brasileira das Empresas de Software\",\"url\":\"https:\\\/\\\/abes.org.br\\\/\",\"logo\":{\"@type\":\"ImageObject\",\"inLanguage\":\"en-US\",\"@id\":\"https:\\\/\\\/abes.org.br\\\/#\\\/schema\\\/logo\\\/image\\\/\",\"url\":\"https:\\\/\\\/abes.org.br\\\/wp-content\\\/uploads\\\/2020\\\/09\\\/logo_abes_marca_d_tagline_horizontal_verde-amarelo_cmyk.png\",\"contentUrl\":\"https:\\\/\\\/abes.org.br\\\/wp-content\\\/uploads\\\/2020\\\/09\\\/logo_abes_marca_d_tagline_horizontal_verde-amarelo_cmyk.png\",\"width\":324,\"height\":70,\"caption\":\"Associa\u00e7\u00e3o Brasileira das Empresas de Software\"},\"image\":{\"@id\":\"https:\\\/\\\/abes.org.br\\\/#\\\/schema\\\/logo\\\/image\\\/\"},\"sameAs\":[\"https:\\\/\\\/www.facebook.com\\\/ABES.software\",\"https:\\\/\\\/x.com\\\/ABES_SOFTWARE\",\"https:\\\/\\\/www.linkedin.com\\\/company\\\/abes-software\\\/\",\"https:\\\/\\\/www.instagram.com\\\/abes_software\\\/\"]},{\"@type\":\"Person\",\"@id\":\"https:\\\/\\\/abes.org.br\\\/#\\\/schema\\\/person\\\/d65ed84c8883a123fe668129fd6a7ed3\",\"name\":\"Editor ABES\",\"image\":{\"@type\":\"ImageObject\",\"inLanguage\":\"en-US\",\"@id\":\"https:\\\/\\\/secure.gravatar.com\\\/avatar\\\/3b207abce016c5e2ad6bf38914af9ad16e277128bb9b06dabb05bc191f02d7fe?s=96&d=mm&r=g\",\"url\":\"https:\\\/\\\/secure.gravatar.com\\\/avatar\\\/3b207abce016c5e2ad6bf38914af9ad16e277128bb9b06dabb05bc191f02d7fe?s=96&d=mm&r=g\",\"contentUrl\":\"https:\\\/\\\/secure.gravatar.com\\\/avatar\\\/3b207abce016c5e2ad6bf38914af9ad16e277128bb9b06dabb05bc191f02d7fe?s=96&d=mm&r=g\",\"caption\":\"Editor ABES\"},\"url\":\"https:\\\/\\\/abes.org.br\\\/en\\\/author\\\/editor-abes\\\/\"}]}<\/script>\n<!-- \/ Yoast SEO plugin. -->","yoast_head_json":{"title":"VTEX expands partnership with AWS in free developer training program - ABES","robots":{"index":"index","follow":"follow","max-snippet":"max-snippet:-1","max-image-preview":"max-image-preview:large","max-video-preview":"max-video-preview:-1"},"canonical":"https:\/\/abes.org.br\/en\/vtex-amplia-parceria-com-a-aws-em-programa-gratuito-de-capacitacao-para-desenvolvedores\/","og_locale":"en_US","og_type":"article","og_title":"VTEX amplia parceria com a AWS em programa gratuito de capacita\u00e7\u00e3o para desenvolvedores - ABES","og_description":"Participantes da iniciativa Hiring Coders t\u00eam acesso ampliado ao m\u00f3dulo de treinamentos certificados da AWS O programa de capacita\u00e7\u00e3o para desenvolvedores Hiring Coders, promovido pela VTEX em conjunto com a Gama Academy, ampliou o acesso gratuito ao m\u00f3dulo de treinamentos da Amazon Web Services (AWS), oferta de nuvem mais adotada e abrangente do mundo. Na [&hellip;]","og_url":"https:\/\/abes.org.br\/en\/vtex-amplia-parceria-com-a-aws-em-programa-gratuito-de-capacitacao-para-desenvolvedores\/","og_site_name":"ABES","article_publisher":"https:\/\/www.facebook.com\/ABES.software","article_published_time":"2021-09-03T11:21:28+00:00","og_image":[{"url":"https:\/\/abes.org.br\/wp-content\/uploads\/2021\/08\/VTEXdia193.png-1.png","type":"","width":"","height":""}],"author":"Editor ABES","twitter_card":"summary_large_image","twitter_creator":"@ABES_SOFTWARE","twitter_site":"@ABES_SOFTWARE","twitter_misc":{"Written by":"Editor ABES","Est. reading time":"2 minutes"},"schema":{"@context":"https:\/\/schema.org","@graph":[{"@type":"Article","@id":"https:\/\/abes.org.br\/vtex-amplia-parceria-com-a-aws-em-programa-gratuito-de-capacitacao-para-desenvolvedores\/#article","isPartOf":{"@id":"https:\/\/abes.org.br\/vtex-amplia-parceria-com-a-aws-em-programa-gratuito-de-capacitacao-para-desenvolvedores\/"},"author":{"name":"Editor ABES","@id":"https:\/\/abes.org.br\/#\/schema\/person\/d65ed84c8883a123fe668129fd6a7ed3"},"headline":"VTEX amplia parceria com a AWS em programa gratuito de capacita\u00e7\u00e3o para desenvolvedores","datePublished":"2021-09-03T11:21:28+00:00","mainEntityOfPage":{"@id":"https:\/\/abes.org.br\/vtex-amplia-parceria-com-a-aws-em-programa-gratuito-de-capacitacao-para-desenvolvedores\/"},"wordCount":367,"publisher":{"@id":"https:\/\/abes.org.br\/#organization"},"image":{"@id":"https:\/\/abes.org.br\/vtex-amplia-parceria-com-a-aws-em-programa-gratuito-de-capacitacao-para-desenvolvedores\/#primaryimage"},"thumbnailUrl":"https:\/\/abes.org.br\/wp-content\/uploads\/2021\/08\/VTEXdia193.png-1.png","keywords":["capacita\u00e7\u00e3o para desenvolvedores","mentoria de engenheiros","novos talentos","parceria comercial","processo de aprendizagem"],"articleSection":["-Coluna 4","\u00daltimas not\u00edcias"],"inLanguage":"en-US"},{"@type":"WebPage","@id":"https:\/\/abes.org.br\/vtex-amplia-parceria-com-a-aws-em-programa-gratuito-de-capacitacao-para-desenvolvedores\/","url":"https:\/\/abes.org.br\/vtex-amplia-parceria-com-a-aws-em-programa-gratuito-de-capacitacao-para-desenvolvedores\/","name":"VTEX expands partnership with AWS in free developer training program - ABES","isPartOf":{"@id":"https:\/\/abes.org.br\/#website"},"primaryImageOfPage":{"@id":"https:\/\/abes.org.br\/vtex-amplia-parceria-com-a-aws-em-programa-gratuito-de-capacitacao-para-desenvolvedores\/#primaryimage"},"image":{"@id":"https:\/\/abes.org.br\/vtex-amplia-parceria-com-a-aws-em-programa-gratuito-de-capacitacao-para-desenvolvedores\/#primaryimage"},"thumbnailUrl":"https:\/\/abes.org.br\/wp-content\/uploads\/2021\/08\/VTEXdia193.png-1.png","datePublished":"2021-09-03T11:21:28+00:00","breadcrumb":{"@id":"https:\/\/abes.org.br\/vtex-amplia-parceria-com-a-aws-em-programa-gratuito-de-capacitacao-para-desenvolvedores\/#breadcrumb"},"inLanguage":"en-US","potentialAction":[{"@type":"ReadAction","target":["https:\/\/abes.org.br\/vtex-amplia-parceria-com-a-aws-em-programa-gratuito-de-capacitacao-para-desenvolvedores\/"]}]},{"@type":"ImageObject","inLanguage":"en-US","@id":"https:\/\/abes.org.br\/vtex-amplia-parceria-com-a-aws-em-programa-gratuito-de-capacitacao-para-desenvolvedores\/#primaryimage","url":"https:\/\/abes.org.br\/wp-content\/uploads\/2021\/08\/VTEXdia193.png-1.png","contentUrl":"https:\/\/abes.org.br\/wp-content\/uploads\/2021\/08\/VTEXdia193.png-1.png"},{"@type":"BreadcrumbList","@id":"https:\/\/abes.org.br\/vtex-amplia-parceria-com-a-aws-em-programa-gratuito-de-capacitacao-para-desenvolvedores\/#breadcrumb","itemListElement":[{"@type":"ListItem","position":1,"name":"In\u00edcio","item":"https:\/\/abes.org.br\/"},{"@type":"ListItem","position":2,"name":"VTEX amplia parceria com a AWS em programa gratuito de capacita\u00e7\u00e3o para desenvolvedores"}]},{"@type":"WebSite","@id":"https:\/\/abes.org.br\/#website","url":"https:\/\/abes.org.br\/","name":"ABES","description":"Brazilian Association of Software Companies","publisher":{"@id":"https:\/\/abes.org.br\/#organization"},"potentialAction":[{"@type":"SearchAction","target":{"@type":"EntryPoint","urlTemplate":"https:\/\/abes.org.br\/?s={search_term_string}"},"query-input":{"@type":"PropertyValueSpecification","valueRequired":true,"valueName":"search_term_string"}}],"inLanguage":"en-US"},{"@type":"Organization","@id":"https:\/\/abes.org.br\/#organization","name":"Brazilian Association of Software Companies","url":"https:\/\/abes.org.br\/","logo":{"@type":"ImageObject","inLanguage":"en-US","@id":"https:\/\/abes.org.br\/#\/schema\/logo\/image\/","url":"https:\/\/abes.org.br\/wp-content\/uploads\/2020\/09\/logo_abes_marca_d_tagline_horizontal_verde-amarelo_cmyk.png","contentUrl":"https:\/\/abes.org.br\/wp-content\/uploads\/2020\/09\/logo_abes_marca_d_tagline_horizontal_verde-amarelo_cmyk.png","width":324,"height":70,"caption":"Associa\u00e7\u00e3o Brasileira das Empresas de Software"},"image":{"@id":"https:\/\/abes.org.br\/#\/schema\/logo\/image\/"},"sameAs":["https:\/\/www.facebook.com\/ABES.software","https:\/\/x.com\/ABES_SOFTWARE","https:\/\/www.linkedin.com\/company\/abes-software\/","https:\/\/www.instagram.com\/abes_software\/"]},{"@type":"Person","@id":"https:\/\/abes.org.br\/#\/schema\/person\/d65ed84c8883a123fe668129fd6a7ed3","name":"ABES Editor","image":{"@type":"ImageObject","inLanguage":"en-US","@id":"https:\/\/secure.gravatar.com\/avatar\/3b207abce016c5e2ad6bf38914af9ad16e277128bb9b06dabb05bc191f02d7fe?s=96&d=mm&r=g","url":"https:\/\/secure.gravatar.com\/avatar\/3b207abce016c5e2ad6bf38914af9ad16e277128bb9b06dabb05bc191f02d7fe?s=96&d=mm&r=g","contentUrl":"https:\/\/secure.gravatar.com\/avatar\/3b207abce016c5e2ad6bf38914af9ad16e277128bb9b06dabb05bc191f02d7fe?s=96&d=mm&r=g","caption":"Editor ABES"},"url":"https:\/\/abes.org.br\/en\/author\/editor-abes\/"}]}},"publishpress_future_action":{"enabled":false,"date":"2026-05-02 04:14:20","action":"change-status","newStatus":"draft","terms":[],"taxonomy":"category","extraData":[]},"publishpress_future_workflow_manual_trigger":{"enabledWorkflows":[]},"_links":{"self":[{"href":"https:\/\/abes.org.br\/en\/wp-json\/wp\/v2\/posts\/38569","targetHints":{"allow":["GET"]}}],"collection":[{"href":"https:\/\/abes.org.br\/en\/wp-json\/wp\/v2\/posts"}],"about":[{"href":"https:\/\/abes.org.br\/en\/wp-json\/wp\/v2\/types\/post"}],"author":[{"embeddable":true,"href":"https:\/\/abes.org.br\/en\/wp-json\/wp\/v2\/users\/10"}],"replies":[{"embeddable":true,"href":"https:\/\/abes.org.br\/en\/wp-json\/wp\/v2\/comments?post=38569"}],"version-history":[{"count":1,"href":"https:\/\/abes.org.br\/en\/wp-json\/wp\/v2\/posts\/38569\/revisions"}],"predecessor-version":[{"id":38571,"href":"https:\/\/abes.org.br\/en\/wp-json\/wp\/v2\/posts\/38569\/revisions\/38571"}],"wp:attachment":[{"href":"https:\/\/abes.org.br\/en\/wp-json\/wp\/v2\/media?parent=38569"}],"wp:term":[{"taxonomy":"category","embeddable":true,"href":"https:\/\/abes.org.br\/en\/wp-json\/wp\/v2\/categories?post=38569"},{"taxonomy":"post_tag","embeddable":true,"href":"https:\/\/abes.org.br\/en\/wp-json\/wp\/v2\/tags?post=38569"}],"curies":[{"name":"wp","href":"https:\/\/api.w.org\/{rel}","templated":true}]}}