{"id":35050,"date":"2021-06-30T14:04:17","date_gmt":"2021-06-30T17:04:17","guid":{"rendered":"https:\/\/abes.org.br\/?p=35050"},"modified":"2021-07-07T15:09:55","modified_gmt":"2021-07-07T18:09:55","slug":"abes-promove-debate-sobre-a-importancia-da-cultura-de-alfabetizacao-de-dados","status":"publish","type":"post","link":"https:\/\/abes.org.br\/en\/abes-promove-debate-sobre-a-importancia-da-cultura-de-alfabetizacao-de-dados\/","title":{"rendered":"ABES promotes debate on the importance of data literacy culture"},"content":{"rendered":"<p><img loading=\"lazy\" decoding=\"async\" class=\"wp-image-35051 aligncenter\" src=\"https:\/\/abes.org.br\/wp-content\/uploads\/2021\/06\/feed_07_07_bx-1.jpg\" alt=\"\" width=\"538\" height=\"303\" \/><\/p>\n<p><i>Roundtable with international guests will take place on July 7th at 10am. Jordan Morrow, Valerie A. Logan, Paul Barth and Cesar Ripari are confirmed<\/i><\/p>\n<p>ABES \u2013 Brazilian Association of Software Companies \u2013 will hold an International Roundtable \u2013 Data Literacy, on 07\/07, at 10 am, to debate the topic and show the step by step of creating a data literacy culture, highlighting its advantages and challenges. The meeting will feature the participation of experts such as Jordan Morrow, a specialist in Data Literacy; Valerie A. Logan, CEO &amp; Founder of the Data Lodge; Paul Barth, Global Head of Data Literacy at Qlik; Cesar Ripari, Director of Pre-Sales Latin America Qlik; Rodolfo F\u00fccher, president of ABES; Andr\u00e9 Elias Gon\u00e7alves, ABES Business Development Committee Coordinator and IN Sales Director (Business Intelligence); and Alcely Barroso, Global University Programs leader in Latin America at IBM Research and Coordinator of the Future of Work Committee at ABES. Free entries can be made here, the event will have simultaneous translation and also in pounds, and if you are unable to follow that day, the debate will be available on the association&#039;s Youtube channel as well.<\/p>\n<p>\u201cWe live today in an era of exponential data generation, coming from different sources and formats. In this context, knowing how to speak the language of the data is essential, both for companies to make the right decision with the data, and for the professional, who feels more capable and prepared for the daily business challenges. day. Data Literacy is a skill that must be learned and shared at all levels of organizations\u201d, says C\u00e9sar Ripari.<\/p>\n<p>Andr\u00e9 Elias, ABES takes a big step towards attracting attention and appropriating an emerging and extremely important theme. \u201cAddressing the subject of Data Literacy means focusing on the need we all have, in some way, to more easily understand and take advantage of the various Inputs we have or receive. In a Society with the exception of information, our ability to select and interpret must be perfected, starting from our children. Bringing this to our professional environment, it means saying that Companies depend not only on Technology and Processes, but on People who are actually capable of: reading, interpreting and quickly transforming the most diverse data available into useful information. We are talking about Culture. Therefore, just as Data Literacy has a huge impact on Companies, it can and should also be explored for the digital elevation that establishes itself in Society\u201d, he declares.<\/p>\n<p>The association is committed to providing more and more content and services to its members and partners, with the purpose of contributing to the construction of a digital and less unequal Brazil, in which information technology plays a fundamental role for the democratization of knowledge and the creation of new opportunities for all, in an inclusive and equal way. Therefore, ABES has acted to ensure a business environment conducive to innovation, ethical, dynamic, sustainable and globally competitive.<\/p>\n<p><strong>EVENT: International Roundtable \u2013 Data Literacy<\/strong><\/p>\n<p><strong>Date:<\/strong> July 7th<\/p>\n<p><strong>Hour:<\/strong> 10am<\/p>\n<p><strong>Registrations: <a href=\"https:\/\/us02web.zoom.us\/webinar\/register\/WN_7e1d9MsiThGluWwz6rqf-A\">https:\/\/us02web.zoom.us\/webinar\/register\/WN_7e1d9MsiThGluWwz6rqf-A<\/a><\/strong><\/p>\n<p>The line-up consists of:<\/p>\n<p><strong>Jordan Morrow<\/strong><br \/>\nData Literacy | Skill Democratization | Upskilling | Education | Public Speaking<\/p>\n<p><strong>Valerie A. Logan<\/strong><br \/>\nCEO &amp; Founder of the Data Lodge<\/p>\n<p><strong>Paul Barth<\/strong><br \/>\nGlobal Head of Data Literacy at Qlik<\/p>\n<p><strong>Cesar Ripari<\/strong><br \/>\nDirector of Pre-Sales Latin America Qlik<\/p>\n<p><strong>Opening:<\/strong><br \/>\n<strong>Rodolfo F\u00fccher<\/strong> - President of ABES<br \/>\nAndr\u00e9 Elias Gon\u00e7alves \u2013 Coordinator of the Business Development Committee and Sales Director of Business Intelligence<\/p>\n<p><strong>Closure:<\/strong><br \/>\n<strong>Alcely Barroso<\/strong><br \/>\nIBM Research Global University Programs leader in Latin America and Coordinator of the ABES Future Work Committee<\/p>","protected":false},"excerpt":{"rendered":"<p>Mesa redonda com convidados internacionais acontecer\u00e1 dia 7 de julho, \u00e0s 10h. Jordan Morrow, Valerie A. Logan, Paul Barth e Cesar Ripari est\u00e3o confirmados A ABES &#8211; Associa\u00e7\u00e3o Brasileira de Empresas de Software &#8211; realizar\u00e1 Mesa Redonda Internacional &#8211; Alfabetiza\u00e7\u00e3o de Dados, no dia 07\/07, \u00e0s 10 horas, para debater o tema e mostrar o [&hellip;]<\/p>\n","protected":false},"author":10,"featured_media":35051,"comment_status":"closed","ping_status":"closed","sticky":false,"template":"","format":"standard","meta":{"_acf_changed":false,"_et_pb_use_builder":"","_et_pb_old_content":"","_et_gb_content_width":"","footnotes":""},"categories":[39,40],"tags":[1788,1813,1787],"class_list":["post-35050","post","type-post","status-publish","format-standard","has-post-thumbnail","hentry","category-coluna-4","category-press-releases","tag-alfabetizacao-de-dados","tag-geracao-exponencial-de-dados","tag-webinar-abes"],"acf":[],"yoast_head":"<!-- This site is optimized with the Yoast SEO plugin v27.3 - https:\/\/yoast.com\/product\/yoast-seo-wordpress\/ -->\n<title>ABES promove debate sobre a import\u00e2ncia da cultura de alfabetiza\u00e7\u00e3o de dados - ABES<\/title>\n<meta name=\"robots\" content=\"index, follow, max-snippet:-1, max-image-preview:large, max-video-preview:-1\" \/>\n<link rel=\"canonical\" href=\"https:\/\/abes.org.br\/en\/abes-promove-debate-sobre-a-importancia-da-cultura-de-alfabetizacao-de-dados\/\" \/>\n<meta property=\"og:locale\" content=\"en_US\" \/>\n<meta property=\"og:type\" content=\"article\" \/>\n<meta property=\"og:title\" content=\"ABES promove debate sobre a import\u00e2ncia da cultura de alfabetiza\u00e7\u00e3o de dados - ABES\" \/>\n<meta property=\"og:description\" content=\"Mesa redonda com convidados internacionais acontecer\u00e1 dia 7 de julho, \u00e0s 10h. Jordan Morrow, Valerie A. Logan, Paul Barth e Cesar Ripari est\u00e3o confirmados A ABES &#8211; Associa\u00e7\u00e3o Brasileira de Empresas de Software &#8211; realizar\u00e1 Mesa Redonda Internacional &#8211; Alfabetiza\u00e7\u00e3o de Dados, no dia 07\/07, \u00e0s 10 horas, para debater o tema e mostrar o [&hellip;]\" \/>\n<meta property=\"og:url\" content=\"https:\/\/abes.org.br\/en\/abes-promove-debate-sobre-a-importancia-da-cultura-de-alfabetizacao-de-dados\/\" \/>\n<meta property=\"og:site_name\" content=\"ABES\" \/>\n<meta property=\"article:publisher\" content=\"https:\/\/www.facebook.com\/ABES.software\" \/>\n<meta property=\"article:published_time\" content=\"2021-06-30T17:04:17+00:00\" \/>\n<meta property=\"article:modified_time\" content=\"2021-07-07T18:09:55+00:00\" \/>\n<meta property=\"og:image\" content=\"https:\/\/abes.org.br\/wp-content\/uploads\/2021\/06\/feed_07_07_bx-1.jpg\" \/>\n\t<meta property=\"og:image:width\" content=\"1200\" \/>\n\t<meta property=\"og:image:height\" content=\"675\" \/>\n\t<meta property=\"og:image:type\" content=\"image\/jpeg\" \/>\n<meta name=\"author\" content=\"Editor ABES\" \/>\n<meta name=\"twitter:card\" content=\"summary_large_image\" \/>\n<meta name=\"twitter:creator\" content=\"@ABES_SOFTWARE\" \/>\n<meta name=\"twitter:site\" content=\"@ABES_SOFTWARE\" \/>\n<meta name=\"twitter:label1\" content=\"Written by\" \/>\n\t<meta name=\"twitter:data1\" content=\"Editor ABES\" \/>\n\t<meta name=\"twitter:label2\" content=\"Est. reading time\" \/>\n\t<meta name=\"twitter:data2\" content=\"3 minutes\" \/>\n<script type=\"application\/ld+json\" class=\"yoast-schema-graph\">{\"@context\":\"https:\\\/\\\/schema.org\",\"@graph\":[{\"@type\":\"Article\",\"@id\":\"https:\\\/\\\/abes.org.br\\\/abes-promove-debate-sobre-a-importancia-da-cultura-de-alfabetizacao-de-dados\\\/#article\",\"isPartOf\":{\"@id\":\"https:\\\/\\\/abes.org.br\\\/abes-promove-debate-sobre-a-importancia-da-cultura-de-alfabetizacao-de-dados\\\/\"},\"author\":{\"name\":\"Editor ABES\",\"@id\":\"https:\\\/\\\/abes.org.br\\\/#\\\/schema\\\/person\\\/d65ed84c8883a123fe668129fd6a7ed3\"},\"headline\":\"ABES promove debate sobre a import\u00e2ncia da cultura de alfabetiza\u00e7\u00e3o de dados\",\"datePublished\":\"2021-06-30T17:04:17+00:00\",\"dateModified\":\"2021-07-07T18:09:55+00:00\",\"mainEntityOfPage\":{\"@id\":\"https:\\\/\\\/abes.org.br\\\/abes-promove-debate-sobre-a-importancia-da-cultura-de-alfabetizacao-de-dados\\\/\"},\"wordCount\":689,\"publisher\":{\"@id\":\"https:\\\/\\\/abes.org.br\\\/#organization\"},\"image\":{\"@id\":\"https:\\\/\\\/abes.org.br\\\/abes-promove-debate-sobre-a-importancia-da-cultura-de-alfabetizacao-de-dados\\\/#primaryimage\"},\"thumbnailUrl\":\"https:\\\/\\\/abes.org.br\\\/wp-content\\\/uploads\\\/2021\\\/06\\\/feed_07_07_bx-1.jpg\",\"keywords\":[\"Alfabetiza\u00e7\u00e3o de Dados\",\"gera\u00e7\u00e3o exponencial de dados\",\"webinar ABES\"],\"articleSection\":[\"-Coluna 4\",\"Press releases\"],\"inLanguage\":\"en-US\"},{\"@type\":\"WebPage\",\"@id\":\"https:\\\/\\\/abes.org.br\\\/abes-promove-debate-sobre-a-importancia-da-cultura-de-alfabetizacao-de-dados\\\/\",\"url\":\"https:\\\/\\\/abes.org.br\\\/abes-promove-debate-sobre-a-importancia-da-cultura-de-alfabetizacao-de-dados\\\/\",\"name\":\"ABES promove debate sobre a import\u00e2ncia da cultura de alfabetiza\u00e7\u00e3o de dados - ABES\",\"isPartOf\":{\"@id\":\"https:\\\/\\\/abes.org.br\\\/#website\"},\"primaryImageOfPage\":{\"@id\":\"https:\\\/\\\/abes.org.br\\\/abes-promove-debate-sobre-a-importancia-da-cultura-de-alfabetizacao-de-dados\\\/#primaryimage\"},\"image\":{\"@id\":\"https:\\\/\\\/abes.org.br\\\/abes-promove-debate-sobre-a-importancia-da-cultura-de-alfabetizacao-de-dados\\\/#primaryimage\"},\"thumbnailUrl\":\"https:\\\/\\\/abes.org.br\\\/wp-content\\\/uploads\\\/2021\\\/06\\\/feed_07_07_bx-1.jpg\",\"datePublished\":\"2021-06-30T17:04:17+00:00\",\"dateModified\":\"2021-07-07T18:09:55+00:00\",\"breadcrumb\":{\"@id\":\"https:\\\/\\\/abes.org.br\\\/abes-promove-debate-sobre-a-importancia-da-cultura-de-alfabetizacao-de-dados\\\/#breadcrumb\"},\"inLanguage\":\"en-US\",\"potentialAction\":[{\"@type\":\"ReadAction\",\"target\":[\"https:\\\/\\\/abes.org.br\\\/abes-promove-debate-sobre-a-importancia-da-cultura-de-alfabetizacao-de-dados\\\/\"]}]},{\"@type\":\"ImageObject\",\"inLanguage\":\"en-US\",\"@id\":\"https:\\\/\\\/abes.org.br\\\/abes-promove-debate-sobre-a-importancia-da-cultura-de-alfabetizacao-de-dados\\\/#primaryimage\",\"url\":\"https:\\\/\\\/abes.org.br\\\/wp-content\\\/uploads\\\/2021\\\/06\\\/feed_07_07_bx-1.jpg\",\"contentUrl\":\"https:\\\/\\\/abes.org.br\\\/wp-content\\\/uploads\\\/2021\\\/06\\\/feed_07_07_bx-1.jpg\",\"width\":1200,\"height\":675},{\"@type\":\"BreadcrumbList\",\"@id\":\"https:\\\/\\\/abes.org.br\\\/abes-promove-debate-sobre-a-importancia-da-cultura-de-alfabetizacao-de-dados\\\/#breadcrumb\",\"itemListElement\":[{\"@type\":\"ListItem\",\"position\":1,\"name\":\"In\u00edcio\",\"item\":\"https:\\\/\\\/abes.org.br\\\/\"},{\"@type\":\"ListItem\",\"position\":2,\"name\":\"ABES promove debate sobre a import\u00e2ncia da cultura de alfabetiza\u00e7\u00e3o de dados\"}]},{\"@type\":\"WebSite\",\"@id\":\"https:\\\/\\\/abes.org.br\\\/#website\",\"url\":\"https:\\\/\\\/abes.org.br\\\/\",\"name\":\"ABES\",\"description\":\"Associa\u00e7\u00e3o Brasileira das Empresas de Software\",\"publisher\":{\"@id\":\"https:\\\/\\\/abes.org.br\\\/#organization\"},\"potentialAction\":[{\"@type\":\"SearchAction\",\"target\":{\"@type\":\"EntryPoint\",\"urlTemplate\":\"https:\\\/\\\/abes.org.br\\\/?s={search_term_string}\"},\"query-input\":{\"@type\":\"PropertyValueSpecification\",\"valueRequired\":true,\"valueName\":\"search_term_string\"}}],\"inLanguage\":\"en-US\"},{\"@type\":\"Organization\",\"@id\":\"https:\\\/\\\/abes.org.br\\\/#organization\",\"name\":\"Associa\u00e7\u00e3o Brasileira das Empresas de Software\",\"url\":\"https:\\\/\\\/abes.org.br\\\/\",\"logo\":{\"@type\":\"ImageObject\",\"inLanguage\":\"en-US\",\"@id\":\"https:\\\/\\\/abes.org.br\\\/#\\\/schema\\\/logo\\\/image\\\/\",\"url\":\"https:\\\/\\\/abes.org.br\\\/wp-content\\\/uploads\\\/2020\\\/09\\\/logo_abes_marca_d_tagline_horizontal_verde-amarelo_cmyk.png\",\"contentUrl\":\"https:\\\/\\\/abes.org.br\\\/wp-content\\\/uploads\\\/2020\\\/09\\\/logo_abes_marca_d_tagline_horizontal_verde-amarelo_cmyk.png\",\"width\":324,\"height\":70,\"caption\":\"Associa\u00e7\u00e3o Brasileira das Empresas de Software\"},\"image\":{\"@id\":\"https:\\\/\\\/abes.org.br\\\/#\\\/schema\\\/logo\\\/image\\\/\"},\"sameAs\":[\"https:\\\/\\\/www.facebook.com\\\/ABES.software\",\"https:\\\/\\\/x.com\\\/ABES_SOFTWARE\",\"https:\\\/\\\/www.linkedin.com\\\/company\\\/abes-software\\\/\",\"https:\\\/\\\/www.instagram.com\\\/abes_software\\\/\"]},{\"@type\":\"Person\",\"@id\":\"https:\\\/\\\/abes.org.br\\\/#\\\/schema\\\/person\\\/d65ed84c8883a123fe668129fd6a7ed3\",\"name\":\"Editor ABES\",\"image\":{\"@type\":\"ImageObject\",\"inLanguage\":\"en-US\",\"@id\":\"https:\\\/\\\/secure.gravatar.com\\\/avatar\\\/3b207abce016c5e2ad6bf38914af9ad16e277128bb9b06dabb05bc191f02d7fe?s=96&d=mm&r=g\",\"url\":\"https:\\\/\\\/secure.gravatar.com\\\/avatar\\\/3b207abce016c5e2ad6bf38914af9ad16e277128bb9b06dabb05bc191f02d7fe?s=96&d=mm&r=g\",\"contentUrl\":\"https:\\\/\\\/secure.gravatar.com\\\/avatar\\\/3b207abce016c5e2ad6bf38914af9ad16e277128bb9b06dabb05bc191f02d7fe?s=96&d=mm&r=g\",\"caption\":\"Editor ABES\"},\"url\":\"https:\\\/\\\/abes.org.br\\\/en\\\/author\\\/editor-abes\\\/\"}]}<\/script>\n<!-- \/ Yoast SEO plugin. -->","yoast_head_json":{"title":"ABES promove debate sobre a import\u00e2ncia da cultura de alfabetiza\u00e7\u00e3o de dados - ABES","robots":{"index":"index","follow":"follow","max-snippet":"max-snippet:-1","max-image-preview":"max-image-preview:large","max-video-preview":"max-video-preview:-1"},"canonical":"https:\/\/abes.org.br\/en\/abes-promove-debate-sobre-a-importancia-da-cultura-de-alfabetizacao-de-dados\/","og_locale":"en_US","og_type":"article","og_title":"ABES promove debate sobre a import\u00e2ncia da cultura de alfabetiza\u00e7\u00e3o de dados - ABES","og_description":"Mesa redonda com convidados internacionais acontecer\u00e1 dia 7 de julho, \u00e0s 10h. Jordan Morrow, Valerie A. Logan, Paul Barth e Cesar Ripari est\u00e3o confirmados A ABES &#8211; Associa\u00e7\u00e3o Brasileira de Empresas de Software &#8211; realizar\u00e1 Mesa Redonda Internacional &#8211; Alfabetiza\u00e7\u00e3o de Dados, no dia 07\/07, \u00e0s 10 horas, para debater o tema e mostrar o [&hellip;]","og_url":"https:\/\/abes.org.br\/en\/abes-promove-debate-sobre-a-importancia-da-cultura-de-alfabetizacao-de-dados\/","og_site_name":"ABES","article_publisher":"https:\/\/www.facebook.com\/ABES.software","article_published_time":"2021-06-30T17:04:17+00:00","article_modified_time":"2021-07-07T18:09:55+00:00","og_image":[{"width":1200,"height":675,"url":"https:\/\/abes.org.br\/wp-content\/uploads\/2021\/06\/feed_07_07_bx-1.jpg","type":"image\/jpeg"}],"author":"Editor ABES","twitter_card":"summary_large_image","twitter_creator":"@ABES_SOFTWARE","twitter_site":"@ABES_SOFTWARE","twitter_misc":{"Written by":"Editor ABES","Est. reading time":"3 minutes"},"schema":{"@context":"https:\/\/schema.org","@graph":[{"@type":"Article","@id":"https:\/\/abes.org.br\/abes-promove-debate-sobre-a-importancia-da-cultura-de-alfabetizacao-de-dados\/#article","isPartOf":{"@id":"https:\/\/abes.org.br\/abes-promove-debate-sobre-a-importancia-da-cultura-de-alfabetizacao-de-dados\/"},"author":{"name":"Editor ABES","@id":"https:\/\/abes.org.br\/#\/schema\/person\/d65ed84c8883a123fe668129fd6a7ed3"},"headline":"ABES promove debate sobre a import\u00e2ncia da cultura de alfabetiza\u00e7\u00e3o de dados","datePublished":"2021-06-30T17:04:17+00:00","dateModified":"2021-07-07T18:09:55+00:00","mainEntityOfPage":{"@id":"https:\/\/abes.org.br\/abes-promove-debate-sobre-a-importancia-da-cultura-de-alfabetizacao-de-dados\/"},"wordCount":689,"publisher":{"@id":"https:\/\/abes.org.br\/#organization"},"image":{"@id":"https:\/\/abes.org.br\/abes-promove-debate-sobre-a-importancia-da-cultura-de-alfabetizacao-de-dados\/#primaryimage"},"thumbnailUrl":"https:\/\/abes.org.br\/wp-content\/uploads\/2021\/06\/feed_07_07_bx-1.jpg","keywords":["Alfabetiza\u00e7\u00e3o de Dados","gera\u00e7\u00e3o exponencial de dados","webinar ABES"],"articleSection":["-Coluna 4","Press releases"],"inLanguage":"en-US"},{"@type":"WebPage","@id":"https:\/\/abes.org.br\/abes-promove-debate-sobre-a-importancia-da-cultura-de-alfabetizacao-de-dados\/","url":"https:\/\/abes.org.br\/abes-promove-debate-sobre-a-importancia-da-cultura-de-alfabetizacao-de-dados\/","name":"ABES promove debate sobre a import\u00e2ncia da cultura de alfabetiza\u00e7\u00e3o de dados - ABES","isPartOf":{"@id":"https:\/\/abes.org.br\/#website"},"primaryImageOfPage":{"@id":"https:\/\/abes.org.br\/abes-promove-debate-sobre-a-importancia-da-cultura-de-alfabetizacao-de-dados\/#primaryimage"},"image":{"@id":"https:\/\/abes.org.br\/abes-promove-debate-sobre-a-importancia-da-cultura-de-alfabetizacao-de-dados\/#primaryimage"},"thumbnailUrl":"https:\/\/abes.org.br\/wp-content\/uploads\/2021\/06\/feed_07_07_bx-1.jpg","datePublished":"2021-06-30T17:04:17+00:00","dateModified":"2021-07-07T18:09:55+00:00","breadcrumb":{"@id":"https:\/\/abes.org.br\/abes-promove-debate-sobre-a-importancia-da-cultura-de-alfabetizacao-de-dados\/#breadcrumb"},"inLanguage":"en-US","potentialAction":[{"@type":"ReadAction","target":["https:\/\/abes.org.br\/abes-promove-debate-sobre-a-importancia-da-cultura-de-alfabetizacao-de-dados\/"]}]},{"@type":"ImageObject","inLanguage":"en-US","@id":"https:\/\/abes.org.br\/abes-promove-debate-sobre-a-importancia-da-cultura-de-alfabetizacao-de-dados\/#primaryimage","url":"https:\/\/abes.org.br\/wp-content\/uploads\/2021\/06\/feed_07_07_bx-1.jpg","contentUrl":"https:\/\/abes.org.br\/wp-content\/uploads\/2021\/06\/feed_07_07_bx-1.jpg","width":1200,"height":675},{"@type":"BreadcrumbList","@id":"https:\/\/abes.org.br\/abes-promove-debate-sobre-a-importancia-da-cultura-de-alfabetizacao-de-dados\/#breadcrumb","itemListElement":[{"@type":"ListItem","position":1,"name":"In\u00edcio","item":"https:\/\/abes.org.br\/"},{"@type":"ListItem","position":2,"name":"ABES promove debate sobre a import\u00e2ncia da cultura de alfabetiza\u00e7\u00e3o de dados"}]},{"@type":"WebSite","@id":"https:\/\/abes.org.br\/#website","url":"https:\/\/abes.org.br\/","name":"ABES","description":"Brazilian Association of Software Companies","publisher":{"@id":"https:\/\/abes.org.br\/#organization"},"potentialAction":[{"@type":"SearchAction","target":{"@type":"EntryPoint","urlTemplate":"https:\/\/abes.org.br\/?s={search_term_string}"},"query-input":{"@type":"PropertyValueSpecification","valueRequired":true,"valueName":"search_term_string"}}],"inLanguage":"en-US"},{"@type":"Organization","@id":"https:\/\/abes.org.br\/#organization","name":"Brazilian Association of Software Companies","url":"https:\/\/abes.org.br\/","logo":{"@type":"ImageObject","inLanguage":"en-US","@id":"https:\/\/abes.org.br\/#\/schema\/logo\/image\/","url":"https:\/\/abes.org.br\/wp-content\/uploads\/2020\/09\/logo_abes_marca_d_tagline_horizontal_verde-amarelo_cmyk.png","contentUrl":"https:\/\/abes.org.br\/wp-content\/uploads\/2020\/09\/logo_abes_marca_d_tagline_horizontal_verde-amarelo_cmyk.png","width":324,"height":70,"caption":"Associa\u00e7\u00e3o Brasileira das Empresas de Software"},"image":{"@id":"https:\/\/abes.org.br\/#\/schema\/logo\/image\/"},"sameAs":["https:\/\/www.facebook.com\/ABES.software","https:\/\/x.com\/ABES_SOFTWARE","https:\/\/www.linkedin.com\/company\/abes-software\/","https:\/\/www.instagram.com\/abes_software\/"]},{"@type":"Person","@id":"https:\/\/abes.org.br\/#\/schema\/person\/d65ed84c8883a123fe668129fd6a7ed3","name":"ABES Editor","image":{"@type":"ImageObject","inLanguage":"en-US","@id":"https:\/\/secure.gravatar.com\/avatar\/3b207abce016c5e2ad6bf38914af9ad16e277128bb9b06dabb05bc191f02d7fe?s=96&d=mm&r=g","url":"https:\/\/secure.gravatar.com\/avatar\/3b207abce016c5e2ad6bf38914af9ad16e277128bb9b06dabb05bc191f02d7fe?s=96&d=mm&r=g","contentUrl":"https:\/\/secure.gravatar.com\/avatar\/3b207abce016c5e2ad6bf38914af9ad16e277128bb9b06dabb05bc191f02d7fe?s=96&d=mm&r=g","caption":"Editor ABES"},"url":"https:\/\/abes.org.br\/en\/author\/editor-abes\/"}]}},"publishpress_future_action":{"enabled":false,"date":"2026-05-03 03:33:41","action":"change-status","newStatus":"draft","terms":[],"taxonomy":"category","extraData":[]},"publishpress_future_workflow_manual_trigger":{"enabledWorkflows":[]},"_links":{"self":[{"href":"https:\/\/abes.org.br\/en\/wp-json\/wp\/v2\/posts\/35050","targetHints":{"allow":["GET"]}}],"collection":[{"href":"https:\/\/abes.org.br\/en\/wp-json\/wp\/v2\/posts"}],"about":[{"href":"https:\/\/abes.org.br\/en\/wp-json\/wp\/v2\/types\/post"}],"author":[{"embeddable":true,"href":"https:\/\/abes.org.br\/en\/wp-json\/wp\/v2\/users\/10"}],"replies":[{"embeddable":true,"href":"https:\/\/abes.org.br\/en\/wp-json\/wp\/v2\/comments?post=35050"}],"version-history":[{"count":1,"href":"https:\/\/abes.org.br\/en\/wp-json\/wp\/v2\/posts\/35050\/revisions"}],"predecessor-version":[{"id":35052,"href":"https:\/\/abes.org.br\/en\/wp-json\/wp\/v2\/posts\/35050\/revisions\/35052"}],"wp:featuredmedia":[{"embeddable":true,"href":"https:\/\/abes.org.br\/en\/wp-json\/wp\/v2\/media\/35051"}],"wp:attachment":[{"href":"https:\/\/abes.org.br\/en\/wp-json\/wp\/v2\/media?parent=35050"}],"wp:term":[{"taxonomy":"category","embeddable":true,"href":"https:\/\/abes.org.br\/en\/wp-json\/wp\/v2\/categories?post=35050"},{"taxonomy":"post_tag","embeddable":true,"href":"https:\/\/abes.org.br\/en\/wp-json\/wp\/v2\/tags?post=35050"}],"curies":[{"name":"wp","href":"https:\/\/api.w.org\/{rel}","templated":true}]}}