{"id":34681,"date":"2021-06-24T17:12:05","date_gmt":"2021-06-24T20:12:05","guid":{"rendered":"https:\/\/abes.org.br\/?p=34681"},"modified":"2021-06-30T14:11:52","modified_gmt":"2021-06-30T17:11:52","slug":"marco-legal-das-startups-como-fica-o-risco-e-tema-do-evento-virtual-de-abes-em-30-06","status":"publish","type":"post","link":"https:\/\/abes.org.br\/en\/marco-legal-das-startups-como-fica-o-risco-e-tema-do-evento-virtual-de-abes-em-30-06\/","title":{"rendered":"&quot;Legal Framework for Startups: How is the risk?&quot; is the theme of the ABES virtual event on 06\/30"},"content":{"rendered":"<p><img loading=\"lazy\" decoding=\"async\" class=\"wp-image-34682 aligncenter\" src=\"https:\/\/abes.org.br\/wp-content\/uploads\/2021\/06\/banner_30_06.jpg\" alt=\"\" width=\"570\" height=\"321\" \/><\/p>\n<p><em>The meeting will take place on June 30, at 8:30 am, and will feature the participation of experts to discuss the prospects for this sector<\/em><\/p>\n<p>ABES \u2013 Brazilian Association of Software Companies \u2013 will hold on June 30, at 8:30 am, the virtual meeting &#039;Marco Legal das Startups. How is the risk? The conversation will be moderated by Rodolfo F\u00fccher, president of ABES; and with the participation of Dr. Eduardo Felipe Matias, vice president of the OAB\/SP Startups Commission, partner at NELM Advogados and co-author of the study Sharing Good Practices on Innovation; Dr. Juliana Natrielli Ribeiro, deputy director of ABES and head of public policy at Buser; and Dr. Manoel dos Santos, partner at MASantos, C\u00f4rte Real e Associados and legal director of ABES. Free entries can be made here and, if you are unable to follow the event that day, the video will be available on the association&#039;s Youtube channel as well.<\/p>\n<p>The opening of the meeting will be carried out by the president of the ABES Board, Francisco Camargo. \u201cThe Legal Framework for Startups is a remarkable effort to improve the legal security of investors and foster innovation, which will shape the future of the economy\u201d, says the executive.<\/p>\n<p>According to Dr. Manoel dos Santos, approval of the Legal Framework for Startups is an important step for innovative entrepreneurship, especially for those working in the innovation and technology sector, and therefore, it is a relevant achievement for ABES and its Associates. &quot;It is necessary to consider, however, that the Federal Government was very shy in relation to the expectations that the bill had created, especially when it intervened during the process, by eliminating the chapter dealing with stock options. If legislation becomes less bureaucratic and offers more incentives, these companies will play an important role in the recovery of the Brazilian economy. With the suppression of &quot;stock options&quot;, the creation of a special regime for the hiring of innovation solutions by the public administration tends to reveal itself in the most important stimulus tool brought by the Legal Framework of Startups, enabling them to start selling to the State , gaining scale and competitiveness\u201d, declares the lawyer.<\/p>\n<p>\u201cThe Legal Framework for Startups brings important measures to foster innovative entrepreneurship in Brazil, providing greater protection to investors, simplifying the operation of corporations and facilitating the participation of innovative companies in public tenders. It is true that some tax and labor aspects that had been discussed, which could represent a significant boost to the activities of startups in Brazil, were left out of the new law and should now be the object of new projects. But, on balance, this is positive and its adoption is a step towards the recognition of startups as an important actor for the country&#039;s economic and social development\u201d, says Dr. Eduardo Felipe Matias.<\/p>\n<p>The event is part of the ABES agenda that aims to contribute to the construction of a more digital and less unequal Brazil, in which information technology plays a fundamental role in the democratization of knowledge and the creation of new opportunities for all , in an inclusive and equitable way.<\/p>\n<p>In addition, to help Startups, ABES has the Startup Intership Program, which, through partnerships with incubators, accelerators or investment funds, at no cost, aims to strengthen entrepreneurship and attract talent and investments to the technology sector. Brazilian. Lasting 6 months, the focus of the program is to help emerging companies, which use technology intensively and wish to operate or expand their activities in Brazil, to overcome the complexities present in the market, making more than 35 available to program participants. years of experience at ABES in the legal, regulatory, tax and marketing areas.<\/p>\n<p><strong>EVENT: Legal Framework for Startups. How is the risk?<\/strong><\/p>\n<p><strong>Date<\/strong>: June 30th<\/p>\n<p><strong>Hour<\/strong>: 8:30 am<\/p>\n<p><strong>Registrations: <a href=\"https:\/\/us02web.zoom.us\/webinar\/register\/WN_kNN5suoTR0WT3ZLTPLTZ-w\">https:\/\/us02web.zoom.us\/webinar\/register\/WN_kNN5suoTR0WT3ZLTPLTZ-w<\/a><\/strong><\/p>\n<p><strong>Guests<\/strong><\/p>\n<p><strong>Francisco Camargo<\/strong><br \/>\nChairman of the Board of ABES<br \/>\nFounder and CEO of the CLM Group<\/p>\n<p><strong>Eduardo Felipe Matias<\/strong><br \/>\nPartner at Nogueira, Elias, Laskowski e Matias Advogados<br \/>\nVice-President of the OAB\/SP Startups Commission<\/p>\n<p><strong>Juliana Natrielli Ribeiro<\/strong><br \/>\nABES Deputy Director<br \/>\nFiscal Counselor at Caixa Econ\u00f4mica Federal<\/p>\n<p><strong>Manoel dos Santos<\/strong><br \/>\nPartner at MASantos, C\u00f4rte Real e Associados<br \/>\nABES Legal Director<\/p>\n<p><strong>Rodolfo F\u00fccher<\/strong><br \/>\nPresident of ABES<\/p>\n<p><strong>Moderation: Alan Leite<\/strong><br \/>\nCEO at Startup Farm<br \/>\nCounselor at Bain &amp; Company<\/p>","protected":false},"excerpt":{"rendered":"<p>Encontro acontece no dia 30 de junho, \u00e0s 8h30, e contar\u00e1 com a participa\u00e7\u00e3o de especialistas para discutir as perspectivas para esse setor A ABES &#8211; Associa\u00e7\u00e3o Brasileira de Empresas de Software &#8211; realizar\u00e1 no dia 30 de junho, \u00e0s 8h30, o encontro virtual \u2018Marco Legal das Startups. Como fica o risco?\u2019. A conversa contar\u00e1 [&hellip;]<\/p>\n","protected":false},"author":10,"featured_media":34682,"comment_status":"closed","ping_status":"closed","sticky":false,"template":"","format":"standard","meta":{"_acf_changed":false,"_et_pb_use_builder":"","_et_pb_old_content":"","_et_gb_content_width":"","footnotes":""},"categories":[39,40,19],"tags":[],"class_list":["post-34681","post","type-post","status-publish","format-standard","has-post-thumbnail","hentry","category-coluna-4","category-press-releases","category-ultimas-noticias"],"acf":[],"yoast_head":"<!-- This site is optimized with the Yoast SEO plugin v27.3 - https:\/\/yoast.com\/product\/yoast-seo-wordpress\/ -->\n<title>&quot;Marco Legal das Startups: como fica o risco?&quot; \u00e9 tema do evento virtual de ABES em 30\/06 - ABES<\/title>\n<meta name=\"robots\" content=\"index, follow, max-snippet:-1, max-image-preview:large, max-video-preview:-1\" \/>\n<link rel=\"canonical\" href=\"https:\/\/abes.org.br\/en\/marco-legal-das-startups-como-fica-o-risco-e-tema-do-evento-virtual-de-abes-em-30-06\/\" \/>\n<meta property=\"og:locale\" content=\"en_US\" \/>\n<meta property=\"og:type\" content=\"article\" \/>\n<meta property=\"og:title\" content=\"&quot;Marco Legal das Startups: como fica o risco?&quot; \u00e9 tema do evento virtual de ABES em 30\/06 - ABES\" \/>\n<meta property=\"og:description\" content=\"Encontro acontece no dia 30 de junho, \u00e0s 8h30, e contar\u00e1 com a participa\u00e7\u00e3o de especialistas para discutir as perspectivas para esse setor A ABES &#8211; Associa\u00e7\u00e3o Brasileira de Empresas de Software &#8211; realizar\u00e1 no dia 30 de junho, \u00e0s 8h30, o encontro virtual \u2018Marco Legal das Startups. Como fica o risco?\u2019. A conversa contar\u00e1 [&hellip;]\" \/>\n<meta property=\"og:url\" content=\"https:\/\/abes.org.br\/en\/marco-legal-das-startups-como-fica-o-risco-e-tema-do-evento-virtual-de-abes-em-30-06\/\" \/>\n<meta property=\"og:site_name\" content=\"ABES\" \/>\n<meta property=\"article:publisher\" content=\"https:\/\/www.facebook.com\/ABES.software\" \/>\n<meta property=\"article:published_time\" content=\"2021-06-24T20:12:05+00:00\" \/>\n<meta property=\"article:modified_time\" content=\"2021-06-30T17:11:52+00:00\" \/>\n<meta property=\"og:image\" content=\"https:\/\/abes.org.br\/wp-content\/uploads\/2021\/06\/banner_30_06.jpg\" \/>\n\t<meta property=\"og:image:width\" content=\"1200\" \/>\n\t<meta property=\"og:image:height\" content=\"675\" \/>\n\t<meta property=\"og:image:type\" content=\"image\/jpeg\" \/>\n<meta name=\"author\" content=\"Editor ABES\" \/>\n<meta name=\"twitter:card\" content=\"summary_large_image\" \/>\n<meta name=\"twitter:creator\" content=\"@ABES_SOFTWARE\" \/>\n<meta name=\"twitter:site\" content=\"@ABES_SOFTWARE\" \/>\n<meta name=\"twitter:label1\" content=\"Written by\" \/>\n\t<meta name=\"twitter:data1\" content=\"Editor ABES\" \/>\n\t<meta name=\"twitter:label2\" content=\"Est. reading time\" \/>\n\t<meta name=\"twitter:data2\" content=\"4 minutes\" \/>\n<script type=\"application\/ld+json\" class=\"yoast-schema-graph\">{\"@context\":\"https:\\\/\\\/schema.org\",\"@graph\":[{\"@type\":\"Article\",\"@id\":\"https:\\\/\\\/abes.org.br\\\/en\\\/marco-legal-das-startups-como-fica-o-risco-e-tema-do-evento-virtual-de-abes-em-30-06\\\/#article\",\"isPartOf\":{\"@id\":\"https:\\\/\\\/abes.org.br\\\/en\\\/marco-legal-das-startups-como-fica-o-risco-e-tema-do-evento-virtual-de-abes-em-30-06\\\/\"},\"author\":{\"name\":\"Editor ABES\",\"@id\":\"https:\\\/\\\/abes.org.br\\\/#\\\/schema\\\/person\\\/d65ed84c8883a123fe668129fd6a7ed3\"},\"headline\":\"&#8220;Marco Legal das Startups: como fica o risco?&#8221; \u00e9 tema do evento virtual de ABES em 30\\\/06\",\"datePublished\":\"2021-06-24T20:12:05+00:00\",\"dateModified\":\"2021-06-30T17:11:52+00:00\",\"mainEntityOfPage\":{\"@id\":\"https:\\\/\\\/abes.org.br\\\/en\\\/marco-legal-das-startups-como-fica-o-risco-e-tema-do-evento-virtual-de-abes-em-30-06\\\/\"},\"wordCount\":810,\"publisher\":{\"@id\":\"https:\\\/\\\/abes.org.br\\\/#organization\"},\"image\":{\"@id\":\"https:\\\/\\\/abes.org.br\\\/en\\\/marco-legal-das-startups-como-fica-o-risco-e-tema-do-evento-virtual-de-abes-em-30-06\\\/#primaryimage\"},\"thumbnailUrl\":\"https:\\\/\\\/abes.org.br\\\/wp-content\\\/uploads\\\/2021\\\/06\\\/banner_30_06.jpg\",\"articleSection\":[\"-Coluna 4\",\"Press releases\",\"\u00daltimas not\u00edcias\"],\"inLanguage\":\"en-US\"},{\"@type\":\"WebPage\",\"@id\":\"https:\\\/\\\/abes.org.br\\\/en\\\/marco-legal-das-startups-como-fica-o-risco-e-tema-do-evento-virtual-de-abes-em-30-06\\\/\",\"url\":\"https:\\\/\\\/abes.org.br\\\/en\\\/marco-legal-das-startups-como-fica-o-risco-e-tema-do-evento-virtual-de-abes-em-30-06\\\/\",\"name\":\"\\\"Marco Legal das Startups: como fica o risco?\\\" \u00e9 tema do evento virtual de ABES em 30\\\/06 - ABES\",\"isPartOf\":{\"@id\":\"https:\\\/\\\/abes.org.br\\\/#website\"},\"primaryImageOfPage\":{\"@id\":\"https:\\\/\\\/abes.org.br\\\/en\\\/marco-legal-das-startups-como-fica-o-risco-e-tema-do-evento-virtual-de-abes-em-30-06\\\/#primaryimage\"},\"image\":{\"@id\":\"https:\\\/\\\/abes.org.br\\\/en\\\/marco-legal-das-startups-como-fica-o-risco-e-tema-do-evento-virtual-de-abes-em-30-06\\\/#primaryimage\"},\"thumbnailUrl\":\"https:\\\/\\\/abes.org.br\\\/wp-content\\\/uploads\\\/2021\\\/06\\\/banner_30_06.jpg\",\"datePublished\":\"2021-06-24T20:12:05+00:00\",\"dateModified\":\"2021-06-30T17:11:52+00:00\",\"breadcrumb\":{\"@id\":\"https:\\\/\\\/abes.org.br\\\/en\\\/marco-legal-das-startups-como-fica-o-risco-e-tema-do-evento-virtual-de-abes-em-30-06\\\/#breadcrumb\"},\"inLanguage\":\"en-US\",\"potentialAction\":[{\"@type\":\"ReadAction\",\"target\":[\"https:\\\/\\\/abes.org.br\\\/en\\\/marco-legal-das-startups-como-fica-o-risco-e-tema-do-evento-virtual-de-abes-em-30-06\\\/\"]}]},{\"@type\":\"ImageObject\",\"inLanguage\":\"en-US\",\"@id\":\"https:\\\/\\\/abes.org.br\\\/en\\\/marco-legal-das-startups-como-fica-o-risco-e-tema-do-evento-virtual-de-abes-em-30-06\\\/#primaryimage\",\"url\":\"https:\\\/\\\/abes.org.br\\\/wp-content\\\/uploads\\\/2021\\\/06\\\/banner_30_06.jpg\",\"contentUrl\":\"https:\\\/\\\/abes.org.br\\\/wp-content\\\/uploads\\\/2021\\\/06\\\/banner_30_06.jpg\",\"width\":1200,\"height\":675},{\"@type\":\"BreadcrumbList\",\"@id\":\"https:\\\/\\\/abes.org.br\\\/en\\\/marco-legal-das-startups-como-fica-o-risco-e-tema-do-evento-virtual-de-abes-em-30-06\\\/#breadcrumb\",\"itemListElement\":[{\"@type\":\"ListItem\",\"position\":1,\"name\":\"In\u00edcio\",\"item\":\"https:\\\/\\\/abes.org.br\\\/\"},{\"@type\":\"ListItem\",\"position\":2,\"name\":\"&#8220;Marco Legal das Startups: como fica o risco?&#8221; \u00e9 tema do evento virtual de ABES em 30\\\/06\"}]},{\"@type\":\"WebSite\",\"@id\":\"https:\\\/\\\/abes.org.br\\\/#website\",\"url\":\"https:\\\/\\\/abes.org.br\\\/\",\"name\":\"ABES\",\"description\":\"Associa\u00e7\u00e3o Brasileira das Empresas de Software\",\"publisher\":{\"@id\":\"https:\\\/\\\/abes.org.br\\\/#organization\"},\"potentialAction\":[{\"@type\":\"SearchAction\",\"target\":{\"@type\":\"EntryPoint\",\"urlTemplate\":\"https:\\\/\\\/abes.org.br\\\/?s={search_term_string}\"},\"query-input\":{\"@type\":\"PropertyValueSpecification\",\"valueRequired\":true,\"valueName\":\"search_term_string\"}}],\"inLanguage\":\"en-US\"},{\"@type\":\"Organization\",\"@id\":\"https:\\\/\\\/abes.org.br\\\/#organization\",\"name\":\"Associa\u00e7\u00e3o Brasileira das Empresas de Software\",\"url\":\"https:\\\/\\\/abes.org.br\\\/\",\"logo\":{\"@type\":\"ImageObject\",\"inLanguage\":\"en-US\",\"@id\":\"https:\\\/\\\/abes.org.br\\\/#\\\/schema\\\/logo\\\/image\\\/\",\"url\":\"https:\\\/\\\/abes.org.br\\\/wp-content\\\/uploads\\\/2020\\\/09\\\/logo_abes_marca_d_tagline_horizontal_verde-amarelo_cmyk.png\",\"contentUrl\":\"https:\\\/\\\/abes.org.br\\\/wp-content\\\/uploads\\\/2020\\\/09\\\/logo_abes_marca_d_tagline_horizontal_verde-amarelo_cmyk.png\",\"width\":324,\"height\":70,\"caption\":\"Associa\u00e7\u00e3o Brasileira das Empresas de Software\"},\"image\":{\"@id\":\"https:\\\/\\\/abes.org.br\\\/#\\\/schema\\\/logo\\\/image\\\/\"},\"sameAs\":[\"https:\\\/\\\/www.facebook.com\\\/ABES.software\",\"https:\\\/\\\/x.com\\\/ABES_SOFTWARE\",\"https:\\\/\\\/www.linkedin.com\\\/company\\\/abes-software\\\/\",\"https:\\\/\\\/www.instagram.com\\\/abes_software\\\/\"]},{\"@type\":\"Person\",\"@id\":\"https:\\\/\\\/abes.org.br\\\/#\\\/schema\\\/person\\\/d65ed84c8883a123fe668129fd6a7ed3\",\"name\":\"Editor ABES\",\"image\":{\"@type\":\"ImageObject\",\"inLanguage\":\"en-US\",\"@id\":\"https:\\\/\\\/secure.gravatar.com\\\/avatar\\\/3b207abce016c5e2ad6bf38914af9ad16e277128bb9b06dabb05bc191f02d7fe?s=96&d=mm&r=g\",\"url\":\"https:\\\/\\\/secure.gravatar.com\\\/avatar\\\/3b207abce016c5e2ad6bf38914af9ad16e277128bb9b06dabb05bc191f02d7fe?s=96&d=mm&r=g\",\"contentUrl\":\"https:\\\/\\\/secure.gravatar.com\\\/avatar\\\/3b207abce016c5e2ad6bf38914af9ad16e277128bb9b06dabb05bc191f02d7fe?s=96&d=mm&r=g\",\"caption\":\"Editor ABES\"},\"url\":\"https:\\\/\\\/abes.org.br\\\/en\\\/author\\\/editor-abes\\\/\"}]}<\/script>\n<!-- \/ Yoast SEO plugin. -->","yoast_head_json":{"title":"\"Marco Legal das Startups: como fica o risco?\" \u00e9 tema do evento virtual de ABES em 30\/06 - ABES","robots":{"index":"index","follow":"follow","max-snippet":"max-snippet:-1","max-image-preview":"max-image-preview:large","max-video-preview":"max-video-preview:-1"},"canonical":"https:\/\/abes.org.br\/en\/marco-legal-das-startups-como-fica-o-risco-e-tema-do-evento-virtual-de-abes-em-30-06\/","og_locale":"en_US","og_type":"article","og_title":"\"Marco Legal das Startups: como fica o risco?\" \u00e9 tema do evento virtual de ABES em 30\/06 - ABES","og_description":"Encontro acontece no dia 30 de junho, \u00e0s 8h30, e contar\u00e1 com a participa\u00e7\u00e3o de especialistas para discutir as perspectivas para esse setor A ABES &#8211; Associa\u00e7\u00e3o Brasileira de Empresas de Software &#8211; realizar\u00e1 no dia 30 de junho, \u00e0s 8h30, o encontro virtual \u2018Marco Legal das Startups. Como fica o risco?\u2019. A conversa contar\u00e1 [&hellip;]","og_url":"https:\/\/abes.org.br\/en\/marco-legal-das-startups-como-fica-o-risco-e-tema-do-evento-virtual-de-abes-em-30-06\/","og_site_name":"ABES","article_publisher":"https:\/\/www.facebook.com\/ABES.software","article_published_time":"2021-06-24T20:12:05+00:00","article_modified_time":"2021-06-30T17:11:52+00:00","og_image":[{"width":1200,"height":675,"url":"https:\/\/abes.org.br\/wp-content\/uploads\/2021\/06\/banner_30_06.jpg","type":"image\/jpeg"}],"author":"Editor ABES","twitter_card":"summary_large_image","twitter_creator":"@ABES_SOFTWARE","twitter_site":"@ABES_SOFTWARE","twitter_misc":{"Written by":"Editor ABES","Est. reading time":"4 minutes"},"schema":{"@context":"https:\/\/schema.org","@graph":[{"@type":"Article","@id":"https:\/\/abes.org.br\/en\/marco-legal-das-startups-como-fica-o-risco-e-tema-do-evento-virtual-de-abes-em-30-06\/#article","isPartOf":{"@id":"https:\/\/abes.org.br\/en\/marco-legal-das-startups-como-fica-o-risco-e-tema-do-evento-virtual-de-abes-em-30-06\/"},"author":{"name":"Editor ABES","@id":"https:\/\/abes.org.br\/#\/schema\/person\/d65ed84c8883a123fe668129fd6a7ed3"},"headline":"&#8220;Marco Legal das Startups: como fica o risco?&#8221; \u00e9 tema do evento virtual de ABES em 30\/06","datePublished":"2021-06-24T20:12:05+00:00","dateModified":"2021-06-30T17:11:52+00:00","mainEntityOfPage":{"@id":"https:\/\/abes.org.br\/en\/marco-legal-das-startups-como-fica-o-risco-e-tema-do-evento-virtual-de-abes-em-30-06\/"},"wordCount":810,"publisher":{"@id":"https:\/\/abes.org.br\/#organization"},"image":{"@id":"https:\/\/abes.org.br\/en\/marco-legal-das-startups-como-fica-o-risco-e-tema-do-evento-virtual-de-abes-em-30-06\/#primaryimage"},"thumbnailUrl":"https:\/\/abes.org.br\/wp-content\/uploads\/2021\/06\/banner_30_06.jpg","articleSection":["-Coluna 4","Press releases","\u00daltimas not\u00edcias"],"inLanguage":"en-US"},{"@type":"WebPage","@id":"https:\/\/abes.org.br\/en\/marco-legal-das-startups-como-fica-o-risco-e-tema-do-evento-virtual-de-abes-em-30-06\/","url":"https:\/\/abes.org.br\/en\/marco-legal-das-startups-como-fica-o-risco-e-tema-do-evento-virtual-de-abes-em-30-06\/","name":"\"Marco Legal das Startups: como fica o risco?\" \u00e9 tema do evento virtual de ABES em 30\/06 - ABES","isPartOf":{"@id":"https:\/\/abes.org.br\/#website"},"primaryImageOfPage":{"@id":"https:\/\/abes.org.br\/en\/marco-legal-das-startups-como-fica-o-risco-e-tema-do-evento-virtual-de-abes-em-30-06\/#primaryimage"},"image":{"@id":"https:\/\/abes.org.br\/en\/marco-legal-das-startups-como-fica-o-risco-e-tema-do-evento-virtual-de-abes-em-30-06\/#primaryimage"},"thumbnailUrl":"https:\/\/abes.org.br\/wp-content\/uploads\/2021\/06\/banner_30_06.jpg","datePublished":"2021-06-24T20:12:05+00:00","dateModified":"2021-06-30T17:11:52+00:00","breadcrumb":{"@id":"https:\/\/abes.org.br\/en\/marco-legal-das-startups-como-fica-o-risco-e-tema-do-evento-virtual-de-abes-em-30-06\/#breadcrumb"},"inLanguage":"en-US","potentialAction":[{"@type":"ReadAction","target":["https:\/\/abes.org.br\/en\/marco-legal-das-startups-como-fica-o-risco-e-tema-do-evento-virtual-de-abes-em-30-06\/"]}]},{"@type":"ImageObject","inLanguage":"en-US","@id":"https:\/\/abes.org.br\/en\/marco-legal-das-startups-como-fica-o-risco-e-tema-do-evento-virtual-de-abes-em-30-06\/#primaryimage","url":"https:\/\/abes.org.br\/wp-content\/uploads\/2021\/06\/banner_30_06.jpg","contentUrl":"https:\/\/abes.org.br\/wp-content\/uploads\/2021\/06\/banner_30_06.jpg","width":1200,"height":675},{"@type":"BreadcrumbList","@id":"https:\/\/abes.org.br\/en\/marco-legal-das-startups-como-fica-o-risco-e-tema-do-evento-virtual-de-abes-em-30-06\/#breadcrumb","itemListElement":[{"@type":"ListItem","position":1,"name":"In\u00edcio","item":"https:\/\/abes.org.br\/"},{"@type":"ListItem","position":2,"name":"&#8220;Marco Legal das Startups: como fica o risco?&#8221; \u00e9 tema do evento virtual de ABES em 30\/06"}]},{"@type":"WebSite","@id":"https:\/\/abes.org.br\/#website","url":"https:\/\/abes.org.br\/","name":"ABES","description":"Brazilian Association of Software Companies","publisher":{"@id":"https:\/\/abes.org.br\/#organization"},"potentialAction":[{"@type":"SearchAction","target":{"@type":"EntryPoint","urlTemplate":"https:\/\/abes.org.br\/?s={search_term_string}"},"query-input":{"@type":"PropertyValueSpecification","valueRequired":true,"valueName":"search_term_string"}}],"inLanguage":"en-US"},{"@type":"Organization","@id":"https:\/\/abes.org.br\/#organization","name":"Brazilian Association of Software Companies","url":"https:\/\/abes.org.br\/","logo":{"@type":"ImageObject","inLanguage":"en-US","@id":"https:\/\/abes.org.br\/#\/schema\/logo\/image\/","url":"https:\/\/abes.org.br\/wp-content\/uploads\/2020\/09\/logo_abes_marca_d_tagline_horizontal_verde-amarelo_cmyk.png","contentUrl":"https:\/\/abes.org.br\/wp-content\/uploads\/2020\/09\/logo_abes_marca_d_tagline_horizontal_verde-amarelo_cmyk.png","width":324,"height":70,"caption":"Associa\u00e7\u00e3o Brasileira das Empresas de Software"},"image":{"@id":"https:\/\/abes.org.br\/#\/schema\/logo\/image\/"},"sameAs":["https:\/\/www.facebook.com\/ABES.software","https:\/\/x.com\/ABES_SOFTWARE","https:\/\/www.linkedin.com\/company\/abes-software\/","https:\/\/www.instagram.com\/abes_software\/"]},{"@type":"Person","@id":"https:\/\/abes.org.br\/#\/schema\/person\/d65ed84c8883a123fe668129fd6a7ed3","name":"ABES Editor","image":{"@type":"ImageObject","inLanguage":"en-US","@id":"https:\/\/secure.gravatar.com\/avatar\/3b207abce016c5e2ad6bf38914af9ad16e277128bb9b06dabb05bc191f02d7fe?s=96&d=mm&r=g","url":"https:\/\/secure.gravatar.com\/avatar\/3b207abce016c5e2ad6bf38914af9ad16e277128bb9b06dabb05bc191f02d7fe?s=96&d=mm&r=g","contentUrl":"https:\/\/secure.gravatar.com\/avatar\/3b207abce016c5e2ad6bf38914af9ad16e277128bb9b06dabb05bc191f02d7fe?s=96&d=mm&r=g","caption":"Editor ABES"},"url":"https:\/\/abes.org.br\/en\/author\/editor-abes\/"}]}},"publishpress_future_action":{"enabled":false,"date":"2026-05-03 03:27:52","action":"change-status","newStatus":"draft","terms":[],"taxonomy":"category","extraData":[]},"publishpress_future_workflow_manual_trigger":{"enabledWorkflows":[]},"_links":{"self":[{"href":"https:\/\/abes.org.br\/en\/wp-json\/wp\/v2\/posts\/34681","targetHints":{"allow":["GET"]}}],"collection":[{"href":"https:\/\/abes.org.br\/en\/wp-json\/wp\/v2\/posts"}],"about":[{"href":"https:\/\/abes.org.br\/en\/wp-json\/wp\/v2\/types\/post"}],"author":[{"embeddable":true,"href":"https:\/\/abes.org.br\/en\/wp-json\/wp\/v2\/users\/10"}],"replies":[{"embeddable":true,"href":"https:\/\/abes.org.br\/en\/wp-json\/wp\/v2\/comments?post=34681"}],"version-history":[{"count":3,"href":"https:\/\/abes.org.br\/en\/wp-json\/wp\/v2\/posts\/34681\/revisions"}],"predecessor-version":[{"id":34727,"href":"https:\/\/abes.org.br\/en\/wp-json\/wp\/v2\/posts\/34681\/revisions\/34727"}],"wp:featuredmedia":[{"embeddable":true,"href":"https:\/\/abes.org.br\/en\/wp-json\/wp\/v2\/media\/34682"}],"wp:attachment":[{"href":"https:\/\/abes.org.br\/en\/wp-json\/wp\/v2\/media?parent=34681"}],"wp:term":[{"taxonomy":"category","embeddable":true,"href":"https:\/\/abes.org.br\/en\/wp-json\/wp\/v2\/categories?post=34681"},{"taxonomy":"post_tag","embeddable":true,"href":"https:\/\/abes.org.br\/en\/wp-json\/wp\/v2\/tags?post=34681"}],"curies":[{"name":"wp","href":"https:\/\/api.w.org\/{rel}","templated":true}]}}