{"id":33759,"date":"2021-06-21T12:34:27","date_gmt":"2021-06-21T15:34:27","guid":{"rendered":"https:\/\/abes.org.br\/?p=33759"},"modified":"2021-06-29T09:39:02","modified_gmt":"2021-06-29T12:39:02","slug":"anpd-divulga-datas-de-reunioes-com-especialistas-para-debater-relatorio-de-impacto-de-protecao-de-dados","status":"publish","type":"post","link":"https:\/\/abes.org.br\/en\/anpd-divulga-datas-de-reunioes-com-especialistas-para-debater-relatorio-de-impacto-de-protecao-de-dados\/","title":{"rendered":"ANPD releases dates of meetings with experts to discuss data protection impact report"},"content":{"rendered":"<p>The National Data Protection Authority (ANPD) makes public the schedule of technical meetings that take place within the scope of the regulatory process of the impact report on the protection of personal data. The matter is provided for in item 7 of the ANPD&#039;s Biannual Regulatory Agenda, under the terms of <a href=\"https:\/\/www.in.gov.br\/en\/web\/dou\/-\/portaria-n-11-de-27-de-janeiro-de-2021-301143313\">Ordinance No. 11<\/a>, of January 27, 2021.<\/p>\n<p>The technical meetings will take place on June 21, 23 and 25, 2021, at 10 am, and will be public and broadcast on the ANPD YouTube channel, with no prior registration required to watch.<\/p>\n<p>On May 25, the ANPD opened registration so that interested parties could contribute to the regulatory process and participate in technical meetings as exhibitors. A total of 543 applications were received within the deadline, and 12 names were selected, considering practical experience in data protection, experience with data protection impact reporting and academic training or production.<\/p>\n<p>Check below the list of selected exhibitors and the schedule for each day:<\/p>\n<p><strong>BLOCK 1 - Methodologies and Criteria for Preparation and Analysis of the Impact Report<\/strong><\/p>\n<p><img loading=\"lazy\" decoding=\"async\" class=\"alignnone size-full wp-image-33760\" src=\"https:\/\/abes.org.br\/wp-content\/uploads\/2021\/06\/tabela-1.jpg\" alt=\"\" width=\"793\" height=\"477\" srcset=\"https:\/\/abes.org.br\/wp-content\/uploads\/2021\/06\/tabela-1.jpg 793w, https:\/\/abes.org.br\/wp-content\/uploads\/2021\/06\/tabela-1-480x289.jpg 480w\" sizes=\"(min-width: 0px) and (max-width: 480px) 480px, (min-width: 481px) 793px, 100vw\" \/><\/p>\n<p><strong>BLOCK 2 - Situations\/circumstances that give rise to the need or waiver of preparing an Impact Report<\/strong><\/p>\n<p><img loading=\"lazy\" decoding=\"async\" class=\"alignnone size-full wp-image-33761\" src=\"https:\/\/abes.org.br\/wp-content\/uploads\/2021\/06\/tabela-2.jpg\" alt=\"\" width=\"797\" height=\"423\" srcset=\"https:\/\/abes.org.br\/wp-content\/uploads\/2021\/06\/tabela-2.jpg 797w, https:\/\/abes.org.br\/wp-content\/uploads\/2021\/06\/tabela-2-480x255.jpg 480w\" sizes=\"(min-width: 0px) and (max-width: 480px) 480px, (min-width: 481px) 797px, 100vw\" \/><\/p>\n<p><strong>BLOCK 3 - Transparency and publicity of Impact Reports for the public and private sectors<\/strong><\/p>\n<p><img loading=\"lazy\" decoding=\"async\" class=\"alignnone size-full wp-image-33762\" src=\"https:\/\/abes.org.br\/wp-content\/uploads\/2021\/06\/tabela-3.jpg\" alt=\"\" width=\"785\" height=\"480\" srcset=\"https:\/\/abes.org.br\/wp-content\/uploads\/2021\/06\/tabela-3.jpg 785w, https:\/\/abes.org.br\/wp-content\/uploads\/2021\/06\/tabela-3-480x294.jpg 480w\" sizes=\"(min-width: 0px) and (max-width: 480px) 480px, (min-width: 481px) 785px, 100vw\" \/><\/p>\n<p>It is noteworthy that the ANPD intends to organize other meetings of this nature throughout the regulatory agenda items regulation processes and that public consultation and public hearing on the impact report on the protection of personal data will still be organized.<\/p>\n<p>Exhibitors will have 15 minutes to present on topics previously established by the ANPD, and after the 4 exhibitions on each day, a debate will be held with ANPD employees.<\/p>\n<p>The following questions will be answered by all exhibitors in each block:<\/p>\n<p><img loading=\"lazy\" decoding=\"async\" class=\"alignnone size-full wp-image-33763\" src=\"https:\/\/abes.org.br\/wp-content\/uploads\/2021\/06\/bloco-1.jpg\" alt=\"\" width=\"873\" height=\"350\" srcset=\"https:\/\/abes.org.br\/wp-content\/uploads\/2021\/06\/bloco-1.jpg 873w, https:\/\/abes.org.br\/wp-content\/uploads\/2021\/06\/bloco-1-480x192.jpg 480w\" sizes=\"(min-width: 0px) and (max-width: 480px) 480px, (min-width: 481px) 873px, 100vw\" \/><\/p>\n<p><img loading=\"lazy\" decoding=\"async\" class=\"alignnone size-full wp-image-33764\" src=\"https:\/\/abes.org.br\/wp-content\/uploads\/2021\/06\/bloco-2.jpg\" alt=\"\" width=\"894\" height=\"346\" srcset=\"https:\/\/abes.org.br\/wp-content\/uploads\/2021\/06\/bloco-2.jpg 894w, https:\/\/abes.org.br\/wp-content\/uploads\/2021\/06\/bloco-2-480x186.jpg 480w\" sizes=\"(min-width: 0px) and (max-width: 480px) 480px, (min-width: 481px) 894px, 100vw\" \/><\/p>\n<p><img loading=\"lazy\" decoding=\"async\" class=\"alignnone size-full wp-image-33765\" src=\"https:\/\/abes.org.br\/wp-content\/uploads\/2021\/06\/bloco-3.jpg\" alt=\"\" width=\"883\" height=\"362\" srcset=\"https:\/\/abes.org.br\/wp-content\/uploads\/2021\/06\/bloco-3.jpg 883w, https:\/\/abes.org.br\/wp-content\/uploads\/2021\/06\/bloco-3-480x197.jpg 480w\" sizes=\"(min-width: 0px) and (max-width: 480px) 480px, (min-width: 481px) 883px, 100vw\" \/><\/p>","protected":false},"excerpt":{"rendered":"<p>A\u00a0 Autoridade Nacional de Prote\u00e7\u00e3o de Dados (ANPD) torna p\u00fablico o cronograma das reuni\u00f5es t\u00e9cnicas que acontecem no \u00e2mbito do processo de regulamenta\u00e7\u00e3o do relat\u00f3rio de impacto \u00e0 prote\u00e7\u00e3o de dados pessoais. O assunto est\u00e1 previsto no item 7 da Agenda Regulat\u00f3ria Bianual da ANPD, nos termos da Portaria n\u00ba 11, de 27 de janeiro [&hellip;]<\/p>\n","protected":false},"author":10,"featured_media":33766,"comment_status":"closed","ping_status":"closed","sticky":false,"template":"","format":"standard","meta":{"_acf_changed":false,"_et_pb_use_builder":"","_et_pb_old_content":"","_et_gb_content_width":"","footnotes":""},"categories":[39,19],"tags":[1657,83,91,831,1751],"class_list":["post-33759","post","type-post","status-publish","format-standard","has-post-thumbnail","hentry","category-coluna-4","category-ultimas-noticias","tag-autoridade-nacional-de-protecao-de-dados-anpd","tag-lgpd","tag-protecao-de-dados","tag-protecao-de-dados-pessoais","tag-reunioes-tecnicas"],"acf":[],"yoast_head":"<!-- This site is optimized with the Yoast SEO plugin v27.3 - https:\/\/yoast.com\/product\/yoast-seo-wordpress\/ -->\n<title>ANPD divulga datas de reuni\u00f5es com especialistas para debater relat\u00f3rio de impacto de prote\u00e7\u00e3o de dados - ABES<\/title>\n<meta name=\"robots\" content=\"index, follow, max-snippet:-1, max-image-preview:large, max-video-preview:-1\" \/>\n<link rel=\"canonical\" href=\"https:\/\/abes.org.br\/en\/anpd-divulga-datas-de-reunioes-com-especialistas-para-debater-relatorio-de-impacto-de-protecao-de-dados\/\" \/>\n<meta property=\"og:locale\" content=\"en_US\" \/>\n<meta property=\"og:type\" content=\"article\" \/>\n<meta property=\"og:title\" content=\"ANPD divulga datas de reuni\u00f5es com especialistas para debater relat\u00f3rio de impacto de prote\u00e7\u00e3o de dados - ABES\" \/>\n<meta property=\"og:description\" content=\"A\u00a0 Autoridade Nacional de Prote\u00e7\u00e3o de Dados (ANPD) torna p\u00fablico o cronograma das reuni\u00f5es t\u00e9cnicas que acontecem no \u00e2mbito do processo de regulamenta\u00e7\u00e3o do relat\u00f3rio de impacto \u00e0 prote\u00e7\u00e3o de dados pessoais. O assunto est\u00e1 previsto no item 7 da Agenda Regulat\u00f3ria Bianual da ANPD, nos termos da Portaria n\u00ba 11, de 27 de janeiro [&hellip;]\" \/>\n<meta property=\"og:url\" content=\"https:\/\/abes.org.br\/en\/anpd-divulga-datas-de-reunioes-com-especialistas-para-debater-relatorio-de-impacto-de-protecao-de-dados\/\" \/>\n<meta property=\"og:site_name\" content=\"ABES\" \/>\n<meta property=\"article:publisher\" content=\"https:\/\/www.facebook.com\/ABES.software\" \/>\n<meta property=\"article:published_time\" content=\"2021-06-21T15:34:27+00:00\" \/>\n<meta property=\"article:modified_time\" content=\"2021-06-29T12:39:02+00:00\" \/>\n<meta property=\"og:image\" content=\"https:\/\/abes.org.br\/wp-content\/uploads\/2021\/06\/b2858228-5408-4161-8343-36cebb20883b.jpeg\" \/>\n\t<meta property=\"og:image:width\" content=\"570\" \/>\n\t<meta property=\"og:image:height\" content=\"307\" \/>\n\t<meta property=\"og:image:type\" content=\"image\/jpeg\" \/>\n<meta name=\"author\" content=\"Editor ABES\" \/>\n<meta name=\"twitter:card\" content=\"summary_large_image\" \/>\n<meta name=\"twitter:creator\" content=\"@ABES_SOFTWARE\" \/>\n<meta name=\"twitter:site\" content=\"@ABES_SOFTWARE\" \/>\n<meta name=\"twitter:label1\" content=\"Written by\" \/>\n\t<meta name=\"twitter:data1\" content=\"Editor ABES\" \/>\n\t<meta name=\"twitter:label2\" content=\"Est. reading time\" \/>\n\t<meta name=\"twitter:data2\" content=\"2 minutes\" \/>\n<script type=\"application\/ld+json\" class=\"yoast-schema-graph\">{\"@context\":\"https:\\\/\\\/schema.org\",\"@graph\":[{\"@type\":\"Article\",\"@id\":\"https:\\\/\\\/abes.org.br\\\/anpd-divulga-datas-de-reunioes-com-especialistas-para-debater-relatorio-de-impacto-de-protecao-de-dados\\\/#article\",\"isPartOf\":{\"@id\":\"https:\\\/\\\/abes.org.br\\\/anpd-divulga-datas-de-reunioes-com-especialistas-para-debater-relatorio-de-impacto-de-protecao-de-dados\\\/\"},\"author\":{\"name\":\"Editor ABES\",\"@id\":\"https:\\\/\\\/abes.org.br\\\/#\\\/schema\\\/person\\\/d65ed84c8883a123fe668129fd6a7ed3\"},\"headline\":\"ANPD divulga datas de reuni\u00f5es com especialistas para debater relat\u00f3rio de impacto de prote\u00e7\u00e3o de dados\",\"datePublished\":\"2021-06-21T15:34:27+00:00\",\"dateModified\":\"2021-06-29T12:39:02+00:00\",\"mainEntityOfPage\":{\"@id\":\"https:\\\/\\\/abes.org.br\\\/anpd-divulga-datas-de-reunioes-com-especialistas-para-debater-relatorio-de-impacto-de-protecao-de-dados\\\/\"},\"wordCount\":359,\"publisher\":{\"@id\":\"https:\\\/\\\/abes.org.br\\\/#organization\"},\"image\":{\"@id\":\"https:\\\/\\\/abes.org.br\\\/anpd-divulga-datas-de-reunioes-com-especialistas-para-debater-relatorio-de-impacto-de-protecao-de-dados\\\/#primaryimage\"},\"thumbnailUrl\":\"https:\\\/\\\/abes.org.br\\\/wp-content\\\/uploads\\\/2021\\\/06\\\/b2858228-5408-4161-8343-36cebb20883b.jpeg\",\"keywords\":[\"Autoridade Nacional de Prote\u00e7\u00e3o de Dados (ANPD)\",\"LGPD\",\"prote\u00e7\u00e3o de dados\",\"Prote\u00e7\u00e3o de Dados Pessoais\",\"reuni\u00f5es t\u00e9cnicas\"],\"articleSection\":[\"-Coluna 4\",\"\u00daltimas not\u00edcias\"],\"inLanguage\":\"en-US\"},{\"@type\":\"WebPage\",\"@id\":\"https:\\\/\\\/abes.org.br\\\/anpd-divulga-datas-de-reunioes-com-especialistas-para-debater-relatorio-de-impacto-de-protecao-de-dados\\\/\",\"url\":\"https:\\\/\\\/abes.org.br\\\/anpd-divulga-datas-de-reunioes-com-especialistas-para-debater-relatorio-de-impacto-de-protecao-de-dados\\\/\",\"name\":\"ANPD divulga datas de reuni\u00f5es com especialistas para debater relat\u00f3rio de impacto de prote\u00e7\u00e3o de dados - ABES\",\"isPartOf\":{\"@id\":\"https:\\\/\\\/abes.org.br\\\/#website\"},\"primaryImageOfPage\":{\"@id\":\"https:\\\/\\\/abes.org.br\\\/anpd-divulga-datas-de-reunioes-com-especialistas-para-debater-relatorio-de-impacto-de-protecao-de-dados\\\/#primaryimage\"},\"image\":{\"@id\":\"https:\\\/\\\/abes.org.br\\\/anpd-divulga-datas-de-reunioes-com-especialistas-para-debater-relatorio-de-impacto-de-protecao-de-dados\\\/#primaryimage\"},\"thumbnailUrl\":\"https:\\\/\\\/abes.org.br\\\/wp-content\\\/uploads\\\/2021\\\/06\\\/b2858228-5408-4161-8343-36cebb20883b.jpeg\",\"datePublished\":\"2021-06-21T15:34:27+00:00\",\"dateModified\":\"2021-06-29T12:39:02+00:00\",\"breadcrumb\":{\"@id\":\"https:\\\/\\\/abes.org.br\\\/anpd-divulga-datas-de-reunioes-com-especialistas-para-debater-relatorio-de-impacto-de-protecao-de-dados\\\/#breadcrumb\"},\"inLanguage\":\"en-US\",\"potentialAction\":[{\"@type\":\"ReadAction\",\"target\":[\"https:\\\/\\\/abes.org.br\\\/anpd-divulga-datas-de-reunioes-com-especialistas-para-debater-relatorio-de-impacto-de-protecao-de-dados\\\/\"]}]},{\"@type\":\"ImageObject\",\"inLanguage\":\"en-US\",\"@id\":\"https:\\\/\\\/abes.org.br\\\/anpd-divulga-datas-de-reunioes-com-especialistas-para-debater-relatorio-de-impacto-de-protecao-de-dados\\\/#primaryimage\",\"url\":\"https:\\\/\\\/abes.org.br\\\/wp-content\\\/uploads\\\/2021\\\/06\\\/b2858228-5408-4161-8343-36cebb20883b.jpeg\",\"contentUrl\":\"https:\\\/\\\/abes.org.br\\\/wp-content\\\/uploads\\\/2021\\\/06\\\/b2858228-5408-4161-8343-36cebb20883b.jpeg\",\"width\":570,\"height\":307},{\"@type\":\"BreadcrumbList\",\"@id\":\"https:\\\/\\\/abes.org.br\\\/anpd-divulga-datas-de-reunioes-com-especialistas-para-debater-relatorio-de-impacto-de-protecao-de-dados\\\/#breadcrumb\",\"itemListElement\":[{\"@type\":\"ListItem\",\"position\":1,\"name\":\"In\u00edcio\",\"item\":\"https:\\\/\\\/abes.org.br\\\/\"},{\"@type\":\"ListItem\",\"position\":2,\"name\":\"ANPD divulga datas de reuni\u00f5es com especialistas para debater relat\u00f3rio de impacto de prote\u00e7\u00e3o de dados\"}]},{\"@type\":\"WebSite\",\"@id\":\"https:\\\/\\\/abes.org.br\\\/#website\",\"url\":\"https:\\\/\\\/abes.org.br\\\/\",\"name\":\"ABES\",\"description\":\"Associa\u00e7\u00e3o Brasileira das Empresas de Software\",\"publisher\":{\"@id\":\"https:\\\/\\\/abes.org.br\\\/#organization\"},\"potentialAction\":[{\"@type\":\"SearchAction\",\"target\":{\"@type\":\"EntryPoint\",\"urlTemplate\":\"https:\\\/\\\/abes.org.br\\\/?s={search_term_string}\"},\"query-input\":{\"@type\":\"PropertyValueSpecification\",\"valueRequired\":true,\"valueName\":\"search_term_string\"}}],\"inLanguage\":\"en-US\"},{\"@type\":\"Organization\",\"@id\":\"https:\\\/\\\/abes.org.br\\\/#organization\",\"name\":\"Associa\u00e7\u00e3o Brasileira das Empresas de Software\",\"url\":\"https:\\\/\\\/abes.org.br\\\/\",\"logo\":{\"@type\":\"ImageObject\",\"inLanguage\":\"en-US\",\"@id\":\"https:\\\/\\\/abes.org.br\\\/#\\\/schema\\\/logo\\\/image\\\/\",\"url\":\"https:\\\/\\\/abes.org.br\\\/wp-content\\\/uploads\\\/2020\\\/09\\\/logo_abes_marca_d_tagline_horizontal_verde-amarelo_cmyk.png\",\"contentUrl\":\"https:\\\/\\\/abes.org.br\\\/wp-content\\\/uploads\\\/2020\\\/09\\\/logo_abes_marca_d_tagline_horizontal_verde-amarelo_cmyk.png\",\"width\":324,\"height\":70,\"caption\":\"Associa\u00e7\u00e3o Brasileira das Empresas de Software\"},\"image\":{\"@id\":\"https:\\\/\\\/abes.org.br\\\/#\\\/schema\\\/logo\\\/image\\\/\"},\"sameAs\":[\"https:\\\/\\\/www.facebook.com\\\/ABES.software\",\"https:\\\/\\\/x.com\\\/ABES_SOFTWARE\",\"https:\\\/\\\/www.linkedin.com\\\/company\\\/abes-software\\\/\",\"https:\\\/\\\/www.instagram.com\\\/abes_software\\\/\"]},{\"@type\":\"Person\",\"@id\":\"https:\\\/\\\/abes.org.br\\\/#\\\/schema\\\/person\\\/d65ed84c8883a123fe668129fd6a7ed3\",\"name\":\"Editor ABES\",\"image\":{\"@type\":\"ImageObject\",\"inLanguage\":\"en-US\",\"@id\":\"https:\\\/\\\/secure.gravatar.com\\\/avatar\\\/3b207abce016c5e2ad6bf38914af9ad16e277128bb9b06dabb05bc191f02d7fe?s=96&d=mm&r=g\",\"url\":\"https:\\\/\\\/secure.gravatar.com\\\/avatar\\\/3b207abce016c5e2ad6bf38914af9ad16e277128bb9b06dabb05bc191f02d7fe?s=96&d=mm&r=g\",\"contentUrl\":\"https:\\\/\\\/secure.gravatar.com\\\/avatar\\\/3b207abce016c5e2ad6bf38914af9ad16e277128bb9b06dabb05bc191f02d7fe?s=96&d=mm&r=g\",\"caption\":\"Editor ABES\"},\"url\":\"https:\\\/\\\/abes.org.br\\\/en\\\/author\\\/editor-abes\\\/\"}]}<\/script>\n<!-- \/ Yoast SEO plugin. -->","yoast_head_json":{"title":"ANPD divulga datas de reuni\u00f5es com especialistas para debater relat\u00f3rio de impacto de prote\u00e7\u00e3o de dados - ABES","robots":{"index":"index","follow":"follow","max-snippet":"max-snippet:-1","max-image-preview":"max-image-preview:large","max-video-preview":"max-video-preview:-1"},"canonical":"https:\/\/abes.org.br\/en\/anpd-divulga-datas-de-reunioes-com-especialistas-para-debater-relatorio-de-impacto-de-protecao-de-dados\/","og_locale":"en_US","og_type":"article","og_title":"ANPD divulga datas de reuni\u00f5es com especialistas para debater relat\u00f3rio de impacto de prote\u00e7\u00e3o de dados - ABES","og_description":"A\u00a0 Autoridade Nacional de Prote\u00e7\u00e3o de Dados (ANPD) torna p\u00fablico o cronograma das reuni\u00f5es t\u00e9cnicas que acontecem no \u00e2mbito do processo de regulamenta\u00e7\u00e3o do relat\u00f3rio de impacto \u00e0 prote\u00e7\u00e3o de dados pessoais. O assunto est\u00e1 previsto no item 7 da Agenda Regulat\u00f3ria Bianual da ANPD, nos termos da Portaria n\u00ba 11, de 27 de janeiro [&hellip;]","og_url":"https:\/\/abes.org.br\/en\/anpd-divulga-datas-de-reunioes-com-especialistas-para-debater-relatorio-de-impacto-de-protecao-de-dados\/","og_site_name":"ABES","article_publisher":"https:\/\/www.facebook.com\/ABES.software","article_published_time":"2021-06-21T15:34:27+00:00","article_modified_time":"2021-06-29T12:39:02+00:00","og_image":[{"width":570,"height":307,"url":"https:\/\/abes.org.br\/wp-content\/uploads\/2021\/06\/b2858228-5408-4161-8343-36cebb20883b.jpeg","type":"image\/jpeg"}],"author":"Editor ABES","twitter_card":"summary_large_image","twitter_creator":"@ABES_SOFTWARE","twitter_site":"@ABES_SOFTWARE","twitter_misc":{"Written by":"Editor ABES","Est. reading time":"2 minutes"},"schema":{"@context":"https:\/\/schema.org","@graph":[{"@type":"Article","@id":"https:\/\/abes.org.br\/anpd-divulga-datas-de-reunioes-com-especialistas-para-debater-relatorio-de-impacto-de-protecao-de-dados\/#article","isPartOf":{"@id":"https:\/\/abes.org.br\/anpd-divulga-datas-de-reunioes-com-especialistas-para-debater-relatorio-de-impacto-de-protecao-de-dados\/"},"author":{"name":"Editor ABES","@id":"https:\/\/abes.org.br\/#\/schema\/person\/d65ed84c8883a123fe668129fd6a7ed3"},"headline":"ANPD divulga datas de reuni\u00f5es com especialistas para debater relat\u00f3rio de impacto de prote\u00e7\u00e3o de dados","datePublished":"2021-06-21T15:34:27+00:00","dateModified":"2021-06-29T12:39:02+00:00","mainEntityOfPage":{"@id":"https:\/\/abes.org.br\/anpd-divulga-datas-de-reunioes-com-especialistas-para-debater-relatorio-de-impacto-de-protecao-de-dados\/"},"wordCount":359,"publisher":{"@id":"https:\/\/abes.org.br\/#organization"},"image":{"@id":"https:\/\/abes.org.br\/anpd-divulga-datas-de-reunioes-com-especialistas-para-debater-relatorio-de-impacto-de-protecao-de-dados\/#primaryimage"},"thumbnailUrl":"https:\/\/abes.org.br\/wp-content\/uploads\/2021\/06\/b2858228-5408-4161-8343-36cebb20883b.jpeg","keywords":["Autoridade Nacional de Prote\u00e7\u00e3o de Dados (ANPD)","LGPD","prote\u00e7\u00e3o de dados","Prote\u00e7\u00e3o de Dados Pessoais","reuni\u00f5es t\u00e9cnicas"],"articleSection":["-Coluna 4","\u00daltimas not\u00edcias"],"inLanguage":"en-US"},{"@type":"WebPage","@id":"https:\/\/abes.org.br\/anpd-divulga-datas-de-reunioes-com-especialistas-para-debater-relatorio-de-impacto-de-protecao-de-dados\/","url":"https:\/\/abes.org.br\/anpd-divulga-datas-de-reunioes-com-especialistas-para-debater-relatorio-de-impacto-de-protecao-de-dados\/","name":"ANPD divulga datas de reuni\u00f5es com especialistas para debater relat\u00f3rio de impacto de prote\u00e7\u00e3o de dados - ABES","isPartOf":{"@id":"https:\/\/abes.org.br\/#website"},"primaryImageOfPage":{"@id":"https:\/\/abes.org.br\/anpd-divulga-datas-de-reunioes-com-especialistas-para-debater-relatorio-de-impacto-de-protecao-de-dados\/#primaryimage"},"image":{"@id":"https:\/\/abes.org.br\/anpd-divulga-datas-de-reunioes-com-especialistas-para-debater-relatorio-de-impacto-de-protecao-de-dados\/#primaryimage"},"thumbnailUrl":"https:\/\/abes.org.br\/wp-content\/uploads\/2021\/06\/b2858228-5408-4161-8343-36cebb20883b.jpeg","datePublished":"2021-06-21T15:34:27+00:00","dateModified":"2021-06-29T12:39:02+00:00","breadcrumb":{"@id":"https:\/\/abes.org.br\/anpd-divulga-datas-de-reunioes-com-especialistas-para-debater-relatorio-de-impacto-de-protecao-de-dados\/#breadcrumb"},"inLanguage":"en-US","potentialAction":[{"@type":"ReadAction","target":["https:\/\/abes.org.br\/anpd-divulga-datas-de-reunioes-com-especialistas-para-debater-relatorio-de-impacto-de-protecao-de-dados\/"]}]},{"@type":"ImageObject","inLanguage":"en-US","@id":"https:\/\/abes.org.br\/anpd-divulga-datas-de-reunioes-com-especialistas-para-debater-relatorio-de-impacto-de-protecao-de-dados\/#primaryimage","url":"https:\/\/abes.org.br\/wp-content\/uploads\/2021\/06\/b2858228-5408-4161-8343-36cebb20883b.jpeg","contentUrl":"https:\/\/abes.org.br\/wp-content\/uploads\/2021\/06\/b2858228-5408-4161-8343-36cebb20883b.jpeg","width":570,"height":307},{"@type":"BreadcrumbList","@id":"https:\/\/abes.org.br\/anpd-divulga-datas-de-reunioes-com-especialistas-para-debater-relatorio-de-impacto-de-protecao-de-dados\/#breadcrumb","itemListElement":[{"@type":"ListItem","position":1,"name":"In\u00edcio","item":"https:\/\/abes.org.br\/"},{"@type":"ListItem","position":2,"name":"ANPD divulga datas de reuni\u00f5es com especialistas para debater relat\u00f3rio de impacto de prote\u00e7\u00e3o de dados"}]},{"@type":"WebSite","@id":"https:\/\/abes.org.br\/#website","url":"https:\/\/abes.org.br\/","name":"ABES","description":"Brazilian Association of Software Companies","publisher":{"@id":"https:\/\/abes.org.br\/#organization"},"potentialAction":[{"@type":"SearchAction","target":{"@type":"EntryPoint","urlTemplate":"https:\/\/abes.org.br\/?s={search_term_string}"},"query-input":{"@type":"PropertyValueSpecification","valueRequired":true,"valueName":"search_term_string"}}],"inLanguage":"en-US"},{"@type":"Organization","@id":"https:\/\/abes.org.br\/#organization","name":"Brazilian Association of Software Companies","url":"https:\/\/abes.org.br\/","logo":{"@type":"ImageObject","inLanguage":"en-US","@id":"https:\/\/abes.org.br\/#\/schema\/logo\/image\/","url":"https:\/\/abes.org.br\/wp-content\/uploads\/2020\/09\/logo_abes_marca_d_tagline_horizontal_verde-amarelo_cmyk.png","contentUrl":"https:\/\/abes.org.br\/wp-content\/uploads\/2020\/09\/logo_abes_marca_d_tagline_horizontal_verde-amarelo_cmyk.png","width":324,"height":70,"caption":"Associa\u00e7\u00e3o Brasileira das Empresas de Software"},"image":{"@id":"https:\/\/abes.org.br\/#\/schema\/logo\/image\/"},"sameAs":["https:\/\/www.facebook.com\/ABES.software","https:\/\/x.com\/ABES_SOFTWARE","https:\/\/www.linkedin.com\/company\/abes-software\/","https:\/\/www.instagram.com\/abes_software\/"]},{"@type":"Person","@id":"https:\/\/abes.org.br\/#\/schema\/person\/d65ed84c8883a123fe668129fd6a7ed3","name":"ABES Editor","image":{"@type":"ImageObject","inLanguage":"en-US","@id":"https:\/\/secure.gravatar.com\/avatar\/3b207abce016c5e2ad6bf38914af9ad16e277128bb9b06dabb05bc191f02d7fe?s=96&d=mm&r=g","url":"https:\/\/secure.gravatar.com\/avatar\/3b207abce016c5e2ad6bf38914af9ad16e277128bb9b06dabb05bc191f02d7fe?s=96&d=mm&r=g","contentUrl":"https:\/\/secure.gravatar.com\/avatar\/3b207abce016c5e2ad6bf38914af9ad16e277128bb9b06dabb05bc191f02d7fe?s=96&d=mm&r=g","caption":"Editor ABES"},"url":"https:\/\/abes.org.br\/en\/author\/editor-abes\/"}]}},"publishpress_future_action":{"enabled":false,"date":"2026-05-03 04:57:14","action":"change-status","newStatus":"draft","terms":[],"taxonomy":"category","extraData":[]},"publishpress_future_workflow_manual_trigger":{"enabledWorkflows":[]},"_links":{"self":[{"href":"https:\/\/abes.org.br\/en\/wp-json\/wp\/v2\/posts\/33759","targetHints":{"allow":["GET"]}}],"collection":[{"href":"https:\/\/abes.org.br\/en\/wp-json\/wp\/v2\/posts"}],"about":[{"href":"https:\/\/abes.org.br\/en\/wp-json\/wp\/v2\/types\/post"}],"author":[{"embeddable":true,"href":"https:\/\/abes.org.br\/en\/wp-json\/wp\/v2\/users\/10"}],"replies":[{"embeddable":true,"href":"https:\/\/abes.org.br\/en\/wp-json\/wp\/v2\/comments?post=33759"}],"version-history":[{"count":1,"href":"https:\/\/abes.org.br\/en\/wp-json\/wp\/v2\/posts\/33759\/revisions"}],"predecessor-version":[{"id":33767,"href":"https:\/\/abes.org.br\/en\/wp-json\/wp\/v2\/posts\/33759\/revisions\/33767"}],"wp:featuredmedia":[{"embeddable":true,"href":"https:\/\/abes.org.br\/en\/wp-json\/wp\/v2\/media\/33766"}],"wp:attachment":[{"href":"https:\/\/abes.org.br\/en\/wp-json\/wp\/v2\/media?parent=33759"}],"wp:term":[{"taxonomy":"category","embeddable":true,"href":"https:\/\/abes.org.br\/en\/wp-json\/wp\/v2\/categories?post=33759"},{"taxonomy":"post_tag","embeddable":true,"href":"https:\/\/abes.org.br\/en\/wp-json\/wp\/v2\/tags?post=33759"}],"curies":[{"name":"wp","href":"https:\/\/api.w.org\/{rel}","templated":true}]}}