{"id":33682,"date":"2021-06-17T14:31:17","date_gmt":"2021-06-17T17:31:17","guid":{"rendered":"https:\/\/abes.org.br\/?p=33682"},"modified":"2021-06-16T09:16:02","modified_gmt":"2021-06-16T12:16:02","slug":"totvs-anuncia-abertura-de-300-vagas-para-profissionais-de-ti-e-outras-areas","status":"publish","type":"post","link":"https:\/\/abes.org.br\/en\/totvs-anuncia-abertura-de-300-vagas-para-profissionais-de-ti-e-outras-areas\/","title":{"rendered":"TOTVS announces opening of 300 vacancies for IT professionals and other areas"},"content":{"rendered":"<p><i>The company also foresees the opening of another 270 vacancies in the coming months\u00a0<\/i><\/p>\n<p style=\"font-weight: 400\">TOTVS, the largest technology company in Brazil that offers solutions to increase business productivity, announces the opening of 300 job opportunities. Of the vacancies, 200 are aimed at Information Technology professionals and another 100 are divided between the commercial and corporate areas.<\/p>\n<p style=\"font-weight: 400\">Most of the available positions are aimed at technology professionals of different levels and areas of knowledge, such as software development, infrastructure, data science and agility, but there are also opportunities in the areas of marketing, HR, support, business prospecting, sales and UX (User Experience).<\/p>\n<p style=\"font-weight: 400\">In this first moment, the company will carry out all the interviews, as well as receive new employees online, with the right to remotely and live integration with colleagues. Face-to-face activities in offices should gradually return.<\/p>\n<p style=\"font-weight: 400\">\u201cIn our selections, professionals who constantly seek knowledge stand out, who work collaboratively, visualize and anticipate the needs in their deliveries, focused on the client&#039;s success and productivity. It is important to know how to identify opportunities to add value to the business of the companies we serve. And in view of this scenario of constant innovation and adaptation, being a protagonist in the work environment is also super important for us\u201d, comments Izabel Branco, vice president of Human Relations at TOTVS.<\/p>\n<p>Information about each of the vacancies, as well as registration, must be made through the website:\u00a0<u><a href=\"https:\/\/na01.safelinks.protection.outlook.com\/?url=https%3A%2F%2Ftotvs.gupy.io%2F&amp;data=04%7C01%7C%7C941f0d56d80e4e9cd6ae08d9302d9ab3%7C84df9e7fe9f640afb435aaaaaaaaaaaa%7C1%7C0%7C637593794689043105%7CUnknown%7CTWFpbGZsb3d8eyJWIjoiMC4wLjAwMDAiLCJQIjoiV2luMzIiLCJBTiI6Ik1haWwiLCJXVCI6Mn0%3D%7C1000&amp;sdata=4aZ%2FPpyZE87S8jc405uzZ%2ButZbHcN%2BwFi14o7ZIF1To%3D&amp;reserved=0\" target=\"_blank\" rel=\"noopener noreferrer\" data-saferedirecturl=\"https:\/\/www.google.com\/url?q=https:\/\/na01.safelinks.protection.outlook.com\/?url%3Dhttps%253A%252F%252Ftotvs.gupy.io%252F%26data%3D04%257C01%257C%257C941f0d56d80e4e9cd6ae08d9302d9ab3%257C84df9e7fe9f640afb435aaaaaaaaaaaa%257C1%257C0%257C637593794689043105%257CUnknown%257CTWFpbGZsb3d8eyJWIjoiMC4wLjAwMDAiLCJQIjoiV2luMzIiLCJBTiI6Ik1haWwiLCJXVCI6Mn0%253D%257C1000%26sdata%3D4aZ%252FPpyZE87S8jc405uzZ%252ButZbHcN%252BwFi14o7ZIF1To%253D%26reserved%3D0&amp;source=gmail&amp;ust=1623925656572000&amp;usg=AFQjCNH7esmbUvEhz6o7jkdiSpL_tO9tNA\">https:\/\/totvs.gupy.io\/<\/a><\/u><\/p>","protected":false},"excerpt":{"rendered":"<p>Companhia prev\u00ea ainda a abertura de outras 270 vagas nos pr\u00f3ximos meses\u00a0 A TOTVS, maior empresa de tecnologia do Brasil que oferece solu\u00e7\u00f5es para aumentar a produtividade dos neg\u00f3cios, anuncia a abertura de 300 oportunidades de emprego. Das vagas, 200 s\u00e3o voltadas para profissionais de Tecnologia da Informa\u00e7\u00e3o e outras 100 divididas entre as \u00e1reas [&hellip;]<\/p>\n","protected":false},"author":10,"featured_media":0,"comment_status":"closed","ping_status":"closed","sticky":false,"template":"","format":"standard","meta":{"_acf_changed":false,"_et_pb_use_builder":"","_et_pb_old_content":"","_et_gb_content_width":"","footnotes":""},"categories":[39,19],"tags":[1747,1383,1746,1468,813,794],"class_list":["post-33682","post","type-post","status-publish","format-standard","hentry","category-coluna-4","category-ultimas-noticias","tag-1747","tag-desenvolvimento-de-software","tag-emprego-em-tecnologia","tag-profissionais-de-ti","tag-totvs","tag-vagas-de-emprego"],"acf":[],"yoast_head":"<!-- This site is optimized with the Yoast SEO plugin v27.3 - https:\/\/yoast.com\/product\/yoast-seo-wordpress\/ -->\n<title>TOTVS anuncia abertura de 300 vagas para profissionais de TI e outras \u00e1reas - ABES<\/title>\n<meta name=\"robots\" content=\"index, follow, max-snippet:-1, max-image-preview:large, max-video-preview:-1\" \/>\n<link rel=\"canonical\" href=\"https:\/\/abes.org.br\/en\/totvs-anuncia-abertura-de-300-vagas-para-profissionais-de-ti-e-outras-areas\/\" \/>\n<meta property=\"og:locale\" content=\"en_US\" \/>\n<meta property=\"og:type\" content=\"article\" \/>\n<meta property=\"og:title\" content=\"TOTVS anuncia abertura de 300 vagas para profissionais de TI e outras \u00e1reas - ABES\" \/>\n<meta property=\"og:description\" content=\"Companhia prev\u00ea ainda a abertura de outras 270 vagas nos pr\u00f3ximos meses\u00a0 A TOTVS, maior empresa de tecnologia do Brasil que oferece solu\u00e7\u00f5es para aumentar a produtividade dos neg\u00f3cios, anuncia a abertura de 300 oportunidades de emprego. Das vagas, 200 s\u00e3o voltadas para profissionais de Tecnologia da Informa\u00e7\u00e3o e outras 100 divididas entre as \u00e1reas [&hellip;]\" \/>\n<meta property=\"og:url\" content=\"https:\/\/abes.org.br\/en\/totvs-anuncia-abertura-de-300-vagas-para-profissionais-de-ti-e-outras-areas\/\" \/>\n<meta property=\"og:site_name\" content=\"ABES\" \/>\n<meta property=\"article:publisher\" content=\"https:\/\/www.facebook.com\/ABES.software\" \/>\n<meta property=\"article:published_time\" content=\"2021-06-17T17:31:17+00:00\" \/>\n<meta property=\"og:image\" content=\"https:\/\/abes.org.br\/wp-content\/uploads\/2021\/01\/logo_abes_marca_tagline_horizontal_colorido_rgb.png\" \/>\n\t<meta property=\"og:image:width\" content=\"3509\" \/>\n\t<meta property=\"og:image:height\" content=\"2482\" \/>\n\t<meta property=\"og:image:type\" content=\"image\/png\" \/>\n<meta name=\"author\" content=\"Editor ABES\" \/>\n<meta name=\"twitter:card\" content=\"summary_large_image\" \/>\n<meta name=\"twitter:creator\" content=\"@ABES_SOFTWARE\" \/>\n<meta name=\"twitter:site\" content=\"@ABES_SOFTWARE\" \/>\n<meta name=\"twitter:label1\" content=\"Written by\" \/>\n\t<meta name=\"twitter:data1\" content=\"Editor ABES\" \/>\n\t<meta name=\"twitter:label2\" content=\"Est. reading time\" \/>\n\t<meta name=\"twitter:data2\" content=\"1 minute\" \/>\n<script type=\"application\/ld+json\" class=\"yoast-schema-graph\">{\"@context\":\"https:\\\/\\\/schema.org\",\"@graph\":[{\"@type\":\"Article\",\"@id\":\"https:\\\/\\\/abes.org.br\\\/en\\\/totvs-anuncia-abertura-de-300-vagas-para-profissionais-de-ti-e-outras-areas\\\/#article\",\"isPartOf\":{\"@id\":\"https:\\\/\\\/abes.org.br\\\/en\\\/totvs-anuncia-abertura-de-300-vagas-para-profissionais-de-ti-e-outras-areas\\\/\"},\"author\":{\"name\":\"Editor ABES\",\"@id\":\"https:\\\/\\\/abes.org.br\\\/#\\\/schema\\\/person\\\/d65ed84c8883a123fe668129fd6a7ed3\"},\"headline\":\"TOTVS anuncia abertura de 300 vagas para profissionais de TI e outras \u00e1reas\",\"datePublished\":\"2021-06-17T17:31:17+00:00\",\"mainEntityOfPage\":{\"@id\":\"https:\\\/\\\/abes.org.br\\\/en\\\/totvs-anuncia-abertura-de-300-vagas-para-profissionais-de-ti-e-outras-areas\\\/\"},\"wordCount\":275,\"publisher\":{\"@id\":\"https:\\\/\\\/abes.org.br\\\/#organization\"},\"keywords\":[\"]\",\"desenvolvimento de software\",\"emprego em tecnologia\",\"profissionais de TI\",\"TOTVS\",\"Vagas de emprego\"],\"articleSection\":[\"-Coluna 4\",\"\u00daltimas not\u00edcias\"],\"inLanguage\":\"en-US\"},{\"@type\":\"WebPage\",\"@id\":\"https:\\\/\\\/abes.org.br\\\/en\\\/totvs-anuncia-abertura-de-300-vagas-para-profissionais-de-ti-e-outras-areas\\\/\",\"url\":\"https:\\\/\\\/abes.org.br\\\/en\\\/totvs-anuncia-abertura-de-300-vagas-para-profissionais-de-ti-e-outras-areas\\\/\",\"name\":\"TOTVS anuncia abertura de 300 vagas para profissionais de TI e outras \u00e1reas - ABES\",\"isPartOf\":{\"@id\":\"https:\\\/\\\/abes.org.br\\\/#website\"},\"datePublished\":\"2021-06-17T17:31:17+00:00\",\"breadcrumb\":{\"@id\":\"https:\\\/\\\/abes.org.br\\\/en\\\/totvs-anuncia-abertura-de-300-vagas-para-profissionais-de-ti-e-outras-areas\\\/#breadcrumb\"},\"inLanguage\":\"en-US\",\"potentialAction\":[{\"@type\":\"ReadAction\",\"target\":[\"https:\\\/\\\/abes.org.br\\\/en\\\/totvs-anuncia-abertura-de-300-vagas-para-profissionais-de-ti-e-outras-areas\\\/\"]}]},{\"@type\":\"BreadcrumbList\",\"@id\":\"https:\\\/\\\/abes.org.br\\\/en\\\/totvs-anuncia-abertura-de-300-vagas-para-profissionais-de-ti-e-outras-areas\\\/#breadcrumb\",\"itemListElement\":[{\"@type\":\"ListItem\",\"position\":1,\"name\":\"In\u00edcio\",\"item\":\"https:\\\/\\\/abes.org.br\\\/\"},{\"@type\":\"ListItem\",\"position\":2,\"name\":\"TOTVS anuncia abertura de 300 vagas para profissionais de TI e outras \u00e1reas\"}]},{\"@type\":\"WebSite\",\"@id\":\"https:\\\/\\\/abes.org.br\\\/#website\",\"url\":\"https:\\\/\\\/abes.org.br\\\/\",\"name\":\"ABES\",\"description\":\"Associa\u00e7\u00e3o Brasileira das Empresas de Software\",\"publisher\":{\"@id\":\"https:\\\/\\\/abes.org.br\\\/#organization\"},\"potentialAction\":[{\"@type\":\"SearchAction\",\"target\":{\"@type\":\"EntryPoint\",\"urlTemplate\":\"https:\\\/\\\/abes.org.br\\\/?s={search_term_string}\"},\"query-input\":{\"@type\":\"PropertyValueSpecification\",\"valueRequired\":true,\"valueName\":\"search_term_string\"}}],\"inLanguage\":\"en-US\"},{\"@type\":\"Organization\",\"@id\":\"https:\\\/\\\/abes.org.br\\\/#organization\",\"name\":\"Associa\u00e7\u00e3o Brasileira das Empresas de Software\",\"url\":\"https:\\\/\\\/abes.org.br\\\/\",\"logo\":{\"@type\":\"ImageObject\",\"inLanguage\":\"en-US\",\"@id\":\"https:\\\/\\\/abes.org.br\\\/#\\\/schema\\\/logo\\\/image\\\/\",\"url\":\"https:\\\/\\\/abes.org.br\\\/wp-content\\\/uploads\\\/2020\\\/09\\\/logo_abes_marca_d_tagline_horizontal_verde-amarelo_cmyk.png\",\"contentUrl\":\"https:\\\/\\\/abes.org.br\\\/wp-content\\\/uploads\\\/2020\\\/09\\\/logo_abes_marca_d_tagline_horizontal_verde-amarelo_cmyk.png\",\"width\":324,\"height\":70,\"caption\":\"Associa\u00e7\u00e3o Brasileira das Empresas de Software\"},\"image\":{\"@id\":\"https:\\\/\\\/abes.org.br\\\/#\\\/schema\\\/logo\\\/image\\\/\"},\"sameAs\":[\"https:\\\/\\\/www.facebook.com\\\/ABES.software\",\"https:\\\/\\\/x.com\\\/ABES_SOFTWARE\",\"https:\\\/\\\/www.linkedin.com\\\/company\\\/abes-software\\\/\",\"https:\\\/\\\/www.instagram.com\\\/abes_software\\\/\"]},{\"@type\":\"Person\",\"@id\":\"https:\\\/\\\/abes.org.br\\\/#\\\/schema\\\/person\\\/d65ed84c8883a123fe668129fd6a7ed3\",\"name\":\"Editor ABES\",\"image\":{\"@type\":\"ImageObject\",\"inLanguage\":\"en-US\",\"@id\":\"https:\\\/\\\/secure.gravatar.com\\\/avatar\\\/3b207abce016c5e2ad6bf38914af9ad16e277128bb9b06dabb05bc191f02d7fe?s=96&d=mm&r=g\",\"url\":\"https:\\\/\\\/secure.gravatar.com\\\/avatar\\\/3b207abce016c5e2ad6bf38914af9ad16e277128bb9b06dabb05bc191f02d7fe?s=96&d=mm&r=g\",\"contentUrl\":\"https:\\\/\\\/secure.gravatar.com\\\/avatar\\\/3b207abce016c5e2ad6bf38914af9ad16e277128bb9b06dabb05bc191f02d7fe?s=96&d=mm&r=g\",\"caption\":\"Editor ABES\"},\"url\":\"https:\\\/\\\/abes.org.br\\\/en\\\/author\\\/editor-abes\\\/\"}]}<\/script>\n<!-- \/ Yoast SEO plugin. -->","yoast_head_json":{"title":"TOTVS anuncia abertura de 300 vagas para profissionais de TI e outras \u00e1reas - ABES","robots":{"index":"index","follow":"follow","max-snippet":"max-snippet:-1","max-image-preview":"max-image-preview:large","max-video-preview":"max-video-preview:-1"},"canonical":"https:\/\/abes.org.br\/en\/totvs-anuncia-abertura-de-300-vagas-para-profissionais-de-ti-e-outras-areas\/","og_locale":"en_US","og_type":"article","og_title":"TOTVS anuncia abertura de 300 vagas para profissionais de TI e outras \u00e1reas - ABES","og_description":"Companhia prev\u00ea ainda a abertura de outras 270 vagas nos pr\u00f3ximos meses\u00a0 A TOTVS, maior empresa de tecnologia do Brasil que oferece solu\u00e7\u00f5es para aumentar a produtividade dos neg\u00f3cios, anuncia a abertura de 300 oportunidades de emprego. Das vagas, 200 s\u00e3o voltadas para profissionais de Tecnologia da Informa\u00e7\u00e3o e outras 100 divididas entre as \u00e1reas [&hellip;]","og_url":"https:\/\/abes.org.br\/en\/totvs-anuncia-abertura-de-300-vagas-para-profissionais-de-ti-e-outras-areas\/","og_site_name":"ABES","article_publisher":"https:\/\/www.facebook.com\/ABES.software","article_published_time":"2021-06-17T17:31:17+00:00","og_image":[{"width":3509,"height":2482,"url":"https:\/\/abes.org.br\/wp-content\/uploads\/2021\/01\/logo_abes_marca_tagline_horizontal_colorido_rgb.png","type":"image\/png"}],"author":"Editor ABES","twitter_card":"summary_large_image","twitter_creator":"@ABES_SOFTWARE","twitter_site":"@ABES_SOFTWARE","twitter_misc":{"Written by":"Editor ABES","Est. reading time":"1 minute"},"schema":{"@context":"https:\/\/schema.org","@graph":[{"@type":"Article","@id":"https:\/\/abes.org.br\/en\/totvs-anuncia-abertura-de-300-vagas-para-profissionais-de-ti-e-outras-areas\/#article","isPartOf":{"@id":"https:\/\/abes.org.br\/en\/totvs-anuncia-abertura-de-300-vagas-para-profissionais-de-ti-e-outras-areas\/"},"author":{"name":"Editor ABES","@id":"https:\/\/abes.org.br\/#\/schema\/person\/d65ed84c8883a123fe668129fd6a7ed3"},"headline":"TOTVS anuncia abertura de 300 vagas para profissionais de TI e outras \u00e1reas","datePublished":"2021-06-17T17:31:17+00:00","mainEntityOfPage":{"@id":"https:\/\/abes.org.br\/en\/totvs-anuncia-abertura-de-300-vagas-para-profissionais-de-ti-e-outras-areas\/"},"wordCount":275,"publisher":{"@id":"https:\/\/abes.org.br\/#organization"},"keywords":["]","desenvolvimento de software","emprego em tecnologia","profissionais de TI","TOTVS","Vagas de emprego"],"articleSection":["-Coluna 4","\u00daltimas not\u00edcias"],"inLanguage":"en-US"},{"@type":"WebPage","@id":"https:\/\/abes.org.br\/en\/totvs-anuncia-abertura-de-300-vagas-para-profissionais-de-ti-e-outras-areas\/","url":"https:\/\/abes.org.br\/en\/totvs-anuncia-abertura-de-300-vagas-para-profissionais-de-ti-e-outras-areas\/","name":"TOTVS anuncia abertura de 300 vagas para profissionais de TI e outras \u00e1reas - ABES","isPartOf":{"@id":"https:\/\/abes.org.br\/#website"},"datePublished":"2021-06-17T17:31:17+00:00","breadcrumb":{"@id":"https:\/\/abes.org.br\/en\/totvs-anuncia-abertura-de-300-vagas-para-profissionais-de-ti-e-outras-areas\/#breadcrumb"},"inLanguage":"en-US","potentialAction":[{"@type":"ReadAction","target":["https:\/\/abes.org.br\/en\/totvs-anuncia-abertura-de-300-vagas-para-profissionais-de-ti-e-outras-areas\/"]}]},{"@type":"BreadcrumbList","@id":"https:\/\/abes.org.br\/en\/totvs-anuncia-abertura-de-300-vagas-para-profissionais-de-ti-e-outras-areas\/#breadcrumb","itemListElement":[{"@type":"ListItem","position":1,"name":"In\u00edcio","item":"https:\/\/abes.org.br\/"},{"@type":"ListItem","position":2,"name":"TOTVS anuncia abertura de 300 vagas para profissionais de TI e outras \u00e1reas"}]},{"@type":"WebSite","@id":"https:\/\/abes.org.br\/#website","url":"https:\/\/abes.org.br\/","name":"ABES","description":"Brazilian Association of Software Companies","publisher":{"@id":"https:\/\/abes.org.br\/#organization"},"potentialAction":[{"@type":"SearchAction","target":{"@type":"EntryPoint","urlTemplate":"https:\/\/abes.org.br\/?s={search_term_string}"},"query-input":{"@type":"PropertyValueSpecification","valueRequired":true,"valueName":"search_term_string"}}],"inLanguage":"en-US"},{"@type":"Organization","@id":"https:\/\/abes.org.br\/#organization","name":"Brazilian Association of Software Companies","url":"https:\/\/abes.org.br\/","logo":{"@type":"ImageObject","inLanguage":"en-US","@id":"https:\/\/abes.org.br\/#\/schema\/logo\/image\/","url":"https:\/\/abes.org.br\/wp-content\/uploads\/2020\/09\/logo_abes_marca_d_tagline_horizontal_verde-amarelo_cmyk.png","contentUrl":"https:\/\/abes.org.br\/wp-content\/uploads\/2020\/09\/logo_abes_marca_d_tagline_horizontal_verde-amarelo_cmyk.png","width":324,"height":70,"caption":"Associa\u00e7\u00e3o Brasileira das Empresas de Software"},"image":{"@id":"https:\/\/abes.org.br\/#\/schema\/logo\/image\/"},"sameAs":["https:\/\/www.facebook.com\/ABES.software","https:\/\/x.com\/ABES_SOFTWARE","https:\/\/www.linkedin.com\/company\/abes-software\/","https:\/\/www.instagram.com\/abes_software\/"]},{"@type":"Person","@id":"https:\/\/abes.org.br\/#\/schema\/person\/d65ed84c8883a123fe668129fd6a7ed3","name":"ABES Editor","image":{"@type":"ImageObject","inLanguage":"en-US","@id":"https:\/\/secure.gravatar.com\/avatar\/3b207abce016c5e2ad6bf38914af9ad16e277128bb9b06dabb05bc191f02d7fe?s=96&d=mm&r=g","url":"https:\/\/secure.gravatar.com\/avatar\/3b207abce016c5e2ad6bf38914af9ad16e277128bb9b06dabb05bc191f02d7fe?s=96&d=mm&r=g","contentUrl":"https:\/\/secure.gravatar.com\/avatar\/3b207abce016c5e2ad6bf38914af9ad16e277128bb9b06dabb05bc191f02d7fe?s=96&d=mm&r=g","caption":"Editor ABES"},"url":"https:\/\/abes.org.br\/en\/author\/editor-abes\/"}]}},"publishpress_future_action":{"enabled":false,"date":"2026-05-03 06:39:23","action":"change-status","newStatus":"draft","terms":[],"taxonomy":"category","extraData":[]},"publishpress_future_workflow_manual_trigger":{"enabledWorkflows":[]},"_links":{"self":[{"href":"https:\/\/abes.org.br\/en\/wp-json\/wp\/v2\/posts\/33682","targetHints":{"allow":["GET"]}}],"collection":[{"href":"https:\/\/abes.org.br\/en\/wp-json\/wp\/v2\/posts"}],"about":[{"href":"https:\/\/abes.org.br\/en\/wp-json\/wp\/v2\/types\/post"}],"author":[{"embeddable":true,"href":"https:\/\/abes.org.br\/en\/wp-json\/wp\/v2\/users\/10"}],"replies":[{"embeddable":true,"href":"https:\/\/abes.org.br\/en\/wp-json\/wp\/v2\/comments?post=33682"}],"version-history":[{"count":2,"href":"https:\/\/abes.org.br\/en\/wp-json\/wp\/v2\/posts\/33682\/revisions"}],"predecessor-version":[{"id":33684,"href":"https:\/\/abes.org.br\/en\/wp-json\/wp\/v2\/posts\/33682\/revisions\/33684"}],"wp:attachment":[{"href":"https:\/\/abes.org.br\/en\/wp-json\/wp\/v2\/media?parent=33682"}],"wp:term":[{"taxonomy":"category","embeddable":true,"href":"https:\/\/abes.org.br\/en\/wp-json\/wp\/v2\/categories?post=33682"},{"taxonomy":"post_tag","embeddable":true,"href":"https:\/\/abes.org.br\/en\/wp-json\/wp\/v2\/tags?post=33682"}],"curies":[{"name":"wp","href":"https:\/\/api.w.org\/{rel}","templated":true}]}}