{"id":33670,"date":"2021-06-18T13:57:01","date_gmt":"2021-06-18T16:57:01","guid":{"rendered":"https:\/\/abes.org.br\/?p=33670"},"modified":"2021-06-15T15:02:20","modified_gmt":"2021-06-15T18:02:20","slug":"pixeon-anuncia-felipe-clemente-como-novo-ceo","status":"publish","type":"post","link":"https:\/\/abes.org.br\/en\/pixeon-anuncia-felipe-clemente-como-novo-ceo\/","title":{"rendered":"Pixeon announces Felipe Clemente as new CEO"},"content":{"rendered":"<p><i>Executive with more than 20 years of international experience comes to raise Pixeon&#039;s level as a healthtech that helps in the digital transformation of healthcare<\/i><\/p>\n<div id=\"attachment_33672\" style=\"width: 219px\" class=\"wp-caption alignleft\"><img loading=\"lazy\" decoding=\"async\" aria-describedby=\"caption-attachment-33672\" class=\"wp-image-33672\" src=\"https:\/\/abes.org.br\/wp-content\/uploads\/2021\/06\/Felipe-Clemente.jpg\" alt=\"\" width=\"209\" height=\"279\" \/><p id=\"caption-attachment-33672\" class=\"wp-caption-text\">Felipe Clemente, new CEO of Pixeon<\/p><\/div>\n<p>Pixeon, a Brazilian company consolidated in the technology market for its broad portfolio of software solutions for the healthcare area and leader in the\u00a0<i>healthtech<\/i>\u00a0in Brazil, announces the executive Felipe Clemente as the company&#039;s new CEO. The change aims to continue the expansion and ensure that growth is consistent in all aspects of the company: in innovation, in the team and in the relationship with health institutions, helping the sector&#039;s efficiency.<\/p>\n<p>The executive, with more than 20 years of experience in the market, has worked in internationally renowned companies, such as Sodexo, GE and Johnson &amp; Johnson. He holds a degree in Mechanical Engineering from Instituto Mau\u00e1 de Tecnologia, with a specialization from Funda\u00e7\u00e3o Get\u00falio Vargas (FGV) and an MBA from Duke University (USA), Duke University&#039;s business school in Durham, North Carolina.<\/p>\n<p>Pixeon is focused on improving healthcare efficiency, creating process innovation and using technologies such as artificial intelligence. The company is also focused on solving industry challenges such as compatibility between systems (called interoperability). The technologies created by healthtech are focused on improving the internal efficiency of health institutions, and transforming the patient&#039;s journey within clinics, laboratories and hospitals in the best possible way, avoiding errors, misinterpretation of data and optimizing all stages of their care and clinical attention.<\/p>\n<p>\u201cI believe that the future of healthcare is built on technological and dynamic solutions, and on processes that involve all the strengths of a company. I have a process and team-oriented training, which facilitates the execution of new developments with a minimum level of rework. My goal, in addition to leading Pixeon during this expansion process, is to focus on jobs that cultivate customer relationships, an essential part of our business model\u201d, explains Felipe Clemente, the new CEO.<\/p>\n<p>Roberto Ribeiro da Cruz, chairman of the board of directors of the company and one of the founders, also comments on the arrival of the new CEO: \u201cI am very happy with the arrival of Felipe and my goal is to help him guide Pixeon on the path to becoming a healthtech leader and reference, both in Brazil and in Latin America\u201d, comments the co-founder.<\/p>\n<p>\u201cI am very excited for this new stage and I guarantee that the dedication will be high to keep the processes and teams focused on innovation for life and, of course, on the growth and development of Pixeon\u201d, concludes the new CEO.<\/p>","protected":false},"excerpt":{"rendered":"<p>Executivo com mais de 20 anos de experi\u00eancia internacional vem para elevar o patamar da Pixeon como healthtech que auxilia na transforma\u00e7\u00e3o digital da sa\u00fade A\u00a0Pixeon, empresa brasileira consolidada no mercado de tecnologia pelo seu amplo portf\u00f3lio de solu\u00e7\u00f5es de software para a \u00e1rea da sa\u00fade e l\u00edder no mercado de\u00a0healthtech\u00a0no Brasil, anuncia o executivo [&hellip;]<\/p>\n","protected":false},"author":10,"featured_media":0,"comment_status":"closed","ping_status":"closed","sticky":false,"template":"","format":"standard","meta":{"_acf_changed":false,"_et_pb_use_builder":"","_et_pb_old_content":"","_et_gb_content_width":"","footnotes":""},"categories":[39,19],"tags":[1744,1743,1742,1599,1745],"class_list":["post-33670","post","type-post","status-publish","format-standard","hentry","category-coluna-4","category-ultimas-noticias","tag-healthtech","tag-novo-ceo","tag-pixeon","tag-solucoes-de-software","tag-transformacao-digital-da-saude"],"acf":[],"yoast_head":"<!-- This site is optimized with the Yoast SEO plugin v27.3 - https:\/\/yoast.com\/product\/yoast-seo-wordpress\/ -->\n<title>Pixeon anuncia Felipe Clemente como novo CEO - ABES<\/title>\n<meta name=\"robots\" content=\"index, follow, max-snippet:-1, max-image-preview:large, max-video-preview:-1\" \/>\n<link rel=\"canonical\" href=\"https:\/\/abes.org.br\/en\/pixeon-anuncia-felipe-clemente-como-novo-ceo\/\" \/>\n<meta property=\"og:locale\" content=\"en_US\" \/>\n<meta property=\"og:type\" content=\"article\" \/>\n<meta property=\"og:title\" content=\"Pixeon anuncia Felipe Clemente como novo CEO - ABES\" \/>\n<meta property=\"og:description\" content=\"Executivo com mais de 20 anos de experi\u00eancia internacional vem para elevar o patamar da Pixeon como healthtech que auxilia na transforma\u00e7\u00e3o digital da sa\u00fade A\u00a0Pixeon, empresa brasileira consolidada no mercado de tecnologia pelo seu amplo portf\u00f3lio de solu\u00e7\u00f5es de software para a \u00e1rea da sa\u00fade e l\u00edder no mercado de\u00a0healthtech\u00a0no Brasil, anuncia o executivo [&hellip;]\" \/>\n<meta property=\"og:url\" content=\"https:\/\/abes.org.br\/en\/pixeon-anuncia-felipe-clemente-como-novo-ceo\/\" \/>\n<meta property=\"og:site_name\" content=\"ABES\" \/>\n<meta property=\"article:publisher\" content=\"https:\/\/www.facebook.com\/ABES.software\" \/>\n<meta property=\"article:published_time\" content=\"2021-06-18T16:57:01+00:00\" \/>\n<meta property=\"og:image\" content=\"https:\/\/abes.org.br\/wp-content\/uploads\/2021\/06\/Felipe-Clemente.jpg\" \/>\n<meta name=\"author\" content=\"Editor ABES\" \/>\n<meta name=\"twitter:card\" content=\"summary_large_image\" \/>\n<meta name=\"twitter:creator\" content=\"@ABES_SOFTWARE\" \/>\n<meta name=\"twitter:site\" content=\"@ABES_SOFTWARE\" \/>\n<meta name=\"twitter:label1\" content=\"Written by\" \/>\n\t<meta name=\"twitter:data1\" content=\"Editor ABES\" \/>\n\t<meta name=\"twitter:label2\" content=\"Est. reading time\" \/>\n\t<meta name=\"twitter:data2\" content=\"2 minutes\" \/>\n<script type=\"application\/ld+json\" class=\"yoast-schema-graph\">{\"@context\":\"https:\\\/\\\/schema.org\",\"@graph\":[{\"@type\":\"Article\",\"@id\":\"https:\\\/\\\/abes.org.br\\\/en\\\/pixeon-anuncia-felipe-clemente-como-novo-ceo\\\/#article\",\"isPartOf\":{\"@id\":\"https:\\\/\\\/abes.org.br\\\/en\\\/pixeon-anuncia-felipe-clemente-como-novo-ceo\\\/\"},\"author\":{\"name\":\"Editor ABES\",\"@id\":\"https:\\\/\\\/abes.org.br\\\/#\\\/schema\\\/person\\\/d65ed84c8883a123fe668129fd6a7ed3\"},\"headline\":\"Pixeon anuncia Felipe Clemente como novo CEO\",\"datePublished\":\"2021-06-18T16:57:01+00:00\",\"mainEntityOfPage\":{\"@id\":\"https:\\\/\\\/abes.org.br\\\/en\\\/pixeon-anuncia-felipe-clemente-como-novo-ceo\\\/\"},\"wordCount\":500,\"publisher\":{\"@id\":\"https:\\\/\\\/abes.org.br\\\/#organization\"},\"image\":{\"@id\":\"https:\\\/\\\/abes.org.br\\\/en\\\/pixeon-anuncia-felipe-clemente-como-novo-ceo\\\/#primaryimage\"},\"thumbnailUrl\":\"https:\\\/\\\/abes.org.br\\\/wp-content\\\/uploads\\\/2021\\\/06\\\/Felipe-Clemente.jpg\",\"keywords\":[\"healthtech\",\"novo CEO\",\"Pixeon\",\"solu\u00e7\u00f5es de software\",\"transforma\u00e7\u00e3o digital da sa\u00fade\"],\"articleSection\":[\"-Coluna 4\",\"\u00daltimas not\u00edcias\"],\"inLanguage\":\"en-US\"},{\"@type\":\"WebPage\",\"@id\":\"https:\\\/\\\/abes.org.br\\\/en\\\/pixeon-anuncia-felipe-clemente-como-novo-ceo\\\/\",\"url\":\"https:\\\/\\\/abes.org.br\\\/en\\\/pixeon-anuncia-felipe-clemente-como-novo-ceo\\\/\",\"name\":\"Pixeon anuncia Felipe Clemente como novo CEO - ABES\",\"isPartOf\":{\"@id\":\"https:\\\/\\\/abes.org.br\\\/#website\"},\"primaryImageOfPage\":{\"@id\":\"https:\\\/\\\/abes.org.br\\\/en\\\/pixeon-anuncia-felipe-clemente-como-novo-ceo\\\/#primaryimage\"},\"image\":{\"@id\":\"https:\\\/\\\/abes.org.br\\\/en\\\/pixeon-anuncia-felipe-clemente-como-novo-ceo\\\/#primaryimage\"},\"thumbnailUrl\":\"https:\\\/\\\/abes.org.br\\\/wp-content\\\/uploads\\\/2021\\\/06\\\/Felipe-Clemente.jpg\",\"datePublished\":\"2021-06-18T16:57:01+00:00\",\"breadcrumb\":{\"@id\":\"https:\\\/\\\/abes.org.br\\\/en\\\/pixeon-anuncia-felipe-clemente-como-novo-ceo\\\/#breadcrumb\"},\"inLanguage\":\"en-US\",\"potentialAction\":[{\"@type\":\"ReadAction\",\"target\":[\"https:\\\/\\\/abes.org.br\\\/en\\\/pixeon-anuncia-felipe-clemente-como-novo-ceo\\\/\"]}]},{\"@type\":\"ImageObject\",\"inLanguage\":\"en-US\",\"@id\":\"https:\\\/\\\/abes.org.br\\\/en\\\/pixeon-anuncia-felipe-clemente-como-novo-ceo\\\/#primaryimage\",\"url\":\"https:\\\/\\\/abes.org.br\\\/wp-content\\\/uploads\\\/2021\\\/06\\\/Felipe-Clemente.jpg\",\"contentUrl\":\"https:\\\/\\\/abes.org.br\\\/wp-content\\\/uploads\\\/2021\\\/06\\\/Felipe-Clemente.jpg\"},{\"@type\":\"BreadcrumbList\",\"@id\":\"https:\\\/\\\/abes.org.br\\\/en\\\/pixeon-anuncia-felipe-clemente-como-novo-ceo\\\/#breadcrumb\",\"itemListElement\":[{\"@type\":\"ListItem\",\"position\":1,\"name\":\"In\u00edcio\",\"item\":\"https:\\\/\\\/abes.org.br\\\/\"},{\"@type\":\"ListItem\",\"position\":2,\"name\":\"Pixeon anuncia Felipe Clemente como novo CEO\"}]},{\"@type\":\"WebSite\",\"@id\":\"https:\\\/\\\/abes.org.br\\\/#website\",\"url\":\"https:\\\/\\\/abes.org.br\\\/\",\"name\":\"ABES\",\"description\":\"Associa\u00e7\u00e3o Brasileira das Empresas de Software\",\"publisher\":{\"@id\":\"https:\\\/\\\/abes.org.br\\\/#organization\"},\"potentialAction\":[{\"@type\":\"SearchAction\",\"target\":{\"@type\":\"EntryPoint\",\"urlTemplate\":\"https:\\\/\\\/abes.org.br\\\/?s={search_term_string}\"},\"query-input\":{\"@type\":\"PropertyValueSpecification\",\"valueRequired\":true,\"valueName\":\"search_term_string\"}}],\"inLanguage\":\"en-US\"},{\"@type\":\"Organization\",\"@id\":\"https:\\\/\\\/abes.org.br\\\/#organization\",\"name\":\"Associa\u00e7\u00e3o Brasileira das Empresas de Software\",\"url\":\"https:\\\/\\\/abes.org.br\\\/\",\"logo\":{\"@type\":\"ImageObject\",\"inLanguage\":\"en-US\",\"@id\":\"https:\\\/\\\/abes.org.br\\\/#\\\/schema\\\/logo\\\/image\\\/\",\"url\":\"https:\\\/\\\/abes.org.br\\\/wp-content\\\/uploads\\\/2020\\\/09\\\/logo_abes_marca_d_tagline_horizontal_verde-amarelo_cmyk.png\",\"contentUrl\":\"https:\\\/\\\/abes.org.br\\\/wp-content\\\/uploads\\\/2020\\\/09\\\/logo_abes_marca_d_tagline_horizontal_verde-amarelo_cmyk.png\",\"width\":324,\"height\":70,\"caption\":\"Associa\u00e7\u00e3o Brasileira das Empresas de Software\"},\"image\":{\"@id\":\"https:\\\/\\\/abes.org.br\\\/#\\\/schema\\\/logo\\\/image\\\/\"},\"sameAs\":[\"https:\\\/\\\/www.facebook.com\\\/ABES.software\",\"https:\\\/\\\/x.com\\\/ABES_SOFTWARE\",\"https:\\\/\\\/www.linkedin.com\\\/company\\\/abes-software\\\/\",\"https:\\\/\\\/www.instagram.com\\\/abes_software\\\/\"]},{\"@type\":\"Person\",\"@id\":\"https:\\\/\\\/abes.org.br\\\/#\\\/schema\\\/person\\\/d65ed84c8883a123fe668129fd6a7ed3\",\"name\":\"Editor ABES\",\"image\":{\"@type\":\"ImageObject\",\"inLanguage\":\"en-US\",\"@id\":\"https:\\\/\\\/secure.gravatar.com\\\/avatar\\\/3b207abce016c5e2ad6bf38914af9ad16e277128bb9b06dabb05bc191f02d7fe?s=96&d=mm&r=g\",\"url\":\"https:\\\/\\\/secure.gravatar.com\\\/avatar\\\/3b207abce016c5e2ad6bf38914af9ad16e277128bb9b06dabb05bc191f02d7fe?s=96&d=mm&r=g\",\"contentUrl\":\"https:\\\/\\\/secure.gravatar.com\\\/avatar\\\/3b207abce016c5e2ad6bf38914af9ad16e277128bb9b06dabb05bc191f02d7fe?s=96&d=mm&r=g\",\"caption\":\"Editor ABES\"},\"url\":\"https:\\\/\\\/abes.org.br\\\/en\\\/author\\\/editor-abes\\\/\"}]}<\/script>\n<!-- \/ Yoast SEO plugin. -->","yoast_head_json":{"title":"Pixeon announces Felipe Clemente as new CEO - ABES","robots":{"index":"index","follow":"follow","max-snippet":"max-snippet:-1","max-image-preview":"max-image-preview:large","max-video-preview":"max-video-preview:-1"},"canonical":"https:\/\/abes.org.br\/en\/pixeon-anuncia-felipe-clemente-como-novo-ceo\/","og_locale":"en_US","og_type":"article","og_title":"Pixeon anuncia Felipe Clemente como novo CEO - ABES","og_description":"Executivo com mais de 20 anos de experi\u00eancia internacional vem para elevar o patamar da Pixeon como healthtech que auxilia na transforma\u00e7\u00e3o digital da sa\u00fade A\u00a0Pixeon, empresa brasileira consolidada no mercado de tecnologia pelo seu amplo portf\u00f3lio de solu\u00e7\u00f5es de software para a \u00e1rea da sa\u00fade e l\u00edder no mercado de\u00a0healthtech\u00a0no Brasil, anuncia o executivo [&hellip;]","og_url":"https:\/\/abes.org.br\/en\/pixeon-anuncia-felipe-clemente-como-novo-ceo\/","og_site_name":"ABES","article_publisher":"https:\/\/www.facebook.com\/ABES.software","article_published_time":"2021-06-18T16:57:01+00:00","og_image":[{"url":"https:\/\/abes.org.br\/wp-content\/uploads\/2021\/06\/Felipe-Clemente.jpg","type":"","width":"","height":""}],"author":"Editor ABES","twitter_card":"summary_large_image","twitter_creator":"@ABES_SOFTWARE","twitter_site":"@ABES_SOFTWARE","twitter_misc":{"Written by":"Editor ABES","Est. reading time":"2 minutes"},"schema":{"@context":"https:\/\/schema.org","@graph":[{"@type":"Article","@id":"https:\/\/abes.org.br\/en\/pixeon-anuncia-felipe-clemente-como-novo-ceo\/#article","isPartOf":{"@id":"https:\/\/abes.org.br\/en\/pixeon-anuncia-felipe-clemente-como-novo-ceo\/"},"author":{"name":"Editor ABES","@id":"https:\/\/abes.org.br\/#\/schema\/person\/d65ed84c8883a123fe668129fd6a7ed3"},"headline":"Pixeon anuncia Felipe Clemente como novo CEO","datePublished":"2021-06-18T16:57:01+00:00","mainEntityOfPage":{"@id":"https:\/\/abes.org.br\/en\/pixeon-anuncia-felipe-clemente-como-novo-ceo\/"},"wordCount":500,"publisher":{"@id":"https:\/\/abes.org.br\/#organization"},"image":{"@id":"https:\/\/abes.org.br\/en\/pixeon-anuncia-felipe-clemente-como-novo-ceo\/#primaryimage"},"thumbnailUrl":"https:\/\/abes.org.br\/wp-content\/uploads\/2021\/06\/Felipe-Clemente.jpg","keywords":["healthtech","novo CEO","Pixeon","solu\u00e7\u00f5es de software","transforma\u00e7\u00e3o digital da sa\u00fade"],"articleSection":["-Coluna 4","\u00daltimas not\u00edcias"],"inLanguage":"en-US"},{"@type":"WebPage","@id":"https:\/\/abes.org.br\/en\/pixeon-anuncia-felipe-clemente-como-novo-ceo\/","url":"https:\/\/abes.org.br\/en\/pixeon-anuncia-felipe-clemente-como-novo-ceo\/","name":"Pixeon announces Felipe Clemente as new CEO - ABES","isPartOf":{"@id":"https:\/\/abes.org.br\/#website"},"primaryImageOfPage":{"@id":"https:\/\/abes.org.br\/en\/pixeon-anuncia-felipe-clemente-como-novo-ceo\/#primaryimage"},"image":{"@id":"https:\/\/abes.org.br\/en\/pixeon-anuncia-felipe-clemente-como-novo-ceo\/#primaryimage"},"thumbnailUrl":"https:\/\/abes.org.br\/wp-content\/uploads\/2021\/06\/Felipe-Clemente.jpg","datePublished":"2021-06-18T16:57:01+00:00","breadcrumb":{"@id":"https:\/\/abes.org.br\/en\/pixeon-anuncia-felipe-clemente-como-novo-ceo\/#breadcrumb"},"inLanguage":"en-US","potentialAction":[{"@type":"ReadAction","target":["https:\/\/abes.org.br\/en\/pixeon-anuncia-felipe-clemente-como-novo-ceo\/"]}]},{"@type":"ImageObject","inLanguage":"en-US","@id":"https:\/\/abes.org.br\/en\/pixeon-anuncia-felipe-clemente-como-novo-ceo\/#primaryimage","url":"https:\/\/abes.org.br\/wp-content\/uploads\/2021\/06\/Felipe-Clemente.jpg","contentUrl":"https:\/\/abes.org.br\/wp-content\/uploads\/2021\/06\/Felipe-Clemente.jpg"},{"@type":"BreadcrumbList","@id":"https:\/\/abes.org.br\/en\/pixeon-anuncia-felipe-clemente-como-novo-ceo\/#breadcrumb","itemListElement":[{"@type":"ListItem","position":1,"name":"In\u00edcio","item":"https:\/\/abes.org.br\/"},{"@type":"ListItem","position":2,"name":"Pixeon anuncia Felipe Clemente como novo CEO"}]},{"@type":"WebSite","@id":"https:\/\/abes.org.br\/#website","url":"https:\/\/abes.org.br\/","name":"ABES","description":"Brazilian Association of Software Companies","publisher":{"@id":"https:\/\/abes.org.br\/#organization"},"potentialAction":[{"@type":"SearchAction","target":{"@type":"EntryPoint","urlTemplate":"https:\/\/abes.org.br\/?s={search_term_string}"},"query-input":{"@type":"PropertyValueSpecification","valueRequired":true,"valueName":"search_term_string"}}],"inLanguage":"en-US"},{"@type":"Organization","@id":"https:\/\/abes.org.br\/#organization","name":"Brazilian Association of Software Companies","url":"https:\/\/abes.org.br\/","logo":{"@type":"ImageObject","inLanguage":"en-US","@id":"https:\/\/abes.org.br\/#\/schema\/logo\/image\/","url":"https:\/\/abes.org.br\/wp-content\/uploads\/2020\/09\/logo_abes_marca_d_tagline_horizontal_verde-amarelo_cmyk.png","contentUrl":"https:\/\/abes.org.br\/wp-content\/uploads\/2020\/09\/logo_abes_marca_d_tagline_horizontal_verde-amarelo_cmyk.png","width":324,"height":70,"caption":"Associa\u00e7\u00e3o Brasileira das Empresas de Software"},"image":{"@id":"https:\/\/abes.org.br\/#\/schema\/logo\/image\/"},"sameAs":["https:\/\/www.facebook.com\/ABES.software","https:\/\/x.com\/ABES_SOFTWARE","https:\/\/www.linkedin.com\/company\/abes-software\/","https:\/\/www.instagram.com\/abes_software\/"]},{"@type":"Person","@id":"https:\/\/abes.org.br\/#\/schema\/person\/d65ed84c8883a123fe668129fd6a7ed3","name":"ABES Editor","image":{"@type":"ImageObject","inLanguage":"en-US","@id":"https:\/\/secure.gravatar.com\/avatar\/3b207abce016c5e2ad6bf38914af9ad16e277128bb9b06dabb05bc191f02d7fe?s=96&d=mm&r=g","url":"https:\/\/secure.gravatar.com\/avatar\/3b207abce016c5e2ad6bf38914af9ad16e277128bb9b06dabb05bc191f02d7fe?s=96&d=mm&r=g","contentUrl":"https:\/\/secure.gravatar.com\/avatar\/3b207abce016c5e2ad6bf38914af9ad16e277128bb9b06dabb05bc191f02d7fe?s=96&d=mm&r=g","caption":"Editor ABES"},"url":"https:\/\/abes.org.br\/en\/author\/editor-abes\/"}]}},"publishpress_future_action":{"enabled":false,"date":"2026-05-03 06:39:23","action":"change-status","newStatus":"draft","terms":[],"taxonomy":"category","extraData":[]},"publishpress_future_workflow_manual_trigger":{"enabledWorkflows":[]},"_links":{"self":[{"href":"https:\/\/abes.org.br\/en\/wp-json\/wp\/v2\/posts\/33670","targetHints":{"allow":["GET"]}}],"collection":[{"href":"https:\/\/abes.org.br\/en\/wp-json\/wp\/v2\/posts"}],"about":[{"href":"https:\/\/abes.org.br\/en\/wp-json\/wp\/v2\/types\/post"}],"author":[{"embeddable":true,"href":"https:\/\/abes.org.br\/en\/wp-json\/wp\/v2\/users\/10"}],"replies":[{"embeddable":true,"href":"https:\/\/abes.org.br\/en\/wp-json\/wp\/v2\/comments?post=33670"}],"version-history":[{"count":1,"href":"https:\/\/abes.org.br\/en\/wp-json\/wp\/v2\/posts\/33670\/revisions"}],"predecessor-version":[{"id":33673,"href":"https:\/\/abes.org.br\/en\/wp-json\/wp\/v2\/posts\/33670\/revisions\/33673"}],"wp:attachment":[{"href":"https:\/\/abes.org.br\/en\/wp-json\/wp\/v2\/media?parent=33670"}],"wp:term":[{"taxonomy":"category","embeddable":true,"href":"https:\/\/abes.org.br\/en\/wp-json\/wp\/v2\/categories?post=33670"},{"taxonomy":"post_tag","embeddable":true,"href":"https:\/\/abes.org.br\/en\/wp-json\/wp\/v2\/tags?post=33670"}],"curies":[{"name":"wp","href":"https:\/\/api.w.org\/{rel}","templated":true}]}}