{"id":33570,"date":"2021-06-17T09:04:02","date_gmt":"2021-06-17T12:04:02","guid":{"rendered":"https:\/\/abes.org.br\/?p=33570"},"modified":"2021-06-14T09:06:57","modified_gmt":"2021-06-14T12:06:57","slug":"unicornio-vtex-lanca-primeiro-escritorio-em-lisboa","status":"publish","type":"post","link":"https:\/\/abes.org.br\/en\/unicornio-vtex-lanca-primeiro-escritorio-em-lisboa\/","title":{"rendered":"Unic\u00f3rnio VTEX launches first office in Lisbon"},"content":{"rendered":"<p><em>Multinational was recognized as a \u201cVisionary\u201d in Gartner&#039;s Magic Quadrant for Digital Commerce 2020 and as \u201cLeader\u201d in IDC MarketScape Worldwide B2C Digital Commerce Platforms 2020 Vendor Assessment<\/em><\/p>\n<p>VTEX, a Brazilian multinational specialized in ecommerce, announces the opening of a new office, this time in Lisbon, the first in Portugal. For the company, opening another unit in Europe is an opportunity to turn the company into a technology hub in one of the continent&#039;s most promising markets. The company intends to hire new professionals by the end of the year with technical and senior profiles to make up the team, which should be in line and support the company&#039;s ecosystem, operating in 32 countries, boosting the platform&#039;s solutions and, consequently, the business .<\/p>\n<p>The unit in Portugal will be responsible for the Catalog, a module that has a global impact and is considered the heart of e-commerce, as it allows the management of products from more than 2,500 active VTEX online stores around the world. Through the platform and its solutions, VTEX offers customers a unified commerce system, capable of connecting physical stores to ecommerce data, enabling retailers to customize promotions, leverage sales and most importantly, create extraordinary shopping experiences while maintaining brands relevant to your consumers.<\/p>\n<p>This expansion reinforces VTEX&#039;s commitment to continuously improving the platform, with the development of new tools, solutions and the constant evolution of existing products. \u201cVTEX is a company that is growing a lot. Portugal is recognized for its technological community, security and ease of communication, as well as the growing attraction of digital nomads. All of this together will allow us to attract important talents to further qualify our team\u201d, explains Bruno Dias, Operations Director, responsible for VTEX&#039;s Product and Engineering operation in Europe.<\/p>\n<p>VTEX has recorded average revenue growth of 951TP1Q year over year\u00a0<em>(YoY fx neutral)<\/em>\u00a0and, since last year, it has been expanding rapidly with the recent opening of new offices. The multinational was named \u201cLeader\u201d in the IDC MarketScape, Worldwide B2C Digital Commerce Platforms 2020 Vendor Assessment, a study that assesses platforms from around the world in the cloud B2C digital commerce category, having stood out against companies such as Commercetools and Salesforce. The IDC Worldwide Digital Commerce Applications Market Shares, 2019, indicates that VTEX is the fastest growing digital commerce software platform in the world, with growth of 44.1% in the period analyzed, surpassing the overall market growth average, which was of 13.2%. VTEX is recognized as a \u201cVisionary\u201d in Gartner&#039;s Magic Quadrant for Digital Commerce, 2020 annual report, which evaluates technology providers for digital commerce in the B2B and B2C segments.<\/p>\n<p>With the opening in Portugal, the company reaches the mark of 5 operations in Europe, with the other units in London, England; in Milan, Italy; in Barcelona, Spain and in Bucharest, Romania.<\/p>\n<p><strong>Career in Portugal<\/strong><\/p>\n<p>With more than 365 million dollars raised in less than a year, the unicorn, valued at US$ 1.7 billion, intends to hire middle and senior employees for the local team, by the end of the year, for the positions of Product Managers, Product Designers , Software Engineers and Engineering Managers.<\/p>\n<p>With a strong culture of autonomy that empowers its employees to own their careers, VTEX has an environment where everyone can be a leader and discover their unique contribution to the future of commerce. Its structure based on self-management creates an environment of mutual trust and allows all teams to act with greater freedom, embracing complex challenges in a decentralized manner, but always aligned with the company&#039;s strategies.<\/p>\n<p>\u201cAt VTEX, we create an environment where the best talent in the market can act with integrity, be authentic and have an extraordinary impact on the way we transform our ecosystem and the ecommerce market\u201d, concludes Dias.<\/p>\n<p>To learn more about the new Lisbon office and its selection process,\u00a0<a href=\"http:\/\/careers.vtex.com\/\">http:\/\/careers.vtex.com\/<\/a>\u00a0.<\/p>","protected":false},"excerpt":{"rendered":"<p>Multinacional foi reconhecida como uma &#8220;Vision\u00e1ria&#8221; no Quadrante M\u00e1gico do Gartner para Com\u00e9rcio Digital, 2020 e como &#8220;L\u00edder&#8221; no IDC MarketScape Worldwide B2C Digital Commerce Platforms 2020 Vendor Assessment A\u00a0VTEX, multinacional brasileira especializada em ecommerce, anuncia a abertura de um novo escrit\u00f3rio, desta vez em Lisboa, o primeiro em Portugal. Para a empresa, inaugurar mais [&hellip;]<\/p>\n","protected":false},"author":10,"featured_media":0,"comment_status":"closed","ping_status":"closed","sticky":false,"template":"","format":"standard","meta":{"_acf_changed":false,"_et_pb_use_builder":"","_et_pb_old_content":"","_et_gb_content_width":"","footnotes":""},"categories":[39,19],"tags":[1717,1716,1715,604,1509],"class_list":["post-33570","post","type-post","status-publish","format-standard","hentry","category-coluna-4","category-ultimas-noticias","tag-comunidade-tecnologica","tag-expansao-internacional","tag-mercado-de-ecommerce","tag-processo-seletivo","tag-vtex"],"acf":[],"yoast_head":"<!-- This site is optimized with the Yoast SEO plugin v27.3 - https:\/\/yoast.com\/product\/yoast-seo-wordpress\/ -->\n<title>Unic\u00f3rnio VTEX lan\u00e7a primeiro escrit\u00f3rio em Lisboa - ABES<\/title>\n<meta name=\"robots\" content=\"index, follow, max-snippet:-1, max-image-preview:large, max-video-preview:-1\" \/>\n<link rel=\"canonical\" href=\"https:\/\/abes.org.br\/en\/unicornio-vtex-lanca-primeiro-escritorio-em-lisboa\/\" \/>\n<meta property=\"og:locale\" content=\"en_US\" \/>\n<meta property=\"og:type\" content=\"article\" \/>\n<meta property=\"og:title\" content=\"Unic\u00f3rnio VTEX lan\u00e7a primeiro escrit\u00f3rio em Lisboa - ABES\" \/>\n<meta property=\"og:description\" content=\"Multinacional foi reconhecida como uma &#8220;Vision\u00e1ria&#8221; no Quadrante M\u00e1gico do Gartner para Com\u00e9rcio Digital, 2020 e como &#8220;L\u00edder&#8221; no IDC MarketScape Worldwide B2C Digital Commerce Platforms 2020 Vendor Assessment A\u00a0VTEX, multinacional brasileira especializada em ecommerce, anuncia a abertura de um novo escrit\u00f3rio, desta vez em Lisboa, o primeiro em Portugal. Para a empresa, inaugurar mais [&hellip;]\" \/>\n<meta property=\"og:url\" content=\"https:\/\/abes.org.br\/en\/unicornio-vtex-lanca-primeiro-escritorio-em-lisboa\/\" \/>\n<meta property=\"og:site_name\" content=\"ABES\" \/>\n<meta property=\"article:publisher\" content=\"https:\/\/www.facebook.com\/ABES.software\" \/>\n<meta property=\"article:published_time\" content=\"2021-06-17T12:04:02+00:00\" \/>\n<meta property=\"og:image\" content=\"https:\/\/abes.org.br\/wp-content\/uploads\/2021\/01\/logo_abes_marca_tagline_horizontal_colorido_rgb.png\" \/>\n\t<meta property=\"og:image:width\" content=\"3509\" \/>\n\t<meta property=\"og:image:height\" content=\"2482\" \/>\n\t<meta property=\"og:image:type\" content=\"image\/png\" \/>\n<meta name=\"author\" content=\"Editor ABES\" \/>\n<meta name=\"twitter:card\" content=\"summary_large_image\" \/>\n<meta name=\"twitter:creator\" content=\"@ABES_SOFTWARE\" \/>\n<meta name=\"twitter:site\" content=\"@ABES_SOFTWARE\" \/>\n<meta name=\"twitter:label1\" content=\"Written by\" \/>\n\t<meta name=\"twitter:data1\" content=\"Editor ABES\" \/>\n\t<meta name=\"twitter:label2\" content=\"Est. reading time\" \/>\n\t<meta name=\"twitter:data2\" content=\"4 minutes\" \/>\n<script type=\"application\/ld+json\" class=\"yoast-schema-graph\">{\"@context\":\"https:\\\/\\\/schema.org\",\"@graph\":[{\"@type\":\"Article\",\"@id\":\"https:\\\/\\\/abes.org.br\\\/unicornio-vtex-lanca-primeiro-escritorio-em-lisboa\\\/#article\",\"isPartOf\":{\"@id\":\"https:\\\/\\\/abes.org.br\\\/unicornio-vtex-lanca-primeiro-escritorio-em-lisboa\\\/\"},\"author\":{\"name\":\"Editor ABES\",\"@id\":\"https:\\\/\\\/abes.org.br\\\/#\\\/schema\\\/person\\\/d65ed84c8883a123fe668129fd6a7ed3\"},\"headline\":\"Unic\u00f3rnio VTEX lan\u00e7a primeiro escrit\u00f3rio em Lisboa\",\"datePublished\":\"2021-06-17T12:04:02+00:00\",\"mainEntityOfPage\":{\"@id\":\"https:\\\/\\\/abes.org.br\\\/unicornio-vtex-lanca-primeiro-escritorio-em-lisboa\\\/\"},\"wordCount\":724,\"publisher\":{\"@id\":\"https:\\\/\\\/abes.org.br\\\/#organization\"},\"keywords\":[\"comunidade tecnol\u00f3gica\",\"expans\u00e3o internacional\",\"mercado de ecommerce\",\"processo seletivo\",\"Vtex\"],\"articleSection\":[\"-Coluna 4\",\"\u00daltimas not\u00edcias\"],\"inLanguage\":\"en-US\"},{\"@type\":\"WebPage\",\"@id\":\"https:\\\/\\\/abes.org.br\\\/unicornio-vtex-lanca-primeiro-escritorio-em-lisboa\\\/\",\"url\":\"https:\\\/\\\/abes.org.br\\\/unicornio-vtex-lanca-primeiro-escritorio-em-lisboa\\\/\",\"name\":\"Unic\u00f3rnio VTEX lan\u00e7a primeiro escrit\u00f3rio em Lisboa - ABES\",\"isPartOf\":{\"@id\":\"https:\\\/\\\/abes.org.br\\\/#website\"},\"datePublished\":\"2021-06-17T12:04:02+00:00\",\"breadcrumb\":{\"@id\":\"https:\\\/\\\/abes.org.br\\\/unicornio-vtex-lanca-primeiro-escritorio-em-lisboa\\\/#breadcrumb\"},\"inLanguage\":\"en-US\",\"potentialAction\":[{\"@type\":\"ReadAction\",\"target\":[\"https:\\\/\\\/abes.org.br\\\/unicornio-vtex-lanca-primeiro-escritorio-em-lisboa\\\/\"]}]},{\"@type\":\"BreadcrumbList\",\"@id\":\"https:\\\/\\\/abes.org.br\\\/unicornio-vtex-lanca-primeiro-escritorio-em-lisboa\\\/#breadcrumb\",\"itemListElement\":[{\"@type\":\"ListItem\",\"position\":1,\"name\":\"In\u00edcio\",\"item\":\"https:\\\/\\\/abes.org.br\\\/\"},{\"@type\":\"ListItem\",\"position\":2,\"name\":\"Unic\u00f3rnio VTEX lan\u00e7a primeiro escrit\u00f3rio em Lisboa\"}]},{\"@type\":\"WebSite\",\"@id\":\"https:\\\/\\\/abes.org.br\\\/#website\",\"url\":\"https:\\\/\\\/abes.org.br\\\/\",\"name\":\"ABES\",\"description\":\"Associa\u00e7\u00e3o Brasileira das Empresas de Software\",\"publisher\":{\"@id\":\"https:\\\/\\\/abes.org.br\\\/#organization\"},\"potentialAction\":[{\"@type\":\"SearchAction\",\"target\":{\"@type\":\"EntryPoint\",\"urlTemplate\":\"https:\\\/\\\/abes.org.br\\\/?s={search_term_string}\"},\"query-input\":{\"@type\":\"PropertyValueSpecification\",\"valueRequired\":true,\"valueName\":\"search_term_string\"}}],\"inLanguage\":\"en-US\"},{\"@type\":\"Organization\",\"@id\":\"https:\\\/\\\/abes.org.br\\\/#organization\",\"name\":\"Associa\u00e7\u00e3o Brasileira das Empresas de Software\",\"url\":\"https:\\\/\\\/abes.org.br\\\/\",\"logo\":{\"@type\":\"ImageObject\",\"inLanguage\":\"en-US\",\"@id\":\"https:\\\/\\\/abes.org.br\\\/#\\\/schema\\\/logo\\\/image\\\/\",\"url\":\"https:\\\/\\\/abes.org.br\\\/wp-content\\\/uploads\\\/2020\\\/09\\\/logo_abes_marca_d_tagline_horizontal_verde-amarelo_cmyk.png\",\"contentUrl\":\"https:\\\/\\\/abes.org.br\\\/wp-content\\\/uploads\\\/2020\\\/09\\\/logo_abes_marca_d_tagline_horizontal_verde-amarelo_cmyk.png\",\"width\":324,\"height\":70,\"caption\":\"Associa\u00e7\u00e3o Brasileira das Empresas de Software\"},\"image\":{\"@id\":\"https:\\\/\\\/abes.org.br\\\/#\\\/schema\\\/logo\\\/image\\\/\"},\"sameAs\":[\"https:\\\/\\\/www.facebook.com\\\/ABES.software\",\"https:\\\/\\\/x.com\\\/ABES_SOFTWARE\",\"https:\\\/\\\/www.linkedin.com\\\/company\\\/abes-software\\\/\",\"https:\\\/\\\/www.instagram.com\\\/abes_software\\\/\"]},{\"@type\":\"Person\",\"@id\":\"https:\\\/\\\/abes.org.br\\\/#\\\/schema\\\/person\\\/d65ed84c8883a123fe668129fd6a7ed3\",\"name\":\"Editor ABES\",\"image\":{\"@type\":\"ImageObject\",\"inLanguage\":\"en-US\",\"@id\":\"https:\\\/\\\/secure.gravatar.com\\\/avatar\\\/3b207abce016c5e2ad6bf38914af9ad16e277128bb9b06dabb05bc191f02d7fe?s=96&d=mm&r=g\",\"url\":\"https:\\\/\\\/secure.gravatar.com\\\/avatar\\\/3b207abce016c5e2ad6bf38914af9ad16e277128bb9b06dabb05bc191f02d7fe?s=96&d=mm&r=g\",\"contentUrl\":\"https:\\\/\\\/secure.gravatar.com\\\/avatar\\\/3b207abce016c5e2ad6bf38914af9ad16e277128bb9b06dabb05bc191f02d7fe?s=96&d=mm&r=g\",\"caption\":\"Editor ABES\"},\"url\":\"https:\\\/\\\/abes.org.br\\\/en\\\/author\\\/editor-abes\\\/\"}]}<\/script>\n<!-- \/ Yoast SEO plugin. -->","yoast_head_json":{"title":"Unicorn VTEX launches first office in Lisbon - ABES","robots":{"index":"index","follow":"follow","max-snippet":"max-snippet:-1","max-image-preview":"max-image-preview:large","max-video-preview":"max-video-preview:-1"},"canonical":"https:\/\/abes.org.br\/en\/unicornio-vtex-lanca-primeiro-escritorio-em-lisboa\/","og_locale":"en_US","og_type":"article","og_title":"Unic\u00f3rnio VTEX lan\u00e7a primeiro escrit\u00f3rio em Lisboa - ABES","og_description":"Multinacional foi reconhecida como uma &#8220;Vision\u00e1ria&#8221; no Quadrante M\u00e1gico do Gartner para Com\u00e9rcio Digital, 2020 e como &#8220;L\u00edder&#8221; no IDC MarketScape Worldwide B2C Digital Commerce Platforms 2020 Vendor Assessment A\u00a0VTEX, multinacional brasileira especializada em ecommerce, anuncia a abertura de um novo escrit\u00f3rio, desta vez em Lisboa, o primeiro em Portugal. Para a empresa, inaugurar mais [&hellip;]","og_url":"https:\/\/abes.org.br\/en\/unicornio-vtex-lanca-primeiro-escritorio-em-lisboa\/","og_site_name":"ABES","article_publisher":"https:\/\/www.facebook.com\/ABES.software","article_published_time":"2021-06-17T12:04:02+00:00","og_image":[{"width":3509,"height":2482,"url":"https:\/\/abes.org.br\/wp-content\/uploads\/2021\/01\/logo_abes_marca_tagline_horizontal_colorido_rgb.png","type":"image\/png"}],"author":"Editor ABES","twitter_card":"summary_large_image","twitter_creator":"@ABES_SOFTWARE","twitter_site":"@ABES_SOFTWARE","twitter_misc":{"Written by":"Editor ABES","Est. reading time":"4 minutes"},"schema":{"@context":"https:\/\/schema.org","@graph":[{"@type":"Article","@id":"https:\/\/abes.org.br\/unicornio-vtex-lanca-primeiro-escritorio-em-lisboa\/#article","isPartOf":{"@id":"https:\/\/abes.org.br\/unicornio-vtex-lanca-primeiro-escritorio-em-lisboa\/"},"author":{"name":"Editor ABES","@id":"https:\/\/abes.org.br\/#\/schema\/person\/d65ed84c8883a123fe668129fd6a7ed3"},"headline":"Unic\u00f3rnio VTEX lan\u00e7a primeiro escrit\u00f3rio em Lisboa","datePublished":"2021-06-17T12:04:02+00:00","mainEntityOfPage":{"@id":"https:\/\/abes.org.br\/unicornio-vtex-lanca-primeiro-escritorio-em-lisboa\/"},"wordCount":724,"publisher":{"@id":"https:\/\/abes.org.br\/#organization"},"keywords":["comunidade tecnol\u00f3gica","expans\u00e3o internacional","mercado de ecommerce","processo seletivo","Vtex"],"articleSection":["-Coluna 4","\u00daltimas not\u00edcias"],"inLanguage":"en-US"},{"@type":"WebPage","@id":"https:\/\/abes.org.br\/unicornio-vtex-lanca-primeiro-escritorio-em-lisboa\/","url":"https:\/\/abes.org.br\/unicornio-vtex-lanca-primeiro-escritorio-em-lisboa\/","name":"Unicorn VTEX launches first office in Lisbon - ABES","isPartOf":{"@id":"https:\/\/abes.org.br\/#website"},"datePublished":"2021-06-17T12:04:02+00:00","breadcrumb":{"@id":"https:\/\/abes.org.br\/unicornio-vtex-lanca-primeiro-escritorio-em-lisboa\/#breadcrumb"},"inLanguage":"en-US","potentialAction":[{"@type":"ReadAction","target":["https:\/\/abes.org.br\/unicornio-vtex-lanca-primeiro-escritorio-em-lisboa\/"]}]},{"@type":"BreadcrumbList","@id":"https:\/\/abes.org.br\/unicornio-vtex-lanca-primeiro-escritorio-em-lisboa\/#breadcrumb","itemListElement":[{"@type":"ListItem","position":1,"name":"In\u00edcio","item":"https:\/\/abes.org.br\/"},{"@type":"ListItem","position":2,"name":"Unic\u00f3rnio VTEX lan\u00e7a primeiro escrit\u00f3rio em Lisboa"}]},{"@type":"WebSite","@id":"https:\/\/abes.org.br\/#website","url":"https:\/\/abes.org.br\/","name":"ABES","description":"Brazilian Association of Software Companies","publisher":{"@id":"https:\/\/abes.org.br\/#organization"},"potentialAction":[{"@type":"SearchAction","target":{"@type":"EntryPoint","urlTemplate":"https:\/\/abes.org.br\/?s={search_term_string}"},"query-input":{"@type":"PropertyValueSpecification","valueRequired":true,"valueName":"search_term_string"}}],"inLanguage":"en-US"},{"@type":"Organization","@id":"https:\/\/abes.org.br\/#organization","name":"Brazilian Association of Software Companies","url":"https:\/\/abes.org.br\/","logo":{"@type":"ImageObject","inLanguage":"en-US","@id":"https:\/\/abes.org.br\/#\/schema\/logo\/image\/","url":"https:\/\/abes.org.br\/wp-content\/uploads\/2020\/09\/logo_abes_marca_d_tagline_horizontal_verde-amarelo_cmyk.png","contentUrl":"https:\/\/abes.org.br\/wp-content\/uploads\/2020\/09\/logo_abes_marca_d_tagline_horizontal_verde-amarelo_cmyk.png","width":324,"height":70,"caption":"Associa\u00e7\u00e3o Brasileira das Empresas de Software"},"image":{"@id":"https:\/\/abes.org.br\/#\/schema\/logo\/image\/"},"sameAs":["https:\/\/www.facebook.com\/ABES.software","https:\/\/x.com\/ABES_SOFTWARE","https:\/\/www.linkedin.com\/company\/abes-software\/","https:\/\/www.instagram.com\/abes_software\/"]},{"@type":"Person","@id":"https:\/\/abes.org.br\/#\/schema\/person\/d65ed84c8883a123fe668129fd6a7ed3","name":"ABES Editor","image":{"@type":"ImageObject","inLanguage":"en-US","@id":"https:\/\/secure.gravatar.com\/avatar\/3b207abce016c5e2ad6bf38914af9ad16e277128bb9b06dabb05bc191f02d7fe?s=96&d=mm&r=g","url":"https:\/\/secure.gravatar.com\/avatar\/3b207abce016c5e2ad6bf38914af9ad16e277128bb9b06dabb05bc191f02d7fe?s=96&d=mm&r=g","contentUrl":"https:\/\/secure.gravatar.com\/avatar\/3b207abce016c5e2ad6bf38914af9ad16e277128bb9b06dabb05bc191f02d7fe?s=96&d=mm&r=g","caption":"Editor ABES"},"url":"https:\/\/abes.org.br\/en\/author\/editor-abes\/"}]}},"publishpress_future_action":{"enabled":false,"date":"2026-05-03 06:39:39","action":"change-status","newStatus":"draft","terms":[],"taxonomy":"category","extraData":[]},"publishpress_future_workflow_manual_trigger":{"enabledWorkflows":[]},"_links":{"self":[{"href":"https:\/\/abes.org.br\/en\/wp-json\/wp\/v2\/posts\/33570","targetHints":{"allow":["GET"]}}],"collection":[{"href":"https:\/\/abes.org.br\/en\/wp-json\/wp\/v2\/posts"}],"about":[{"href":"https:\/\/abes.org.br\/en\/wp-json\/wp\/v2\/types\/post"}],"author":[{"embeddable":true,"href":"https:\/\/abes.org.br\/en\/wp-json\/wp\/v2\/users\/10"}],"replies":[{"embeddable":true,"href":"https:\/\/abes.org.br\/en\/wp-json\/wp\/v2\/comments?post=33570"}],"version-history":[{"count":1,"href":"https:\/\/abes.org.br\/en\/wp-json\/wp\/v2\/posts\/33570\/revisions"}],"predecessor-version":[{"id":33571,"href":"https:\/\/abes.org.br\/en\/wp-json\/wp\/v2\/posts\/33570\/revisions\/33571"}],"wp:attachment":[{"href":"https:\/\/abes.org.br\/en\/wp-json\/wp\/v2\/media?parent=33570"}],"wp:term":[{"taxonomy":"category","embeddable":true,"href":"https:\/\/abes.org.br\/en\/wp-json\/wp\/v2\/categories?post=33570"},{"taxonomy":"post_tag","embeddable":true,"href":"https:\/\/abes.org.br\/en\/wp-json\/wp\/v2\/tags?post=33570"}],"curies":[{"name":"wp","href":"https:\/\/api.w.org\/{rel}","templated":true}]}}