{"id":33555,"date":"2021-06-14T07:27:14","date_gmt":"2021-06-14T10:27:14","guid":{"rendered":"https:\/\/abes.org.br\/?p=33555"},"modified":"2021-06-18T13:51:34","modified_gmt":"2021-06-18T16:51:34","slug":"melhores-praticas-abes-patrocina-o-esg-forum-nos-dias-16-e-17-de-junho","status":"publish","type":"post","link":"https:\/\/abes.org.br\/en\/melhores-praticas-abes-patrocina-o-esg-forum-nos-dias-16-e-17-de-junho\/","title":{"rendered":"Best practices: ABES sponsors the ESG Forum on June 16th and 17th"},"content":{"rendered":"<p><img loading=\"lazy\" decoding=\"async\" class=\"wp-image-33556 aligncenter\" src=\"https:\/\/abes.org.br\/wp-content\/uploads\/2021\/06\/Post-ESGForumP4-Capital.jpg\" alt=\"\" width=\"379\" height=\"378\" \/><\/p>\n<p>ABES sponsors the first edition of the ESG Forum, a 100% digital event organized by TI Inside, which aims to present and debate which initiatives companies should adopt to be committed to having a more sustainable operation in environmental, social and environmental terms. governance (ESG \u2013 Environmental, Social, Governance). The event takes place on the 16th and 17th of June.<u><\/u><u><\/u><\/p>\n<p>\u201cThe debate around practices aligned with ESG principles has grown in Brazil, and more and more companies are committed to preserving natural resources, promoting well-being in the work environment, adopting best practices in corporate governance and enabling technologies. We decided to participate in this forum to showcase our ESG-aligned initiatives, which include the Mobilization for Inequality Reduction, the ReciTech Program and the Uma Empesa Ethical initiative. We also aim to encourage new practices among our associates and in the national ICT sector\u201d, explains Rodolfo F\u00fccher, president of ABES.<u><\/u><u><\/u><\/p>\n<p>In addition to a virtual stand, Rodolfo will participate in the panel on Human Capital, alongside Marcus Nakagawa (ESPM), Fernando Luciano (Telef\u00f4nica Brasil) and Rubem D. Duek (Meu Futuro Digital), in order to analyze the new challenges in the of work, such as corporate conduct and social issues, including: gender equality, education, health and well-being, reduction of inequalities.<u><\/u><u><\/u><\/p>\n<p>Being in line with the objectives of the ESG is today a mandatory reference for companies to be valued in the financial market and to receive the so-called Socially Responsible Investments (SRI). After all, companies that are able to adapt to changes and support sustainable development have become even more important to society as a whole.<u><\/u><u><\/u><\/p>\n<p><strong>Topics that are part of the ESG Forum schedule:<\/strong><u><\/u><u><\/u><\/p>\n<p>*challenges to become an ESG company;<u><\/u><u><\/u><\/p>\n<p>*funding and investments in ESG companies;<u><\/u><u><\/u><\/p>\n<p>* enabling technologies;<u><\/u><u><\/u><\/p>\n<p>*best practices in governance, transparency, data protection and privacy;<u><\/u><u><\/u><\/p>\n<p>* environmental impact, energy efficiency, waste management, water use, environmental preservation;<u><\/u><u><\/u><\/p>\n<p>* work environment, corporate conduct and community contribution.<u><\/u><u><\/u><\/p>\n<p>See how to sign up for\u00a0<a href=\"https:\/\/lnkd.in\/dsR2bPq\" target=\"_blank\" rel=\"noopener noreferrer\" data-saferedirecturl=\"https:\/\/www.google.com\/url?q=https:\/\/lnkd.in\/dsR2bPq&amp;source=gmail&amp;ust=1623752146904000&amp;usg=AFQjCNHypuacaX7IUO-tg2rKTdstOLDqWA\">https:\/\/lnkd.in\/dsR2bPq<\/a><\/p>","protected":false},"excerpt":{"rendered":"<p>A ABES patrocina a primeira edi\u00e7\u00e3o do ESG Forum, evento 100% digital organizado pelo TI Inside, que tem como objetivo apresentar e debater quais s\u00e3o as inciativas que as empresas devem adotar para estarem comprometidas em ter uma opera\u00e7\u00e3o mais sustent\u00e1vel em termos ambientais, sociais e de governan\u00e7a (ESG \u2013 Environmental, Social, Governance). O evento [&hellip;]<\/p>\n","protected":false},"author":10,"featured_media":33557,"comment_status":"closed","ping_status":"closed","sticky":false,"template":"","format":"standard","meta":{"_acf_changed":false,"_et_pb_use_builder":"","_et_pb_old_content":"","_et_gb_content_width":"","footnotes":""},"categories":[39,19],"tags":[1702,1699,70,1701,1700,1703,529],"class_list":["post-33555","post","type-post","status-publish","format-standard","has-post-thumbnail","hentry","category-coluna-4","category-ultimas-noticias","tag-eficiencia-energetica","tag-esg-forum","tag-governanca","tag-impacto-ambientais","tag-iniciativa-empresarial","tag-protecao-de-dados-e-privacidade","tag-sustentabilidade"],"acf":[],"yoast_head":"<!-- This site is optimized with the Yoast SEO plugin v27.3 - https:\/\/yoast.com\/product\/yoast-seo-wordpress\/ -->\n<title>Melhores pr\u00e1ticas: ABES patrocina o ESG Forum nos dias 16 e 17 de junho - ABES<\/title>\n<meta name=\"robots\" content=\"index, follow, max-snippet:-1, max-image-preview:large, max-video-preview:-1\" \/>\n<link rel=\"canonical\" href=\"https:\/\/abes.org.br\/en\/melhores-praticas-abes-patrocina-o-esg-forum-nos-dias-16-e-17-de-junho\/\" \/>\n<meta property=\"og:locale\" content=\"en_US\" \/>\n<meta property=\"og:type\" content=\"article\" \/>\n<meta property=\"og:title\" content=\"Melhores pr\u00e1ticas: ABES patrocina o ESG Forum nos dias 16 e 17 de junho - ABES\" \/>\n<meta property=\"og:description\" content=\"A ABES patrocina a primeira edi\u00e7\u00e3o do ESG Forum, evento 100% digital organizado pelo TI Inside, que tem como objetivo apresentar e debater quais s\u00e3o as inciativas que as empresas devem adotar para estarem comprometidas em ter uma opera\u00e7\u00e3o mais sustent\u00e1vel em termos ambientais, sociais e de governan\u00e7a (ESG \u2013 Environmental, Social, Governance). O evento [&hellip;]\" \/>\n<meta property=\"og:url\" content=\"https:\/\/abes.org.br\/en\/melhores-praticas-abes-patrocina-o-esg-forum-nos-dias-16-e-17-de-junho\/\" \/>\n<meta property=\"og:site_name\" content=\"ABES\" \/>\n<meta property=\"article:publisher\" content=\"https:\/\/www.facebook.com\/ABES.software\" \/>\n<meta property=\"article:published_time\" content=\"2021-06-14T10:27:14+00:00\" \/>\n<meta property=\"article:modified_time\" content=\"2021-06-18T16:51:34+00:00\" \/>\n<meta property=\"og:image\" content=\"https:\/\/abes.org.br\/wp-content\/uploads\/2021\/06\/Post-ESGForum-banner.jpg\" \/>\n\t<meta property=\"og:image:width\" content=\"1192\" \/>\n\t<meta property=\"og:image:height\" content=\"538\" \/>\n\t<meta property=\"og:image:type\" content=\"image\/jpeg\" \/>\n<meta name=\"author\" content=\"Editor ABES\" \/>\n<meta name=\"twitter:card\" content=\"summary_large_image\" \/>\n<meta name=\"twitter:creator\" content=\"@ABES_SOFTWARE\" \/>\n<meta name=\"twitter:site\" content=\"@ABES_SOFTWARE\" \/>\n<meta name=\"twitter:label1\" content=\"Written by\" \/>\n\t<meta name=\"twitter:data1\" content=\"Editor ABES\" \/>\n\t<meta name=\"twitter:label2\" content=\"Est. reading time\" \/>\n\t<meta name=\"twitter:data2\" content=\"2 minutes\" \/>\n<script type=\"application\/ld+json\" class=\"yoast-schema-graph\">{\"@context\":\"https:\\\/\\\/schema.org\",\"@graph\":[{\"@type\":\"Article\",\"@id\":\"https:\\\/\\\/abes.org.br\\\/en\\\/melhores-praticas-abes-patrocina-o-esg-forum-nos-dias-16-e-17-de-junho\\\/#article\",\"isPartOf\":{\"@id\":\"https:\\\/\\\/abes.org.br\\\/en\\\/melhores-praticas-abes-patrocina-o-esg-forum-nos-dias-16-e-17-de-junho\\\/\"},\"author\":{\"name\":\"Editor ABES\",\"@id\":\"https:\\\/\\\/abes.org.br\\\/#\\\/schema\\\/person\\\/d65ed84c8883a123fe668129fd6a7ed3\"},\"headline\":\"Melhores pr\u00e1ticas: ABES patrocina o ESG Forum nos dias 16 e 17 de junho\",\"datePublished\":\"2021-06-14T10:27:14+00:00\",\"dateModified\":\"2021-06-18T16:51:34+00:00\",\"mainEntityOfPage\":{\"@id\":\"https:\\\/\\\/abes.org.br\\\/en\\\/melhores-praticas-abes-patrocina-o-esg-forum-nos-dias-16-e-17-de-junho\\\/\"},\"wordCount\":393,\"publisher\":{\"@id\":\"https:\\\/\\\/abes.org.br\\\/#organization\"},\"image\":{\"@id\":\"https:\\\/\\\/abes.org.br\\\/en\\\/melhores-praticas-abes-patrocina-o-esg-forum-nos-dias-16-e-17-de-junho\\\/#primaryimage\"},\"thumbnailUrl\":\"https:\\\/\\\/abes.org.br\\\/wp-content\\\/uploads\\\/2021\\\/06\\\/Post-ESGForum-banner.jpg\",\"keywords\":[\"efici\u00eancia energ\u00e9tica\",\"ESG Forum\",\"governan\u00e7a\",\"impacto ambientais\",\"iniciativa empresarial\",\"prote\u00e7\u00e3o de dados e privacidade\",\"Sustentabilidade\"],\"articleSection\":[\"-Coluna 4\",\"\u00daltimas not\u00edcias\"],\"inLanguage\":\"en-US\"},{\"@type\":\"WebPage\",\"@id\":\"https:\\\/\\\/abes.org.br\\\/en\\\/melhores-praticas-abes-patrocina-o-esg-forum-nos-dias-16-e-17-de-junho\\\/\",\"url\":\"https:\\\/\\\/abes.org.br\\\/en\\\/melhores-praticas-abes-patrocina-o-esg-forum-nos-dias-16-e-17-de-junho\\\/\",\"name\":\"Melhores pr\u00e1ticas: ABES patrocina o ESG Forum nos dias 16 e 17 de junho - ABES\",\"isPartOf\":{\"@id\":\"https:\\\/\\\/abes.org.br\\\/#website\"},\"primaryImageOfPage\":{\"@id\":\"https:\\\/\\\/abes.org.br\\\/en\\\/melhores-praticas-abes-patrocina-o-esg-forum-nos-dias-16-e-17-de-junho\\\/#primaryimage\"},\"image\":{\"@id\":\"https:\\\/\\\/abes.org.br\\\/en\\\/melhores-praticas-abes-patrocina-o-esg-forum-nos-dias-16-e-17-de-junho\\\/#primaryimage\"},\"thumbnailUrl\":\"https:\\\/\\\/abes.org.br\\\/wp-content\\\/uploads\\\/2021\\\/06\\\/Post-ESGForum-banner.jpg\",\"datePublished\":\"2021-06-14T10:27:14+00:00\",\"dateModified\":\"2021-06-18T16:51:34+00:00\",\"breadcrumb\":{\"@id\":\"https:\\\/\\\/abes.org.br\\\/en\\\/melhores-praticas-abes-patrocina-o-esg-forum-nos-dias-16-e-17-de-junho\\\/#breadcrumb\"},\"inLanguage\":\"en-US\",\"potentialAction\":[{\"@type\":\"ReadAction\",\"target\":[\"https:\\\/\\\/abes.org.br\\\/en\\\/melhores-praticas-abes-patrocina-o-esg-forum-nos-dias-16-e-17-de-junho\\\/\"]}]},{\"@type\":\"ImageObject\",\"inLanguage\":\"en-US\",\"@id\":\"https:\\\/\\\/abes.org.br\\\/en\\\/melhores-praticas-abes-patrocina-o-esg-forum-nos-dias-16-e-17-de-junho\\\/#primaryimage\",\"url\":\"https:\\\/\\\/abes.org.br\\\/wp-content\\\/uploads\\\/2021\\\/06\\\/Post-ESGForum-banner.jpg\",\"contentUrl\":\"https:\\\/\\\/abes.org.br\\\/wp-content\\\/uploads\\\/2021\\\/06\\\/Post-ESGForum-banner.jpg\",\"width\":1192,\"height\":538},{\"@type\":\"BreadcrumbList\",\"@id\":\"https:\\\/\\\/abes.org.br\\\/en\\\/melhores-praticas-abes-patrocina-o-esg-forum-nos-dias-16-e-17-de-junho\\\/#breadcrumb\",\"itemListElement\":[{\"@type\":\"ListItem\",\"position\":1,\"name\":\"In\u00edcio\",\"item\":\"https:\\\/\\\/abes.org.br\\\/\"},{\"@type\":\"ListItem\",\"position\":2,\"name\":\"Melhores pr\u00e1ticas: ABES patrocina o ESG Forum nos dias 16 e 17 de junho\"}]},{\"@type\":\"WebSite\",\"@id\":\"https:\\\/\\\/abes.org.br\\\/#website\",\"url\":\"https:\\\/\\\/abes.org.br\\\/\",\"name\":\"ABES\",\"description\":\"Associa\u00e7\u00e3o Brasileira das Empresas de Software\",\"publisher\":{\"@id\":\"https:\\\/\\\/abes.org.br\\\/#organization\"},\"potentialAction\":[{\"@type\":\"SearchAction\",\"target\":{\"@type\":\"EntryPoint\",\"urlTemplate\":\"https:\\\/\\\/abes.org.br\\\/?s={search_term_string}\"},\"query-input\":{\"@type\":\"PropertyValueSpecification\",\"valueRequired\":true,\"valueName\":\"search_term_string\"}}],\"inLanguage\":\"en-US\"},{\"@type\":\"Organization\",\"@id\":\"https:\\\/\\\/abes.org.br\\\/#organization\",\"name\":\"Associa\u00e7\u00e3o Brasileira das Empresas de Software\",\"url\":\"https:\\\/\\\/abes.org.br\\\/\",\"logo\":{\"@type\":\"ImageObject\",\"inLanguage\":\"en-US\",\"@id\":\"https:\\\/\\\/abes.org.br\\\/#\\\/schema\\\/logo\\\/image\\\/\",\"url\":\"https:\\\/\\\/abes.org.br\\\/wp-content\\\/uploads\\\/2020\\\/09\\\/logo_abes_marca_d_tagline_horizontal_verde-amarelo_cmyk.png\",\"contentUrl\":\"https:\\\/\\\/abes.org.br\\\/wp-content\\\/uploads\\\/2020\\\/09\\\/logo_abes_marca_d_tagline_horizontal_verde-amarelo_cmyk.png\",\"width\":324,\"height\":70,\"caption\":\"Associa\u00e7\u00e3o Brasileira das Empresas de Software\"},\"image\":{\"@id\":\"https:\\\/\\\/abes.org.br\\\/#\\\/schema\\\/logo\\\/image\\\/\"},\"sameAs\":[\"https:\\\/\\\/www.facebook.com\\\/ABES.software\",\"https:\\\/\\\/x.com\\\/ABES_SOFTWARE\",\"https:\\\/\\\/www.linkedin.com\\\/company\\\/abes-software\\\/\",\"https:\\\/\\\/www.instagram.com\\\/abes_software\\\/\"]},{\"@type\":\"Person\",\"@id\":\"https:\\\/\\\/abes.org.br\\\/#\\\/schema\\\/person\\\/d65ed84c8883a123fe668129fd6a7ed3\",\"name\":\"Editor ABES\",\"image\":{\"@type\":\"ImageObject\",\"inLanguage\":\"en-US\",\"@id\":\"https:\\\/\\\/secure.gravatar.com\\\/avatar\\\/3b207abce016c5e2ad6bf38914af9ad16e277128bb9b06dabb05bc191f02d7fe?s=96&d=mm&r=g\",\"url\":\"https:\\\/\\\/secure.gravatar.com\\\/avatar\\\/3b207abce016c5e2ad6bf38914af9ad16e277128bb9b06dabb05bc191f02d7fe?s=96&d=mm&r=g\",\"contentUrl\":\"https:\\\/\\\/secure.gravatar.com\\\/avatar\\\/3b207abce016c5e2ad6bf38914af9ad16e277128bb9b06dabb05bc191f02d7fe?s=96&d=mm&r=g\",\"caption\":\"Editor ABES\"},\"url\":\"https:\\\/\\\/abes.org.br\\\/en\\\/author\\\/editor-abes\\\/\"}]}<\/script>\n<!-- \/ Yoast SEO plugin. -->","yoast_head_json":{"title":"Best practices: ABES sponsors the ESG Forum on June 16th and 17th - ABES","robots":{"index":"index","follow":"follow","max-snippet":"max-snippet:-1","max-image-preview":"max-image-preview:large","max-video-preview":"max-video-preview:-1"},"canonical":"https:\/\/abes.org.br\/en\/melhores-praticas-abes-patrocina-o-esg-forum-nos-dias-16-e-17-de-junho\/","og_locale":"en_US","og_type":"article","og_title":"Melhores pr\u00e1ticas: ABES patrocina o ESG Forum nos dias 16 e 17 de junho - ABES","og_description":"A ABES patrocina a primeira edi\u00e7\u00e3o do ESG Forum, evento 100% digital organizado pelo TI Inside, que tem como objetivo apresentar e debater quais s\u00e3o as inciativas que as empresas devem adotar para estarem comprometidas em ter uma opera\u00e7\u00e3o mais sustent\u00e1vel em termos ambientais, sociais e de governan\u00e7a (ESG \u2013 Environmental, Social, Governance). O evento [&hellip;]","og_url":"https:\/\/abes.org.br\/en\/melhores-praticas-abes-patrocina-o-esg-forum-nos-dias-16-e-17-de-junho\/","og_site_name":"ABES","article_publisher":"https:\/\/www.facebook.com\/ABES.software","article_published_time":"2021-06-14T10:27:14+00:00","article_modified_time":"2021-06-18T16:51:34+00:00","og_image":[{"width":1192,"height":538,"url":"https:\/\/abes.org.br\/wp-content\/uploads\/2021\/06\/Post-ESGForum-banner.jpg","type":"image\/jpeg"}],"author":"Editor ABES","twitter_card":"summary_large_image","twitter_creator":"@ABES_SOFTWARE","twitter_site":"@ABES_SOFTWARE","twitter_misc":{"Written by":"Editor ABES","Est. reading time":"2 minutes"},"schema":{"@context":"https:\/\/schema.org","@graph":[{"@type":"Article","@id":"https:\/\/abes.org.br\/en\/melhores-praticas-abes-patrocina-o-esg-forum-nos-dias-16-e-17-de-junho\/#article","isPartOf":{"@id":"https:\/\/abes.org.br\/en\/melhores-praticas-abes-patrocina-o-esg-forum-nos-dias-16-e-17-de-junho\/"},"author":{"name":"Editor ABES","@id":"https:\/\/abes.org.br\/#\/schema\/person\/d65ed84c8883a123fe668129fd6a7ed3"},"headline":"Melhores pr\u00e1ticas: ABES patrocina o ESG Forum nos dias 16 e 17 de junho","datePublished":"2021-06-14T10:27:14+00:00","dateModified":"2021-06-18T16:51:34+00:00","mainEntityOfPage":{"@id":"https:\/\/abes.org.br\/en\/melhores-praticas-abes-patrocina-o-esg-forum-nos-dias-16-e-17-de-junho\/"},"wordCount":393,"publisher":{"@id":"https:\/\/abes.org.br\/#organization"},"image":{"@id":"https:\/\/abes.org.br\/en\/melhores-praticas-abes-patrocina-o-esg-forum-nos-dias-16-e-17-de-junho\/#primaryimage"},"thumbnailUrl":"https:\/\/abes.org.br\/wp-content\/uploads\/2021\/06\/Post-ESGForum-banner.jpg","keywords":["efici\u00eancia energ\u00e9tica","ESG Forum","governan\u00e7a","impacto ambientais","iniciativa empresarial","prote\u00e7\u00e3o de dados e privacidade","Sustentabilidade"],"articleSection":["-Coluna 4","\u00daltimas not\u00edcias"],"inLanguage":"en-US"},{"@type":"WebPage","@id":"https:\/\/abes.org.br\/en\/melhores-praticas-abes-patrocina-o-esg-forum-nos-dias-16-e-17-de-junho\/","url":"https:\/\/abes.org.br\/en\/melhores-praticas-abes-patrocina-o-esg-forum-nos-dias-16-e-17-de-junho\/","name":"Best practices: ABES sponsors the ESG Forum on June 16th and 17th - ABES","isPartOf":{"@id":"https:\/\/abes.org.br\/#website"},"primaryImageOfPage":{"@id":"https:\/\/abes.org.br\/en\/melhores-praticas-abes-patrocina-o-esg-forum-nos-dias-16-e-17-de-junho\/#primaryimage"},"image":{"@id":"https:\/\/abes.org.br\/en\/melhores-praticas-abes-patrocina-o-esg-forum-nos-dias-16-e-17-de-junho\/#primaryimage"},"thumbnailUrl":"https:\/\/abes.org.br\/wp-content\/uploads\/2021\/06\/Post-ESGForum-banner.jpg","datePublished":"2021-06-14T10:27:14+00:00","dateModified":"2021-06-18T16:51:34+00:00","breadcrumb":{"@id":"https:\/\/abes.org.br\/en\/melhores-praticas-abes-patrocina-o-esg-forum-nos-dias-16-e-17-de-junho\/#breadcrumb"},"inLanguage":"en-US","potentialAction":[{"@type":"ReadAction","target":["https:\/\/abes.org.br\/en\/melhores-praticas-abes-patrocina-o-esg-forum-nos-dias-16-e-17-de-junho\/"]}]},{"@type":"ImageObject","inLanguage":"en-US","@id":"https:\/\/abes.org.br\/en\/melhores-praticas-abes-patrocina-o-esg-forum-nos-dias-16-e-17-de-junho\/#primaryimage","url":"https:\/\/abes.org.br\/wp-content\/uploads\/2021\/06\/Post-ESGForum-banner.jpg","contentUrl":"https:\/\/abes.org.br\/wp-content\/uploads\/2021\/06\/Post-ESGForum-banner.jpg","width":1192,"height":538},{"@type":"BreadcrumbList","@id":"https:\/\/abes.org.br\/en\/melhores-praticas-abes-patrocina-o-esg-forum-nos-dias-16-e-17-de-junho\/#breadcrumb","itemListElement":[{"@type":"ListItem","position":1,"name":"In\u00edcio","item":"https:\/\/abes.org.br\/"},{"@type":"ListItem","position":2,"name":"Melhores pr\u00e1ticas: ABES patrocina o ESG Forum nos dias 16 e 17 de junho"}]},{"@type":"WebSite","@id":"https:\/\/abes.org.br\/#website","url":"https:\/\/abes.org.br\/","name":"ABES","description":"Brazilian Association of Software Companies","publisher":{"@id":"https:\/\/abes.org.br\/#organization"},"potentialAction":[{"@type":"SearchAction","target":{"@type":"EntryPoint","urlTemplate":"https:\/\/abes.org.br\/?s={search_term_string}"},"query-input":{"@type":"PropertyValueSpecification","valueRequired":true,"valueName":"search_term_string"}}],"inLanguage":"en-US"},{"@type":"Organization","@id":"https:\/\/abes.org.br\/#organization","name":"Brazilian Association of Software Companies","url":"https:\/\/abes.org.br\/","logo":{"@type":"ImageObject","inLanguage":"en-US","@id":"https:\/\/abes.org.br\/#\/schema\/logo\/image\/","url":"https:\/\/abes.org.br\/wp-content\/uploads\/2020\/09\/logo_abes_marca_d_tagline_horizontal_verde-amarelo_cmyk.png","contentUrl":"https:\/\/abes.org.br\/wp-content\/uploads\/2020\/09\/logo_abes_marca_d_tagline_horizontal_verde-amarelo_cmyk.png","width":324,"height":70,"caption":"Associa\u00e7\u00e3o Brasileira das Empresas de Software"},"image":{"@id":"https:\/\/abes.org.br\/#\/schema\/logo\/image\/"},"sameAs":["https:\/\/www.facebook.com\/ABES.software","https:\/\/x.com\/ABES_SOFTWARE","https:\/\/www.linkedin.com\/company\/abes-software\/","https:\/\/www.instagram.com\/abes_software\/"]},{"@type":"Person","@id":"https:\/\/abes.org.br\/#\/schema\/person\/d65ed84c8883a123fe668129fd6a7ed3","name":"ABES Editor","image":{"@type":"ImageObject","inLanguage":"en-US","@id":"https:\/\/secure.gravatar.com\/avatar\/3b207abce016c5e2ad6bf38914af9ad16e277128bb9b06dabb05bc191f02d7fe?s=96&d=mm&r=g","url":"https:\/\/secure.gravatar.com\/avatar\/3b207abce016c5e2ad6bf38914af9ad16e277128bb9b06dabb05bc191f02d7fe?s=96&d=mm&r=g","contentUrl":"https:\/\/secure.gravatar.com\/avatar\/3b207abce016c5e2ad6bf38914af9ad16e277128bb9b06dabb05bc191f02d7fe?s=96&d=mm&r=g","caption":"Editor ABES"},"url":"https:\/\/abes.org.br\/en\/author\/editor-abes\/"}]}},"publishpress_future_action":{"enabled":false,"date":"2026-05-03 08:27:57","action":"change-status","newStatus":"draft","terms":[],"taxonomy":"category","extraData":[]},"publishpress_future_workflow_manual_trigger":{"enabledWorkflows":[]},"_links":{"self":[{"href":"https:\/\/abes.org.br\/en\/wp-json\/wp\/v2\/posts\/33555","targetHints":{"allow":["GET"]}}],"collection":[{"href":"https:\/\/abes.org.br\/en\/wp-json\/wp\/v2\/posts"}],"about":[{"href":"https:\/\/abes.org.br\/en\/wp-json\/wp\/v2\/types\/post"}],"author":[{"embeddable":true,"href":"https:\/\/abes.org.br\/en\/wp-json\/wp\/v2\/users\/10"}],"replies":[{"embeddable":true,"href":"https:\/\/abes.org.br\/en\/wp-json\/wp\/v2\/comments?post=33555"}],"version-history":[{"count":1,"href":"https:\/\/abes.org.br\/en\/wp-json\/wp\/v2\/posts\/33555\/revisions"}],"predecessor-version":[{"id":33558,"href":"https:\/\/abes.org.br\/en\/wp-json\/wp\/v2\/posts\/33555\/revisions\/33558"}],"wp:featuredmedia":[{"embeddable":true,"href":"https:\/\/abes.org.br\/en\/wp-json\/wp\/v2\/media\/33557"}],"wp:attachment":[{"href":"https:\/\/abes.org.br\/en\/wp-json\/wp\/v2\/media?parent=33555"}],"wp:term":[{"taxonomy":"category","embeddable":true,"href":"https:\/\/abes.org.br\/en\/wp-json\/wp\/v2\/categories?post=33555"},{"taxonomy":"post_tag","embeddable":true,"href":"https:\/\/abes.org.br\/en\/wp-json\/wp\/v2\/tags?post=33555"}],"curies":[{"name":"wp","href":"https:\/\/api.w.org\/{rel}","templated":true}]}}