{"id":33538,"date":"2021-06-11T15:25:49","date_gmt":"2021-06-11T18:25:49","guid":{"rendered":"https:\/\/abes.org.br\/?p=33538"},"modified":"2021-06-28T10:59:00","modified_gmt":"2021-06-28T13:59:00","slug":"abes-cria-grupo-de-trabalho-para-discutir-cybersecurity","status":"publish","type":"post","link":"https:\/\/abes.org.br\/en\/abes-cria-grupo-de-trabalho-para-discutir-cybersecurity\/","title":{"rendered":"ABES creates a Working Group to discuss Cybersecurity"},"content":{"rendered":"<p><i>In addition to discussing best practices, the association intends to increase dialogue with the government on the subject<\/i><\/p>\n<p>ABES \u2013 Brazilian Association of Software Companies \u2013 to achieve its purpose of building a More Digital and Less Unequal Brazil, created a new Working Group with its members to debate the Cybersecurity issue. The first meeting took place on June 9, and included executives M\u00e1rcio Gon\u00e7alves, director of corporate affairs at Microsoft; and Afonso Lamounier, vice president of corporate affairs and government relations for Brazil and Latin America at SAP.<\/p>\n<p>\u201cCybersecurity is a topic that is gaining a lot of attention and ABES is being a fertile ground to contribute and put all associates on the same page. This debate is of great importance for the sector, and not just for individual companies, because ABES represents more than 2,000 companies, both in Brazil and abroad. This is an open channel for us to discuss ideas and bring up issues and I think the goal is to increase understanding, our security in terms of cyber and our dialogue with the government on a topic that is still complex\u201d, explains Lamounier.<\/p>\n<p>\u201cAt Microsoft, we&#039;ve had this concern for a few years now and we believe that this ABES initiative is extremely important because the more partners we have, the better it will be for our discussions and fostering ideas. We want to debate and bring the best practices to the market\u201d, says M\u00e1rcio Gon\u00e7alves.<\/p>\n<p>The meeting is part of ABES&#039; initiatives to discuss topics of national relevance with its members and aims to establish an important space for internal discussions and monitoring of specific regulations, engagement with stakeholders, in addition to promoting the exchange and dissemination of information among members and the most diverse segments of society.<\/p>\n<p><strong>About ABES<\/strong><\/p>\n<p>ABES, Brazilian Association of Software Companies, aims to contribute to the construction of a more digital and less unequal Brazil, in which information technology plays a fundamental role in the democratization of knowledge and the creation of new opportunities for all. In this sense, it aims to ensure a business environment conducive to innovation, ethical, dynamic, sustainable and globally competitive, always aligned with its mission to connect, guide, protect and develop the Brazilian information technology market.<\/p>\n<p>Since its foundation in September 1986, ABES has sought to be relevant to its associates and a national and international reference in the technology sector. Recently, the entity launched, in partnership with EY, the LGPD diagnosis, a free online tool and the LGPD \/ ABES index, in order to help companies analyze their level of adequacy with the LGPD (General Data Protection Law) ). Based on the more than 3,000 diagnoses performed, the LGPD ABES index, point out that only about 40% are in compliance with the LGPD, more details visit:\u00a0<u><a href=\"https:\/\/na01.safelinks.protection.outlook.com\/?url=https%3A%2F%2Furldefense.com%2Fv3%2F__https%3A%2Fdiagnosticolgpd.abes.org.br%2F__%3B!!N96JrnIq8IfO5w!3e8x2jRIyLb1Pr39_Td-L6qTMy1HWAEaKquY1G0UJOBCI6Fg9VvvrdKlz8o0bsA696wkAwc%24&amp;data=04%7C01%7C%7C3bc27018e0514c21353e08d92cebc168%7C84df9e7fe9f640afb435aaaaaaaaaaaa%7C1%7C0%7C637590213337045102%7CUnknown%7CTWFpbGZsb3d8eyJWIjoiMC4wLjAwMDAiLCJQIjoiV2luMzIiLCJBTiI6Ik1haWwiLCJXVCI6Mn0%3D%7C1000&amp;sdata=IWX%2F4F9ra6iio7yrUquo0ZXkwE%2Baqm%2FA%2BvwQ2fK9t0M%3D&amp;reserved=0\">https:\/\/diagnosticolgpd.abes.org.br\/<\/a><\/u>.<\/p>\n<p>Currently, ABES represents approximately 2 thousand companies, totaling around 85% of the software and services segment revenue in Brazil, distributed in 22 Brazilian states and the Federal District, responsible for the generation of more than 208 thousand direct jobs and an annual revenue around 63.7 billion in 2019.<\/p>","protected":false},"excerpt":{"rendered":"<p>Al\u00e9m de discutir as melhores pr\u00e1ticas, associa\u00e7\u00e3o pretende aumentar interlocu\u00e7\u00e3o com governo sobre o tema A ABES &#8211; Associa\u00e7\u00e3o Brasileira de Empresas de Software &#8211; para atingir seu prop\u00f3sito de construir um Brasil Mais Digital e Menos Desigual, criou um novo Grupo de Trabalho com seus associados para debater o tema Cybersecurity. O primeiro encontro [&hellip;]<\/p>\n","protected":false},"author":10,"featured_media":33539,"comment_status":"closed","ping_status":"closed","sticky":false,"template":"","format":"standard","meta":{"_acf_changed":false,"_et_pb_use_builder":"","_et_pb_old_content":"","_et_gb_content_width":"","footnotes":""},"categories":[39,40],"tags":[1580,707,91,67],"class_list":["post-33538","post","type-post","status-publish","format-standard","has-post-thumbnail","hentry","category-coluna-4","category-press-releases","tag-cybersecurity","tag-empresas-de-software","tag-protecao-de-dados","tag-tecnologia-da-informacao"],"acf":[],"yoast_head":"<!-- This site is optimized with the Yoast SEO plugin v27.3 - https:\/\/yoast.com\/product\/yoast-seo-wordpress\/ -->\n<title>ABES cria Grupo de Trabalho para discutir Cybersecurity - ABES<\/title>\n<meta name=\"robots\" content=\"index, follow, max-snippet:-1, max-image-preview:large, max-video-preview:-1\" \/>\n<link rel=\"canonical\" href=\"https:\/\/abes.org.br\/en\/abes-cria-grupo-de-trabalho-para-discutir-cybersecurity\/\" \/>\n<meta property=\"og:locale\" content=\"en_US\" \/>\n<meta property=\"og:type\" content=\"article\" \/>\n<meta property=\"og:title\" content=\"ABES cria Grupo de Trabalho para discutir Cybersecurity - ABES\" \/>\n<meta property=\"og:description\" content=\"Al\u00e9m de discutir as melhores pr\u00e1ticas, associa\u00e7\u00e3o pretende aumentar interlocu\u00e7\u00e3o com governo sobre o tema A ABES &#8211; Associa\u00e7\u00e3o Brasileira de Empresas de Software &#8211; para atingir seu prop\u00f3sito de construir um Brasil Mais Digital e Menos Desigual, criou um novo Grupo de Trabalho com seus associados para debater o tema Cybersecurity. O primeiro encontro [&hellip;]\" \/>\n<meta property=\"og:url\" content=\"https:\/\/abes.org.br\/en\/abes-cria-grupo-de-trabalho-para-discutir-cybersecurity\/\" \/>\n<meta property=\"og:site_name\" content=\"ABES\" \/>\n<meta property=\"article:publisher\" content=\"https:\/\/www.facebook.com\/ABES.software\" \/>\n<meta property=\"article:published_time\" content=\"2021-06-11T18:25:49+00:00\" \/>\n<meta property=\"article:modified_time\" content=\"2021-06-28T13:59:00+00:00\" \/>\n<meta property=\"og:image\" content=\"https:\/\/abes.org.br\/wp-content\/uploads\/2021\/06\/Ciberataque-1-3878088.jpg\" \/>\n\t<meta property=\"og:image:width\" content=\"2000\" \/>\n\t<meta property=\"og:image:height\" content=\"1406\" \/>\n\t<meta property=\"og:image:type\" content=\"image\/jpeg\" \/>\n<meta name=\"author\" content=\"Editor ABES\" \/>\n<meta name=\"twitter:card\" content=\"summary_large_image\" \/>\n<meta name=\"twitter:creator\" content=\"@ABES_SOFTWARE\" \/>\n<meta name=\"twitter:site\" content=\"@ABES_SOFTWARE\" \/>\n<meta name=\"twitter:label1\" content=\"Written by\" \/>\n\t<meta name=\"twitter:data1\" content=\"Editor ABES\" \/>\n\t<meta name=\"twitter:label2\" content=\"Est. reading time\" \/>\n\t<meta name=\"twitter:data2\" content=\"3 minutes\" \/>\n<script type=\"application\/ld+json\" class=\"yoast-schema-graph\">{\"@context\":\"https:\\\/\\\/schema.org\",\"@graph\":[{\"@type\":\"Article\",\"@id\":\"https:\\\/\\\/abes.org.br\\\/abes-cria-grupo-de-trabalho-para-discutir-cybersecurity\\\/#article\",\"isPartOf\":{\"@id\":\"https:\\\/\\\/abes.org.br\\\/abes-cria-grupo-de-trabalho-para-discutir-cybersecurity\\\/\"},\"author\":{\"name\":\"Editor ABES\",\"@id\":\"https:\\\/\\\/abes.org.br\\\/#\\\/schema\\\/person\\\/d65ed84c8883a123fe668129fd6a7ed3\"},\"headline\":\"ABES cria Grupo de Trabalho para discutir Cybersecurity\",\"datePublished\":\"2021-06-11T18:25:49+00:00\",\"dateModified\":\"2021-06-28T13:59:00+00:00\",\"mainEntityOfPage\":{\"@id\":\"https:\\\/\\\/abes.org.br\\\/abes-cria-grupo-de-trabalho-para-discutir-cybersecurity\\\/\"},\"wordCount\":587,\"publisher\":{\"@id\":\"https:\\\/\\\/abes.org.br\\\/#organization\"},\"image\":{\"@id\":\"https:\\\/\\\/abes.org.br\\\/abes-cria-grupo-de-trabalho-para-discutir-cybersecurity\\\/#primaryimage\"},\"thumbnailUrl\":\"https:\\\/\\\/abes.org.br\\\/wp-content\\\/uploads\\\/2021\\\/06\\\/Ciberataque-1-3878088.jpg\",\"keywords\":[\"Cybersecurity\",\"Empresas de Software\",\"prote\u00e7\u00e3o de dados\",\"tecnologia da informa\u00e7\u00e3o\"],\"articleSection\":[\"-Coluna 4\",\"Press releases\"],\"inLanguage\":\"en-US\"},{\"@type\":\"WebPage\",\"@id\":\"https:\\\/\\\/abes.org.br\\\/abes-cria-grupo-de-trabalho-para-discutir-cybersecurity\\\/\",\"url\":\"https:\\\/\\\/abes.org.br\\\/abes-cria-grupo-de-trabalho-para-discutir-cybersecurity\\\/\",\"name\":\"ABES cria Grupo de Trabalho para discutir Cybersecurity - ABES\",\"isPartOf\":{\"@id\":\"https:\\\/\\\/abes.org.br\\\/#website\"},\"primaryImageOfPage\":{\"@id\":\"https:\\\/\\\/abes.org.br\\\/abes-cria-grupo-de-trabalho-para-discutir-cybersecurity\\\/#primaryimage\"},\"image\":{\"@id\":\"https:\\\/\\\/abes.org.br\\\/abes-cria-grupo-de-trabalho-para-discutir-cybersecurity\\\/#primaryimage\"},\"thumbnailUrl\":\"https:\\\/\\\/abes.org.br\\\/wp-content\\\/uploads\\\/2021\\\/06\\\/Ciberataque-1-3878088.jpg\",\"datePublished\":\"2021-06-11T18:25:49+00:00\",\"dateModified\":\"2021-06-28T13:59:00+00:00\",\"breadcrumb\":{\"@id\":\"https:\\\/\\\/abes.org.br\\\/abes-cria-grupo-de-trabalho-para-discutir-cybersecurity\\\/#breadcrumb\"},\"inLanguage\":\"en-US\",\"potentialAction\":[{\"@type\":\"ReadAction\",\"target\":[\"https:\\\/\\\/abes.org.br\\\/abes-cria-grupo-de-trabalho-para-discutir-cybersecurity\\\/\"]}]},{\"@type\":\"ImageObject\",\"inLanguage\":\"en-US\",\"@id\":\"https:\\\/\\\/abes.org.br\\\/abes-cria-grupo-de-trabalho-para-discutir-cybersecurity\\\/#primaryimage\",\"url\":\"https:\\\/\\\/abes.org.br\\\/wp-content\\\/uploads\\\/2021\\\/06\\\/Ciberataque-1-3878088.jpg\",\"contentUrl\":\"https:\\\/\\\/abes.org.br\\\/wp-content\\\/uploads\\\/2021\\\/06\\\/Ciberataque-1-3878088.jpg\",\"width\":2000,\"height\":1406},{\"@type\":\"BreadcrumbList\",\"@id\":\"https:\\\/\\\/abes.org.br\\\/abes-cria-grupo-de-trabalho-para-discutir-cybersecurity\\\/#breadcrumb\",\"itemListElement\":[{\"@type\":\"ListItem\",\"position\":1,\"name\":\"In\u00edcio\",\"item\":\"https:\\\/\\\/abes.org.br\\\/\"},{\"@type\":\"ListItem\",\"position\":2,\"name\":\"ABES cria Grupo de Trabalho para discutir Cybersecurity\"}]},{\"@type\":\"WebSite\",\"@id\":\"https:\\\/\\\/abes.org.br\\\/#website\",\"url\":\"https:\\\/\\\/abes.org.br\\\/\",\"name\":\"ABES\",\"description\":\"Associa\u00e7\u00e3o Brasileira das Empresas de Software\",\"publisher\":{\"@id\":\"https:\\\/\\\/abes.org.br\\\/#organization\"},\"potentialAction\":[{\"@type\":\"SearchAction\",\"target\":{\"@type\":\"EntryPoint\",\"urlTemplate\":\"https:\\\/\\\/abes.org.br\\\/?s={search_term_string}\"},\"query-input\":{\"@type\":\"PropertyValueSpecification\",\"valueRequired\":true,\"valueName\":\"search_term_string\"}}],\"inLanguage\":\"en-US\"},{\"@type\":\"Organization\",\"@id\":\"https:\\\/\\\/abes.org.br\\\/#organization\",\"name\":\"Associa\u00e7\u00e3o Brasileira das Empresas de Software\",\"url\":\"https:\\\/\\\/abes.org.br\\\/\",\"logo\":{\"@type\":\"ImageObject\",\"inLanguage\":\"en-US\",\"@id\":\"https:\\\/\\\/abes.org.br\\\/#\\\/schema\\\/logo\\\/image\\\/\",\"url\":\"https:\\\/\\\/abes.org.br\\\/wp-content\\\/uploads\\\/2020\\\/09\\\/logo_abes_marca_d_tagline_horizontal_verde-amarelo_cmyk.png\",\"contentUrl\":\"https:\\\/\\\/abes.org.br\\\/wp-content\\\/uploads\\\/2020\\\/09\\\/logo_abes_marca_d_tagline_horizontal_verde-amarelo_cmyk.png\",\"width\":324,\"height\":70,\"caption\":\"Associa\u00e7\u00e3o Brasileira das Empresas de Software\"},\"image\":{\"@id\":\"https:\\\/\\\/abes.org.br\\\/#\\\/schema\\\/logo\\\/image\\\/\"},\"sameAs\":[\"https:\\\/\\\/www.facebook.com\\\/ABES.software\",\"https:\\\/\\\/x.com\\\/ABES_SOFTWARE\",\"https:\\\/\\\/www.linkedin.com\\\/company\\\/abes-software\\\/\",\"https:\\\/\\\/www.instagram.com\\\/abes_software\\\/\"]},{\"@type\":\"Person\",\"@id\":\"https:\\\/\\\/abes.org.br\\\/#\\\/schema\\\/person\\\/d65ed84c8883a123fe668129fd6a7ed3\",\"name\":\"Editor ABES\",\"image\":{\"@type\":\"ImageObject\",\"inLanguage\":\"en-US\",\"@id\":\"https:\\\/\\\/secure.gravatar.com\\\/avatar\\\/3b207abce016c5e2ad6bf38914af9ad16e277128bb9b06dabb05bc191f02d7fe?s=96&d=mm&r=g\",\"url\":\"https:\\\/\\\/secure.gravatar.com\\\/avatar\\\/3b207abce016c5e2ad6bf38914af9ad16e277128bb9b06dabb05bc191f02d7fe?s=96&d=mm&r=g\",\"contentUrl\":\"https:\\\/\\\/secure.gravatar.com\\\/avatar\\\/3b207abce016c5e2ad6bf38914af9ad16e277128bb9b06dabb05bc191f02d7fe?s=96&d=mm&r=g\",\"caption\":\"Editor ABES\"},\"url\":\"https:\\\/\\\/abes.org.br\\\/en\\\/author\\\/editor-abes\\\/\"}]}<\/script>\n<!-- \/ Yoast SEO plugin. -->","yoast_head_json":{"title":"ABES cria Grupo de Trabalho para discutir Cybersecurity - ABES","robots":{"index":"index","follow":"follow","max-snippet":"max-snippet:-1","max-image-preview":"max-image-preview:large","max-video-preview":"max-video-preview:-1"},"canonical":"https:\/\/abes.org.br\/en\/abes-cria-grupo-de-trabalho-para-discutir-cybersecurity\/","og_locale":"en_US","og_type":"article","og_title":"ABES cria Grupo de Trabalho para discutir Cybersecurity - ABES","og_description":"Al\u00e9m de discutir as melhores pr\u00e1ticas, associa\u00e7\u00e3o pretende aumentar interlocu\u00e7\u00e3o com governo sobre o tema A ABES &#8211; Associa\u00e7\u00e3o Brasileira de Empresas de Software &#8211; para atingir seu prop\u00f3sito de construir um Brasil Mais Digital e Menos Desigual, criou um novo Grupo de Trabalho com seus associados para debater o tema Cybersecurity. O primeiro encontro [&hellip;]","og_url":"https:\/\/abes.org.br\/en\/abes-cria-grupo-de-trabalho-para-discutir-cybersecurity\/","og_site_name":"ABES","article_publisher":"https:\/\/www.facebook.com\/ABES.software","article_published_time":"2021-06-11T18:25:49+00:00","article_modified_time":"2021-06-28T13:59:00+00:00","og_image":[{"width":2000,"height":1406,"url":"https:\/\/abes.org.br\/wp-content\/uploads\/2021\/06\/Ciberataque-1-3878088.jpg","type":"image\/jpeg"}],"author":"Editor ABES","twitter_card":"summary_large_image","twitter_creator":"@ABES_SOFTWARE","twitter_site":"@ABES_SOFTWARE","twitter_misc":{"Written by":"Editor ABES","Est. reading time":"3 minutes"},"schema":{"@context":"https:\/\/schema.org","@graph":[{"@type":"Article","@id":"https:\/\/abes.org.br\/abes-cria-grupo-de-trabalho-para-discutir-cybersecurity\/#article","isPartOf":{"@id":"https:\/\/abes.org.br\/abes-cria-grupo-de-trabalho-para-discutir-cybersecurity\/"},"author":{"name":"Editor ABES","@id":"https:\/\/abes.org.br\/#\/schema\/person\/d65ed84c8883a123fe668129fd6a7ed3"},"headline":"ABES cria Grupo de Trabalho para discutir Cybersecurity","datePublished":"2021-06-11T18:25:49+00:00","dateModified":"2021-06-28T13:59:00+00:00","mainEntityOfPage":{"@id":"https:\/\/abes.org.br\/abes-cria-grupo-de-trabalho-para-discutir-cybersecurity\/"},"wordCount":587,"publisher":{"@id":"https:\/\/abes.org.br\/#organization"},"image":{"@id":"https:\/\/abes.org.br\/abes-cria-grupo-de-trabalho-para-discutir-cybersecurity\/#primaryimage"},"thumbnailUrl":"https:\/\/abes.org.br\/wp-content\/uploads\/2021\/06\/Ciberataque-1-3878088.jpg","keywords":["Cybersecurity","Empresas de Software","prote\u00e7\u00e3o de dados","tecnologia da informa\u00e7\u00e3o"],"articleSection":["-Coluna 4","Press releases"],"inLanguage":"en-US"},{"@type":"WebPage","@id":"https:\/\/abes.org.br\/abes-cria-grupo-de-trabalho-para-discutir-cybersecurity\/","url":"https:\/\/abes.org.br\/abes-cria-grupo-de-trabalho-para-discutir-cybersecurity\/","name":"ABES cria Grupo de Trabalho para discutir Cybersecurity - ABES","isPartOf":{"@id":"https:\/\/abes.org.br\/#website"},"primaryImageOfPage":{"@id":"https:\/\/abes.org.br\/abes-cria-grupo-de-trabalho-para-discutir-cybersecurity\/#primaryimage"},"image":{"@id":"https:\/\/abes.org.br\/abes-cria-grupo-de-trabalho-para-discutir-cybersecurity\/#primaryimage"},"thumbnailUrl":"https:\/\/abes.org.br\/wp-content\/uploads\/2021\/06\/Ciberataque-1-3878088.jpg","datePublished":"2021-06-11T18:25:49+00:00","dateModified":"2021-06-28T13:59:00+00:00","breadcrumb":{"@id":"https:\/\/abes.org.br\/abes-cria-grupo-de-trabalho-para-discutir-cybersecurity\/#breadcrumb"},"inLanguage":"en-US","potentialAction":[{"@type":"ReadAction","target":["https:\/\/abes.org.br\/abes-cria-grupo-de-trabalho-para-discutir-cybersecurity\/"]}]},{"@type":"ImageObject","inLanguage":"en-US","@id":"https:\/\/abes.org.br\/abes-cria-grupo-de-trabalho-para-discutir-cybersecurity\/#primaryimage","url":"https:\/\/abes.org.br\/wp-content\/uploads\/2021\/06\/Ciberataque-1-3878088.jpg","contentUrl":"https:\/\/abes.org.br\/wp-content\/uploads\/2021\/06\/Ciberataque-1-3878088.jpg","width":2000,"height":1406},{"@type":"BreadcrumbList","@id":"https:\/\/abes.org.br\/abes-cria-grupo-de-trabalho-para-discutir-cybersecurity\/#breadcrumb","itemListElement":[{"@type":"ListItem","position":1,"name":"In\u00edcio","item":"https:\/\/abes.org.br\/"},{"@type":"ListItem","position":2,"name":"ABES cria Grupo de Trabalho para discutir Cybersecurity"}]},{"@type":"WebSite","@id":"https:\/\/abes.org.br\/#website","url":"https:\/\/abes.org.br\/","name":"ABES","description":"Brazilian Association of Software Companies","publisher":{"@id":"https:\/\/abes.org.br\/#organization"},"potentialAction":[{"@type":"SearchAction","target":{"@type":"EntryPoint","urlTemplate":"https:\/\/abes.org.br\/?s={search_term_string}"},"query-input":{"@type":"PropertyValueSpecification","valueRequired":true,"valueName":"search_term_string"}}],"inLanguage":"en-US"},{"@type":"Organization","@id":"https:\/\/abes.org.br\/#organization","name":"Brazilian Association of Software Companies","url":"https:\/\/abes.org.br\/","logo":{"@type":"ImageObject","inLanguage":"en-US","@id":"https:\/\/abes.org.br\/#\/schema\/logo\/image\/","url":"https:\/\/abes.org.br\/wp-content\/uploads\/2020\/09\/logo_abes_marca_d_tagline_horizontal_verde-amarelo_cmyk.png","contentUrl":"https:\/\/abes.org.br\/wp-content\/uploads\/2020\/09\/logo_abes_marca_d_tagline_horizontal_verde-amarelo_cmyk.png","width":324,"height":70,"caption":"Associa\u00e7\u00e3o Brasileira das Empresas de Software"},"image":{"@id":"https:\/\/abes.org.br\/#\/schema\/logo\/image\/"},"sameAs":["https:\/\/www.facebook.com\/ABES.software","https:\/\/x.com\/ABES_SOFTWARE","https:\/\/www.linkedin.com\/company\/abes-software\/","https:\/\/www.instagram.com\/abes_software\/"]},{"@type":"Person","@id":"https:\/\/abes.org.br\/#\/schema\/person\/d65ed84c8883a123fe668129fd6a7ed3","name":"ABES Editor","image":{"@type":"ImageObject","inLanguage":"en-US","@id":"https:\/\/secure.gravatar.com\/avatar\/3b207abce016c5e2ad6bf38914af9ad16e277128bb9b06dabb05bc191f02d7fe?s=96&d=mm&r=g","url":"https:\/\/secure.gravatar.com\/avatar\/3b207abce016c5e2ad6bf38914af9ad16e277128bb9b06dabb05bc191f02d7fe?s=96&d=mm&r=g","contentUrl":"https:\/\/secure.gravatar.com\/avatar\/3b207abce016c5e2ad6bf38914af9ad16e277128bb9b06dabb05bc191f02d7fe?s=96&d=mm&r=g","caption":"Editor ABES"},"url":"https:\/\/abes.org.br\/en\/author\/editor-abes\/"}]}},"publishpress_future_action":{"enabled":false,"date":"2026-05-03 08:34:26","action":"change-status","newStatus":"draft","terms":[],"taxonomy":"category","extraData":[]},"publishpress_future_workflow_manual_trigger":{"enabledWorkflows":[]},"_links":{"self":[{"href":"https:\/\/abes.org.br\/en\/wp-json\/wp\/v2\/posts\/33538","targetHints":{"allow":["GET"]}}],"collection":[{"href":"https:\/\/abes.org.br\/en\/wp-json\/wp\/v2\/posts"}],"about":[{"href":"https:\/\/abes.org.br\/en\/wp-json\/wp\/v2\/types\/post"}],"author":[{"embeddable":true,"href":"https:\/\/abes.org.br\/en\/wp-json\/wp\/v2\/users\/10"}],"replies":[{"embeddable":true,"href":"https:\/\/abes.org.br\/en\/wp-json\/wp\/v2\/comments?post=33538"}],"version-history":[{"count":1,"href":"https:\/\/abes.org.br\/en\/wp-json\/wp\/v2\/posts\/33538\/revisions"}],"predecessor-version":[{"id":33540,"href":"https:\/\/abes.org.br\/en\/wp-json\/wp\/v2\/posts\/33538\/revisions\/33540"}],"wp:featuredmedia":[{"embeddable":true,"href":"https:\/\/abes.org.br\/en\/wp-json\/wp\/v2\/media\/33539"}],"wp:attachment":[{"href":"https:\/\/abes.org.br\/en\/wp-json\/wp\/v2\/media?parent=33538"}],"wp:term":[{"taxonomy":"category","embeddable":true,"href":"https:\/\/abes.org.br\/en\/wp-json\/wp\/v2\/categories?post=33538"},{"taxonomy":"post_tag","embeddable":true,"href":"https:\/\/abes.org.br\/en\/wp-json\/wp\/v2\/tags?post=33538"}],"curies":[{"name":"wp","href":"https:\/\/api.w.org\/{rel}","templated":true}]}}