{"id":33424,"date":"2021-06-10T08:34:34","date_gmt":"2021-06-10T11:34:34","guid":{"rendered":"https:\/\/abes.org.br\/?p=33424"},"modified":"2021-06-10T16:42:55","modified_gmt":"2021-06-10T19:42:55","slug":"seal-sistemas-e-laurenti-anunciam-parceria-estrategica-dedicada-a-projetos-de-varejo-4-0","status":"publish","type":"post","link":"https:\/\/abes.org.br\/en\/seal-sistemas-e-laurenti-anunciam-parceria-estrategica-dedicada-a-projetos-de-varejo-4-0\/","title":{"rendered":"Seal Sistemas and Laurenti Announce Strategic Partnership Dedicated to Retail 4.0 Projects"},"content":{"rendered":"<p><i>Nova parceria busca explorar grande potencial do varejo para tecnologias inovadoras, al\u00e9m de desenvolver novos produtos de ponta a ponta \u2013 incluindo um self-checkout com tecnologia RFID<\/i><\/p>\n<p><div id=\"attachment_33425\" style=\"width: 350px\" class=\"wp-caption alignleft\"><img loading=\"lazy\" decoding=\"async\" aria-describedby=\"caption-attachment-33425\" class=\"wp-image-33425\" src=\"https:\/\/abes.org.br\/wp-content\/uploads\/2021\/06\/unnamed-2.png\" alt=\"\" width=\"340\" height=\"399\" \/><p id=\"caption-attachment-33425\" class=\"wp-caption-text\">Self-checkout S\u00e9rie 4600, ideal para opera\u00e7\u00f5es robustas como atacado e varejo, sem abrir m\u00e3o dos processos de FLV (frutas, legumes e verduras) [Cr\u00e9dito: Divulga\u00e7\u00e3o\/Laurenti]<\/p><\/div>A Seal Sistemas refer\u00eancia no setor de computa\u00e7\u00e3o m\u00f3vel e captura autom\u00e1tica de dados, assinou um acordo de parceria estrat\u00e9gica com a Laurenti, companhia octogen\u00e1ria especializada no desenvolvimento de solu\u00e7\u00f5es inteligentes, visando explorar o grande potencial do mercado varejista\u00a0para tecnologias inovadoras.<u><\/u><u><\/u><\/p>\n<p>Com essa parceria, as\u00a0 empresas trabalhar\u00e3o de forma integrada para implementar projetos de varejo 4.0 (que introduz novas tecnologias ao processo de compra, equilibrando a loja f\u00edsica com os canais digitais), um dos grandes diferenciais da parceira. A iniciativa tamb\u00e9m contempla a cria\u00e7\u00e3o de novos produtos para o segmento de ponta a ponta, do backoffice \u00e0 linha de frente. J\u00e1 est\u00e1 no radar, por exemplo, o desenvolvimento de um novo self-checkout com RFID \u2013 um caixa de autoatendimento equipado com tecnologia de identifica\u00e7\u00e3o por radiofrequ\u00eancia.<u><\/u><u><\/u><\/p>\n<p>\u201cA alian\u00e7a com a Laurenti \u00e9 um movimento que amplia o acesso dos varejistas brasileiros para grandes tend\u00eancias globais do setor, a exemplo do autosservi\u00e7o e do atendimento automatizado. Essa \u00e9 mais uma parceria estrat\u00e9gica que complementa o nosso portf\u00f3lio e fortalece a nossa posi\u00e7\u00e3o como integradora de solu\u00e7\u00f5es completas e inovadoras para toda a cadeia de distribui\u00e7\u00e3o\u201d, diz Wagner Bernardes, CEO da Seal Sistemas.<u><\/u><u><\/u><\/p>\n<p><div id=\"attachment_33426\" style=\"width: 400px\" class=\"wp-caption alignright\"><img loading=\"lazy\" decoding=\"async\" aria-describedby=\"caption-attachment-33426\" class=\"wp-image-33426\" src=\"https:\/\/abes.org.br\/wp-content\/uploads\/2021\/06\/unnamed-3.png\" alt=\"\" width=\"390\" height=\"347\" \/><p id=\"caption-attachment-33426\" class=\"wp-caption-text\">Smart Locker Linha E-Commerce, com tr\u00eas tamanhos de gavetas, totalmente modular e tela de 18,5 polegadas, com op\u00e7\u00e3o para implementar c\u00e2meras de seguran\u00e7a para gerenciamento [Cr\u00e9dito: Divulga\u00e7\u00e3o\/Laurenti]<\/p><\/div>Antes voltada \u00e0 automa\u00e7\u00e3o para a ind\u00fastria gr\u00e1fica, com foco em processos de pr\u00e9 e p\u00f3s-impress\u00e3o eletr\u00f4nica, a Laurenti evoluiu para a fabrica\u00e7\u00e3o de ATMs banc\u00e1rios (caixas eletr\u00f4nicos) nos anos 1990 antes de migrar para equipamentos de automa\u00e7\u00e3o do varejo \u2013 setor que responde pela maior parte de seu faturamento no Brasil. Hoje a companhia desenvolve self-checkouts, terminais de autoatendimento e smart lockers para supermercados, atacarejos, home centers e redes de pet shop, entre outros.<u><\/u><u><\/u><\/p>\n<p>\u201cNossa alian\u00e7a com a Seal, \u00e9 mais um grande passo que a Laurenti d\u00e1 para fortalecer e solidificar sua presen\u00e7a no mercado do varejo nacional como uma das grandes fornecedoras de automa\u00e7\u00e3o. Essa parceria vai acelerar o desenvolvimento e a comercializa\u00e7\u00e3o de solu\u00e7\u00f5es para atender o setor em todas as suas opera\u00e7\u00f5es,\u00a0do centro de distribui\u00e7\u00e3o\u00a0at\u00e9 a loja. Al\u00e9m disso juntas vamos contribuir\u00a0para a evolu\u00e7\u00e3o do processo da automa\u00e7\u00e3o comercial no pa\u00eds\u201d, afirma Luis Fernando Laurenti, CEO da Laurenti.<\/p>\n","protected":false},"excerpt":{"rendered":"<p>Nova parceria busca explorar grande potencial do varejo para tecnologias inovadoras, al\u00e9m de desenvolver novos produtos de ponta a ponta \u2013 incluindo um self-checkout com tecnologia RFID A Seal Sistemas refer\u00eancia no setor de computa\u00e7\u00e3o m\u00f3vel e captura autom\u00e1tica de dados, assinou um acordo de parceria estrat\u00e9gica com a Laurenti, companhia octogen\u00e1ria especializada no desenvolvimento [&hellip;]<\/p>\n","protected":false},"author":10,"featured_media":0,"comment_status":"closed","ping_status":"closed","sticky":false,"template":"","format":"standard","meta":{"_acf_changed":false,"_et_pb_use_builder":"","_et_pb_old_content":"","_et_gb_content_width":"","footnotes":""},"categories":[39,19],"tags":[1684,744,736,1685,46],"class_list":["post-33424","post","type-post","status-publish","format-standard","hentry","category-coluna-4","category-ultimas-noticias","tag-laurenti","tag-seal-sistemas","tag-self-checkouts","tag-tecnologias-inovadoras","tag-varejo"],"acf":[],"yoast_head":"<!-- This site is optimized with the Yoast SEO plugin v27.3 - https:\/\/yoast.com\/product\/yoast-seo-wordpress\/ -->\n<title>Seal Sistemas e Laurenti anunciam parceria estrat\u00e9gica dedicada a projetos de varejo 4.0 - ABES<\/title>\n<meta name=\"robots\" content=\"index, follow, max-snippet:-1, max-image-preview:large, max-video-preview:-1\" \/>\n<link rel=\"canonical\" href=\"https:\/\/abes.org.br\/en\/seal-sistemas-e-laurenti-anunciam-parceria-estrategica-dedicada-a-projetos-de-varejo-4-0\/\" \/>\n<meta property=\"og:locale\" content=\"en_US\" \/>\n<meta property=\"og:type\" content=\"article\" \/>\n<meta property=\"og:title\" content=\"Seal Sistemas e Laurenti anunciam parceria estrat\u00e9gica dedicada a projetos de varejo 4.0 - ABES\" \/>\n<meta property=\"og:description\" content=\"Nova parceria busca explorar grande potencial do varejo para tecnologias inovadoras, al\u00e9m de desenvolver novos produtos de ponta a ponta \u2013 incluindo um self-checkout com tecnologia RFID A Seal Sistemas refer\u00eancia no setor de computa\u00e7\u00e3o m\u00f3vel e captura autom\u00e1tica de dados, assinou um acordo de parceria estrat\u00e9gica com a Laurenti, companhia octogen\u00e1ria especializada no desenvolvimento [&hellip;]\" \/>\n<meta property=\"og:url\" content=\"https:\/\/abes.org.br\/en\/seal-sistemas-e-laurenti-anunciam-parceria-estrategica-dedicada-a-projetos-de-varejo-4-0\/\" \/>\n<meta property=\"og:site_name\" content=\"ABES\" \/>\n<meta property=\"article:publisher\" content=\"https:\/\/www.facebook.com\/ABES.software\" \/>\n<meta property=\"article:published_time\" content=\"2021-06-10T11:34:34+00:00\" \/>\n<meta property=\"article:modified_time\" content=\"2021-06-10T19:42:55+00:00\" \/>\n<meta property=\"og:image\" content=\"https:\/\/abes.org.br\/wp-content\/uploads\/2021\/06\/unnamed-2.png\" \/>\n<meta name=\"author\" content=\"Editor ABES\" \/>\n<meta name=\"twitter:card\" content=\"summary_large_image\" \/>\n<meta name=\"twitter:creator\" content=\"@ABES_SOFTWARE\" \/>\n<meta name=\"twitter:site\" content=\"@ABES_SOFTWARE\" \/>\n<meta name=\"twitter:label1\" content=\"Written by\" \/>\n\t<meta name=\"twitter:data1\" content=\"Editor ABES\" \/>\n\t<meta name=\"twitter:label2\" content=\"Est. reading time\" \/>\n\t<meta name=\"twitter:data2\" content=\"2 minutes\" \/>\n<script type=\"application\/ld+json\" class=\"yoast-schema-graph\">{\"@context\":\"https:\\\/\\\/schema.org\",\"@graph\":[{\"@type\":\"Article\",\"@id\":\"https:\\\/\\\/abes.org.br\\\/en\\\/seal-sistemas-e-laurenti-anunciam-parceria-estrategica-dedicada-a-projetos-de-varejo-4-0\\\/#article\",\"isPartOf\":{\"@id\":\"https:\\\/\\\/abes.org.br\\\/en\\\/seal-sistemas-e-laurenti-anunciam-parceria-estrategica-dedicada-a-projetos-de-varejo-4-0\\\/\"},\"author\":{\"name\":\"Editor ABES\",\"@id\":\"https:\\\/\\\/abes.org.br\\\/#\\\/schema\\\/person\\\/d65ed84c8883a123fe668129fd6a7ed3\"},\"headline\":\"Seal Sistemas e Laurenti anunciam parceria estrat\u00e9gica dedicada a projetos de varejo 4.0\",\"datePublished\":\"2021-06-10T11:34:34+00:00\",\"dateModified\":\"2021-06-10T19:42:55+00:00\",\"mainEntityOfPage\":{\"@id\":\"https:\\\/\\\/abes.org.br\\\/en\\\/seal-sistemas-e-laurenti-anunciam-parceria-estrategica-dedicada-a-projetos-de-varejo-4-0\\\/\"},\"wordCount\":497,\"publisher\":{\"@id\":\"https:\\\/\\\/abes.org.br\\\/#organization\"},\"image\":{\"@id\":\"https:\\\/\\\/abes.org.br\\\/en\\\/seal-sistemas-e-laurenti-anunciam-parceria-estrategica-dedicada-a-projetos-de-varejo-4-0\\\/#primaryimage\"},\"thumbnailUrl\":\"https:\\\/\\\/abes.org.br\\\/wp-content\\\/uploads\\\/2021\\\/06\\\/unnamed-2.png\",\"keywords\":[\"Laurenti\",\"Seal Sistemas\",\"Self Checkouts\",\"tecnologias inovadoras\",\"varejo\"],\"articleSection\":[\"-Coluna 4\",\"\u00daltimas not\u00edcias\"],\"inLanguage\":\"en-US\"},{\"@type\":\"WebPage\",\"@id\":\"https:\\\/\\\/abes.org.br\\\/en\\\/seal-sistemas-e-laurenti-anunciam-parceria-estrategica-dedicada-a-projetos-de-varejo-4-0\\\/\",\"url\":\"https:\\\/\\\/abes.org.br\\\/en\\\/seal-sistemas-e-laurenti-anunciam-parceria-estrategica-dedicada-a-projetos-de-varejo-4-0\\\/\",\"name\":\"Seal Sistemas e Laurenti anunciam parceria estrat\u00e9gica dedicada a projetos de varejo 4.0 - ABES\",\"isPartOf\":{\"@id\":\"https:\\\/\\\/abes.org.br\\\/#website\"},\"primaryImageOfPage\":{\"@id\":\"https:\\\/\\\/abes.org.br\\\/en\\\/seal-sistemas-e-laurenti-anunciam-parceria-estrategica-dedicada-a-projetos-de-varejo-4-0\\\/#primaryimage\"},\"image\":{\"@id\":\"https:\\\/\\\/abes.org.br\\\/en\\\/seal-sistemas-e-laurenti-anunciam-parceria-estrategica-dedicada-a-projetos-de-varejo-4-0\\\/#primaryimage\"},\"thumbnailUrl\":\"https:\\\/\\\/abes.org.br\\\/wp-content\\\/uploads\\\/2021\\\/06\\\/unnamed-2.png\",\"datePublished\":\"2021-06-10T11:34:34+00:00\",\"dateModified\":\"2021-06-10T19:42:55+00:00\",\"breadcrumb\":{\"@id\":\"https:\\\/\\\/abes.org.br\\\/en\\\/seal-sistemas-e-laurenti-anunciam-parceria-estrategica-dedicada-a-projetos-de-varejo-4-0\\\/#breadcrumb\"},\"inLanguage\":\"en-US\",\"potentialAction\":[{\"@type\":\"ReadAction\",\"target\":[\"https:\\\/\\\/abes.org.br\\\/en\\\/seal-sistemas-e-laurenti-anunciam-parceria-estrategica-dedicada-a-projetos-de-varejo-4-0\\\/\"]}]},{\"@type\":\"ImageObject\",\"inLanguage\":\"en-US\",\"@id\":\"https:\\\/\\\/abes.org.br\\\/en\\\/seal-sistemas-e-laurenti-anunciam-parceria-estrategica-dedicada-a-projetos-de-varejo-4-0\\\/#primaryimage\",\"url\":\"https:\\\/\\\/abes.org.br\\\/wp-content\\\/uploads\\\/2021\\\/06\\\/unnamed-2.png\",\"contentUrl\":\"https:\\\/\\\/abes.org.br\\\/wp-content\\\/uploads\\\/2021\\\/06\\\/unnamed-2.png\"},{\"@type\":\"BreadcrumbList\",\"@id\":\"https:\\\/\\\/abes.org.br\\\/en\\\/seal-sistemas-e-laurenti-anunciam-parceria-estrategica-dedicada-a-projetos-de-varejo-4-0\\\/#breadcrumb\",\"itemListElement\":[{\"@type\":\"ListItem\",\"position\":1,\"name\":\"In\u00edcio\",\"item\":\"https:\\\/\\\/abes.org.br\\\/\"},{\"@type\":\"ListItem\",\"position\":2,\"name\":\"Seal Sistemas e Laurenti anunciam parceria estrat\u00e9gica dedicada a projetos de varejo 4.0\"}]},{\"@type\":\"WebSite\",\"@id\":\"https:\\\/\\\/abes.org.br\\\/#website\",\"url\":\"https:\\\/\\\/abes.org.br\\\/\",\"name\":\"ABES\",\"description\":\"Associa\u00e7\u00e3o Brasileira das Empresas de Software\",\"publisher\":{\"@id\":\"https:\\\/\\\/abes.org.br\\\/#organization\"},\"potentialAction\":[{\"@type\":\"SearchAction\",\"target\":{\"@type\":\"EntryPoint\",\"urlTemplate\":\"https:\\\/\\\/abes.org.br\\\/?s={search_term_string}\"},\"query-input\":{\"@type\":\"PropertyValueSpecification\",\"valueRequired\":true,\"valueName\":\"search_term_string\"}}],\"inLanguage\":\"en-US\"},{\"@type\":\"Organization\",\"@id\":\"https:\\\/\\\/abes.org.br\\\/#organization\",\"name\":\"Associa\u00e7\u00e3o Brasileira das Empresas de Software\",\"url\":\"https:\\\/\\\/abes.org.br\\\/\",\"logo\":{\"@type\":\"ImageObject\",\"inLanguage\":\"en-US\",\"@id\":\"https:\\\/\\\/abes.org.br\\\/#\\\/schema\\\/logo\\\/image\\\/\",\"url\":\"https:\\\/\\\/abes.org.br\\\/wp-content\\\/uploads\\\/2020\\\/09\\\/logo_abes_marca_d_tagline_horizontal_verde-amarelo_cmyk.png\",\"contentUrl\":\"https:\\\/\\\/abes.org.br\\\/wp-content\\\/uploads\\\/2020\\\/09\\\/logo_abes_marca_d_tagline_horizontal_verde-amarelo_cmyk.png\",\"width\":324,\"height\":70,\"caption\":\"Associa\u00e7\u00e3o Brasileira das Empresas de Software\"},\"image\":{\"@id\":\"https:\\\/\\\/abes.org.br\\\/#\\\/schema\\\/logo\\\/image\\\/\"},\"sameAs\":[\"https:\\\/\\\/www.facebook.com\\\/ABES.software\",\"https:\\\/\\\/x.com\\\/ABES_SOFTWARE\",\"https:\\\/\\\/www.linkedin.com\\\/company\\\/abes-software\\\/\",\"https:\\\/\\\/www.instagram.com\\\/abes_software\\\/\"]},{\"@type\":\"Person\",\"@id\":\"https:\\\/\\\/abes.org.br\\\/#\\\/schema\\\/person\\\/d65ed84c8883a123fe668129fd6a7ed3\",\"name\":\"Editor ABES\",\"image\":{\"@type\":\"ImageObject\",\"inLanguage\":\"en-US\",\"@id\":\"https:\\\/\\\/secure.gravatar.com\\\/avatar\\\/3b207abce016c5e2ad6bf38914af9ad16e277128bb9b06dabb05bc191f02d7fe?s=96&d=mm&r=g\",\"url\":\"https:\\\/\\\/secure.gravatar.com\\\/avatar\\\/3b207abce016c5e2ad6bf38914af9ad16e277128bb9b06dabb05bc191f02d7fe?s=96&d=mm&r=g\",\"contentUrl\":\"https:\\\/\\\/secure.gravatar.com\\\/avatar\\\/3b207abce016c5e2ad6bf38914af9ad16e277128bb9b06dabb05bc191f02d7fe?s=96&d=mm&r=g\",\"caption\":\"Editor ABES\"},\"url\":\"https:\\\/\\\/abes.org.br\\\/en\\\/author\\\/editor-abes\\\/\"}]}<\/script>\n<!-- \/ Yoast SEO plugin. -->","yoast_head_json":{"title":"Seal Sistemas e Laurenti anunciam parceria estrat\u00e9gica dedicada a projetos de varejo 4.0 - ABES","robots":{"index":"index","follow":"follow","max-snippet":"max-snippet:-1","max-image-preview":"max-image-preview:large","max-video-preview":"max-video-preview:-1"},"canonical":"https:\/\/abes.org.br\/en\/seal-sistemas-e-laurenti-anunciam-parceria-estrategica-dedicada-a-projetos-de-varejo-4-0\/","og_locale":"en_US","og_type":"article","og_title":"Seal Sistemas e Laurenti anunciam parceria estrat\u00e9gica dedicada a projetos de varejo 4.0 - ABES","og_description":"Nova parceria busca explorar grande potencial do varejo para tecnologias inovadoras, al\u00e9m de desenvolver novos produtos de ponta a ponta \u2013 incluindo um self-checkout com tecnologia RFID A Seal Sistemas refer\u00eancia no setor de computa\u00e7\u00e3o m\u00f3vel e captura autom\u00e1tica de dados, assinou um acordo de parceria estrat\u00e9gica com a Laurenti, companhia octogen\u00e1ria especializada no desenvolvimento [&hellip;]","og_url":"https:\/\/abes.org.br\/en\/seal-sistemas-e-laurenti-anunciam-parceria-estrategica-dedicada-a-projetos-de-varejo-4-0\/","og_site_name":"ABES","article_publisher":"https:\/\/www.facebook.com\/ABES.software","article_published_time":"2021-06-10T11:34:34+00:00","article_modified_time":"2021-06-10T19:42:55+00:00","og_image":[{"url":"https:\/\/abes.org.br\/wp-content\/uploads\/2021\/06\/unnamed-2.png","type":"","width":"","height":""}],"author":"Editor ABES","twitter_card":"summary_large_image","twitter_creator":"@ABES_SOFTWARE","twitter_site":"@ABES_SOFTWARE","twitter_misc":{"Written by":"Editor ABES","Est. reading time":"2 minutes"},"schema":{"@context":"https:\/\/schema.org","@graph":[{"@type":"Article","@id":"https:\/\/abes.org.br\/en\/seal-sistemas-e-laurenti-anunciam-parceria-estrategica-dedicada-a-projetos-de-varejo-4-0\/#article","isPartOf":{"@id":"https:\/\/abes.org.br\/en\/seal-sistemas-e-laurenti-anunciam-parceria-estrategica-dedicada-a-projetos-de-varejo-4-0\/"},"author":{"name":"Editor ABES","@id":"https:\/\/abes.org.br\/#\/schema\/person\/d65ed84c8883a123fe668129fd6a7ed3"},"headline":"Seal Sistemas e Laurenti anunciam parceria estrat\u00e9gica dedicada a projetos de varejo 4.0","datePublished":"2021-06-10T11:34:34+00:00","dateModified":"2021-06-10T19:42:55+00:00","mainEntityOfPage":{"@id":"https:\/\/abes.org.br\/en\/seal-sistemas-e-laurenti-anunciam-parceria-estrategica-dedicada-a-projetos-de-varejo-4-0\/"},"wordCount":497,"publisher":{"@id":"https:\/\/abes.org.br\/#organization"},"image":{"@id":"https:\/\/abes.org.br\/en\/seal-sistemas-e-laurenti-anunciam-parceria-estrategica-dedicada-a-projetos-de-varejo-4-0\/#primaryimage"},"thumbnailUrl":"https:\/\/abes.org.br\/wp-content\/uploads\/2021\/06\/unnamed-2.png","keywords":["Laurenti","Seal Sistemas","Self Checkouts","tecnologias inovadoras","varejo"],"articleSection":["-Coluna 4","\u00daltimas not\u00edcias"],"inLanguage":"en-US"},{"@type":"WebPage","@id":"https:\/\/abes.org.br\/en\/seal-sistemas-e-laurenti-anunciam-parceria-estrategica-dedicada-a-projetos-de-varejo-4-0\/","url":"https:\/\/abes.org.br\/en\/seal-sistemas-e-laurenti-anunciam-parceria-estrategica-dedicada-a-projetos-de-varejo-4-0\/","name":"Seal Sistemas e Laurenti anunciam parceria estrat\u00e9gica dedicada a projetos de varejo 4.0 - ABES","isPartOf":{"@id":"https:\/\/abes.org.br\/#website"},"primaryImageOfPage":{"@id":"https:\/\/abes.org.br\/en\/seal-sistemas-e-laurenti-anunciam-parceria-estrategica-dedicada-a-projetos-de-varejo-4-0\/#primaryimage"},"image":{"@id":"https:\/\/abes.org.br\/en\/seal-sistemas-e-laurenti-anunciam-parceria-estrategica-dedicada-a-projetos-de-varejo-4-0\/#primaryimage"},"thumbnailUrl":"https:\/\/abes.org.br\/wp-content\/uploads\/2021\/06\/unnamed-2.png","datePublished":"2021-06-10T11:34:34+00:00","dateModified":"2021-06-10T19:42:55+00:00","breadcrumb":{"@id":"https:\/\/abes.org.br\/en\/seal-sistemas-e-laurenti-anunciam-parceria-estrategica-dedicada-a-projetos-de-varejo-4-0\/#breadcrumb"},"inLanguage":"en-US","potentialAction":[{"@type":"ReadAction","target":["https:\/\/abes.org.br\/en\/seal-sistemas-e-laurenti-anunciam-parceria-estrategica-dedicada-a-projetos-de-varejo-4-0\/"]}]},{"@type":"ImageObject","inLanguage":"en-US","@id":"https:\/\/abes.org.br\/en\/seal-sistemas-e-laurenti-anunciam-parceria-estrategica-dedicada-a-projetos-de-varejo-4-0\/#primaryimage","url":"https:\/\/abes.org.br\/wp-content\/uploads\/2021\/06\/unnamed-2.png","contentUrl":"https:\/\/abes.org.br\/wp-content\/uploads\/2021\/06\/unnamed-2.png"},{"@type":"BreadcrumbList","@id":"https:\/\/abes.org.br\/en\/seal-sistemas-e-laurenti-anunciam-parceria-estrategica-dedicada-a-projetos-de-varejo-4-0\/#breadcrumb","itemListElement":[{"@type":"ListItem","position":1,"name":"In\u00edcio","item":"https:\/\/abes.org.br\/"},{"@type":"ListItem","position":2,"name":"Seal Sistemas e Laurenti anunciam parceria estrat\u00e9gica dedicada a projetos de varejo 4.0"}]},{"@type":"WebSite","@id":"https:\/\/abes.org.br\/#website","url":"https:\/\/abes.org.br\/","name":"ABES","description":"Brazilian Association of Software Companies","publisher":{"@id":"https:\/\/abes.org.br\/#organization"},"potentialAction":[{"@type":"SearchAction","target":{"@type":"EntryPoint","urlTemplate":"https:\/\/abes.org.br\/?s={search_term_string}"},"query-input":{"@type":"PropertyValueSpecification","valueRequired":true,"valueName":"search_term_string"}}],"inLanguage":"en-US"},{"@type":"Organization","@id":"https:\/\/abes.org.br\/#organization","name":"Brazilian Association of Software Companies","url":"https:\/\/abes.org.br\/","logo":{"@type":"ImageObject","inLanguage":"en-US","@id":"https:\/\/abes.org.br\/#\/schema\/logo\/image\/","url":"https:\/\/abes.org.br\/wp-content\/uploads\/2020\/09\/logo_abes_marca_d_tagline_horizontal_verde-amarelo_cmyk.png","contentUrl":"https:\/\/abes.org.br\/wp-content\/uploads\/2020\/09\/logo_abes_marca_d_tagline_horizontal_verde-amarelo_cmyk.png","width":324,"height":70,"caption":"Associa\u00e7\u00e3o Brasileira das Empresas de Software"},"image":{"@id":"https:\/\/abes.org.br\/#\/schema\/logo\/image\/"},"sameAs":["https:\/\/www.facebook.com\/ABES.software","https:\/\/x.com\/ABES_SOFTWARE","https:\/\/www.linkedin.com\/company\/abes-software\/","https:\/\/www.instagram.com\/abes_software\/"]},{"@type":"Person","@id":"https:\/\/abes.org.br\/#\/schema\/person\/d65ed84c8883a123fe668129fd6a7ed3","name":"ABES Editor","image":{"@type":"ImageObject","inLanguage":"en-US","@id":"https:\/\/secure.gravatar.com\/avatar\/3b207abce016c5e2ad6bf38914af9ad16e277128bb9b06dabb05bc191f02d7fe?s=96&d=mm&r=g","url":"https:\/\/secure.gravatar.com\/avatar\/3b207abce016c5e2ad6bf38914af9ad16e277128bb9b06dabb05bc191f02d7fe?s=96&d=mm&r=g","contentUrl":"https:\/\/secure.gravatar.com\/avatar\/3b207abce016c5e2ad6bf38914af9ad16e277128bb9b06dabb05bc191f02d7fe?s=96&d=mm&r=g","caption":"Editor ABES"},"url":"https:\/\/abes.org.br\/en\/author\/editor-abes\/"}]}},"publishpress_future_action":{"enabled":false,"date":"2026-05-03 10:03:15","action":"change-status","newStatus":"draft","terms":[],"taxonomy":"category","extraData":[]},"publishpress_future_workflow_manual_trigger":{"enabledWorkflows":[]},"_links":{"self":[{"href":"https:\/\/abes.org.br\/en\/wp-json\/wp\/v2\/posts\/33424","targetHints":{"allow":["GET"]}}],"collection":[{"href":"https:\/\/abes.org.br\/en\/wp-json\/wp\/v2\/posts"}],"about":[{"href":"https:\/\/abes.org.br\/en\/wp-json\/wp\/v2\/types\/post"}],"author":[{"embeddable":true,"href":"https:\/\/abes.org.br\/en\/wp-json\/wp\/v2\/users\/10"}],"replies":[{"embeddable":true,"href":"https:\/\/abes.org.br\/en\/wp-json\/wp\/v2\/comments?post=33424"}],"version-history":[{"count":1,"href":"https:\/\/abes.org.br\/en\/wp-json\/wp\/v2\/posts\/33424\/revisions"}],"predecessor-version":[{"id":33427,"href":"https:\/\/abes.org.br\/en\/wp-json\/wp\/v2\/posts\/33424\/revisions\/33427"}],"wp:attachment":[{"href":"https:\/\/abes.org.br\/en\/wp-json\/wp\/v2\/media?parent=33424"}],"wp:term":[{"taxonomy":"category","embeddable":true,"href":"https:\/\/abes.org.br\/en\/wp-json\/wp\/v2\/categories?post=33424"},{"taxonomy":"post_tag","embeddable":true,"href":"https:\/\/abes.org.br\/en\/wp-json\/wp\/v2\/tags?post=33424"}],"curies":[{"name":"wp","href":"https:\/\/api.w.org\/{rel}","templated":true}]}}