{"id":33360,"date":"2021-06-04T20:54:56","date_gmt":"2021-06-04T23:54:56","guid":{"rendered":"https:\/\/abes.org.br\/?p=33360"},"modified":"2021-06-04T20:54:56","modified_gmt":"2021-06-04T23:54:56","slug":"codigo-para-todxs-serasa-abre-inscricoes-para-o-novo-programa-de-formacao-de-desenvolvedores-em-tecnologias-mobile","status":"publish","type":"post","link":"https:\/\/abes.org.br\/en\/codigo-para-todxs-serasa-abre-inscricoes-para-o-novo-programa-de-formacao-de-desenvolvedores-em-tecnologias-mobile\/","title":{"rendered":"Code for Todxs: Serasa opens applications for the new mobile technology developer training program"},"content":{"rendered":"<p><i>The company will hire 12 candidates for the project that takes place in partnership with the ProWay school<\/i><\/p>\n<p style=\"font-weight: 400\">Serasa opens enrollment for the new mobile technology developer training program, in partnership with the Proway school, with practical classes on iOS and Android. The program is called \u201cCode for Todxs \u2013 Mobile Edition\u201d, a rewrite of the purpose \u201cCredit for Todxs\u201d.<\/p>\n<p style=\"font-weight: 400\">\u201cOur technology office is in Blumenau and our IT area, which is a hub of innovation and values projects that strengthen the sector, is growing rapidly. Therefore, these programs are excellent opportunities for young people to have access to quality technical training and practical experience to build a career in our company\u201d, explains Eduardo Brach da Serasa, HR director at Serasa.<\/p>\n<p style=\"font-weight: 400\">There will be 12 candidates selected and hired by the CLT regime from the 1st day of class, the training will have a workload of 400 hours\/class in iOS and Android programming languages. After the end of the training, the professionals will work at Serasa&#039;s headquarters in Blumenau\/SC, which is fully equipped to maintain the safety of all employees with social distance and complying with all health and safety rules and protocols.<\/p>\n<p style=\"font-weight: 400\">The process is open to everyone over the age of 18, who seek to revolutionize access to credit in Brazil. Ideal candidates are those who identify with Serasa&#039;s values, such as sense of ownership, ambition, autonomy, resilience and ability to execute. To learn more and participate, just visit the website\u00a0<a href=\"https:\/\/na01.safelinks.protection.outlook.com\/?url=https%3A%2F%2Fwww.proway.com.br%2Fblog%2Fprograma-de-selecao-e-formacao-serasa-com-execucao-pela-proway&amp;data=04%7C01%7C%7C88a2ef5c04784190889508d92519b9cf%7C84df9e7fe9f640afb435aaaaaaaaaaaa%7C1%7C0%7C637581614686020360%7CUnknown%7CTWFpbGZsb3d8eyJWIjoiMC4wLjAwMDAiLCJQIjoiV2luMzIiLCJBTiI6Ik1haWwiLCJXVCI6Mn0%3D%7C1000&amp;sdata=DFPxsJgJ%2BCifXUhkW1p3DtKPiMG3J6afINw%2BDC8sIOA%3D&amp;reserved=0\" data-saferedirecturl=\"https:\/\/www.google.com\/url?q=https:\/\/na01.safelinks.protection.outlook.com\/?url%3Dhttps%253A%252F%252Fwww.proway.com.br%252Fblog%252Fprograma-de-selecao-e-formacao-serasa-com-execucao-pela-proway%26data%3D04%257C01%257C%257C88a2ef5c04784190889508d92519b9cf%257C84df9e7fe9f640afb435aaaaaaaaaaaa%257C1%257C0%257C637581614686020360%257CUnknown%257CTWFpbGZsb3d8eyJWIjoiMC4wLjAwMDAiLCJQIjoiV2luMzIiLCJBTiI6Ik1haWwiLCJXVCI6Mn0%253D%257C1000%26sdata%3DDFPxsJgJ%252BCifXUhkW1p3DtKPiMG3J6afINw%252BDC8sIOA%253D%26reserved%3D0&amp;source=gmail&amp;ust=1622936220241000&amp;usg=AFQjCNFbv5Q8gIkqEpugLeS9Q1VnUpfYIg\">serasa.proway.com.br<\/a>, fill in the form and follow the schedule.<\/p>","protected":false},"excerpt":{"rendered":"<p>Empresa ir\u00e1 contratar 12 candidatos do projeto que acontece em parceria com a escola ProWay A Serasa abre inscri\u00e7\u00f5es para o novo programa de forma\u00e7\u00e3o de desenvolvedores em tecnologias mobile, em parceria com a escola Proway, com aulas pr\u00e1ticas de iOS e Android. O programa se chama \u201cC\u00f3digo para Todxs \u2013 Edi\u00e7\u00e3o Mobile\u201d, uma reescrita [&hellip;]<\/p>\n","protected":false},"author":10,"featured_media":0,"comment_status":"closed","ping_status":"closed","sticky":false,"template":"","format":"standard","meta":{"_acf_changed":false,"_et_pb_use_builder":"","_et_pb_old_content":"","_et_gb_content_width":"","footnotes":""},"categories":[39,19],"tags":[1382,1664,1665,218],"class_list":["post-33360","post","type-post","status-publish","format-standard","hentry","category-coluna-4","category-ultimas-noticias","tag-contratacao-de-profissionais","tag-linguagens-de-programacao","tag-polo-de-inovacao","tag-serasa"],"acf":[],"yoast_head":"<!-- This site is optimized with the Yoast SEO plugin v27.3 - https:\/\/yoast.com\/product\/yoast-seo-wordpress\/ -->\n<title>C\u00f3digo para Todxs: Serasa abre inscri\u00e7\u00f5es para o novo programa de forma\u00e7\u00e3o de desenvolvedores em tecnologias mobile - ABES<\/title>\n<meta name=\"robots\" content=\"index, follow, max-snippet:-1, max-image-preview:large, max-video-preview:-1\" \/>\n<link rel=\"canonical\" href=\"https:\/\/abes.org.br\/en\/codigo-para-todxs-serasa-abre-inscricoes-para-o-novo-programa-de-formacao-de-desenvolvedores-em-tecnologias-mobile\/\" \/>\n<meta property=\"og:locale\" content=\"en_US\" \/>\n<meta property=\"og:type\" content=\"article\" \/>\n<meta property=\"og:title\" content=\"C\u00f3digo para Todxs: Serasa abre inscri\u00e7\u00f5es para o novo programa de forma\u00e7\u00e3o de desenvolvedores em tecnologias mobile - ABES\" \/>\n<meta property=\"og:description\" content=\"Empresa ir\u00e1 contratar 12 candidatos do projeto que acontece em parceria com a escola ProWay A Serasa abre inscri\u00e7\u00f5es para o novo programa de forma\u00e7\u00e3o de desenvolvedores em tecnologias mobile, em parceria com a escola Proway, com aulas pr\u00e1ticas de iOS e Android. O programa se chama \u201cC\u00f3digo para Todxs \u2013 Edi\u00e7\u00e3o Mobile\u201d, uma reescrita [&hellip;]\" \/>\n<meta property=\"og:url\" content=\"https:\/\/abes.org.br\/en\/codigo-para-todxs-serasa-abre-inscricoes-para-o-novo-programa-de-formacao-de-desenvolvedores-em-tecnologias-mobile\/\" \/>\n<meta property=\"og:site_name\" content=\"ABES\" \/>\n<meta property=\"article:publisher\" content=\"https:\/\/www.facebook.com\/ABES.software\" \/>\n<meta property=\"article:published_time\" content=\"2021-06-04T23:54:56+00:00\" \/>\n<meta property=\"og:image\" content=\"https:\/\/abes.org.br\/wp-content\/uploads\/2021\/01\/logo_abes_marca_tagline_horizontal_colorido_rgb.png\" \/>\n\t<meta property=\"og:image:width\" content=\"3509\" \/>\n\t<meta property=\"og:image:height\" content=\"2482\" \/>\n\t<meta property=\"og:image:type\" content=\"image\/png\" \/>\n<meta name=\"author\" content=\"Editor ABES\" \/>\n<meta name=\"twitter:card\" content=\"summary_large_image\" \/>\n<meta name=\"twitter:creator\" content=\"@ABES_SOFTWARE\" \/>\n<meta name=\"twitter:site\" content=\"@ABES_SOFTWARE\" \/>\n<meta name=\"twitter:label1\" content=\"Written by\" \/>\n\t<meta name=\"twitter:data1\" content=\"Editor ABES\" \/>\n\t<meta name=\"twitter:label2\" content=\"Est. reading time\" \/>\n\t<meta name=\"twitter:data2\" content=\"1 minute\" \/>\n<script type=\"application\/ld+json\" class=\"yoast-schema-graph\">{\"@context\":\"https:\\\/\\\/schema.org\",\"@graph\":[{\"@type\":\"Article\",\"@id\":\"https:\\\/\\\/abes.org.br\\\/en\\\/codigo-para-todxs-serasa-abre-inscricoes-para-o-novo-programa-de-formacao-de-desenvolvedores-em-tecnologias-mobile\\\/#article\",\"isPartOf\":{\"@id\":\"https:\\\/\\\/abes.org.br\\\/en\\\/codigo-para-todxs-serasa-abre-inscricoes-para-o-novo-programa-de-formacao-de-desenvolvedores-em-tecnologias-mobile\\\/\"},\"author\":{\"name\":\"Editor ABES\",\"@id\":\"https:\\\/\\\/abes.org.br\\\/#\\\/schema\\\/person\\\/d65ed84c8883a123fe668129fd6a7ed3\"},\"headline\":\"C\u00f3digo para Todxs: Serasa abre inscri\u00e7\u00f5es para o novo programa de forma\u00e7\u00e3o de desenvolvedores em tecnologias mobile\",\"datePublished\":\"2021-06-04T23:54:56+00:00\",\"mainEntityOfPage\":{\"@id\":\"https:\\\/\\\/abes.org.br\\\/en\\\/codigo-para-todxs-serasa-abre-inscricoes-para-o-novo-programa-de-formacao-de-desenvolvedores-em-tecnologias-mobile\\\/\"},\"wordCount\":308,\"publisher\":{\"@id\":\"https:\\\/\\\/abes.org.br\\\/#organization\"},\"keywords\":[\"contrata\u00e7\u00e3o de profissionais\",\"linguagens de programa\u00e7\u00e3o\",\"polo de inova\u00e7\u00e3o\",\"Serasa\"],\"articleSection\":[\"-Coluna 4\",\"\u00daltimas not\u00edcias\"],\"inLanguage\":\"en-US\"},{\"@type\":\"WebPage\",\"@id\":\"https:\\\/\\\/abes.org.br\\\/en\\\/codigo-para-todxs-serasa-abre-inscricoes-para-o-novo-programa-de-formacao-de-desenvolvedores-em-tecnologias-mobile\\\/\",\"url\":\"https:\\\/\\\/abes.org.br\\\/en\\\/codigo-para-todxs-serasa-abre-inscricoes-para-o-novo-programa-de-formacao-de-desenvolvedores-em-tecnologias-mobile\\\/\",\"name\":\"C\u00f3digo para Todxs: Serasa abre inscri\u00e7\u00f5es para o novo programa de forma\u00e7\u00e3o de desenvolvedores em tecnologias mobile - ABES\",\"isPartOf\":{\"@id\":\"https:\\\/\\\/abes.org.br\\\/#website\"},\"datePublished\":\"2021-06-04T23:54:56+00:00\",\"breadcrumb\":{\"@id\":\"https:\\\/\\\/abes.org.br\\\/en\\\/codigo-para-todxs-serasa-abre-inscricoes-para-o-novo-programa-de-formacao-de-desenvolvedores-em-tecnologias-mobile\\\/#breadcrumb\"},\"inLanguage\":\"en-US\",\"potentialAction\":[{\"@type\":\"ReadAction\",\"target\":[\"https:\\\/\\\/abes.org.br\\\/en\\\/codigo-para-todxs-serasa-abre-inscricoes-para-o-novo-programa-de-formacao-de-desenvolvedores-em-tecnologias-mobile\\\/\"]}]},{\"@type\":\"BreadcrumbList\",\"@id\":\"https:\\\/\\\/abes.org.br\\\/en\\\/codigo-para-todxs-serasa-abre-inscricoes-para-o-novo-programa-de-formacao-de-desenvolvedores-em-tecnologias-mobile\\\/#breadcrumb\",\"itemListElement\":[{\"@type\":\"ListItem\",\"position\":1,\"name\":\"In\u00edcio\",\"item\":\"https:\\\/\\\/abes.org.br\\\/\"},{\"@type\":\"ListItem\",\"position\":2,\"name\":\"C\u00f3digo para Todxs: Serasa abre inscri\u00e7\u00f5es para o novo programa de forma\u00e7\u00e3o de desenvolvedores em tecnologias mobile\"}]},{\"@type\":\"WebSite\",\"@id\":\"https:\\\/\\\/abes.org.br\\\/#website\",\"url\":\"https:\\\/\\\/abes.org.br\\\/\",\"name\":\"ABES\",\"description\":\"Associa\u00e7\u00e3o Brasileira das Empresas de Software\",\"publisher\":{\"@id\":\"https:\\\/\\\/abes.org.br\\\/#organization\"},\"potentialAction\":[{\"@type\":\"SearchAction\",\"target\":{\"@type\":\"EntryPoint\",\"urlTemplate\":\"https:\\\/\\\/abes.org.br\\\/?s={search_term_string}\"},\"query-input\":{\"@type\":\"PropertyValueSpecification\",\"valueRequired\":true,\"valueName\":\"search_term_string\"}}],\"inLanguage\":\"en-US\"},{\"@type\":\"Organization\",\"@id\":\"https:\\\/\\\/abes.org.br\\\/#organization\",\"name\":\"Associa\u00e7\u00e3o Brasileira das Empresas de Software\",\"url\":\"https:\\\/\\\/abes.org.br\\\/\",\"logo\":{\"@type\":\"ImageObject\",\"inLanguage\":\"en-US\",\"@id\":\"https:\\\/\\\/abes.org.br\\\/#\\\/schema\\\/logo\\\/image\\\/\",\"url\":\"https:\\\/\\\/abes.org.br\\\/wp-content\\\/uploads\\\/2020\\\/09\\\/logo_abes_marca_d_tagline_horizontal_verde-amarelo_cmyk.png\",\"contentUrl\":\"https:\\\/\\\/abes.org.br\\\/wp-content\\\/uploads\\\/2020\\\/09\\\/logo_abes_marca_d_tagline_horizontal_verde-amarelo_cmyk.png\",\"width\":324,\"height\":70,\"caption\":\"Associa\u00e7\u00e3o Brasileira das Empresas de Software\"},\"image\":{\"@id\":\"https:\\\/\\\/abes.org.br\\\/#\\\/schema\\\/logo\\\/image\\\/\"},\"sameAs\":[\"https:\\\/\\\/www.facebook.com\\\/ABES.software\",\"https:\\\/\\\/x.com\\\/ABES_SOFTWARE\",\"https:\\\/\\\/www.linkedin.com\\\/company\\\/abes-software\\\/\",\"https:\\\/\\\/www.instagram.com\\\/abes_software\\\/\"]},{\"@type\":\"Person\",\"@id\":\"https:\\\/\\\/abes.org.br\\\/#\\\/schema\\\/person\\\/d65ed84c8883a123fe668129fd6a7ed3\",\"name\":\"Editor ABES\",\"image\":{\"@type\":\"ImageObject\",\"inLanguage\":\"en-US\",\"@id\":\"https:\\\/\\\/secure.gravatar.com\\\/avatar\\\/3b207abce016c5e2ad6bf38914af9ad16e277128bb9b06dabb05bc191f02d7fe?s=96&d=mm&r=g\",\"url\":\"https:\\\/\\\/secure.gravatar.com\\\/avatar\\\/3b207abce016c5e2ad6bf38914af9ad16e277128bb9b06dabb05bc191f02d7fe?s=96&d=mm&r=g\",\"contentUrl\":\"https:\\\/\\\/secure.gravatar.com\\\/avatar\\\/3b207abce016c5e2ad6bf38914af9ad16e277128bb9b06dabb05bc191f02d7fe?s=96&d=mm&r=g\",\"caption\":\"Editor ABES\"},\"url\":\"https:\\\/\\\/abes.org.br\\\/en\\\/author\\\/editor-abes\\\/\"}]}<\/script>\n<!-- \/ Yoast SEO plugin. -->","yoast_head_json":{"title":"Code for Everyone: Serasa opens registration for the new training program for developers in mobile technologies - ABES","robots":{"index":"index","follow":"follow","max-snippet":"max-snippet:-1","max-image-preview":"max-image-preview:large","max-video-preview":"max-video-preview:-1"},"canonical":"https:\/\/abes.org.br\/en\/codigo-para-todxs-serasa-abre-inscricoes-para-o-novo-programa-de-formacao-de-desenvolvedores-em-tecnologias-mobile\/","og_locale":"en_US","og_type":"article","og_title":"C\u00f3digo para Todxs: Serasa abre inscri\u00e7\u00f5es para o novo programa de forma\u00e7\u00e3o de desenvolvedores em tecnologias mobile - ABES","og_description":"Empresa ir\u00e1 contratar 12 candidatos do projeto que acontece em parceria com a escola ProWay A Serasa abre inscri\u00e7\u00f5es para o novo programa de forma\u00e7\u00e3o de desenvolvedores em tecnologias mobile, em parceria com a escola Proway, com aulas pr\u00e1ticas de iOS e Android. O programa se chama \u201cC\u00f3digo para Todxs \u2013 Edi\u00e7\u00e3o Mobile\u201d, uma reescrita [&hellip;]","og_url":"https:\/\/abes.org.br\/en\/codigo-para-todxs-serasa-abre-inscricoes-para-o-novo-programa-de-formacao-de-desenvolvedores-em-tecnologias-mobile\/","og_site_name":"ABES","article_publisher":"https:\/\/www.facebook.com\/ABES.software","article_published_time":"2021-06-04T23:54:56+00:00","og_image":[{"width":3509,"height":2482,"url":"https:\/\/abes.org.br\/wp-content\/uploads\/2021\/01\/logo_abes_marca_tagline_horizontal_colorido_rgb.png","type":"image\/png"}],"author":"Editor ABES","twitter_card":"summary_large_image","twitter_creator":"@ABES_SOFTWARE","twitter_site":"@ABES_SOFTWARE","twitter_misc":{"Written by":"Editor ABES","Est. reading time":"1 minute"},"schema":{"@context":"https:\/\/schema.org","@graph":[{"@type":"Article","@id":"https:\/\/abes.org.br\/en\/codigo-para-todxs-serasa-abre-inscricoes-para-o-novo-programa-de-formacao-de-desenvolvedores-em-tecnologias-mobile\/#article","isPartOf":{"@id":"https:\/\/abes.org.br\/en\/codigo-para-todxs-serasa-abre-inscricoes-para-o-novo-programa-de-formacao-de-desenvolvedores-em-tecnologias-mobile\/"},"author":{"name":"Editor ABES","@id":"https:\/\/abes.org.br\/#\/schema\/person\/d65ed84c8883a123fe668129fd6a7ed3"},"headline":"C\u00f3digo para Todxs: Serasa abre inscri\u00e7\u00f5es para o novo programa de forma\u00e7\u00e3o de desenvolvedores em tecnologias mobile","datePublished":"2021-06-04T23:54:56+00:00","mainEntityOfPage":{"@id":"https:\/\/abes.org.br\/en\/codigo-para-todxs-serasa-abre-inscricoes-para-o-novo-programa-de-formacao-de-desenvolvedores-em-tecnologias-mobile\/"},"wordCount":308,"publisher":{"@id":"https:\/\/abes.org.br\/#organization"},"keywords":["contrata\u00e7\u00e3o de profissionais","linguagens de programa\u00e7\u00e3o","polo de inova\u00e7\u00e3o","Serasa"],"articleSection":["-Coluna 4","\u00daltimas not\u00edcias"],"inLanguage":"en-US"},{"@type":"WebPage","@id":"https:\/\/abes.org.br\/en\/codigo-para-todxs-serasa-abre-inscricoes-para-o-novo-programa-de-formacao-de-desenvolvedores-em-tecnologias-mobile\/","url":"https:\/\/abes.org.br\/en\/codigo-para-todxs-serasa-abre-inscricoes-para-o-novo-programa-de-formacao-de-desenvolvedores-em-tecnologias-mobile\/","name":"Code for Everyone: Serasa opens registration for the new training program for developers in mobile technologies - ABES","isPartOf":{"@id":"https:\/\/abes.org.br\/#website"},"datePublished":"2021-06-04T23:54:56+00:00","breadcrumb":{"@id":"https:\/\/abes.org.br\/en\/codigo-para-todxs-serasa-abre-inscricoes-para-o-novo-programa-de-formacao-de-desenvolvedores-em-tecnologias-mobile\/#breadcrumb"},"inLanguage":"en-US","potentialAction":[{"@type":"ReadAction","target":["https:\/\/abes.org.br\/en\/codigo-para-todxs-serasa-abre-inscricoes-para-o-novo-programa-de-formacao-de-desenvolvedores-em-tecnologias-mobile\/"]}]},{"@type":"BreadcrumbList","@id":"https:\/\/abes.org.br\/en\/codigo-para-todxs-serasa-abre-inscricoes-para-o-novo-programa-de-formacao-de-desenvolvedores-em-tecnologias-mobile\/#breadcrumb","itemListElement":[{"@type":"ListItem","position":1,"name":"In\u00edcio","item":"https:\/\/abes.org.br\/"},{"@type":"ListItem","position":2,"name":"C\u00f3digo para Todxs: Serasa abre inscri\u00e7\u00f5es para o novo programa de forma\u00e7\u00e3o de desenvolvedores em tecnologias mobile"}]},{"@type":"WebSite","@id":"https:\/\/abes.org.br\/#website","url":"https:\/\/abes.org.br\/","name":"ABES","description":"Brazilian Association of Software Companies","publisher":{"@id":"https:\/\/abes.org.br\/#organization"},"potentialAction":[{"@type":"SearchAction","target":{"@type":"EntryPoint","urlTemplate":"https:\/\/abes.org.br\/?s={search_term_string}"},"query-input":{"@type":"PropertyValueSpecification","valueRequired":true,"valueName":"search_term_string"}}],"inLanguage":"en-US"},{"@type":"Organization","@id":"https:\/\/abes.org.br\/#organization","name":"Brazilian Association of Software Companies","url":"https:\/\/abes.org.br\/","logo":{"@type":"ImageObject","inLanguage":"en-US","@id":"https:\/\/abes.org.br\/#\/schema\/logo\/image\/","url":"https:\/\/abes.org.br\/wp-content\/uploads\/2020\/09\/logo_abes_marca_d_tagline_horizontal_verde-amarelo_cmyk.png","contentUrl":"https:\/\/abes.org.br\/wp-content\/uploads\/2020\/09\/logo_abes_marca_d_tagline_horizontal_verde-amarelo_cmyk.png","width":324,"height":70,"caption":"Associa\u00e7\u00e3o Brasileira das Empresas de Software"},"image":{"@id":"https:\/\/abes.org.br\/#\/schema\/logo\/image\/"},"sameAs":["https:\/\/www.facebook.com\/ABES.software","https:\/\/x.com\/ABES_SOFTWARE","https:\/\/www.linkedin.com\/company\/abes-software\/","https:\/\/www.instagram.com\/abes_software\/"]},{"@type":"Person","@id":"https:\/\/abes.org.br\/#\/schema\/person\/d65ed84c8883a123fe668129fd6a7ed3","name":"ABES Editor","image":{"@type":"ImageObject","inLanguage":"en-US","@id":"https:\/\/secure.gravatar.com\/avatar\/3b207abce016c5e2ad6bf38914af9ad16e277128bb9b06dabb05bc191f02d7fe?s=96&d=mm&r=g","url":"https:\/\/secure.gravatar.com\/avatar\/3b207abce016c5e2ad6bf38914af9ad16e277128bb9b06dabb05bc191f02d7fe?s=96&d=mm&r=g","contentUrl":"https:\/\/secure.gravatar.com\/avatar\/3b207abce016c5e2ad6bf38914af9ad16e277128bb9b06dabb05bc191f02d7fe?s=96&d=mm&r=g","caption":"Editor ABES"},"url":"https:\/\/abes.org.br\/en\/author\/editor-abes\/"}]}},"publishpress_future_action":{"enabled":false,"date":"2026-05-03 11:31:54","action":"change-status","newStatus":"draft","terms":[],"taxonomy":"category","extraData":[]},"publishpress_future_workflow_manual_trigger":{"enabledWorkflows":[]},"_links":{"self":[{"href":"https:\/\/abes.org.br\/en\/wp-json\/wp\/v2\/posts\/33360","targetHints":{"allow":["GET"]}}],"collection":[{"href":"https:\/\/abes.org.br\/en\/wp-json\/wp\/v2\/posts"}],"about":[{"href":"https:\/\/abes.org.br\/en\/wp-json\/wp\/v2\/types\/post"}],"author":[{"embeddable":true,"href":"https:\/\/abes.org.br\/en\/wp-json\/wp\/v2\/users\/10"}],"replies":[{"embeddable":true,"href":"https:\/\/abes.org.br\/en\/wp-json\/wp\/v2\/comments?post=33360"}],"version-history":[{"count":1,"href":"https:\/\/abes.org.br\/en\/wp-json\/wp\/v2\/posts\/33360\/revisions"}],"predecessor-version":[{"id":33361,"href":"https:\/\/abes.org.br\/en\/wp-json\/wp\/v2\/posts\/33360\/revisions\/33361"}],"wp:attachment":[{"href":"https:\/\/abes.org.br\/en\/wp-json\/wp\/v2\/media?parent=33360"}],"wp:term":[{"taxonomy":"category","embeddable":true,"href":"https:\/\/abes.org.br\/en\/wp-json\/wp\/v2\/categories?post=33360"},{"taxonomy":"post_tag","embeddable":true,"href":"https:\/\/abes.org.br\/en\/wp-json\/wp\/v2\/tags?post=33360"}],"curies":[{"name":"wp","href":"https:\/\/api.w.org\/{rel}","templated":true}]}}