{"id":33210,"date":"2021-05-31T21:46:29","date_gmt":"2021-06-01T00:46:29","guid":{"rendered":"https:\/\/abes.org.br\/?p=33210"},"modified":"2021-06-10T16:34:18","modified_gmt":"2021-06-10T19:34:18","slug":"abdi-lanca-vitrine-de-solucoes-digitais-para-micro-e-pequenas-empresas-na-qual-fornecedores-ja-podem-se-inscrever-gratuitamente","status":"publish","type":"post","link":"https:\/\/abes.org.br\/en\/abdi-lanca-vitrine-de-solucoes-digitais-para-micro-e-pequenas-empresas-na-qual-fornecedores-ja-podem-se-inscrever-gratuitamente\/","title":{"rendered":"ABDI launches showcase of digital solutions for micro and small businesses, in which suppliers can already subscribe for free"},"content":{"rendered":"<p>The selection of digital solution providers will take place through a registration notice to be launched by the Brazilian Agency for Industrial Development (ABDI) on June 1, 2021. Suppliers interested in participating in the call and giving visibility to their solutions (goods and\/or services) must register through the page: https:\/\/catalogodefornecedores.abdi.com.br\/cadastrar. On the link it is also possible to access the notice and other information necessary for registration. (The link will be available from the 1\/6)<\/p>\n<p>The selected solutions will be disclosed by ABDI in a virtual catalog that will act as a kind of accessible showcase for viewing by micro and small companies (MPEs) interested in improving their digital maturity and incorporating digital goods and services in their businesses.<\/p>\n<p>&quot;The platform will work as a kind of &#039;one-stop shop&#039; where MSEs will only have to consult the references of the solutions contained in the repository and, based on their needs, match with the supplier that best suits their search&quot;, explained Adryelle Pedrosa, Manager of ABDI&#039;s Digital Transformation Unit.<\/p>\n<p>The supplier catalog will provide all relevant information related to the digital solutions offered and will bring the benefits of the product\/service, in addition to consolidating in a single place all the options that MSEs seek for their business, giving evidence to accredited suppliers and reducing time for those seeking such information.<\/p>\n<p>\u201cThe idea is that registered suppliers, through the solutions they offer, are able to stay in the sights of potential purchasing MSEs, increasing the visibility of their brand and attracting new customers. The expectation, too, is that these providers can help MSEs strengthen their digital capabilities and participate in a more dynamic way in the digital economy\u201d, explained Adryelle.<\/p>\n<p>To participate in the registration of suppliers, interested companies may register their solutions between 06\/01 to 07\/30. The second stage of the program provides for the approval of registered suppliers, between August 2nd and 13th. From August 16th to the 27th, stage three will take place with the publication of ABDI&#039;s Digital Jornada Project Supplier Catalog.<\/p>\n<p>The supplier catalog is part of ABDI&#039;s Digital Journey program, created to effectively boost digital transformation and the incorporation of digital technologies and solutions by Brazilian companies, especially micro and small ones.<\/p>\n<p>\u201cMany MPEs do not have the time or experience to identify the digital solutions available on the market that are more adhering to their stage or level of digital maturity. Thus, the supplier catalog will simplify this process and present all the information necessary for them to find what they are looking for\u201d, concluded Adryelle.<\/p>","protected":false},"excerpt":{"rendered":"<p>A sele\u00e7\u00e3o de fornecedores de solu\u00e7\u00f5es digitais se dar\u00e1 por meio de Edital de cadastramento a ser lan\u00e7ado pela Ag\u00eancia Brasileira de Desenvolvimento Industrial (ABDI) no dia 1\u00ba de junho de 2021. Os fornecedores interessados em participar da chamada e dar visibilidade para suas solu\u00e7\u00f5es (bens e\/ou servi\u00e7os) dever\u00e3o se inscrever atrav\u00e9s da p\u00e1gina: https:\/\/catalogodefornecedores.abdi.com.br\/cadastrar. [&hellip;]<\/p>\n","protected":false},"author":10,"featured_media":33211,"comment_status":"closed","ping_status":"closed","sticky":false,"template":"","format":"standard","meta":{"_acf_changed":false,"_et_pb_use_builder":"","_et_pb_old_content":"","_et_gb_content_width":"","footnotes":""},"categories":[39,19],"tags":[1651,1652,1653,146,44],"class_list":["post-33210","post","type-post","status-publish","format-standard","has-post-thumbnail","hentry","category-coluna-4","category-ultimas-noticias","tag-abdi","tag-jornada-digital","tag-pequenas-empresas-mpes","tag-solucoes-digitais","tag-transformacao-digital"],"acf":[],"yoast_head":"<!-- This site is optimized with the Yoast SEO plugin v27.3 - https:\/\/yoast.com\/product\/yoast-seo-wordpress\/ -->\n<title>ABDI lan\u00e7a vitrine de solu\u00e7\u00f5es digitais para micro e pequenas empresas na qual fornecedores j\u00e1 podem se inscrever gratuitamente - ABES<\/title>\n<meta name=\"robots\" content=\"index, follow, max-snippet:-1, max-image-preview:large, max-video-preview:-1\" \/>\n<link rel=\"canonical\" href=\"https:\/\/abes.org.br\/en\/abdi-lanca-vitrine-de-solucoes-digitais-para-micro-e-pequenas-empresas-na-qual-fornecedores-ja-podem-se-inscrever-gratuitamente\/\" \/>\n<meta property=\"og:locale\" content=\"en_US\" \/>\n<meta property=\"og:type\" content=\"article\" \/>\n<meta property=\"og:title\" content=\"ABDI lan\u00e7a vitrine de solu\u00e7\u00f5es digitais para micro e pequenas empresas na qual fornecedores j\u00e1 podem se inscrever gratuitamente - ABES\" \/>\n<meta property=\"og:description\" content=\"A sele\u00e7\u00e3o de fornecedores de solu\u00e7\u00f5es digitais se dar\u00e1 por meio de Edital de cadastramento a ser lan\u00e7ado pela Ag\u00eancia Brasileira de Desenvolvimento Industrial (ABDI) no dia 1\u00ba de junho de 2021. Os fornecedores interessados em participar da chamada e dar visibilidade para suas solu\u00e7\u00f5es (bens e\/ou servi\u00e7os) dever\u00e3o se inscrever atrav\u00e9s da p\u00e1gina: https:\/\/catalogodefornecedores.abdi.com.br\/cadastrar. [&hellip;]\" \/>\n<meta property=\"og:url\" content=\"https:\/\/abes.org.br\/en\/abdi-lanca-vitrine-de-solucoes-digitais-para-micro-e-pequenas-empresas-na-qual-fornecedores-ja-podem-se-inscrever-gratuitamente\/\" \/>\n<meta property=\"og:site_name\" content=\"ABES\" \/>\n<meta property=\"article:publisher\" content=\"https:\/\/www.facebook.com\/ABES.software\" \/>\n<meta property=\"article:published_time\" content=\"2021-06-01T00:46:29+00:00\" \/>\n<meta property=\"article:modified_time\" content=\"2021-06-10T19:34:18+00:00\" \/>\n<meta property=\"og:image\" content=\"https:\/\/abes.org.br\/wp-content\/uploads\/2021\/05\/business-people-using-internet-scaled.jpg\" \/>\n\t<meta property=\"og:image:width\" content=\"2560\" \/>\n\t<meta property=\"og:image:height\" content=\"1598\" \/>\n\t<meta property=\"og:image:type\" content=\"image\/jpeg\" \/>\n<meta name=\"author\" content=\"Editor ABES\" \/>\n<meta name=\"twitter:card\" content=\"summary_large_image\" \/>\n<meta name=\"twitter:creator\" content=\"@ABES_SOFTWARE\" \/>\n<meta name=\"twitter:site\" content=\"@ABES_SOFTWARE\" \/>\n<meta name=\"twitter:label1\" content=\"Written by\" \/>\n\t<meta name=\"twitter:data1\" content=\"Editor ABES\" \/>\n\t<meta name=\"twitter:label2\" content=\"Est. reading time\" \/>\n\t<meta name=\"twitter:data2\" content=\"2 minutes\" \/>\n<script type=\"application\/ld+json\" class=\"yoast-schema-graph\">{\"@context\":\"https:\\\/\\\/schema.org\",\"@graph\":[{\"@type\":\"Article\",\"@id\":\"https:\\\/\\\/abes.org.br\\\/abdi-lanca-vitrine-de-solucoes-digitais-para-micro-e-pequenas-empresas-na-qual-fornecedores-ja-podem-se-inscrever-gratuitamente\\\/#article\",\"isPartOf\":{\"@id\":\"https:\\\/\\\/abes.org.br\\\/abdi-lanca-vitrine-de-solucoes-digitais-para-micro-e-pequenas-empresas-na-qual-fornecedores-ja-podem-se-inscrever-gratuitamente\\\/\"},\"author\":{\"name\":\"Editor ABES\",\"@id\":\"https:\\\/\\\/abes.org.br\\\/#\\\/schema\\\/person\\\/d65ed84c8883a123fe668129fd6a7ed3\"},\"headline\":\"ABDI lan\u00e7a vitrine de solu\u00e7\u00f5es digitais para micro e pequenas empresas na qual fornecedores j\u00e1 podem se inscrever gratuitamente\",\"datePublished\":\"2021-06-01T00:46:29+00:00\",\"dateModified\":\"2021-06-10T19:34:18+00:00\",\"mainEntityOfPage\":{\"@id\":\"https:\\\/\\\/abes.org.br\\\/abdi-lanca-vitrine-de-solucoes-digitais-para-micro-e-pequenas-empresas-na-qual-fornecedores-ja-podem-se-inscrever-gratuitamente\\\/\"},\"wordCount\":508,\"publisher\":{\"@id\":\"https:\\\/\\\/abes.org.br\\\/#organization\"},\"image\":{\"@id\":\"https:\\\/\\\/abes.org.br\\\/abdi-lanca-vitrine-de-solucoes-digitais-para-micro-e-pequenas-empresas-na-qual-fornecedores-ja-podem-se-inscrever-gratuitamente\\\/#primaryimage\"},\"thumbnailUrl\":\"https:\\\/\\\/abes.org.br\\\/wp-content\\\/uploads\\\/2021\\\/05\\\/business-people-using-internet-scaled.jpg\",\"keywords\":[\"ABDI\",\"Jornada Digital\",\"pequenas empresas (MPEs)\",\"solu\u00e7\u00f5es digitais\",\"transforma\u00e7\u00e3o digital\"],\"articleSection\":[\"-Coluna 4\",\"\u00daltimas not\u00edcias\"],\"inLanguage\":\"en-US\"},{\"@type\":\"WebPage\",\"@id\":\"https:\\\/\\\/abes.org.br\\\/abdi-lanca-vitrine-de-solucoes-digitais-para-micro-e-pequenas-empresas-na-qual-fornecedores-ja-podem-se-inscrever-gratuitamente\\\/\",\"url\":\"https:\\\/\\\/abes.org.br\\\/abdi-lanca-vitrine-de-solucoes-digitais-para-micro-e-pequenas-empresas-na-qual-fornecedores-ja-podem-se-inscrever-gratuitamente\\\/\",\"name\":\"ABDI lan\u00e7a vitrine de solu\u00e7\u00f5es digitais para micro e pequenas empresas na qual fornecedores j\u00e1 podem se inscrever gratuitamente - ABES\",\"isPartOf\":{\"@id\":\"https:\\\/\\\/abes.org.br\\\/#website\"},\"primaryImageOfPage\":{\"@id\":\"https:\\\/\\\/abes.org.br\\\/abdi-lanca-vitrine-de-solucoes-digitais-para-micro-e-pequenas-empresas-na-qual-fornecedores-ja-podem-se-inscrever-gratuitamente\\\/#primaryimage\"},\"image\":{\"@id\":\"https:\\\/\\\/abes.org.br\\\/abdi-lanca-vitrine-de-solucoes-digitais-para-micro-e-pequenas-empresas-na-qual-fornecedores-ja-podem-se-inscrever-gratuitamente\\\/#primaryimage\"},\"thumbnailUrl\":\"https:\\\/\\\/abes.org.br\\\/wp-content\\\/uploads\\\/2021\\\/05\\\/business-people-using-internet-scaled.jpg\",\"datePublished\":\"2021-06-01T00:46:29+00:00\",\"dateModified\":\"2021-06-10T19:34:18+00:00\",\"breadcrumb\":{\"@id\":\"https:\\\/\\\/abes.org.br\\\/abdi-lanca-vitrine-de-solucoes-digitais-para-micro-e-pequenas-empresas-na-qual-fornecedores-ja-podem-se-inscrever-gratuitamente\\\/#breadcrumb\"},\"inLanguage\":\"en-US\",\"potentialAction\":[{\"@type\":\"ReadAction\",\"target\":[\"https:\\\/\\\/abes.org.br\\\/abdi-lanca-vitrine-de-solucoes-digitais-para-micro-e-pequenas-empresas-na-qual-fornecedores-ja-podem-se-inscrever-gratuitamente\\\/\"]}]},{\"@type\":\"ImageObject\",\"inLanguage\":\"en-US\",\"@id\":\"https:\\\/\\\/abes.org.br\\\/abdi-lanca-vitrine-de-solucoes-digitais-para-micro-e-pequenas-empresas-na-qual-fornecedores-ja-podem-se-inscrever-gratuitamente\\\/#primaryimage\",\"url\":\"https:\\\/\\\/abes.org.br\\\/wp-content\\\/uploads\\\/2021\\\/05\\\/business-people-using-internet-scaled.jpg\",\"contentUrl\":\"https:\\\/\\\/abes.org.br\\\/wp-content\\\/uploads\\\/2021\\\/05\\\/business-people-using-internet-scaled.jpg\",\"width\":2560,\"height\":1598,\"caption\":\"Business people browsing the web on a screen\"},{\"@type\":\"BreadcrumbList\",\"@id\":\"https:\\\/\\\/abes.org.br\\\/abdi-lanca-vitrine-de-solucoes-digitais-para-micro-e-pequenas-empresas-na-qual-fornecedores-ja-podem-se-inscrever-gratuitamente\\\/#breadcrumb\",\"itemListElement\":[{\"@type\":\"ListItem\",\"position\":1,\"name\":\"In\u00edcio\",\"item\":\"https:\\\/\\\/abes.org.br\\\/\"},{\"@type\":\"ListItem\",\"position\":2,\"name\":\"ABDI lan\u00e7a vitrine de solu\u00e7\u00f5es digitais para micro e pequenas empresas na qual fornecedores j\u00e1 podem se inscrever gratuitamente\"}]},{\"@type\":\"WebSite\",\"@id\":\"https:\\\/\\\/abes.org.br\\\/#website\",\"url\":\"https:\\\/\\\/abes.org.br\\\/\",\"name\":\"ABES\",\"description\":\"Associa\u00e7\u00e3o Brasileira das Empresas de Software\",\"publisher\":{\"@id\":\"https:\\\/\\\/abes.org.br\\\/#organization\"},\"potentialAction\":[{\"@type\":\"SearchAction\",\"target\":{\"@type\":\"EntryPoint\",\"urlTemplate\":\"https:\\\/\\\/abes.org.br\\\/?s={search_term_string}\"},\"query-input\":{\"@type\":\"PropertyValueSpecification\",\"valueRequired\":true,\"valueName\":\"search_term_string\"}}],\"inLanguage\":\"en-US\"},{\"@type\":\"Organization\",\"@id\":\"https:\\\/\\\/abes.org.br\\\/#organization\",\"name\":\"Associa\u00e7\u00e3o Brasileira das Empresas de Software\",\"url\":\"https:\\\/\\\/abes.org.br\\\/\",\"logo\":{\"@type\":\"ImageObject\",\"inLanguage\":\"en-US\",\"@id\":\"https:\\\/\\\/abes.org.br\\\/#\\\/schema\\\/logo\\\/image\\\/\",\"url\":\"https:\\\/\\\/abes.org.br\\\/wp-content\\\/uploads\\\/2020\\\/09\\\/logo_abes_marca_d_tagline_horizontal_verde-amarelo_cmyk.png\",\"contentUrl\":\"https:\\\/\\\/abes.org.br\\\/wp-content\\\/uploads\\\/2020\\\/09\\\/logo_abes_marca_d_tagline_horizontal_verde-amarelo_cmyk.png\",\"width\":324,\"height\":70,\"caption\":\"Associa\u00e7\u00e3o Brasileira das Empresas de Software\"},\"image\":{\"@id\":\"https:\\\/\\\/abes.org.br\\\/#\\\/schema\\\/logo\\\/image\\\/\"},\"sameAs\":[\"https:\\\/\\\/www.facebook.com\\\/ABES.software\",\"https:\\\/\\\/x.com\\\/ABES_SOFTWARE\",\"https:\\\/\\\/www.linkedin.com\\\/company\\\/abes-software\\\/\",\"https:\\\/\\\/www.instagram.com\\\/abes_software\\\/\"]},{\"@type\":\"Person\",\"@id\":\"https:\\\/\\\/abes.org.br\\\/#\\\/schema\\\/person\\\/d65ed84c8883a123fe668129fd6a7ed3\",\"name\":\"Editor ABES\",\"image\":{\"@type\":\"ImageObject\",\"inLanguage\":\"en-US\",\"@id\":\"https:\\\/\\\/secure.gravatar.com\\\/avatar\\\/3b207abce016c5e2ad6bf38914af9ad16e277128bb9b06dabb05bc191f02d7fe?s=96&d=mm&r=g\",\"url\":\"https:\\\/\\\/secure.gravatar.com\\\/avatar\\\/3b207abce016c5e2ad6bf38914af9ad16e277128bb9b06dabb05bc191f02d7fe?s=96&d=mm&r=g\",\"contentUrl\":\"https:\\\/\\\/secure.gravatar.com\\\/avatar\\\/3b207abce016c5e2ad6bf38914af9ad16e277128bb9b06dabb05bc191f02d7fe?s=96&d=mm&r=g\",\"caption\":\"Editor ABES\"},\"url\":\"https:\\\/\\\/abes.org.br\\\/en\\\/author\\\/editor-abes\\\/\"}]}<\/script>\n<!-- \/ Yoast SEO plugin. -->","yoast_head_json":{"title":"ABDI launches a showcase of digital solutions for micro and small businesses where suppliers can now register for free - ABES","robots":{"index":"index","follow":"follow","max-snippet":"max-snippet:-1","max-image-preview":"max-image-preview:large","max-video-preview":"max-video-preview:-1"},"canonical":"https:\/\/abes.org.br\/en\/abdi-lanca-vitrine-de-solucoes-digitais-para-micro-e-pequenas-empresas-na-qual-fornecedores-ja-podem-se-inscrever-gratuitamente\/","og_locale":"en_US","og_type":"article","og_title":"ABDI lan\u00e7a vitrine de solu\u00e7\u00f5es digitais para micro e pequenas empresas na qual fornecedores j\u00e1 podem se inscrever gratuitamente - ABES","og_description":"A sele\u00e7\u00e3o de fornecedores de solu\u00e7\u00f5es digitais se dar\u00e1 por meio de Edital de cadastramento a ser lan\u00e7ado pela Ag\u00eancia Brasileira de Desenvolvimento Industrial (ABDI) no dia 1\u00ba de junho de 2021. Os fornecedores interessados em participar da chamada e dar visibilidade para suas solu\u00e7\u00f5es (bens e\/ou servi\u00e7os) dever\u00e3o se inscrever atrav\u00e9s da p\u00e1gina: https:\/\/catalogodefornecedores.abdi.com.br\/cadastrar. [&hellip;]","og_url":"https:\/\/abes.org.br\/en\/abdi-lanca-vitrine-de-solucoes-digitais-para-micro-e-pequenas-empresas-na-qual-fornecedores-ja-podem-se-inscrever-gratuitamente\/","og_site_name":"ABES","article_publisher":"https:\/\/www.facebook.com\/ABES.software","article_published_time":"2021-06-01T00:46:29+00:00","article_modified_time":"2021-06-10T19:34:18+00:00","og_image":[{"width":2560,"height":1598,"url":"https:\/\/abes.org.br\/wp-content\/uploads\/2021\/05\/business-people-using-internet-scaled.jpg","type":"image\/jpeg"}],"author":"Editor ABES","twitter_card":"summary_large_image","twitter_creator":"@ABES_SOFTWARE","twitter_site":"@ABES_SOFTWARE","twitter_misc":{"Written by":"Editor ABES","Est. reading time":"2 minutes"},"schema":{"@context":"https:\/\/schema.org","@graph":[{"@type":"Article","@id":"https:\/\/abes.org.br\/abdi-lanca-vitrine-de-solucoes-digitais-para-micro-e-pequenas-empresas-na-qual-fornecedores-ja-podem-se-inscrever-gratuitamente\/#article","isPartOf":{"@id":"https:\/\/abes.org.br\/abdi-lanca-vitrine-de-solucoes-digitais-para-micro-e-pequenas-empresas-na-qual-fornecedores-ja-podem-se-inscrever-gratuitamente\/"},"author":{"name":"Editor ABES","@id":"https:\/\/abes.org.br\/#\/schema\/person\/d65ed84c8883a123fe668129fd6a7ed3"},"headline":"ABDI lan\u00e7a vitrine de solu\u00e7\u00f5es digitais para micro e pequenas empresas na qual fornecedores j\u00e1 podem se inscrever gratuitamente","datePublished":"2021-06-01T00:46:29+00:00","dateModified":"2021-06-10T19:34:18+00:00","mainEntityOfPage":{"@id":"https:\/\/abes.org.br\/abdi-lanca-vitrine-de-solucoes-digitais-para-micro-e-pequenas-empresas-na-qual-fornecedores-ja-podem-se-inscrever-gratuitamente\/"},"wordCount":508,"publisher":{"@id":"https:\/\/abes.org.br\/#organization"},"image":{"@id":"https:\/\/abes.org.br\/abdi-lanca-vitrine-de-solucoes-digitais-para-micro-e-pequenas-empresas-na-qual-fornecedores-ja-podem-se-inscrever-gratuitamente\/#primaryimage"},"thumbnailUrl":"https:\/\/abes.org.br\/wp-content\/uploads\/2021\/05\/business-people-using-internet-scaled.jpg","keywords":["ABDI","Jornada Digital","pequenas empresas (MPEs)","solu\u00e7\u00f5es digitais","transforma\u00e7\u00e3o digital"],"articleSection":["-Coluna 4","\u00daltimas not\u00edcias"],"inLanguage":"en-US"},{"@type":"WebPage","@id":"https:\/\/abes.org.br\/abdi-lanca-vitrine-de-solucoes-digitais-para-micro-e-pequenas-empresas-na-qual-fornecedores-ja-podem-se-inscrever-gratuitamente\/","url":"https:\/\/abes.org.br\/abdi-lanca-vitrine-de-solucoes-digitais-para-micro-e-pequenas-empresas-na-qual-fornecedores-ja-podem-se-inscrever-gratuitamente\/","name":"ABDI launches a showcase of digital solutions for micro and small businesses where suppliers can now register for free - ABES","isPartOf":{"@id":"https:\/\/abes.org.br\/#website"},"primaryImageOfPage":{"@id":"https:\/\/abes.org.br\/abdi-lanca-vitrine-de-solucoes-digitais-para-micro-e-pequenas-empresas-na-qual-fornecedores-ja-podem-se-inscrever-gratuitamente\/#primaryimage"},"image":{"@id":"https:\/\/abes.org.br\/abdi-lanca-vitrine-de-solucoes-digitais-para-micro-e-pequenas-empresas-na-qual-fornecedores-ja-podem-se-inscrever-gratuitamente\/#primaryimage"},"thumbnailUrl":"https:\/\/abes.org.br\/wp-content\/uploads\/2021\/05\/business-people-using-internet-scaled.jpg","datePublished":"2021-06-01T00:46:29+00:00","dateModified":"2021-06-10T19:34:18+00:00","breadcrumb":{"@id":"https:\/\/abes.org.br\/abdi-lanca-vitrine-de-solucoes-digitais-para-micro-e-pequenas-empresas-na-qual-fornecedores-ja-podem-se-inscrever-gratuitamente\/#breadcrumb"},"inLanguage":"en-US","potentialAction":[{"@type":"ReadAction","target":["https:\/\/abes.org.br\/abdi-lanca-vitrine-de-solucoes-digitais-para-micro-e-pequenas-empresas-na-qual-fornecedores-ja-podem-se-inscrever-gratuitamente\/"]}]},{"@type":"ImageObject","inLanguage":"en-US","@id":"https:\/\/abes.org.br\/abdi-lanca-vitrine-de-solucoes-digitais-para-micro-e-pequenas-empresas-na-qual-fornecedores-ja-podem-se-inscrever-gratuitamente\/#primaryimage","url":"https:\/\/abes.org.br\/wp-content\/uploads\/2021\/05\/business-people-using-internet-scaled.jpg","contentUrl":"https:\/\/abes.org.br\/wp-content\/uploads\/2021\/05\/business-people-using-internet-scaled.jpg","width":2560,"height":1598,"caption":"Business people browsing the web on a screen"},{"@type":"BreadcrumbList","@id":"https:\/\/abes.org.br\/abdi-lanca-vitrine-de-solucoes-digitais-para-micro-e-pequenas-empresas-na-qual-fornecedores-ja-podem-se-inscrever-gratuitamente\/#breadcrumb","itemListElement":[{"@type":"ListItem","position":1,"name":"In\u00edcio","item":"https:\/\/abes.org.br\/"},{"@type":"ListItem","position":2,"name":"ABDI lan\u00e7a vitrine de solu\u00e7\u00f5es digitais para micro e pequenas empresas na qual fornecedores j\u00e1 podem se inscrever gratuitamente"}]},{"@type":"WebSite","@id":"https:\/\/abes.org.br\/#website","url":"https:\/\/abes.org.br\/","name":"ABES","description":"Brazilian Association of Software Companies","publisher":{"@id":"https:\/\/abes.org.br\/#organization"},"potentialAction":[{"@type":"SearchAction","target":{"@type":"EntryPoint","urlTemplate":"https:\/\/abes.org.br\/?s={search_term_string}"},"query-input":{"@type":"PropertyValueSpecification","valueRequired":true,"valueName":"search_term_string"}}],"inLanguage":"en-US"},{"@type":"Organization","@id":"https:\/\/abes.org.br\/#organization","name":"Brazilian Association of Software Companies","url":"https:\/\/abes.org.br\/","logo":{"@type":"ImageObject","inLanguage":"en-US","@id":"https:\/\/abes.org.br\/#\/schema\/logo\/image\/","url":"https:\/\/abes.org.br\/wp-content\/uploads\/2020\/09\/logo_abes_marca_d_tagline_horizontal_verde-amarelo_cmyk.png","contentUrl":"https:\/\/abes.org.br\/wp-content\/uploads\/2020\/09\/logo_abes_marca_d_tagline_horizontal_verde-amarelo_cmyk.png","width":324,"height":70,"caption":"Associa\u00e7\u00e3o Brasileira das Empresas de Software"},"image":{"@id":"https:\/\/abes.org.br\/#\/schema\/logo\/image\/"},"sameAs":["https:\/\/www.facebook.com\/ABES.software","https:\/\/x.com\/ABES_SOFTWARE","https:\/\/www.linkedin.com\/company\/abes-software\/","https:\/\/www.instagram.com\/abes_software\/"]},{"@type":"Person","@id":"https:\/\/abes.org.br\/#\/schema\/person\/d65ed84c8883a123fe668129fd6a7ed3","name":"ABES Editor","image":{"@type":"ImageObject","inLanguage":"en-US","@id":"https:\/\/secure.gravatar.com\/avatar\/3b207abce016c5e2ad6bf38914af9ad16e277128bb9b06dabb05bc191f02d7fe?s=96&d=mm&r=g","url":"https:\/\/secure.gravatar.com\/avatar\/3b207abce016c5e2ad6bf38914af9ad16e277128bb9b06dabb05bc191f02d7fe?s=96&d=mm&r=g","contentUrl":"https:\/\/secure.gravatar.com\/avatar\/3b207abce016c5e2ad6bf38914af9ad16e277128bb9b06dabb05bc191f02d7fe?s=96&d=mm&r=g","caption":"Editor ABES"},"url":"https:\/\/abes.org.br\/en\/author\/editor-abes\/"}]}},"publishpress_future_action":{"enabled":false,"date":"2026-05-03 13:15:02","action":"change-status","newStatus":"draft","terms":[],"taxonomy":"category","extraData":[]},"publishpress_future_workflow_manual_trigger":{"enabledWorkflows":[]},"_links":{"self":[{"href":"https:\/\/abes.org.br\/en\/wp-json\/wp\/v2\/posts\/33210","targetHints":{"allow":["GET"]}}],"collection":[{"href":"https:\/\/abes.org.br\/en\/wp-json\/wp\/v2\/posts"}],"about":[{"href":"https:\/\/abes.org.br\/en\/wp-json\/wp\/v2\/types\/post"}],"author":[{"embeddable":true,"href":"https:\/\/abes.org.br\/en\/wp-json\/wp\/v2\/users\/10"}],"replies":[{"embeddable":true,"href":"https:\/\/abes.org.br\/en\/wp-json\/wp\/v2\/comments?post=33210"}],"version-history":[{"count":1,"href":"https:\/\/abes.org.br\/en\/wp-json\/wp\/v2\/posts\/33210\/revisions"}],"predecessor-version":[{"id":33212,"href":"https:\/\/abes.org.br\/en\/wp-json\/wp\/v2\/posts\/33210\/revisions\/33212"}],"wp:featuredmedia":[{"embeddable":true,"href":"https:\/\/abes.org.br\/en\/wp-json\/wp\/v2\/media\/33211"}],"wp:attachment":[{"href":"https:\/\/abes.org.br\/en\/wp-json\/wp\/v2\/media?parent=33210"}],"wp:term":[{"taxonomy":"category","embeddable":true,"href":"https:\/\/abes.org.br\/en\/wp-json\/wp\/v2\/categories?post=33210"},{"taxonomy":"post_tag","embeddable":true,"href":"https:\/\/abes.org.br\/en\/wp-json\/wp\/v2\/tags?post=33210"}],"curies":[{"name":"wp","href":"https:\/\/api.w.org\/{rel}","templated":true}]}}