{"id":33163,"date":"2021-06-03T09:10:40","date_gmt":"2021-06-03T12:10:40","guid":{"rendered":"https:\/\/abes.org.br\/?p=33163"},"modified":"2021-05-31T13:55:14","modified_gmt":"2021-05-31T16:55:14","slug":"logicalis-tem-novo-diretor-de-consultoria-para-saude","status":"publish","type":"post","link":"https:\/\/abes.org.br\/en\/logicalis-tem-novo-diretor-de-consultoria-para-saude\/","title":{"rendered":"Logicalis has new director of consulting for Health"},"content":{"rendered":"<p><em><img loading=\"lazy\" decoding=\"async\" class=\"wp-image-33164 alignleft\" src=\"https:\/\/abes.org.br\/wp-content\/uploads\/2021\/05\/Marcello-Albuquerque-LOGICALIS.jpg\" alt=\"\" width=\"166\" height=\"222\" \/>Marcello Albuquerque arrives with the mission of increasing the area&#039;s representation in the company&#039;s revenue <\/em><\/p>\n<p>The new coronavirus has put the healthcare sector in evidence and, in addition to facing the pandemic, the segment has been investing in technological solutions to increase operational efficiency and the quality of patient care. With the mission to make Logicalis&#039; Health area even more robust and significantly increase its representation in the company&#039;s revenue, Marcello Albuquerque joins the company as consulting director for the segment.<\/p>\n<p>The executive brings in his bag the experience of over 20 years as a consultant specializing in market mapping, designing solutions and identifying opportunities for potential customers in hospitals, health plans, laboratories and the pharmaceutical industry. Its experience adds to the expertise of Logicalis, which has already carried out several projects in the segment and supports numerous institutions with technologies that support everything from network infrastructure to more robust and innovative solutions such as the use of 03, among others.<\/p>\n<p>The Covid-19 pandemic made demand grow even more, accelerating the process of digital transformation in the healthcare sector. According to Albuquerque, the great challenge in the area is to show professionals how technology is an enabling tool for operational strategies in a patient-centered view and how it can help save even more lives and expand care based on data and intelligence.<\/p>","protected":false},"excerpt":{"rendered":"<p>Marcello Albuquerque chega com a miss\u00e3o de aumentar a representatividade da \u00e1rea no faturamento da companhia O novo coronav\u00edrus colocou o setor de sa\u00fade em evid\u00eancia e, al\u00e9m de enfrentar a pandemia, o segmento vem investindo em solu\u00e7\u00f5es tecnol\u00f3gicas para aumentar a efici\u00eancia operacional e a qualidade do atendimento aos pacientes. Com a miss\u00e3o de [&hellip;]<\/p>\n","protected":false},"author":10,"featured_media":0,"comment_status":"closed","ping_status":"closed","sticky":false,"template":"","format":"standard","meta":{"_acf_changed":false,"_et_pb_use_builder":"","_et_pb_old_content":"","_et_gb_content_width":"","footnotes":""},"categories":[39,19],"tags":[1635,108,1637,1636,1638,1334,360],"class_list":["post-33163","post","type-post","status-publish","format-standard","hentry","category-coluna-4","category-ultimas-noticias","tag-area-de-saude","tag-ciberseguranca","tag-clientes-potenciais-em-hospitais","tag-consultor-especializado","tag-internet-das-coisas-iot","tag-logicalis","tag-multicloud"],"acf":[],"yoast_head":"<!-- This site is optimized with the Yoast SEO plugin v27.3 - https:\/\/yoast.com\/product\/yoast-seo-wordpress\/ -->\n<title>Logicalis tem novo diretor de consultoria para Sa\u00fade - ABES<\/title>\n<meta name=\"robots\" content=\"index, follow, max-snippet:-1, max-image-preview:large, max-video-preview:-1\" \/>\n<link rel=\"canonical\" href=\"https:\/\/abes.org.br\/en\/logicalis-tem-novo-diretor-de-consultoria-para-saude\/\" \/>\n<meta property=\"og:locale\" content=\"en_US\" \/>\n<meta property=\"og:type\" content=\"article\" \/>\n<meta property=\"og:title\" content=\"Logicalis tem novo diretor de consultoria para Sa\u00fade - ABES\" \/>\n<meta property=\"og:description\" content=\"Marcello Albuquerque chega com a miss\u00e3o de aumentar a representatividade da \u00e1rea no faturamento da companhia O novo coronav\u00edrus colocou o setor de sa\u00fade em evid\u00eancia e, al\u00e9m de enfrentar a pandemia, o segmento vem investindo em solu\u00e7\u00f5es tecnol\u00f3gicas para aumentar a efici\u00eancia operacional e a qualidade do atendimento aos pacientes. Com a miss\u00e3o de [&hellip;]\" \/>\n<meta property=\"og:url\" content=\"https:\/\/abes.org.br\/en\/logicalis-tem-novo-diretor-de-consultoria-para-saude\/\" \/>\n<meta property=\"og:site_name\" content=\"ABES\" \/>\n<meta property=\"article:publisher\" content=\"https:\/\/www.facebook.com\/ABES.software\" \/>\n<meta property=\"article:published_time\" content=\"2021-06-03T12:10:40+00:00\" \/>\n<meta property=\"og:image\" content=\"https:\/\/abes.org.br\/wp-content\/uploads\/2021\/05\/Marcello-Albuquerque-LOGICALIS.jpg\" \/>\n<meta name=\"author\" content=\"Editor ABES\" \/>\n<meta name=\"twitter:card\" content=\"summary_large_image\" \/>\n<meta name=\"twitter:creator\" content=\"@ABES_SOFTWARE\" \/>\n<meta name=\"twitter:site\" content=\"@ABES_SOFTWARE\" \/>\n<meta name=\"twitter:label1\" content=\"Written by\" \/>\n\t<meta name=\"twitter:data1\" content=\"Editor ABES\" \/>\n\t<meta name=\"twitter:label2\" content=\"Est. reading time\" \/>\n\t<meta name=\"twitter:data2\" content=\"1 minute\" \/>\n<script type=\"application\/ld+json\" class=\"yoast-schema-graph\">{\"@context\":\"https:\\\/\\\/schema.org\",\"@graph\":[{\"@type\":\"Article\",\"@id\":\"https:\\\/\\\/abes.org.br\\\/logicalis-tem-novo-diretor-de-consultoria-para-saude\\\/#article\",\"isPartOf\":{\"@id\":\"https:\\\/\\\/abes.org.br\\\/logicalis-tem-novo-diretor-de-consultoria-para-saude\\\/\"},\"author\":{\"name\":\"Editor ABES\",\"@id\":\"https:\\\/\\\/abes.org.br\\\/#\\\/schema\\\/person\\\/d65ed84c8883a123fe668129fd6a7ed3\"},\"headline\":\"Logicalis tem novo diretor de consultoria para Sa\u00fade\",\"datePublished\":\"2021-06-03T12:10:40+00:00\",\"mainEntityOfPage\":{\"@id\":\"https:\\\/\\\/abes.org.br\\\/logicalis-tem-novo-diretor-de-consultoria-para-saude\\\/\"},\"wordCount\":260,\"publisher\":{\"@id\":\"https:\\\/\\\/abes.org.br\\\/#organization\"},\"image\":{\"@id\":\"https:\\\/\\\/abes.org.br\\\/logicalis-tem-novo-diretor-de-consultoria-para-saude\\\/#primaryimage\"},\"thumbnailUrl\":\"https:\\\/\\\/abes.org.br\\\/wp-content\\\/uploads\\\/2021\\\/05\\\/Marcello-Albuquerque-LOGICALIS.jpg\",\"keywords\":[\"\u00e1rea de Sa\u00fade\",\"ciberseguran\u00e7a\",\"clientes potenciais em hospitais\",\"consultor especializado\",\"internet das coisas (IoT)\",\"Logicalis\",\"Multicloud\"],\"articleSection\":[\"-Coluna 4\",\"\u00daltimas not\u00edcias\"],\"inLanguage\":\"en-US\"},{\"@type\":\"WebPage\",\"@id\":\"https:\\\/\\\/abes.org.br\\\/logicalis-tem-novo-diretor-de-consultoria-para-saude\\\/\",\"url\":\"https:\\\/\\\/abes.org.br\\\/logicalis-tem-novo-diretor-de-consultoria-para-saude\\\/\",\"name\":\"Logicalis tem novo diretor de consultoria para Sa\u00fade - ABES\",\"isPartOf\":{\"@id\":\"https:\\\/\\\/abes.org.br\\\/#website\"},\"primaryImageOfPage\":{\"@id\":\"https:\\\/\\\/abes.org.br\\\/logicalis-tem-novo-diretor-de-consultoria-para-saude\\\/#primaryimage\"},\"image\":{\"@id\":\"https:\\\/\\\/abes.org.br\\\/logicalis-tem-novo-diretor-de-consultoria-para-saude\\\/#primaryimage\"},\"thumbnailUrl\":\"https:\\\/\\\/abes.org.br\\\/wp-content\\\/uploads\\\/2021\\\/05\\\/Marcello-Albuquerque-LOGICALIS.jpg\",\"datePublished\":\"2021-06-03T12:10:40+00:00\",\"breadcrumb\":{\"@id\":\"https:\\\/\\\/abes.org.br\\\/logicalis-tem-novo-diretor-de-consultoria-para-saude\\\/#breadcrumb\"},\"inLanguage\":\"en-US\",\"potentialAction\":[{\"@type\":\"ReadAction\",\"target\":[\"https:\\\/\\\/abes.org.br\\\/logicalis-tem-novo-diretor-de-consultoria-para-saude\\\/\"]}]},{\"@type\":\"ImageObject\",\"inLanguage\":\"en-US\",\"@id\":\"https:\\\/\\\/abes.org.br\\\/logicalis-tem-novo-diretor-de-consultoria-para-saude\\\/#primaryimage\",\"url\":\"https:\\\/\\\/abes.org.br\\\/wp-content\\\/uploads\\\/2021\\\/05\\\/Marcello-Albuquerque-LOGICALIS.jpg\",\"contentUrl\":\"https:\\\/\\\/abes.org.br\\\/wp-content\\\/uploads\\\/2021\\\/05\\\/Marcello-Albuquerque-LOGICALIS.jpg\"},{\"@type\":\"BreadcrumbList\",\"@id\":\"https:\\\/\\\/abes.org.br\\\/logicalis-tem-novo-diretor-de-consultoria-para-saude\\\/#breadcrumb\",\"itemListElement\":[{\"@type\":\"ListItem\",\"position\":1,\"name\":\"In\u00edcio\",\"item\":\"https:\\\/\\\/abes.org.br\\\/\"},{\"@type\":\"ListItem\",\"position\":2,\"name\":\"Logicalis tem novo diretor de consultoria para Sa\u00fade\"}]},{\"@type\":\"WebSite\",\"@id\":\"https:\\\/\\\/abes.org.br\\\/#website\",\"url\":\"https:\\\/\\\/abes.org.br\\\/\",\"name\":\"ABES\",\"description\":\"Associa\u00e7\u00e3o Brasileira das Empresas de Software\",\"publisher\":{\"@id\":\"https:\\\/\\\/abes.org.br\\\/#organization\"},\"potentialAction\":[{\"@type\":\"SearchAction\",\"target\":{\"@type\":\"EntryPoint\",\"urlTemplate\":\"https:\\\/\\\/abes.org.br\\\/?s={search_term_string}\"},\"query-input\":{\"@type\":\"PropertyValueSpecification\",\"valueRequired\":true,\"valueName\":\"search_term_string\"}}],\"inLanguage\":\"en-US\"},{\"@type\":\"Organization\",\"@id\":\"https:\\\/\\\/abes.org.br\\\/#organization\",\"name\":\"Associa\u00e7\u00e3o Brasileira das Empresas de Software\",\"url\":\"https:\\\/\\\/abes.org.br\\\/\",\"logo\":{\"@type\":\"ImageObject\",\"inLanguage\":\"en-US\",\"@id\":\"https:\\\/\\\/abes.org.br\\\/#\\\/schema\\\/logo\\\/image\\\/\",\"url\":\"https:\\\/\\\/abes.org.br\\\/wp-content\\\/uploads\\\/2020\\\/09\\\/logo_abes_marca_d_tagline_horizontal_verde-amarelo_cmyk.png\",\"contentUrl\":\"https:\\\/\\\/abes.org.br\\\/wp-content\\\/uploads\\\/2020\\\/09\\\/logo_abes_marca_d_tagline_horizontal_verde-amarelo_cmyk.png\",\"width\":324,\"height\":70,\"caption\":\"Associa\u00e7\u00e3o Brasileira das Empresas de Software\"},\"image\":{\"@id\":\"https:\\\/\\\/abes.org.br\\\/#\\\/schema\\\/logo\\\/image\\\/\"},\"sameAs\":[\"https:\\\/\\\/www.facebook.com\\\/ABES.software\",\"https:\\\/\\\/x.com\\\/ABES_SOFTWARE\",\"https:\\\/\\\/www.linkedin.com\\\/company\\\/abes-software\\\/\",\"https:\\\/\\\/www.instagram.com\\\/abes_software\\\/\"]},{\"@type\":\"Person\",\"@id\":\"https:\\\/\\\/abes.org.br\\\/#\\\/schema\\\/person\\\/d65ed84c8883a123fe668129fd6a7ed3\",\"name\":\"Editor ABES\",\"image\":{\"@type\":\"ImageObject\",\"inLanguage\":\"en-US\",\"@id\":\"https:\\\/\\\/secure.gravatar.com\\\/avatar\\\/3b207abce016c5e2ad6bf38914af9ad16e277128bb9b06dabb05bc191f02d7fe?s=96&d=mm&r=g\",\"url\":\"https:\\\/\\\/secure.gravatar.com\\\/avatar\\\/3b207abce016c5e2ad6bf38914af9ad16e277128bb9b06dabb05bc191f02d7fe?s=96&d=mm&r=g\",\"contentUrl\":\"https:\\\/\\\/secure.gravatar.com\\\/avatar\\\/3b207abce016c5e2ad6bf38914af9ad16e277128bb9b06dabb05bc191f02d7fe?s=96&d=mm&r=g\",\"caption\":\"Editor ABES\"},\"url\":\"https:\\\/\\\/abes.org.br\\\/en\\\/author\\\/editor-abes\\\/\"}]}<\/script>\n<!-- \/ Yoast SEO plugin. -->","yoast_head_json":{"title":"Logicalis has a new director of consulting for Health - ABES","robots":{"index":"index","follow":"follow","max-snippet":"max-snippet:-1","max-image-preview":"max-image-preview:large","max-video-preview":"max-video-preview:-1"},"canonical":"https:\/\/abes.org.br\/en\/logicalis-tem-novo-diretor-de-consultoria-para-saude\/","og_locale":"en_US","og_type":"article","og_title":"Logicalis tem novo diretor de consultoria para Sa\u00fade - ABES","og_description":"Marcello Albuquerque chega com a miss\u00e3o de aumentar a representatividade da \u00e1rea no faturamento da companhia O novo coronav\u00edrus colocou o setor de sa\u00fade em evid\u00eancia e, al\u00e9m de enfrentar a pandemia, o segmento vem investindo em solu\u00e7\u00f5es tecnol\u00f3gicas para aumentar a efici\u00eancia operacional e a qualidade do atendimento aos pacientes. Com a miss\u00e3o de [&hellip;]","og_url":"https:\/\/abes.org.br\/en\/logicalis-tem-novo-diretor-de-consultoria-para-saude\/","og_site_name":"ABES","article_publisher":"https:\/\/www.facebook.com\/ABES.software","article_published_time":"2021-06-03T12:10:40+00:00","og_image":[{"url":"https:\/\/abes.org.br\/wp-content\/uploads\/2021\/05\/Marcello-Albuquerque-LOGICALIS.jpg","type":"","width":"","height":""}],"author":"Editor ABES","twitter_card":"summary_large_image","twitter_creator":"@ABES_SOFTWARE","twitter_site":"@ABES_SOFTWARE","twitter_misc":{"Written by":"Editor ABES","Est. reading time":"1 minute"},"schema":{"@context":"https:\/\/schema.org","@graph":[{"@type":"Article","@id":"https:\/\/abes.org.br\/logicalis-tem-novo-diretor-de-consultoria-para-saude\/#article","isPartOf":{"@id":"https:\/\/abes.org.br\/logicalis-tem-novo-diretor-de-consultoria-para-saude\/"},"author":{"name":"Editor ABES","@id":"https:\/\/abes.org.br\/#\/schema\/person\/d65ed84c8883a123fe668129fd6a7ed3"},"headline":"Logicalis tem novo diretor de consultoria para Sa\u00fade","datePublished":"2021-06-03T12:10:40+00:00","mainEntityOfPage":{"@id":"https:\/\/abes.org.br\/logicalis-tem-novo-diretor-de-consultoria-para-saude\/"},"wordCount":260,"publisher":{"@id":"https:\/\/abes.org.br\/#organization"},"image":{"@id":"https:\/\/abes.org.br\/logicalis-tem-novo-diretor-de-consultoria-para-saude\/#primaryimage"},"thumbnailUrl":"https:\/\/abes.org.br\/wp-content\/uploads\/2021\/05\/Marcello-Albuquerque-LOGICALIS.jpg","keywords":["\u00e1rea de Sa\u00fade","ciberseguran\u00e7a","clientes potenciais em hospitais","consultor especializado","internet das coisas (IoT)","Logicalis","Multicloud"],"articleSection":["-Coluna 4","\u00daltimas not\u00edcias"],"inLanguage":"en-US"},{"@type":"WebPage","@id":"https:\/\/abes.org.br\/logicalis-tem-novo-diretor-de-consultoria-para-saude\/","url":"https:\/\/abes.org.br\/logicalis-tem-novo-diretor-de-consultoria-para-saude\/","name":"Logicalis has a new director of consulting for Health - ABES","isPartOf":{"@id":"https:\/\/abes.org.br\/#website"},"primaryImageOfPage":{"@id":"https:\/\/abes.org.br\/logicalis-tem-novo-diretor-de-consultoria-para-saude\/#primaryimage"},"image":{"@id":"https:\/\/abes.org.br\/logicalis-tem-novo-diretor-de-consultoria-para-saude\/#primaryimage"},"thumbnailUrl":"https:\/\/abes.org.br\/wp-content\/uploads\/2021\/05\/Marcello-Albuquerque-LOGICALIS.jpg","datePublished":"2021-06-03T12:10:40+00:00","breadcrumb":{"@id":"https:\/\/abes.org.br\/logicalis-tem-novo-diretor-de-consultoria-para-saude\/#breadcrumb"},"inLanguage":"en-US","potentialAction":[{"@type":"ReadAction","target":["https:\/\/abes.org.br\/logicalis-tem-novo-diretor-de-consultoria-para-saude\/"]}]},{"@type":"ImageObject","inLanguage":"en-US","@id":"https:\/\/abes.org.br\/logicalis-tem-novo-diretor-de-consultoria-para-saude\/#primaryimage","url":"https:\/\/abes.org.br\/wp-content\/uploads\/2021\/05\/Marcello-Albuquerque-LOGICALIS.jpg","contentUrl":"https:\/\/abes.org.br\/wp-content\/uploads\/2021\/05\/Marcello-Albuquerque-LOGICALIS.jpg"},{"@type":"BreadcrumbList","@id":"https:\/\/abes.org.br\/logicalis-tem-novo-diretor-de-consultoria-para-saude\/#breadcrumb","itemListElement":[{"@type":"ListItem","position":1,"name":"In\u00edcio","item":"https:\/\/abes.org.br\/"},{"@type":"ListItem","position":2,"name":"Logicalis tem novo diretor de consultoria para Sa\u00fade"}]},{"@type":"WebSite","@id":"https:\/\/abes.org.br\/#website","url":"https:\/\/abes.org.br\/","name":"ABES","description":"Brazilian Association of Software Companies","publisher":{"@id":"https:\/\/abes.org.br\/#organization"},"potentialAction":[{"@type":"SearchAction","target":{"@type":"EntryPoint","urlTemplate":"https:\/\/abes.org.br\/?s={search_term_string}"},"query-input":{"@type":"PropertyValueSpecification","valueRequired":true,"valueName":"search_term_string"}}],"inLanguage":"en-US"},{"@type":"Organization","@id":"https:\/\/abes.org.br\/#organization","name":"Brazilian Association of Software Companies","url":"https:\/\/abes.org.br\/","logo":{"@type":"ImageObject","inLanguage":"en-US","@id":"https:\/\/abes.org.br\/#\/schema\/logo\/image\/","url":"https:\/\/abes.org.br\/wp-content\/uploads\/2020\/09\/logo_abes_marca_d_tagline_horizontal_verde-amarelo_cmyk.png","contentUrl":"https:\/\/abes.org.br\/wp-content\/uploads\/2020\/09\/logo_abes_marca_d_tagline_horizontal_verde-amarelo_cmyk.png","width":324,"height":70,"caption":"Associa\u00e7\u00e3o Brasileira das Empresas de Software"},"image":{"@id":"https:\/\/abes.org.br\/#\/schema\/logo\/image\/"},"sameAs":["https:\/\/www.facebook.com\/ABES.software","https:\/\/x.com\/ABES_SOFTWARE","https:\/\/www.linkedin.com\/company\/abes-software\/","https:\/\/www.instagram.com\/abes_software\/"]},{"@type":"Person","@id":"https:\/\/abes.org.br\/#\/schema\/person\/d65ed84c8883a123fe668129fd6a7ed3","name":"ABES Editor","image":{"@type":"ImageObject","inLanguage":"en-US","@id":"https:\/\/secure.gravatar.com\/avatar\/3b207abce016c5e2ad6bf38914af9ad16e277128bb9b06dabb05bc191f02d7fe?s=96&d=mm&r=g","url":"https:\/\/secure.gravatar.com\/avatar\/3b207abce016c5e2ad6bf38914af9ad16e277128bb9b06dabb05bc191f02d7fe?s=96&d=mm&r=g","contentUrl":"https:\/\/secure.gravatar.com\/avatar\/3b207abce016c5e2ad6bf38914af9ad16e277128bb9b06dabb05bc191f02d7fe?s=96&d=mm&r=g","caption":"Editor ABES"},"url":"https:\/\/abes.org.br\/en\/author\/editor-abes\/"}]}},"publishpress_future_action":{"enabled":false,"date":"2026-05-03 11:33:16","action":"change-status","newStatus":"draft","terms":[],"taxonomy":"category","extraData":[]},"publishpress_future_workflow_manual_trigger":{"enabledWorkflows":[]},"_links":{"self":[{"href":"https:\/\/abes.org.br\/en\/wp-json\/wp\/v2\/posts\/33163","targetHints":{"allow":["GET"]}}],"collection":[{"href":"https:\/\/abes.org.br\/en\/wp-json\/wp\/v2\/posts"}],"about":[{"href":"https:\/\/abes.org.br\/en\/wp-json\/wp\/v2\/types\/post"}],"author":[{"embeddable":true,"href":"https:\/\/abes.org.br\/en\/wp-json\/wp\/v2\/users\/10"}],"replies":[{"embeddable":true,"href":"https:\/\/abes.org.br\/en\/wp-json\/wp\/v2\/comments?post=33163"}],"version-history":[{"count":1,"href":"https:\/\/abes.org.br\/en\/wp-json\/wp\/v2\/posts\/33163\/revisions"}],"predecessor-version":[{"id":33165,"href":"https:\/\/abes.org.br\/en\/wp-json\/wp\/v2\/posts\/33163\/revisions\/33165"}],"wp:attachment":[{"href":"https:\/\/abes.org.br\/en\/wp-json\/wp\/v2\/media?parent=33163"}],"wp:term":[{"taxonomy":"category","embeddable":true,"href":"https:\/\/abes.org.br\/en\/wp-json\/wp\/v2\/categories?post=33163"},{"taxonomy":"post_tag","embeddable":true,"href":"https:\/\/abes.org.br\/en\/wp-json\/wp\/v2\/tags?post=33163"}],"curies":[{"name":"wp","href":"https:\/\/api.w.org\/{rel}","templated":true}]}}