{"id":33155,"date":"2021-05-31T13:36:16","date_gmt":"2021-05-31T16:36:16","guid":{"rendered":"https:\/\/abes.org.br\/?p=33155"},"modified":"2021-05-31T13:37:16","modified_gmt":"2021-05-31T16:37:16","slug":"blockbit-anuncia-cleber-ribas-como-novo-ceo-global","status":"publish","type":"post","link":"https:\/\/abes.org.br\/en\/blockbit-anuncia-cleber-ribas-como-novo-ceo-global\/","title":{"rendered":"Blockbit Announces Cleber Ribas as New Global CEO"},"content":{"rendered":"<p>Blockbit, a global cybersecurity products company, announces Cleber Ribas as its new Chief Executive Officer (CEO). Since 2016 at the company, the executive assumes the position with the goal of further increasing the organization&#039;s presence in the market.<\/p>\n<p>\u201cI am very happy and excited about this step within Blockbit, a company in which I am proud to be a part of since the beginning and which has been growing in a very solid way\u201d, says Ribas. &quot;The goal is to strengthen our go-to-market and alliances strategies, identifying the best opportunities for the expansion of our company.&quot;<\/p>\n<p>Specialized in Information Security and graduated in administration, the new CEO has solid experience in sales and business management. For five years, he has been responsible for the commercial and alliance operations of Blockbit. Before joining the company, the executive joined companies such as Terra Networks, Brasil Telecom and Aker Security. Highlight, also, for the trajectory of leadership and team management, having worked directly on projects in Brazil and in several Latin American countries.<\/p>\n<p>According to Ribas, his experience and proximity to Blockbit&#039;s ecosystem of partners and customers will be especially important to support the expansion and innovation work of the services offered by the company to its customers. \u201cCybersecurity is a central theme in the organizations&#039; strategy, and it is our objective to offer solutions that our customers can truly trust, with the maximum possible protection\u201d, he says.<\/p>\n<p>The executive adds that, for this, the company should expand its efforts in search of partnerships and business models that expand Blockbit&#039;s presence in the global scenario. \u201cWe are continually mapping the market to identify local needs and the best paths that can help us consolidate the expansion of our coverage and customer service\u201d, he says.<\/p>","protected":false},"excerpt":{"rendered":"<p>A\u00a0Blockbit, empresa global de produtos de ciberseguran\u00e7a, anuncia Cleber Ribas como novo Chief Executive Officer (CEO). Desde 2016 na companhia, o executivo assume a posi\u00e7\u00e3o com a meta de elevar ainda mais a presen\u00e7a da organiza\u00e7\u00e3o junto ao mercado. &#8220;Estou muito feliz e animado com mais esse passo dentro da Blockbit, uma empresa na qual [&hellip;]<\/p>\n","protected":false},"author":10,"featured_media":0,"comment_status":"closed","ping_status":"closed","sticky":false,"template":"","format":"standard","meta":{"_acf_changed":false,"_et_pb_use_builder":"","_et_pb_old_content":"","_et_gb_content_width":"","footnotes":""},"categories":[39,19],"tags":[1210,108,1016,1628],"class_list":["post-33155","post","type-post","status-publish","format-standard","hentry","category-coluna-4","category-ultimas-noticias","tag-blockbit","tag-ciberseguranca","tag-contratacao-de-executivo","tag-vendas-e-gestao-de-negocios"],"acf":[],"yoast_head":"<!-- This site is optimized with the Yoast SEO plugin v27.3 - https:\/\/yoast.com\/product\/yoast-seo-wordpress\/ -->\n<title>Blockbit anuncia Cleber Ribas como novo CEO global - ABES<\/title>\n<meta name=\"robots\" content=\"index, follow, max-snippet:-1, max-image-preview:large, max-video-preview:-1\" \/>\n<link rel=\"canonical\" href=\"https:\/\/abes.org.br\/en\/blockbit-anuncia-cleber-ribas-como-novo-ceo-global\/\" \/>\n<meta property=\"og:locale\" content=\"en_US\" \/>\n<meta property=\"og:type\" content=\"article\" \/>\n<meta property=\"og:title\" content=\"Blockbit anuncia Cleber Ribas como novo CEO global - ABES\" \/>\n<meta property=\"og:description\" content=\"A\u00a0Blockbit, empresa global de produtos de ciberseguran\u00e7a, anuncia Cleber Ribas como novo Chief Executive Officer (CEO). Desde 2016 na companhia, o executivo assume a posi\u00e7\u00e3o com a meta de elevar ainda mais a presen\u00e7a da organiza\u00e7\u00e3o junto ao mercado. &#8220;Estou muito feliz e animado com mais esse passo dentro da Blockbit, uma empresa na qual [&hellip;]\" \/>\n<meta property=\"og:url\" content=\"https:\/\/abes.org.br\/en\/blockbit-anuncia-cleber-ribas-como-novo-ceo-global\/\" \/>\n<meta property=\"og:site_name\" content=\"ABES\" \/>\n<meta property=\"article:publisher\" content=\"https:\/\/www.facebook.com\/ABES.software\" \/>\n<meta property=\"article:published_time\" content=\"2021-05-31T16:36:16+00:00\" \/>\n<meta property=\"article:modified_time\" content=\"2021-05-31T16:37:16+00:00\" \/>\n<meta property=\"og:image\" content=\"https:\/\/abes.org.br\/wp-content\/uploads\/2021\/01\/logo_abes_marca_tagline_horizontal_colorido_rgb.png\" \/>\n\t<meta property=\"og:image:width\" content=\"3509\" \/>\n\t<meta property=\"og:image:height\" content=\"2482\" \/>\n\t<meta property=\"og:image:type\" content=\"image\/png\" \/>\n<meta name=\"author\" content=\"Editor ABES\" \/>\n<meta name=\"twitter:card\" content=\"summary_large_image\" \/>\n<meta name=\"twitter:creator\" content=\"@ABES_SOFTWARE\" \/>\n<meta name=\"twitter:site\" content=\"@ABES_SOFTWARE\" \/>\n<meta name=\"twitter:label1\" content=\"Written by\" \/>\n\t<meta name=\"twitter:data1\" content=\"Editor ABES\" \/>\n\t<meta name=\"twitter:label2\" content=\"Est. reading time\" \/>\n\t<meta name=\"twitter:data2\" content=\"2 minutes\" \/>\n<script type=\"application\/ld+json\" class=\"yoast-schema-graph\">{\"@context\":\"https:\\\/\\\/schema.org\",\"@graph\":[{\"@type\":\"Article\",\"@id\":\"https:\\\/\\\/abes.org.br\\\/blockbit-anuncia-cleber-ribas-como-novo-ceo-global\\\/#article\",\"isPartOf\":{\"@id\":\"https:\\\/\\\/abes.org.br\\\/blockbit-anuncia-cleber-ribas-como-novo-ceo-global\\\/\"},\"author\":{\"name\":\"Editor ABES\",\"@id\":\"https:\\\/\\\/abes.org.br\\\/#\\\/schema\\\/person\\\/d65ed84c8883a123fe668129fd6a7ed3\"},\"headline\":\"Blockbit anuncia Cleber Ribas como novo CEO global\",\"datePublished\":\"2021-05-31T16:36:16+00:00\",\"dateModified\":\"2021-05-31T16:37:16+00:00\",\"mainEntityOfPage\":{\"@id\":\"https:\\\/\\\/abes.org.br\\\/blockbit-anuncia-cleber-ribas-como-novo-ceo-global\\\/\"},\"wordCount\":339,\"publisher\":{\"@id\":\"https:\\\/\\\/abes.org.br\\\/#organization\"},\"keywords\":[\"Blockbit\",\"ciberseguran\u00e7a\",\"contrata\u00e7\u00e3o de executivo\",\"vendas e gest\u00e3o de neg\u00f3cios\"],\"articleSection\":[\"-Coluna 4\",\"\u00daltimas not\u00edcias\"],\"inLanguage\":\"en-US\"},{\"@type\":\"WebPage\",\"@id\":\"https:\\\/\\\/abes.org.br\\\/blockbit-anuncia-cleber-ribas-como-novo-ceo-global\\\/\",\"url\":\"https:\\\/\\\/abes.org.br\\\/blockbit-anuncia-cleber-ribas-como-novo-ceo-global\\\/\",\"name\":\"Blockbit anuncia Cleber Ribas como novo CEO global - ABES\",\"isPartOf\":{\"@id\":\"https:\\\/\\\/abes.org.br\\\/#website\"},\"datePublished\":\"2021-05-31T16:36:16+00:00\",\"dateModified\":\"2021-05-31T16:37:16+00:00\",\"breadcrumb\":{\"@id\":\"https:\\\/\\\/abes.org.br\\\/blockbit-anuncia-cleber-ribas-como-novo-ceo-global\\\/#breadcrumb\"},\"inLanguage\":\"en-US\",\"potentialAction\":[{\"@type\":\"ReadAction\",\"target\":[\"https:\\\/\\\/abes.org.br\\\/blockbit-anuncia-cleber-ribas-como-novo-ceo-global\\\/\"]}]},{\"@type\":\"BreadcrumbList\",\"@id\":\"https:\\\/\\\/abes.org.br\\\/blockbit-anuncia-cleber-ribas-como-novo-ceo-global\\\/#breadcrumb\",\"itemListElement\":[{\"@type\":\"ListItem\",\"position\":1,\"name\":\"In\u00edcio\",\"item\":\"https:\\\/\\\/abes.org.br\\\/\"},{\"@type\":\"ListItem\",\"position\":2,\"name\":\"Blockbit anuncia Cleber Ribas como novo CEO global\"}]},{\"@type\":\"WebSite\",\"@id\":\"https:\\\/\\\/abes.org.br\\\/#website\",\"url\":\"https:\\\/\\\/abes.org.br\\\/\",\"name\":\"ABES\",\"description\":\"Associa\u00e7\u00e3o Brasileira das Empresas de Software\",\"publisher\":{\"@id\":\"https:\\\/\\\/abes.org.br\\\/#organization\"},\"potentialAction\":[{\"@type\":\"SearchAction\",\"target\":{\"@type\":\"EntryPoint\",\"urlTemplate\":\"https:\\\/\\\/abes.org.br\\\/?s={search_term_string}\"},\"query-input\":{\"@type\":\"PropertyValueSpecification\",\"valueRequired\":true,\"valueName\":\"search_term_string\"}}],\"inLanguage\":\"en-US\"},{\"@type\":\"Organization\",\"@id\":\"https:\\\/\\\/abes.org.br\\\/#organization\",\"name\":\"Associa\u00e7\u00e3o Brasileira das Empresas de Software\",\"url\":\"https:\\\/\\\/abes.org.br\\\/\",\"logo\":{\"@type\":\"ImageObject\",\"inLanguage\":\"en-US\",\"@id\":\"https:\\\/\\\/abes.org.br\\\/#\\\/schema\\\/logo\\\/image\\\/\",\"url\":\"https:\\\/\\\/abes.org.br\\\/wp-content\\\/uploads\\\/2020\\\/09\\\/logo_abes_marca_d_tagline_horizontal_verde-amarelo_cmyk.png\",\"contentUrl\":\"https:\\\/\\\/abes.org.br\\\/wp-content\\\/uploads\\\/2020\\\/09\\\/logo_abes_marca_d_tagline_horizontal_verde-amarelo_cmyk.png\",\"width\":324,\"height\":70,\"caption\":\"Associa\u00e7\u00e3o Brasileira das Empresas de Software\"},\"image\":{\"@id\":\"https:\\\/\\\/abes.org.br\\\/#\\\/schema\\\/logo\\\/image\\\/\"},\"sameAs\":[\"https:\\\/\\\/www.facebook.com\\\/ABES.software\",\"https:\\\/\\\/x.com\\\/ABES_SOFTWARE\",\"https:\\\/\\\/www.linkedin.com\\\/company\\\/abes-software\\\/\",\"https:\\\/\\\/www.instagram.com\\\/abes_software\\\/\"]},{\"@type\":\"Person\",\"@id\":\"https:\\\/\\\/abes.org.br\\\/#\\\/schema\\\/person\\\/d65ed84c8883a123fe668129fd6a7ed3\",\"name\":\"Editor ABES\",\"image\":{\"@type\":\"ImageObject\",\"inLanguage\":\"en-US\",\"@id\":\"https:\\\/\\\/secure.gravatar.com\\\/avatar\\\/3b207abce016c5e2ad6bf38914af9ad16e277128bb9b06dabb05bc191f02d7fe?s=96&d=mm&r=g\",\"url\":\"https:\\\/\\\/secure.gravatar.com\\\/avatar\\\/3b207abce016c5e2ad6bf38914af9ad16e277128bb9b06dabb05bc191f02d7fe?s=96&d=mm&r=g\",\"contentUrl\":\"https:\\\/\\\/secure.gravatar.com\\\/avatar\\\/3b207abce016c5e2ad6bf38914af9ad16e277128bb9b06dabb05bc191f02d7fe?s=96&d=mm&r=g\",\"caption\":\"Editor ABES\"},\"url\":\"https:\\\/\\\/abes.org.br\\\/en\\\/author\\\/editor-abes\\\/\"}]}<\/script>\n<!-- \/ Yoast SEO plugin. -->","yoast_head_json":{"title":"Blockbit anuncia Cleber Ribas como novo CEO global - ABES","robots":{"index":"index","follow":"follow","max-snippet":"max-snippet:-1","max-image-preview":"max-image-preview:large","max-video-preview":"max-video-preview:-1"},"canonical":"https:\/\/abes.org.br\/en\/blockbit-anuncia-cleber-ribas-como-novo-ceo-global\/","og_locale":"en_US","og_type":"article","og_title":"Blockbit anuncia Cleber Ribas como novo CEO global - ABES","og_description":"A\u00a0Blockbit, empresa global de produtos de ciberseguran\u00e7a, anuncia Cleber Ribas como novo Chief Executive Officer (CEO). Desde 2016 na companhia, o executivo assume a posi\u00e7\u00e3o com a meta de elevar ainda mais a presen\u00e7a da organiza\u00e7\u00e3o junto ao mercado. &#8220;Estou muito feliz e animado com mais esse passo dentro da Blockbit, uma empresa na qual [&hellip;]","og_url":"https:\/\/abes.org.br\/en\/blockbit-anuncia-cleber-ribas-como-novo-ceo-global\/","og_site_name":"ABES","article_publisher":"https:\/\/www.facebook.com\/ABES.software","article_published_time":"2021-05-31T16:36:16+00:00","article_modified_time":"2021-05-31T16:37:16+00:00","og_image":[{"width":3509,"height":2482,"url":"https:\/\/abes.org.br\/wp-content\/uploads\/2021\/01\/logo_abes_marca_tagline_horizontal_colorido_rgb.png","type":"image\/png"}],"author":"Editor ABES","twitter_card":"summary_large_image","twitter_creator":"@ABES_SOFTWARE","twitter_site":"@ABES_SOFTWARE","twitter_misc":{"Written by":"Editor ABES","Est. reading time":"2 minutes"},"schema":{"@context":"https:\/\/schema.org","@graph":[{"@type":"Article","@id":"https:\/\/abes.org.br\/blockbit-anuncia-cleber-ribas-como-novo-ceo-global\/#article","isPartOf":{"@id":"https:\/\/abes.org.br\/blockbit-anuncia-cleber-ribas-como-novo-ceo-global\/"},"author":{"name":"Editor ABES","@id":"https:\/\/abes.org.br\/#\/schema\/person\/d65ed84c8883a123fe668129fd6a7ed3"},"headline":"Blockbit anuncia Cleber Ribas como novo CEO global","datePublished":"2021-05-31T16:36:16+00:00","dateModified":"2021-05-31T16:37:16+00:00","mainEntityOfPage":{"@id":"https:\/\/abes.org.br\/blockbit-anuncia-cleber-ribas-como-novo-ceo-global\/"},"wordCount":339,"publisher":{"@id":"https:\/\/abes.org.br\/#organization"},"keywords":["Blockbit","ciberseguran\u00e7a","contrata\u00e7\u00e3o de executivo","vendas e gest\u00e3o de neg\u00f3cios"],"articleSection":["-Coluna 4","\u00daltimas not\u00edcias"],"inLanguage":"en-US"},{"@type":"WebPage","@id":"https:\/\/abes.org.br\/blockbit-anuncia-cleber-ribas-como-novo-ceo-global\/","url":"https:\/\/abes.org.br\/blockbit-anuncia-cleber-ribas-como-novo-ceo-global\/","name":"Blockbit anuncia Cleber Ribas como novo CEO global - ABES","isPartOf":{"@id":"https:\/\/abes.org.br\/#website"},"datePublished":"2021-05-31T16:36:16+00:00","dateModified":"2021-05-31T16:37:16+00:00","breadcrumb":{"@id":"https:\/\/abes.org.br\/blockbit-anuncia-cleber-ribas-como-novo-ceo-global\/#breadcrumb"},"inLanguage":"en-US","potentialAction":[{"@type":"ReadAction","target":["https:\/\/abes.org.br\/blockbit-anuncia-cleber-ribas-como-novo-ceo-global\/"]}]},{"@type":"BreadcrumbList","@id":"https:\/\/abes.org.br\/blockbit-anuncia-cleber-ribas-como-novo-ceo-global\/#breadcrumb","itemListElement":[{"@type":"ListItem","position":1,"name":"In\u00edcio","item":"https:\/\/abes.org.br\/"},{"@type":"ListItem","position":2,"name":"Blockbit anuncia Cleber Ribas como novo CEO global"}]},{"@type":"WebSite","@id":"https:\/\/abes.org.br\/#website","url":"https:\/\/abes.org.br\/","name":"ABES","description":"Brazilian Association of Software Companies","publisher":{"@id":"https:\/\/abes.org.br\/#organization"},"potentialAction":[{"@type":"SearchAction","target":{"@type":"EntryPoint","urlTemplate":"https:\/\/abes.org.br\/?s={search_term_string}"},"query-input":{"@type":"PropertyValueSpecification","valueRequired":true,"valueName":"search_term_string"}}],"inLanguage":"en-US"},{"@type":"Organization","@id":"https:\/\/abes.org.br\/#organization","name":"Brazilian Association of Software Companies","url":"https:\/\/abes.org.br\/","logo":{"@type":"ImageObject","inLanguage":"en-US","@id":"https:\/\/abes.org.br\/#\/schema\/logo\/image\/","url":"https:\/\/abes.org.br\/wp-content\/uploads\/2020\/09\/logo_abes_marca_d_tagline_horizontal_verde-amarelo_cmyk.png","contentUrl":"https:\/\/abes.org.br\/wp-content\/uploads\/2020\/09\/logo_abes_marca_d_tagline_horizontal_verde-amarelo_cmyk.png","width":324,"height":70,"caption":"Associa\u00e7\u00e3o Brasileira das Empresas de Software"},"image":{"@id":"https:\/\/abes.org.br\/#\/schema\/logo\/image\/"},"sameAs":["https:\/\/www.facebook.com\/ABES.software","https:\/\/x.com\/ABES_SOFTWARE","https:\/\/www.linkedin.com\/company\/abes-software\/","https:\/\/www.instagram.com\/abes_software\/"]},{"@type":"Person","@id":"https:\/\/abes.org.br\/#\/schema\/person\/d65ed84c8883a123fe668129fd6a7ed3","name":"ABES Editor","image":{"@type":"ImageObject","inLanguage":"en-US","@id":"https:\/\/secure.gravatar.com\/avatar\/3b207abce016c5e2ad6bf38914af9ad16e277128bb9b06dabb05bc191f02d7fe?s=96&d=mm&r=g","url":"https:\/\/secure.gravatar.com\/avatar\/3b207abce016c5e2ad6bf38914af9ad16e277128bb9b06dabb05bc191f02d7fe?s=96&d=mm&r=g","contentUrl":"https:\/\/secure.gravatar.com\/avatar\/3b207abce016c5e2ad6bf38914af9ad16e277128bb9b06dabb05bc191f02d7fe?s=96&d=mm&r=g","caption":"Editor ABES"},"url":"https:\/\/abes.org.br\/en\/author\/editor-abes\/"}]}},"publishpress_future_action":{"enabled":false,"date":"2026-05-03 13:14:05","action":"change-status","newStatus":"draft","terms":[],"taxonomy":"category","extraData":[]},"publishpress_future_workflow_manual_trigger":{"enabledWorkflows":[]},"_links":{"self":[{"href":"https:\/\/abes.org.br\/en\/wp-json\/wp\/v2\/posts\/33155","targetHints":{"allow":["GET"]}}],"collection":[{"href":"https:\/\/abes.org.br\/en\/wp-json\/wp\/v2\/posts"}],"about":[{"href":"https:\/\/abes.org.br\/en\/wp-json\/wp\/v2\/types\/post"}],"author":[{"embeddable":true,"href":"https:\/\/abes.org.br\/en\/wp-json\/wp\/v2\/users\/10"}],"replies":[{"embeddable":true,"href":"https:\/\/abes.org.br\/en\/wp-json\/wp\/v2\/comments?post=33155"}],"version-history":[{"count":1,"href":"https:\/\/abes.org.br\/en\/wp-json\/wp\/v2\/posts\/33155\/revisions"}],"predecessor-version":[{"id":33156,"href":"https:\/\/abes.org.br\/en\/wp-json\/wp\/v2\/posts\/33155\/revisions\/33156"}],"wp:attachment":[{"href":"https:\/\/abes.org.br\/en\/wp-json\/wp\/v2\/media?parent=33155"}],"wp:term":[{"taxonomy":"category","embeddable":true,"href":"https:\/\/abes.org.br\/en\/wp-json\/wp\/v2\/categories?post=33155"},{"taxonomy":"post_tag","embeddable":true,"href":"https:\/\/abes.org.br\/en\/wp-json\/wp\/v2\/tags?post=33155"}],"curies":[{"name":"wp","href":"https:\/\/api.w.org\/{rel}","templated":true}]}}