{"id":32999,"date":"2021-05-26T13:20:30","date_gmt":"2021-05-26T16:20:30","guid":{"rendered":"https:\/\/abes.org.br\/?p=32999"},"modified":"2021-05-26T09:04:26","modified_gmt":"2021-05-26T12:04:26","slug":"ifs-define-estrategia-de-sustentabilidade-para-os-proximos-anos","status":"publish","type":"post","link":"https:\/\/abes.org.br\/en\/ifs-define-estrategia-de-sustentabilidade-para-os-proximos-anos\/","title":{"rendered":"IFS defines sustainability strategy for the coming years"},"content":{"rendered":"<p>IFS has just announced its commitment to sustainability through a plan to improve the company&#039;s operations, enable customers to achieve their sustainability goals, as well as influence the industry as a whole to improve its responsibility to the environment. IFS &#039;values, culture and business model are linked to its vision to provide the best possible experience for its clients. The relationship between this vision, leading by example and providing sustainability technology are fundamental to a sustainable mentality and behavior.<\/p>\n<p>The multi-annual plan presents the step-by-step approach, defines the company&#039;s commitments for the next three years and brings IFS&#039;s long-term thinking about the importance of internal sustainability and its ecosystem.<\/p>\n<p>The approach is established around three central pillars:<\/p>\n<ol>\n<li><strong>Our own business<\/strong><\/li>\n<\/ol>\n<p>In line with the United Nations&#039; Sustainable Development Goals, IFS has identified several areas where it increases its focus for greater impact.<\/p>\n<ul>\n<li><u>education\u00a0<\/u>- the IFS Education Program already works with around 80 universities and higher education institutions worldwide. The program offers scholarships, computer equipment, as well as practical knowledge through internships and tutorials for students. Over the next three years, IFS plans to expand the program to 150 institutions worldwide.<\/li>\n<li><u>Carbon emissions<\/u>- in a program initiated in 2019, IFS committed to reducing its carbon footprint, in part by consolidating its properties and improving the green credentials of its properties. From mid-2019 to today, IFS reduced the square meter of its global real estate by 9.5%, has shrunk its car fleet by 86% compared to 2019 and is committing to achieving carbon neutrality by 2025.<\/li>\n<li><u>Philanthropy<\/u>- IFS champions and IFS Foundation partners to alleviate poverty and other social ills in rural Sri Lankan villages - Sri Lanka is home to the largest proportion of the IFS workforce. The IFS Foundation&#039;s mission is to help improve the living standards of people in the countryside, addressing aspects of health, water and sanitation, education and economics, resulting in a self-sustaining community. Corporate social responsibility (CSR) initiatives in Sri Lanka have already improved the lives of more than 3,000 people. IFS supports the planned expansion of the IFS Foundation to cover additional areas in remote and rural areas of Sri Lanka.<\/li>\n<li><u>Developing an impact mindset<\/u>: IFS is looking for ways to further accelerate the awareness and contribution of its employees to the sustainability agenda and will introduce a structure to stimulate people&#039;s mindset and guide engagement. The framework will guide how the company is enabling its employees to impact sustainability as individuals and assess how successful IFS is in engaging its workforce behind Impact Mindset.<\/li>\n<\/ul>\n<p>O\u00a0\u00a0\u00a0<u>Volunteering<\/u>\u00a0- all employees have the opportunity to invest one day of work per year to support a charitable cause of their choice. In 2023, we strive to have the equivalent of three years of work invested by our employees<\/p>\n<p>O\u00a0\u00a0\u00a0<u>Employees<\/u>\u00a0- IFS raised the bar in relation to its peers in the industry in terms of diversity in the mix of employees. For example, women represent 34% of the business, above the industry average for technology<\/p>\n<p>\u25aa We will continue to conduct grassroots programs, such as the IFS Education Program to promote diversity across the industry<\/p>\n<p>\u25aa The health and well-being of employees remains on the rise, with a new program being launched worldwide and measured by semi-annual employee surveys<\/p>\n<p>O\u00a0\u00a0\u00a0<u>Governance<\/u>\u00a0- IFS has always maintained policies on Human Rights and Anti-Slavery and will further ensure that this is not only in line with UN criteria and reports, but is also widely included in the education of its employees.<\/p>\n<ol start=\"2\">\n<li><strong>Our customers&#039; business<\/strong><\/li>\n<\/ol>\n<p><u>Increased energy efficiency:<\/u>\u00a0in March 2021, IFS launched the IFS Cloud, a unique platform that IFS customers can deploy on-site or in the cloud in a modular way, taking advantage of the latest technologies and thereby reducing unnecessary computer processing and storage. When deployed in the cloud, as in Azure, the IFS Cloud is 52-79% more energy efficient than the computing equivalents deployed in traditional data centers and the storage is 71-79% more energy efficient than the storage equivalents deployed in traditional enterprise data centers.<\/p>\n<p><u>Sustainability technology to give back<\/u>: Recognizing the need and pressures that many customers must monitor, manage and report on their own sustainability goals and commitments, IFS is producing a new module within the IFS Cloud specifically for sustainability management. With so much information kept in the value chains that the IFS Cloud connects, this new module will be offered as a standard to all IFS Cloud customers in late 2021. IFS will donate part of the license revenue generated by the module to sustainability causes.<\/p>\n<p><u>Innovation for sustainability<\/u>: To drive the design and delivery of additional sustainability scenarios for IFS Cloud, an annual hackathon was launched on April 21 and lasts three days, including Earth Day (Thursday, April 22). Teams from all IFS research and development (R&amp;D) divisions, customer-facing and internal divisions are participating together with our partner ecosystem. IFS will also continue to strengthen its IFS Incubator program along the 10 principles, which are the main statements that describe how we implement sustainability at IFS at the corporate level, in our businesses and at the regional level.<\/p>\n<ol start=\"3\">\n<li><strong>Our industry in general<\/strong><\/li>\n<\/ol>\n<p>To raise awareness of the importance of sustainability at a macro level and help improve its own approach to sustainability, IFS will make two significant appointments, one internal in creating the position of Director of Global Sustainability (ESG) and one external when nominating Lewis Pugh as your Sustainability Ambassador. Lewis Pugh is the UN Patron of the Oceans. Pugh will influence IFS &#039;sustainability plan, as well as engage with the IFS ecosystem to challenge and celebrate best sustainability practices.<\/p>\n<p>Commenting on his appointment, IFS Sustainability Ambassador Lewis Pugh said: \u201cWe need governments, companies and individuals to play a role in making positive changes. I am pleased to work with IFS, whose team is clearly taking the issue of sustainability seriously. Having the ability to engage with your customer and partner ecosystem presents an opportunity to have an impact at scale \u201d. He continued: \u201cClimate change is an existential threat to life on Earth. Now we need all the practice to face this crisis \u201d.<\/p>\n<p>Darren Roos, IFS CEO, added: \u201cIFS takes a responsible, long-term approach to creating value for customers. When considering sustainability as an integral part of our business model, we not only capture opportunities to create value, but we can mitigate risks and remain on the path to success in our sustainability strategy. Roos continued: \u201cThe progress made in the past two years to improve IFS&#039;s approach to sustainability has been significant, but with the launch of this multi-annual plan we are making commitments and taking responsibility. This is significant for our customers, our employees and our community in general \u201d.<\/p>","protected":false},"excerpt":{"rendered":"<p>A\u00a0IFS\u00a0acaba de anunciar seu compromisso de sustentabilidade por meio de um plano para melhorar as opera\u00e7\u00f5es da empresa, permitir que os clientes atinjam seus objetivos de sustentabilidade, bem como influenciar a ind\u00fastria como um todo para melhorar sua responsabilidade com o meio ambiente. Os valores, cultura e modelo de neg\u00f3cios da IFS est\u00e3o ligados \u00e0 [&hellip;]<\/p>\n","protected":false},"author":10,"featured_media":0,"comment_status":"closed","ping_status":"closed","sticky":false,"template":"","format":"standard","meta":{"_acf_changed":false,"_et_pb_use_builder":"","_et_pb_old_content":"","_et_gb_content_width":"","footnotes":""},"categories":[39,19],"tags":[1605,1608,1606,1607,1602,1603,1604],"class_list":["post-32999","post","type-post","status-publish","format-standard","hentry","category-coluna-4","category-ultimas-noticias","tag-desenvolvimento-sustentavel-das-nacoes-unidas","tag-educacao","tag-emissao-de-carbono","tag-filantropia","tag-ifs","tag-objetivos-de-sustentabilidade","tag-responsabilidade-com-o-meio-ambiente"],"acf":[],"yoast_head":"<!-- This site is optimized with the Yoast SEO plugin v27.3 - https:\/\/yoast.com\/product\/yoast-seo-wordpress\/ -->\n<title>IFS define estrat\u00e9gia de sustentabilidade para os pr\u00f3ximos anos - ABES<\/title>\n<meta name=\"robots\" content=\"index, follow, max-snippet:-1, max-image-preview:large, max-video-preview:-1\" \/>\n<link rel=\"canonical\" href=\"https:\/\/abes.org.br\/en\/ifs-define-estrategia-de-sustentabilidade-para-os-proximos-anos\/\" \/>\n<meta property=\"og:locale\" content=\"en_US\" \/>\n<meta property=\"og:type\" content=\"article\" \/>\n<meta property=\"og:title\" content=\"IFS define estrat\u00e9gia de sustentabilidade para os pr\u00f3ximos anos - ABES\" \/>\n<meta property=\"og:description\" content=\"A\u00a0IFS\u00a0acaba de anunciar seu compromisso de sustentabilidade por meio de um plano para melhorar as opera\u00e7\u00f5es da empresa, permitir que os clientes atinjam seus objetivos de sustentabilidade, bem como influenciar a ind\u00fastria como um todo para melhorar sua responsabilidade com o meio ambiente. Os valores, cultura e modelo de neg\u00f3cios da IFS est\u00e3o ligados \u00e0 [&hellip;]\" \/>\n<meta property=\"og:url\" content=\"https:\/\/abes.org.br\/en\/ifs-define-estrategia-de-sustentabilidade-para-os-proximos-anos\/\" \/>\n<meta property=\"og:site_name\" content=\"ABES\" \/>\n<meta property=\"article:publisher\" content=\"https:\/\/www.facebook.com\/ABES.software\" \/>\n<meta property=\"article:published_time\" content=\"2021-05-26T16:20:30+00:00\" \/>\n<meta property=\"og:image\" content=\"https:\/\/abes.org.br\/wp-content\/uploads\/2021\/01\/logo_abes_marca_tagline_horizontal_colorido_rgb.png\" \/>\n\t<meta property=\"og:image:width\" content=\"3509\" \/>\n\t<meta property=\"og:image:height\" content=\"2482\" \/>\n\t<meta property=\"og:image:type\" content=\"image\/png\" \/>\n<meta name=\"author\" content=\"Editor ABES\" \/>\n<meta name=\"twitter:card\" content=\"summary_large_image\" \/>\n<meta name=\"twitter:creator\" content=\"@ABES_SOFTWARE\" \/>\n<meta name=\"twitter:site\" content=\"@ABES_SOFTWARE\" \/>\n<meta name=\"twitter:label1\" content=\"Written by\" \/>\n\t<meta name=\"twitter:data1\" content=\"Editor ABES\" \/>\n\t<meta name=\"twitter:label2\" content=\"Est. reading time\" \/>\n\t<meta name=\"twitter:data2\" content=\"7 minutes\" \/>\n<script type=\"application\/ld+json\" class=\"yoast-schema-graph\">{\"@context\":\"https:\\\/\\\/schema.org\",\"@graph\":[{\"@type\":\"Article\",\"@id\":\"https:\\\/\\\/abes.org.br\\\/ifs-define-estrategia-de-sustentabilidade-para-os-proximos-anos\\\/#article\",\"isPartOf\":{\"@id\":\"https:\\\/\\\/abes.org.br\\\/ifs-define-estrategia-de-sustentabilidade-para-os-proximos-anos\\\/\"},\"author\":{\"name\":\"Editor ABES\",\"@id\":\"https:\\\/\\\/abes.org.br\\\/#\\\/schema\\\/person\\\/d65ed84c8883a123fe668129fd6a7ed3\"},\"headline\":\"IFS define estrat\u00e9gia de sustentabilidade para os pr\u00f3ximos anos\",\"datePublished\":\"2021-05-26T16:20:30+00:00\",\"mainEntityOfPage\":{\"@id\":\"https:\\\/\\\/abes.org.br\\\/ifs-define-estrategia-de-sustentabilidade-para-os-proximos-anos\\\/\"},\"wordCount\":1366,\"publisher\":{\"@id\":\"https:\\\/\\\/abes.org.br\\\/#organization\"},\"keywords\":[\"Desenvolvimento Sustent\u00e1vel das Na\u00e7\u00f5es Unidas\",\"educa\u00e7\u00e3o\",\"Emiss\u00e3o de carbono\",\"Filantropia\",\"IFS\",\"objetivos de sustentabilidade\",\"responsabilidade com o meio ambiente\"],\"articleSection\":[\"-Coluna 4\",\"\u00daltimas not\u00edcias\"],\"inLanguage\":\"en-US\"},{\"@type\":\"WebPage\",\"@id\":\"https:\\\/\\\/abes.org.br\\\/ifs-define-estrategia-de-sustentabilidade-para-os-proximos-anos\\\/\",\"url\":\"https:\\\/\\\/abes.org.br\\\/ifs-define-estrategia-de-sustentabilidade-para-os-proximos-anos\\\/\",\"name\":\"IFS define estrat\u00e9gia de sustentabilidade para os pr\u00f3ximos anos - ABES\",\"isPartOf\":{\"@id\":\"https:\\\/\\\/abes.org.br\\\/#website\"},\"datePublished\":\"2021-05-26T16:20:30+00:00\",\"breadcrumb\":{\"@id\":\"https:\\\/\\\/abes.org.br\\\/ifs-define-estrategia-de-sustentabilidade-para-os-proximos-anos\\\/#breadcrumb\"},\"inLanguage\":\"en-US\",\"potentialAction\":[{\"@type\":\"ReadAction\",\"target\":[\"https:\\\/\\\/abes.org.br\\\/ifs-define-estrategia-de-sustentabilidade-para-os-proximos-anos\\\/\"]}]},{\"@type\":\"BreadcrumbList\",\"@id\":\"https:\\\/\\\/abes.org.br\\\/ifs-define-estrategia-de-sustentabilidade-para-os-proximos-anos\\\/#breadcrumb\",\"itemListElement\":[{\"@type\":\"ListItem\",\"position\":1,\"name\":\"In\u00edcio\",\"item\":\"https:\\\/\\\/abes.org.br\\\/\"},{\"@type\":\"ListItem\",\"position\":2,\"name\":\"IFS define estrat\u00e9gia de sustentabilidade para os pr\u00f3ximos anos\"}]},{\"@type\":\"WebSite\",\"@id\":\"https:\\\/\\\/abes.org.br\\\/#website\",\"url\":\"https:\\\/\\\/abes.org.br\\\/\",\"name\":\"ABES\",\"description\":\"Associa\u00e7\u00e3o Brasileira das Empresas de Software\",\"publisher\":{\"@id\":\"https:\\\/\\\/abes.org.br\\\/#organization\"},\"potentialAction\":[{\"@type\":\"SearchAction\",\"target\":{\"@type\":\"EntryPoint\",\"urlTemplate\":\"https:\\\/\\\/abes.org.br\\\/?s={search_term_string}\"},\"query-input\":{\"@type\":\"PropertyValueSpecification\",\"valueRequired\":true,\"valueName\":\"search_term_string\"}}],\"inLanguage\":\"en-US\"},{\"@type\":\"Organization\",\"@id\":\"https:\\\/\\\/abes.org.br\\\/#organization\",\"name\":\"Associa\u00e7\u00e3o Brasileira das Empresas de Software\",\"url\":\"https:\\\/\\\/abes.org.br\\\/\",\"logo\":{\"@type\":\"ImageObject\",\"inLanguage\":\"en-US\",\"@id\":\"https:\\\/\\\/abes.org.br\\\/#\\\/schema\\\/logo\\\/image\\\/\",\"url\":\"https:\\\/\\\/abes.org.br\\\/wp-content\\\/uploads\\\/2020\\\/09\\\/logo_abes_marca_d_tagline_horizontal_verde-amarelo_cmyk.png\",\"contentUrl\":\"https:\\\/\\\/abes.org.br\\\/wp-content\\\/uploads\\\/2020\\\/09\\\/logo_abes_marca_d_tagline_horizontal_verde-amarelo_cmyk.png\",\"width\":324,\"height\":70,\"caption\":\"Associa\u00e7\u00e3o Brasileira das Empresas de Software\"},\"image\":{\"@id\":\"https:\\\/\\\/abes.org.br\\\/#\\\/schema\\\/logo\\\/image\\\/\"},\"sameAs\":[\"https:\\\/\\\/www.facebook.com\\\/ABES.software\",\"https:\\\/\\\/x.com\\\/ABES_SOFTWARE\",\"https:\\\/\\\/www.linkedin.com\\\/company\\\/abes-software\\\/\",\"https:\\\/\\\/www.instagram.com\\\/abes_software\\\/\"]},{\"@type\":\"Person\",\"@id\":\"https:\\\/\\\/abes.org.br\\\/#\\\/schema\\\/person\\\/d65ed84c8883a123fe668129fd6a7ed3\",\"name\":\"Editor ABES\",\"image\":{\"@type\":\"ImageObject\",\"inLanguage\":\"en-US\",\"@id\":\"https:\\\/\\\/secure.gravatar.com\\\/avatar\\\/3b207abce016c5e2ad6bf38914af9ad16e277128bb9b06dabb05bc191f02d7fe?s=96&d=mm&r=g\",\"url\":\"https:\\\/\\\/secure.gravatar.com\\\/avatar\\\/3b207abce016c5e2ad6bf38914af9ad16e277128bb9b06dabb05bc191f02d7fe?s=96&d=mm&r=g\",\"contentUrl\":\"https:\\\/\\\/secure.gravatar.com\\\/avatar\\\/3b207abce016c5e2ad6bf38914af9ad16e277128bb9b06dabb05bc191f02d7fe?s=96&d=mm&r=g\",\"caption\":\"Editor ABES\"},\"url\":\"https:\\\/\\\/abes.org.br\\\/en\\\/author\\\/editor-abes\\\/\"}]}<\/script>\n<!-- \/ Yoast SEO plugin. -->","yoast_head_json":{"title":"IFS defines sustainability strategy for the coming years - ABES","robots":{"index":"index","follow":"follow","max-snippet":"max-snippet:-1","max-image-preview":"max-image-preview:large","max-video-preview":"max-video-preview:-1"},"canonical":"https:\/\/abes.org.br\/en\/ifs-define-estrategia-de-sustentabilidade-para-os-proximos-anos\/","og_locale":"en_US","og_type":"article","og_title":"IFS define estrat\u00e9gia de sustentabilidade para os pr\u00f3ximos anos - ABES","og_description":"A\u00a0IFS\u00a0acaba de anunciar seu compromisso de sustentabilidade por meio de um plano para melhorar as opera\u00e7\u00f5es da empresa, permitir que os clientes atinjam seus objetivos de sustentabilidade, bem como influenciar a ind\u00fastria como um todo para melhorar sua responsabilidade com o meio ambiente. Os valores, cultura e modelo de neg\u00f3cios da IFS est\u00e3o ligados \u00e0 [&hellip;]","og_url":"https:\/\/abes.org.br\/en\/ifs-define-estrategia-de-sustentabilidade-para-os-proximos-anos\/","og_site_name":"ABES","article_publisher":"https:\/\/www.facebook.com\/ABES.software","article_published_time":"2021-05-26T16:20:30+00:00","og_image":[{"width":3509,"height":2482,"url":"https:\/\/abes.org.br\/wp-content\/uploads\/2021\/01\/logo_abes_marca_tagline_horizontal_colorido_rgb.png","type":"image\/png"}],"author":"Editor ABES","twitter_card":"summary_large_image","twitter_creator":"@ABES_SOFTWARE","twitter_site":"@ABES_SOFTWARE","twitter_misc":{"Written by":"Editor ABES","Est. reading time":"7 minutes"},"schema":{"@context":"https:\/\/schema.org","@graph":[{"@type":"Article","@id":"https:\/\/abes.org.br\/ifs-define-estrategia-de-sustentabilidade-para-os-proximos-anos\/#article","isPartOf":{"@id":"https:\/\/abes.org.br\/ifs-define-estrategia-de-sustentabilidade-para-os-proximos-anos\/"},"author":{"name":"Editor ABES","@id":"https:\/\/abes.org.br\/#\/schema\/person\/d65ed84c8883a123fe668129fd6a7ed3"},"headline":"IFS define estrat\u00e9gia de sustentabilidade para os pr\u00f3ximos anos","datePublished":"2021-05-26T16:20:30+00:00","mainEntityOfPage":{"@id":"https:\/\/abes.org.br\/ifs-define-estrategia-de-sustentabilidade-para-os-proximos-anos\/"},"wordCount":1366,"publisher":{"@id":"https:\/\/abes.org.br\/#organization"},"keywords":["Desenvolvimento Sustent\u00e1vel das Na\u00e7\u00f5es Unidas","educa\u00e7\u00e3o","Emiss\u00e3o de carbono","Filantropia","IFS","objetivos de sustentabilidade","responsabilidade com o meio ambiente"],"articleSection":["-Coluna 4","\u00daltimas not\u00edcias"],"inLanguage":"en-US"},{"@type":"WebPage","@id":"https:\/\/abes.org.br\/ifs-define-estrategia-de-sustentabilidade-para-os-proximos-anos\/","url":"https:\/\/abes.org.br\/ifs-define-estrategia-de-sustentabilidade-para-os-proximos-anos\/","name":"IFS defines sustainability strategy for the coming years - ABES","isPartOf":{"@id":"https:\/\/abes.org.br\/#website"},"datePublished":"2021-05-26T16:20:30+00:00","breadcrumb":{"@id":"https:\/\/abes.org.br\/ifs-define-estrategia-de-sustentabilidade-para-os-proximos-anos\/#breadcrumb"},"inLanguage":"en-US","potentialAction":[{"@type":"ReadAction","target":["https:\/\/abes.org.br\/ifs-define-estrategia-de-sustentabilidade-para-os-proximos-anos\/"]}]},{"@type":"BreadcrumbList","@id":"https:\/\/abes.org.br\/ifs-define-estrategia-de-sustentabilidade-para-os-proximos-anos\/#breadcrumb","itemListElement":[{"@type":"ListItem","position":1,"name":"In\u00edcio","item":"https:\/\/abes.org.br\/"},{"@type":"ListItem","position":2,"name":"IFS define estrat\u00e9gia de sustentabilidade para os pr\u00f3ximos anos"}]},{"@type":"WebSite","@id":"https:\/\/abes.org.br\/#website","url":"https:\/\/abes.org.br\/","name":"ABES","description":"Brazilian Association of Software Companies","publisher":{"@id":"https:\/\/abes.org.br\/#organization"},"potentialAction":[{"@type":"SearchAction","target":{"@type":"EntryPoint","urlTemplate":"https:\/\/abes.org.br\/?s={search_term_string}"},"query-input":{"@type":"PropertyValueSpecification","valueRequired":true,"valueName":"search_term_string"}}],"inLanguage":"en-US"},{"@type":"Organization","@id":"https:\/\/abes.org.br\/#organization","name":"Brazilian Association of Software Companies","url":"https:\/\/abes.org.br\/","logo":{"@type":"ImageObject","inLanguage":"en-US","@id":"https:\/\/abes.org.br\/#\/schema\/logo\/image\/","url":"https:\/\/abes.org.br\/wp-content\/uploads\/2020\/09\/logo_abes_marca_d_tagline_horizontal_verde-amarelo_cmyk.png","contentUrl":"https:\/\/abes.org.br\/wp-content\/uploads\/2020\/09\/logo_abes_marca_d_tagline_horizontal_verde-amarelo_cmyk.png","width":324,"height":70,"caption":"Associa\u00e7\u00e3o Brasileira das Empresas de Software"},"image":{"@id":"https:\/\/abes.org.br\/#\/schema\/logo\/image\/"},"sameAs":["https:\/\/www.facebook.com\/ABES.software","https:\/\/x.com\/ABES_SOFTWARE","https:\/\/www.linkedin.com\/company\/abes-software\/","https:\/\/www.instagram.com\/abes_software\/"]},{"@type":"Person","@id":"https:\/\/abes.org.br\/#\/schema\/person\/d65ed84c8883a123fe668129fd6a7ed3","name":"ABES Editor","image":{"@type":"ImageObject","inLanguage":"en-US","@id":"https:\/\/secure.gravatar.com\/avatar\/3b207abce016c5e2ad6bf38914af9ad16e277128bb9b06dabb05bc191f02d7fe?s=96&d=mm&r=g","url":"https:\/\/secure.gravatar.com\/avatar\/3b207abce016c5e2ad6bf38914af9ad16e277128bb9b06dabb05bc191f02d7fe?s=96&d=mm&r=g","contentUrl":"https:\/\/secure.gravatar.com\/avatar\/3b207abce016c5e2ad6bf38914af9ad16e277128bb9b06dabb05bc191f02d7fe?s=96&d=mm&r=g","caption":"Editor ABES"},"url":"https:\/\/abes.org.br\/en\/author\/editor-abes\/"}]}},"publishpress_future_action":{"enabled":false,"date":"2026-05-03 14:39:14","action":"change-status","newStatus":"draft","terms":[],"taxonomy":"category","extraData":[]},"publishpress_future_workflow_manual_trigger":{"enabledWorkflows":[]},"_links":{"self":[{"href":"https:\/\/abes.org.br\/en\/wp-json\/wp\/v2\/posts\/32999","targetHints":{"allow":["GET"]}}],"collection":[{"href":"https:\/\/abes.org.br\/en\/wp-json\/wp\/v2\/posts"}],"about":[{"href":"https:\/\/abes.org.br\/en\/wp-json\/wp\/v2\/types\/post"}],"author":[{"embeddable":true,"href":"https:\/\/abes.org.br\/en\/wp-json\/wp\/v2\/users\/10"}],"replies":[{"embeddable":true,"href":"https:\/\/abes.org.br\/en\/wp-json\/wp\/v2\/comments?post=32999"}],"version-history":[{"count":1,"href":"https:\/\/abes.org.br\/en\/wp-json\/wp\/v2\/posts\/32999\/revisions"}],"predecessor-version":[{"id":33000,"href":"https:\/\/abes.org.br\/en\/wp-json\/wp\/v2\/posts\/32999\/revisions\/33000"}],"wp:attachment":[{"href":"https:\/\/abes.org.br\/en\/wp-json\/wp\/v2\/media?parent=32999"}],"wp:term":[{"taxonomy":"category","embeddable":true,"href":"https:\/\/abes.org.br\/en\/wp-json\/wp\/v2\/categories?post=32999"},{"taxonomy":"post_tag","embeddable":true,"href":"https:\/\/abes.org.br\/en\/wp-json\/wp\/v2\/tags?post=32999"}],"curies":[{"name":"wp","href":"https:\/\/api.w.org\/{rel}","templated":true}]}}