{"id":32734,"date":"2021-05-18T09:17:01","date_gmt":"2021-05-18T12:17:01","guid":{"rendered":"https:\/\/abes.org.br\/?p=32734"},"modified":"2021-05-17T16:27:16","modified_gmt":"2021-05-17T19:27:16","slug":"logicalis-abre-as-inscricoes-para-segunda-edicao-do-programa-de-estagio-para-alunos-brasileiros-em-formacao-no-exterior","status":"publish","type":"post","link":"https:\/\/abes.org.br\/en\/logicalis-abre-as-inscricoes-para-segunda-edicao-do-programa-de-estagio-para-alunos-brasileiros-em-formacao-no-exterior\/","title":{"rendered":"Logicalis opens registration for the second edition of the internship program for Brazilian students in training abroad"},"content":{"rendered":"<p><i>The Summer Talent Logicalis 2021 will be 100% online and aims to foster innovation, the exchange of experiences and the diversity of visions<\/i><\/p>\n<p>With the motto \u201cLogicalis Without Borders\u201d, Logicalis, a global information and communication technology services and solutions company, today opens registration for the second edition of Summer Talent Logicalis, a short-term internship program for young Brazilians who are studying abroad.\u00a0<u><\/u><u><\/u><\/p>\n<p>The initiative was created in 2019 with the aim of fostering innovation, the exchange of experiences and the diversity of views. In its first edition, Summer Talent Logicalis was attended by 20 students from different institutions and courses.\u00a0<u><\/u><u><\/u><\/p>\n<p>In 2021, the program will run for approximately two months, starting in the second half of June, in which participants will be exposed to Logicalis&#039; business challenges in a totally remote environment. Students will have virtual tutoring to help them develop their skills and carry out the proposed projects, and will also act as facilitators in the integration process in the company.<u><\/u><u><\/u><\/p>\n<p>The daily dynamics of the interns will also include interaction with the leadership, participation in meetings and corporate activities. \u201cSummer Talent Logicalis is an opportunity to identify, develop and connect talent. Many of these students find few alternatives to put their learning into practice during the summer holidays, as short internships are not common in Brazil \u201d, says T\u00e2nia Casa, Director of Human Relations LATAM at Logicalis.\u00a0<u><\/u><u><\/u><\/p>\n<p>At the end of the internship, the young people will present their projects in a special forum, which will count on the presence and recognition of the executives of the company&#039;s high leadership, consolidating the purpose of this initiative. In addition, students will be able to participate in future selection processes for possible hiring by Logicalis.<u><\/u><u><\/u><\/p>\n<p>To participate, the student must have the following requirements: be a Brazilian and a foreign university student (English language); have a statement of attachment to the university and be studying undergraduate studies in Science, Technology, Engineering, Mathematics, Business and Psychology. The interested party must be available to do an internship 6 hours a day, for five days a week, in a remote environment. When registering, it is necessary to choose, in order of priority, some of the areas of knowledge: Data &amp; IoT, Consulting, Cloud, Security, Technology, Customer Success and Human Resources.<u><\/u><u><\/u><\/p>\n<p><strong>Deadline for applications is May 21<\/strong> and must be carried out on the website:\u00a0<a href=\"https:\/\/na01.safelinks.protection.outlook.com\/?url=https%3A%2F%2Fwww.la.logicalis.com%2Fpt-Latam%2Fsobre-nos%2Fcarreira%2Fsummer-talent%2F&amp;data=04%7C01%7C%7C3d59f97874a04d48b8ca08d91943dcaa%7C84df9e7fe9f640afb435aaaaaaaaaaaa%7C1%7C0%7C637568601519068731%7CUnknown%7CTWFpbGZsb3d8eyJWIjoiMC4wLjAwMDAiLCJQIjoiV2luMzIiLCJBTiI6Ik1haWwiLCJXVCI6Mn0%3D%7C1000&amp;sdata=D3wsr2mokOmQd6%2F6wUnjsA6m9%2FpKo6ChmRP%2FC5U5OJQ%3D&amp;reserved=0\" target=\"_blank\" rel=\"noopener noreferrer\" data-saferedirecturl=\"https:\/\/www.google.com\/url?q=https:\/\/na01.safelinks.protection.outlook.com\/?url%3Dhttps%253A%252F%252Fwww.la.logicalis.com%252Fpt-Latam%252Fsobre-nos%252Fcarreira%252Fsummer-talent%252F%26data%3D04%257C01%257C%257C3d59f97874a04d48b8ca08d91943dcaa%257C84df9e7fe9f640afb435aaaaaaaaaaaa%257C1%257C0%257C637568601519068731%257CUnknown%257CTWFpbGZsb3d8eyJWIjoiMC4wLjAwMDAiLCJQIjoiV2luMzIiLCJBTiI6Ik1haWwiLCJXVCI6Mn0%253D%257C1000%26sdata%3DD3wsr2mokOmQd6%252F6wUnjsA6m9%252FpKo6ChmRP%252FC5U5OJQ%253D%26reserved%3D0&amp;source=gmail&amp;ust=1621351233622000&amp;usg=AFQjCNFB7JbawI0dnoVx8ksK70D6lMy1BQ\">https:\/\/www.la.logicalis.com\/pt-Latam\/sobre-nos\/carreira\/summer-talent\/<\/a>.<\/p>","protected":false},"excerpt":{"rendered":"<p>O Summer Talent Logicalis 2021 ser\u00e1 100% online e tem como objetivo fomentar a inova\u00e7\u00e3o, a troca de experi\u00eancias e a diversidade de vis\u00f5es Com o lema \u201cLogicalis Without Borders\u201d, a Logicalis, empresa global de servi\u00e7os e solu\u00e7\u00f5es de tecnologia da informa\u00e7\u00e3o e comunica\u00e7\u00e3o, abre hoje as inscri\u00e7\u00f5es para a segunda edi\u00e7\u00e3o do Summer Talent [&hellip;]<\/p>\n","protected":false},"author":10,"featured_media":0,"comment_status":"closed","ping_status":"closed","sticky":false,"template":"","format":"standard","meta":{"_acf_changed":false,"_et_pb_use_builder":"","_et_pb_old_content":"","_et_gb_content_width":"","footnotes":""},"categories":[39,19],"tags":[1559,1560,1558,1334,293],"class_list":["post-32734","post","type-post","status-publish","format-standard","hentry","category-coluna-4","category-ultimas-noticias","tag-desafios-de-negocios","tag-desenvolver-talentos","tag-fomentar-a-inovacao","tag-logicalis","tag-solucoes-de-tecnologia"],"acf":[],"yoast_head":"<!-- This site is optimized with the Yoast SEO plugin v27.3 - https:\/\/yoast.com\/product\/yoast-seo-wordpress\/ -->\n<title>Logicalis abre as inscri\u00e7\u00f5es para segunda edi\u00e7\u00e3o do programa de est\u00e1gio para alunos brasileiros em forma\u00e7\u00e3o no exterior - ABES<\/title>\n<meta name=\"robots\" content=\"index, follow, max-snippet:-1, max-image-preview:large, max-video-preview:-1\" \/>\n<link rel=\"canonical\" href=\"https:\/\/abes.org.br\/en\/logicalis-abre-as-inscricoes-para-segunda-edicao-do-programa-de-estagio-para-alunos-brasileiros-em-formacao-no-exterior\/\" \/>\n<meta property=\"og:locale\" content=\"en_US\" \/>\n<meta property=\"og:type\" content=\"article\" \/>\n<meta property=\"og:title\" content=\"Logicalis abre as inscri\u00e7\u00f5es para segunda edi\u00e7\u00e3o do programa de est\u00e1gio para alunos brasileiros em forma\u00e7\u00e3o no exterior - ABES\" \/>\n<meta property=\"og:description\" content=\"O Summer Talent Logicalis 2021 ser\u00e1 100% online e tem como objetivo fomentar a inova\u00e7\u00e3o, a troca de experi\u00eancias e a diversidade de vis\u00f5es Com o lema \u201cLogicalis Without Borders\u201d, a Logicalis, empresa global de servi\u00e7os e solu\u00e7\u00f5es de tecnologia da informa\u00e7\u00e3o e comunica\u00e7\u00e3o, abre hoje as inscri\u00e7\u00f5es para a segunda edi\u00e7\u00e3o do Summer Talent [&hellip;]\" \/>\n<meta property=\"og:url\" content=\"https:\/\/abes.org.br\/en\/logicalis-abre-as-inscricoes-para-segunda-edicao-do-programa-de-estagio-para-alunos-brasileiros-em-formacao-no-exterior\/\" \/>\n<meta property=\"og:site_name\" content=\"ABES\" \/>\n<meta property=\"article:publisher\" content=\"https:\/\/www.facebook.com\/ABES.software\" \/>\n<meta property=\"article:published_time\" content=\"2021-05-18T12:17:01+00:00\" \/>\n<meta property=\"og:image\" content=\"https:\/\/abes.org.br\/wp-content\/uploads\/2021\/01\/logo_abes_marca_tagline_horizontal_colorido_rgb.png\" \/>\n\t<meta property=\"og:image:width\" content=\"3509\" \/>\n\t<meta property=\"og:image:height\" content=\"2482\" \/>\n\t<meta property=\"og:image:type\" content=\"image\/png\" \/>\n<meta name=\"author\" content=\"Editor ABES\" \/>\n<meta name=\"twitter:card\" content=\"summary_large_image\" \/>\n<meta name=\"twitter:creator\" content=\"@ABES_SOFTWARE\" \/>\n<meta name=\"twitter:site\" content=\"@ABES_SOFTWARE\" \/>\n<meta name=\"twitter:label1\" content=\"Written by\" \/>\n\t<meta name=\"twitter:data1\" content=\"Editor ABES\" \/>\n\t<meta name=\"twitter:label2\" content=\"Est. reading time\" \/>\n\t<meta name=\"twitter:data2\" content=\"2 minutes\" \/>\n<script type=\"application\/ld+json\" class=\"yoast-schema-graph\">{\"@context\":\"https:\\\/\\\/schema.org\",\"@graph\":[{\"@type\":\"Article\",\"@id\":\"https:\\\/\\\/abes.org.br\\\/logicalis-abre-as-inscricoes-para-segunda-edicao-do-programa-de-estagio-para-alunos-brasileiros-em-formacao-no-exterior\\\/#article\",\"isPartOf\":{\"@id\":\"https:\\\/\\\/abes.org.br\\\/logicalis-abre-as-inscricoes-para-segunda-edicao-do-programa-de-estagio-para-alunos-brasileiros-em-formacao-no-exterior\\\/\"},\"author\":{\"name\":\"Editor ABES\",\"@id\":\"https:\\\/\\\/abes.org.br\\\/#\\\/schema\\\/person\\\/d65ed84c8883a123fe668129fd6a7ed3\"},\"headline\":\"Logicalis abre as inscri\u00e7\u00f5es para segunda edi\u00e7\u00e3o do programa de est\u00e1gio para alunos brasileiros em forma\u00e7\u00e3o no exterior\",\"datePublished\":\"2021-05-18T12:17:01+00:00\",\"mainEntityOfPage\":{\"@id\":\"https:\\\/\\\/abes.org.br\\\/logicalis-abre-as-inscricoes-para-segunda-edicao-do-programa-de-estagio-para-alunos-brasileiros-em-formacao-no-exterior\\\/\"},\"wordCount\":477,\"publisher\":{\"@id\":\"https:\\\/\\\/abes.org.br\\\/#organization\"},\"keywords\":[\"desafios de neg\u00f3cios\",\"desenvolver talentos\",\"fomentar a inova\u00e7\u00e3o\",\"Logicalis\",\"solu\u00e7\u00f5es de tecnologia\"],\"articleSection\":[\"-Coluna 4\",\"\u00daltimas not\u00edcias\"],\"inLanguage\":\"en-US\"},{\"@type\":\"WebPage\",\"@id\":\"https:\\\/\\\/abes.org.br\\\/logicalis-abre-as-inscricoes-para-segunda-edicao-do-programa-de-estagio-para-alunos-brasileiros-em-formacao-no-exterior\\\/\",\"url\":\"https:\\\/\\\/abes.org.br\\\/logicalis-abre-as-inscricoes-para-segunda-edicao-do-programa-de-estagio-para-alunos-brasileiros-em-formacao-no-exterior\\\/\",\"name\":\"Logicalis abre as inscri\u00e7\u00f5es para segunda edi\u00e7\u00e3o do programa de est\u00e1gio para alunos brasileiros em forma\u00e7\u00e3o no exterior - ABES\",\"isPartOf\":{\"@id\":\"https:\\\/\\\/abes.org.br\\\/#website\"},\"datePublished\":\"2021-05-18T12:17:01+00:00\",\"breadcrumb\":{\"@id\":\"https:\\\/\\\/abes.org.br\\\/logicalis-abre-as-inscricoes-para-segunda-edicao-do-programa-de-estagio-para-alunos-brasileiros-em-formacao-no-exterior\\\/#breadcrumb\"},\"inLanguage\":\"en-US\",\"potentialAction\":[{\"@type\":\"ReadAction\",\"target\":[\"https:\\\/\\\/abes.org.br\\\/logicalis-abre-as-inscricoes-para-segunda-edicao-do-programa-de-estagio-para-alunos-brasileiros-em-formacao-no-exterior\\\/\"]}]},{\"@type\":\"BreadcrumbList\",\"@id\":\"https:\\\/\\\/abes.org.br\\\/logicalis-abre-as-inscricoes-para-segunda-edicao-do-programa-de-estagio-para-alunos-brasileiros-em-formacao-no-exterior\\\/#breadcrumb\",\"itemListElement\":[{\"@type\":\"ListItem\",\"position\":1,\"name\":\"In\u00edcio\",\"item\":\"https:\\\/\\\/abes.org.br\\\/\"},{\"@type\":\"ListItem\",\"position\":2,\"name\":\"Logicalis abre as inscri\u00e7\u00f5es para segunda edi\u00e7\u00e3o do programa de est\u00e1gio para alunos brasileiros em forma\u00e7\u00e3o no exterior\"}]},{\"@type\":\"WebSite\",\"@id\":\"https:\\\/\\\/abes.org.br\\\/#website\",\"url\":\"https:\\\/\\\/abes.org.br\\\/\",\"name\":\"ABES\",\"description\":\"Associa\u00e7\u00e3o Brasileira das Empresas de Software\",\"publisher\":{\"@id\":\"https:\\\/\\\/abes.org.br\\\/#organization\"},\"potentialAction\":[{\"@type\":\"SearchAction\",\"target\":{\"@type\":\"EntryPoint\",\"urlTemplate\":\"https:\\\/\\\/abes.org.br\\\/?s={search_term_string}\"},\"query-input\":{\"@type\":\"PropertyValueSpecification\",\"valueRequired\":true,\"valueName\":\"search_term_string\"}}],\"inLanguage\":\"en-US\"},{\"@type\":\"Organization\",\"@id\":\"https:\\\/\\\/abes.org.br\\\/#organization\",\"name\":\"Associa\u00e7\u00e3o Brasileira das Empresas de Software\",\"url\":\"https:\\\/\\\/abes.org.br\\\/\",\"logo\":{\"@type\":\"ImageObject\",\"inLanguage\":\"en-US\",\"@id\":\"https:\\\/\\\/abes.org.br\\\/#\\\/schema\\\/logo\\\/image\\\/\",\"url\":\"https:\\\/\\\/abes.org.br\\\/wp-content\\\/uploads\\\/2020\\\/09\\\/logo_abes_marca_d_tagline_horizontal_verde-amarelo_cmyk.png\",\"contentUrl\":\"https:\\\/\\\/abes.org.br\\\/wp-content\\\/uploads\\\/2020\\\/09\\\/logo_abes_marca_d_tagline_horizontal_verde-amarelo_cmyk.png\",\"width\":324,\"height\":70,\"caption\":\"Associa\u00e7\u00e3o Brasileira das Empresas de Software\"},\"image\":{\"@id\":\"https:\\\/\\\/abes.org.br\\\/#\\\/schema\\\/logo\\\/image\\\/\"},\"sameAs\":[\"https:\\\/\\\/www.facebook.com\\\/ABES.software\",\"https:\\\/\\\/x.com\\\/ABES_SOFTWARE\",\"https:\\\/\\\/www.linkedin.com\\\/company\\\/abes-software\\\/\",\"https:\\\/\\\/www.instagram.com\\\/abes_software\\\/\"]},{\"@type\":\"Person\",\"@id\":\"https:\\\/\\\/abes.org.br\\\/#\\\/schema\\\/person\\\/d65ed84c8883a123fe668129fd6a7ed3\",\"name\":\"Editor ABES\",\"image\":{\"@type\":\"ImageObject\",\"inLanguage\":\"en-US\",\"@id\":\"https:\\\/\\\/secure.gravatar.com\\\/avatar\\\/3b207abce016c5e2ad6bf38914af9ad16e277128bb9b06dabb05bc191f02d7fe?s=96&d=mm&r=g\",\"url\":\"https:\\\/\\\/secure.gravatar.com\\\/avatar\\\/3b207abce016c5e2ad6bf38914af9ad16e277128bb9b06dabb05bc191f02d7fe?s=96&d=mm&r=g\",\"contentUrl\":\"https:\\\/\\\/secure.gravatar.com\\\/avatar\\\/3b207abce016c5e2ad6bf38914af9ad16e277128bb9b06dabb05bc191f02d7fe?s=96&d=mm&r=g\",\"caption\":\"Editor ABES\"},\"url\":\"https:\\\/\\\/abes.org.br\\\/en\\\/author\\\/editor-abes\\\/\"}]}<\/script>\n<!-- \/ Yoast SEO plugin. -->","yoast_head_json":{"title":"Logicalis opens registration for the second edition of the internship program for Brazilian students studying abroad - ABES","robots":{"index":"index","follow":"follow","max-snippet":"max-snippet:-1","max-image-preview":"max-image-preview:large","max-video-preview":"max-video-preview:-1"},"canonical":"https:\/\/abes.org.br\/en\/logicalis-abre-as-inscricoes-para-segunda-edicao-do-programa-de-estagio-para-alunos-brasileiros-em-formacao-no-exterior\/","og_locale":"en_US","og_type":"article","og_title":"Logicalis abre as inscri\u00e7\u00f5es para segunda edi\u00e7\u00e3o do programa de est\u00e1gio para alunos brasileiros em forma\u00e7\u00e3o no exterior - ABES","og_description":"O Summer Talent Logicalis 2021 ser\u00e1 100% online e tem como objetivo fomentar a inova\u00e7\u00e3o, a troca de experi\u00eancias e a diversidade de vis\u00f5es Com o lema \u201cLogicalis Without Borders\u201d, a Logicalis, empresa global de servi\u00e7os e solu\u00e7\u00f5es de tecnologia da informa\u00e7\u00e3o e comunica\u00e7\u00e3o, abre hoje as inscri\u00e7\u00f5es para a segunda edi\u00e7\u00e3o do Summer Talent [&hellip;]","og_url":"https:\/\/abes.org.br\/en\/logicalis-abre-as-inscricoes-para-segunda-edicao-do-programa-de-estagio-para-alunos-brasileiros-em-formacao-no-exterior\/","og_site_name":"ABES","article_publisher":"https:\/\/www.facebook.com\/ABES.software","article_published_time":"2021-05-18T12:17:01+00:00","og_image":[{"width":3509,"height":2482,"url":"https:\/\/abes.org.br\/wp-content\/uploads\/2021\/01\/logo_abes_marca_tagline_horizontal_colorido_rgb.png","type":"image\/png"}],"author":"Editor ABES","twitter_card":"summary_large_image","twitter_creator":"@ABES_SOFTWARE","twitter_site":"@ABES_SOFTWARE","twitter_misc":{"Written by":"Editor ABES","Est. reading time":"2 minutes"},"schema":{"@context":"https:\/\/schema.org","@graph":[{"@type":"Article","@id":"https:\/\/abes.org.br\/logicalis-abre-as-inscricoes-para-segunda-edicao-do-programa-de-estagio-para-alunos-brasileiros-em-formacao-no-exterior\/#article","isPartOf":{"@id":"https:\/\/abes.org.br\/logicalis-abre-as-inscricoes-para-segunda-edicao-do-programa-de-estagio-para-alunos-brasileiros-em-formacao-no-exterior\/"},"author":{"name":"Editor ABES","@id":"https:\/\/abes.org.br\/#\/schema\/person\/d65ed84c8883a123fe668129fd6a7ed3"},"headline":"Logicalis abre as inscri\u00e7\u00f5es para segunda edi\u00e7\u00e3o do programa de est\u00e1gio para alunos brasileiros em forma\u00e7\u00e3o no exterior","datePublished":"2021-05-18T12:17:01+00:00","mainEntityOfPage":{"@id":"https:\/\/abes.org.br\/logicalis-abre-as-inscricoes-para-segunda-edicao-do-programa-de-estagio-para-alunos-brasileiros-em-formacao-no-exterior\/"},"wordCount":477,"publisher":{"@id":"https:\/\/abes.org.br\/#organization"},"keywords":["desafios de neg\u00f3cios","desenvolver talentos","fomentar a inova\u00e7\u00e3o","Logicalis","solu\u00e7\u00f5es de tecnologia"],"articleSection":["-Coluna 4","\u00daltimas not\u00edcias"],"inLanguage":"en-US"},{"@type":"WebPage","@id":"https:\/\/abes.org.br\/logicalis-abre-as-inscricoes-para-segunda-edicao-do-programa-de-estagio-para-alunos-brasileiros-em-formacao-no-exterior\/","url":"https:\/\/abes.org.br\/logicalis-abre-as-inscricoes-para-segunda-edicao-do-programa-de-estagio-para-alunos-brasileiros-em-formacao-no-exterior\/","name":"Logicalis opens registration for the second edition of the internship program for Brazilian students studying abroad - ABES","isPartOf":{"@id":"https:\/\/abes.org.br\/#website"},"datePublished":"2021-05-18T12:17:01+00:00","breadcrumb":{"@id":"https:\/\/abes.org.br\/logicalis-abre-as-inscricoes-para-segunda-edicao-do-programa-de-estagio-para-alunos-brasileiros-em-formacao-no-exterior\/#breadcrumb"},"inLanguage":"en-US","potentialAction":[{"@type":"ReadAction","target":["https:\/\/abes.org.br\/logicalis-abre-as-inscricoes-para-segunda-edicao-do-programa-de-estagio-para-alunos-brasileiros-em-formacao-no-exterior\/"]}]},{"@type":"BreadcrumbList","@id":"https:\/\/abes.org.br\/logicalis-abre-as-inscricoes-para-segunda-edicao-do-programa-de-estagio-para-alunos-brasileiros-em-formacao-no-exterior\/#breadcrumb","itemListElement":[{"@type":"ListItem","position":1,"name":"In\u00edcio","item":"https:\/\/abes.org.br\/"},{"@type":"ListItem","position":2,"name":"Logicalis abre as inscri\u00e7\u00f5es para segunda edi\u00e7\u00e3o do programa de est\u00e1gio para alunos brasileiros em forma\u00e7\u00e3o no exterior"}]},{"@type":"WebSite","@id":"https:\/\/abes.org.br\/#website","url":"https:\/\/abes.org.br\/","name":"ABES","description":"Brazilian Association of Software Companies","publisher":{"@id":"https:\/\/abes.org.br\/#organization"},"potentialAction":[{"@type":"SearchAction","target":{"@type":"EntryPoint","urlTemplate":"https:\/\/abes.org.br\/?s={search_term_string}"},"query-input":{"@type":"PropertyValueSpecification","valueRequired":true,"valueName":"search_term_string"}}],"inLanguage":"en-US"},{"@type":"Organization","@id":"https:\/\/abes.org.br\/#organization","name":"Brazilian Association of Software Companies","url":"https:\/\/abes.org.br\/","logo":{"@type":"ImageObject","inLanguage":"en-US","@id":"https:\/\/abes.org.br\/#\/schema\/logo\/image\/","url":"https:\/\/abes.org.br\/wp-content\/uploads\/2020\/09\/logo_abes_marca_d_tagline_horizontal_verde-amarelo_cmyk.png","contentUrl":"https:\/\/abes.org.br\/wp-content\/uploads\/2020\/09\/logo_abes_marca_d_tagline_horizontal_verde-amarelo_cmyk.png","width":324,"height":70,"caption":"Associa\u00e7\u00e3o Brasileira das Empresas de Software"},"image":{"@id":"https:\/\/abes.org.br\/#\/schema\/logo\/image\/"},"sameAs":["https:\/\/www.facebook.com\/ABES.software","https:\/\/x.com\/ABES_SOFTWARE","https:\/\/www.linkedin.com\/company\/abes-software\/","https:\/\/www.instagram.com\/abes_software\/"]},{"@type":"Person","@id":"https:\/\/abes.org.br\/#\/schema\/person\/d65ed84c8883a123fe668129fd6a7ed3","name":"ABES Editor","image":{"@type":"ImageObject","inLanguage":"en-US","@id":"https:\/\/secure.gravatar.com\/avatar\/3b207abce016c5e2ad6bf38914af9ad16e277128bb9b06dabb05bc191f02d7fe?s=96&d=mm&r=g","url":"https:\/\/secure.gravatar.com\/avatar\/3b207abce016c5e2ad6bf38914af9ad16e277128bb9b06dabb05bc191f02d7fe?s=96&d=mm&r=g","contentUrl":"https:\/\/secure.gravatar.com\/avatar\/3b207abce016c5e2ad6bf38914af9ad16e277128bb9b06dabb05bc191f02d7fe?s=96&d=mm&r=g","caption":"Editor ABES"},"url":"https:\/\/abes.org.br\/en\/author\/editor-abes\/"}]}},"publishpress_future_action":{"enabled":false,"date":"2026-05-03 16:13:51","action":"change-status","newStatus":"draft","terms":[],"taxonomy":"category","extraData":[]},"publishpress_future_workflow_manual_trigger":{"enabledWorkflows":[]},"_links":{"self":[{"href":"https:\/\/abes.org.br\/en\/wp-json\/wp\/v2\/posts\/32734","targetHints":{"allow":["GET"]}}],"collection":[{"href":"https:\/\/abes.org.br\/en\/wp-json\/wp\/v2\/posts"}],"about":[{"href":"https:\/\/abes.org.br\/en\/wp-json\/wp\/v2\/types\/post"}],"author":[{"embeddable":true,"href":"https:\/\/abes.org.br\/en\/wp-json\/wp\/v2\/users\/10"}],"replies":[{"embeddable":true,"href":"https:\/\/abes.org.br\/en\/wp-json\/wp\/v2\/comments?post=32734"}],"version-history":[{"count":1,"href":"https:\/\/abes.org.br\/en\/wp-json\/wp\/v2\/posts\/32734\/revisions"}],"predecessor-version":[{"id":32735,"href":"https:\/\/abes.org.br\/en\/wp-json\/wp\/v2\/posts\/32734\/revisions\/32735"}],"wp:attachment":[{"href":"https:\/\/abes.org.br\/en\/wp-json\/wp\/v2\/media?parent=32734"}],"wp:term":[{"taxonomy":"category","embeddable":true,"href":"https:\/\/abes.org.br\/en\/wp-json\/wp\/v2\/categories?post=32734"},{"taxonomy":"post_tag","embeddable":true,"href":"https:\/\/abes.org.br\/en\/wp-json\/wp\/v2\/tags?post=32734"}],"curies":[{"name":"wp","href":"https:\/\/api.w.org\/{rel}","templated":true}]}}