{"id":32504,"date":"2021-05-14T13:31:29","date_gmt":"2021-05-14T16:31:29","guid":{"rendered":"https:\/\/abes.org.br\/?p=32504"},"modified":"2021-05-10T17:34:56","modified_gmt":"2021-05-10T20:34:56","slug":"sas-abre-vagas-em-tecnologia-com-prioridade-para-pessoas-com-deficiencia","status":"publish","type":"post","link":"https:\/\/abes.org.br\/en\/sas-abre-vagas-em-tecnologia-com-prioridade-para-pessoas-com-deficiencia\/","title":{"rendered":"SAS opens technology vacancies with priority for people with disabilities"},"content":{"rendered":"<p><i>Opportunities are for Information Systems Engineer, Solutions Architect, Project Manager, Account Executive, among other functions<\/i><\/p>\n<p>SAS, the global leader in analytics, has vacancies open to work in technology, with priority for People with Disabilities (PCD). Vacancies are for candidates from any location in the country, for remote action during the pandemic period, with the possibility of face-to-face work at the company&#039;s offices in S\u00e3o Paulo, Rio de Janeiro and Bras\u00edlia.<u><\/u><u><\/u><\/p>\n<p>Among the vacancies available are Information Systems Engineer, Technical Consultant specialized in anti-fraud, Solutions Architect, Project Manager, Account Executive, among other functions. Vacancies can be consulted from the\u00a0<a href=\"https:\/\/na01.safelinks.protection.outlook.com\/?url=https%3A%2F%2Fglobalcareers-sas.icims.com%2Fjobs%2Fsearch%3Fss%3D1%26searchRelation%3Dkeyword_all%26searchLocation%3D12920--S%25C3%25A3o%2BPaulo%26mobile%3Dfalse%26width%3D1713%26height%3D500%26bga%3Dtrue%26needsRedirect%3Dfalse%26jan1offset%3D-120%26jun1offset%3D-180&amp;data=04%7C01%7C%7C4d29d9aebd7c4b26634308d913dcd6ba%7C84df9e7fe9f640afb435aaaaaaaaaaaa%7C1%7C0%7C637562661480690596%7CUnknown%7CTWFpbGZsb3d8eyJWIjoiMC4wLjAwMDAiLCJQIjoiV2luMzIiLCJBTiI6Ik1haWwiLCJXVCI6Mn0%3D%7C1000&amp;sdata=cD4yIKKwxHG%2BG5JudQaUJjsq636zSaPO9UeZKr3aMvY%3D&amp;reserved=0\" target=\"_blank\" rel=\"noopener noreferrer\" data-saferedirecturl=\"https:\/\/www.google.com\/url?q=https:\/\/na01.safelinks.protection.outlook.com\/?url%3Dhttps%253A%252F%252Fglobalcareers-sas.icims.com%252Fjobs%252Fsearch%253Fss%253D1%2526searchRelation%253Dkeyword_all%2526searchLocation%253D12920--S%2525C3%2525A3o%252BPaulo%2526mobile%253Dfalse%2526width%253D1713%2526height%253D500%2526bga%253Dtrue%2526needsRedirect%253Dfalse%2526jan1offset%253D-120%2526jun1offset%253D-180%26data%3D04%257C01%257C%257C4d29d9aebd7c4b26634308d913dcd6ba%257C84df9e7fe9f640afb435aaaaaaaaaaaa%257C1%257C0%257C637562661480690596%257CUnknown%257CTWFpbGZsb3d8eyJWIjoiMC4wLjAwMDAiLCJQIjoiV2luMzIiLCJBTiI6Ik1haWwiLCJXVCI6Mn0%253D%257C1000%26sdata%3DcD4yIKKwxHG%252BG5JudQaUJjsq636zSaPO9UeZKr3aMvY%253D%26reserved%3D0&amp;source=gmail&amp;ust=1620755809315000&amp;usg=AFQjCNEBjA0ufPe0kA-8vNGXICwbNomisw\">link<\/a>.<u><\/u><u><\/u><\/p>\n<p>A reference in the technology sector, SAS is known for having a people management policy focused on the well-being of its employees and for promoting a strong identification of its employees with their values. The company is certified by the Top Employers institute among the best companies to work for in the country.<\/p>","protected":false},"excerpt":{"rendered":"<p>Oportunidades s\u00e3o para Engenheiro de Sistemas de Informa\u00e7\u00e3o, Arquiteto de Solu\u00e7\u00f5es, Gerente de Projetos, Executivo de Contas, entre outras fun\u00e7\u00f5es O SAS, l\u00edder global em analytics, est\u00e1 com vagas abertas para atua\u00e7\u00e3o em tecnologia, com prioridade para Pessoas com Defici\u00eancia (PCD). As vagas s\u00e3o para candidatos de qualquer localidade do Pa\u00eds, para atua\u00e7\u00e3o remota durante [&hellip;]<\/p>\n","protected":false},"author":10,"featured_media":0,"comment_status":"closed","ping_status":"closed","sticky":false,"template":"","format":"standard","meta":{"_acf_changed":false,"_et_pb_use_builder":"","_et_pb_old_content":"","_et_gb_content_width":"","footnotes":""},"categories":[39,19],"tags":[194,1520,1521,857,1518,1519],"class_list":["post-32504","post","type-post","status-publish","format-standard","hentry","category-coluna-4","category-ultimas-noticias","tag-analytics","tag-arquiteto-de-solucoes","tag-engenheiro-de-sistemas-de-informacao","tag-sas","tag-vagas-em-tecnologia","tag-vagas-para-pessoas-com-deficiencia"],"acf":[],"yoast_head":"<!-- This site is optimized with the Yoast SEO plugin v27.3 - https:\/\/yoast.com\/product\/yoast-seo-wordpress\/ -->\n<title>SAS abre vagas em tecnologia com prioridade para pessoas com defici\u00eancia - ABES<\/title>\n<meta name=\"robots\" content=\"index, follow, max-snippet:-1, max-image-preview:large, max-video-preview:-1\" \/>\n<link rel=\"canonical\" href=\"https:\/\/abes.org.br\/en\/sas-abre-vagas-em-tecnologia-com-prioridade-para-pessoas-com-deficiencia\/\" \/>\n<meta property=\"og:locale\" content=\"en_US\" \/>\n<meta property=\"og:type\" content=\"article\" \/>\n<meta property=\"og:title\" content=\"SAS abre vagas em tecnologia com prioridade para pessoas com defici\u00eancia - ABES\" \/>\n<meta property=\"og:description\" content=\"Oportunidades s\u00e3o para Engenheiro de Sistemas de Informa\u00e7\u00e3o, Arquiteto de Solu\u00e7\u00f5es, Gerente de Projetos, Executivo de Contas, entre outras fun\u00e7\u00f5es O SAS, l\u00edder global em analytics, est\u00e1 com vagas abertas para atua\u00e7\u00e3o em tecnologia, com prioridade para Pessoas com Defici\u00eancia (PCD). As vagas s\u00e3o para candidatos de qualquer localidade do Pa\u00eds, para atua\u00e7\u00e3o remota durante [&hellip;]\" \/>\n<meta property=\"og:url\" content=\"https:\/\/abes.org.br\/en\/sas-abre-vagas-em-tecnologia-com-prioridade-para-pessoas-com-deficiencia\/\" \/>\n<meta property=\"og:site_name\" content=\"ABES\" \/>\n<meta property=\"article:publisher\" content=\"https:\/\/www.facebook.com\/ABES.software\" \/>\n<meta property=\"article:published_time\" content=\"2021-05-14T16:31:29+00:00\" \/>\n<meta property=\"og:image\" content=\"https:\/\/abes.org.br\/wp-content\/uploads\/2021\/01\/logo_abes_marca_tagline_horizontal_colorido_rgb.png\" \/>\n\t<meta property=\"og:image:width\" content=\"3509\" \/>\n\t<meta property=\"og:image:height\" content=\"2482\" \/>\n\t<meta property=\"og:image:type\" content=\"image\/png\" \/>\n<meta name=\"author\" content=\"Editor ABES\" \/>\n<meta name=\"twitter:card\" content=\"summary_large_image\" \/>\n<meta name=\"twitter:creator\" content=\"@ABES_SOFTWARE\" \/>\n<meta name=\"twitter:site\" content=\"@ABES_SOFTWARE\" \/>\n<meta name=\"twitter:label1\" content=\"Written by\" \/>\n\t<meta name=\"twitter:data1\" content=\"Editor ABES\" \/>\n\t<meta name=\"twitter:label2\" content=\"Est. reading time\" \/>\n\t<meta name=\"twitter:data2\" content=\"1 minute\" \/>\n<script type=\"application\/ld+json\" class=\"yoast-schema-graph\">{\"@context\":\"https:\\\/\\\/schema.org\",\"@graph\":[{\"@type\":\"Article\",\"@id\":\"https:\\\/\\\/abes.org.br\\\/sas-abre-vagas-em-tecnologia-com-prioridade-para-pessoas-com-deficiencia\\\/#article\",\"isPartOf\":{\"@id\":\"https:\\\/\\\/abes.org.br\\\/sas-abre-vagas-em-tecnologia-com-prioridade-para-pessoas-com-deficiencia\\\/\"},\"author\":{\"name\":\"Editor ABES\",\"@id\":\"https:\\\/\\\/abes.org.br\\\/#\\\/schema\\\/person\\\/d65ed84c8883a123fe668129fd6a7ed3\"},\"headline\":\"SAS abre vagas em tecnologia com prioridade para pessoas com defici\u00eancia\",\"datePublished\":\"2021-05-14T16:31:29+00:00\",\"mainEntityOfPage\":{\"@id\":\"https:\\\/\\\/abes.org.br\\\/sas-abre-vagas-em-tecnologia-com-prioridade-para-pessoas-com-deficiencia\\\/\"},\"wordCount\":203,\"publisher\":{\"@id\":\"https:\\\/\\\/abes.org.br\\\/#organization\"},\"keywords\":[\"analytics\",\"Arquiteto de Solu\u00e7\u00f5es\",\"Engenheiro de Sistemas de Informa\u00e7\u00e3o\",\"SAS\",\"Vagas em tecnologia\",\"vagas para pessoas com defici\u00eancia\"],\"articleSection\":[\"-Coluna 4\",\"\u00daltimas not\u00edcias\"],\"inLanguage\":\"en-US\"},{\"@type\":\"WebPage\",\"@id\":\"https:\\\/\\\/abes.org.br\\\/sas-abre-vagas-em-tecnologia-com-prioridade-para-pessoas-com-deficiencia\\\/\",\"url\":\"https:\\\/\\\/abes.org.br\\\/sas-abre-vagas-em-tecnologia-com-prioridade-para-pessoas-com-deficiencia\\\/\",\"name\":\"SAS abre vagas em tecnologia com prioridade para pessoas com defici\u00eancia - ABES\",\"isPartOf\":{\"@id\":\"https:\\\/\\\/abes.org.br\\\/#website\"},\"datePublished\":\"2021-05-14T16:31:29+00:00\",\"breadcrumb\":{\"@id\":\"https:\\\/\\\/abes.org.br\\\/sas-abre-vagas-em-tecnologia-com-prioridade-para-pessoas-com-deficiencia\\\/#breadcrumb\"},\"inLanguage\":\"en-US\",\"potentialAction\":[{\"@type\":\"ReadAction\",\"target\":[\"https:\\\/\\\/abes.org.br\\\/sas-abre-vagas-em-tecnologia-com-prioridade-para-pessoas-com-deficiencia\\\/\"]}]},{\"@type\":\"BreadcrumbList\",\"@id\":\"https:\\\/\\\/abes.org.br\\\/sas-abre-vagas-em-tecnologia-com-prioridade-para-pessoas-com-deficiencia\\\/#breadcrumb\",\"itemListElement\":[{\"@type\":\"ListItem\",\"position\":1,\"name\":\"In\u00edcio\",\"item\":\"https:\\\/\\\/abes.org.br\\\/\"},{\"@type\":\"ListItem\",\"position\":2,\"name\":\"SAS abre vagas em tecnologia com prioridade para pessoas com defici\u00eancia\"}]},{\"@type\":\"WebSite\",\"@id\":\"https:\\\/\\\/abes.org.br\\\/#website\",\"url\":\"https:\\\/\\\/abes.org.br\\\/\",\"name\":\"ABES\",\"description\":\"Associa\u00e7\u00e3o Brasileira das Empresas de Software\",\"publisher\":{\"@id\":\"https:\\\/\\\/abes.org.br\\\/#organization\"},\"potentialAction\":[{\"@type\":\"SearchAction\",\"target\":{\"@type\":\"EntryPoint\",\"urlTemplate\":\"https:\\\/\\\/abes.org.br\\\/?s={search_term_string}\"},\"query-input\":{\"@type\":\"PropertyValueSpecification\",\"valueRequired\":true,\"valueName\":\"search_term_string\"}}],\"inLanguage\":\"en-US\"},{\"@type\":\"Organization\",\"@id\":\"https:\\\/\\\/abes.org.br\\\/#organization\",\"name\":\"Associa\u00e7\u00e3o Brasileira das Empresas de Software\",\"url\":\"https:\\\/\\\/abes.org.br\\\/\",\"logo\":{\"@type\":\"ImageObject\",\"inLanguage\":\"en-US\",\"@id\":\"https:\\\/\\\/abes.org.br\\\/#\\\/schema\\\/logo\\\/image\\\/\",\"url\":\"https:\\\/\\\/abes.org.br\\\/wp-content\\\/uploads\\\/2020\\\/09\\\/logo_abes_marca_d_tagline_horizontal_verde-amarelo_cmyk.png\",\"contentUrl\":\"https:\\\/\\\/abes.org.br\\\/wp-content\\\/uploads\\\/2020\\\/09\\\/logo_abes_marca_d_tagline_horizontal_verde-amarelo_cmyk.png\",\"width\":324,\"height\":70,\"caption\":\"Associa\u00e7\u00e3o Brasileira das Empresas de Software\"},\"image\":{\"@id\":\"https:\\\/\\\/abes.org.br\\\/#\\\/schema\\\/logo\\\/image\\\/\"},\"sameAs\":[\"https:\\\/\\\/www.facebook.com\\\/ABES.software\",\"https:\\\/\\\/x.com\\\/ABES_SOFTWARE\",\"https:\\\/\\\/www.linkedin.com\\\/company\\\/abes-software\\\/\",\"https:\\\/\\\/www.instagram.com\\\/abes_software\\\/\"]},{\"@type\":\"Person\",\"@id\":\"https:\\\/\\\/abes.org.br\\\/#\\\/schema\\\/person\\\/d65ed84c8883a123fe668129fd6a7ed3\",\"name\":\"Editor ABES\",\"image\":{\"@type\":\"ImageObject\",\"inLanguage\":\"en-US\",\"@id\":\"https:\\\/\\\/secure.gravatar.com\\\/avatar\\\/3b207abce016c5e2ad6bf38914af9ad16e277128bb9b06dabb05bc191f02d7fe?s=96&d=mm&r=g\",\"url\":\"https:\\\/\\\/secure.gravatar.com\\\/avatar\\\/3b207abce016c5e2ad6bf38914af9ad16e277128bb9b06dabb05bc191f02d7fe?s=96&d=mm&r=g\",\"contentUrl\":\"https:\\\/\\\/secure.gravatar.com\\\/avatar\\\/3b207abce016c5e2ad6bf38914af9ad16e277128bb9b06dabb05bc191f02d7fe?s=96&d=mm&r=g\",\"caption\":\"Editor ABES\"},\"url\":\"https:\\\/\\\/abes.org.br\\\/en\\\/author\\\/editor-abes\\\/\"}]}<\/script>\n<!-- \/ Yoast SEO plugin. -->","yoast_head_json":{"title":"SAS abre vagas em tecnologia com prioridade para pessoas com defici\u00eancia - ABES","robots":{"index":"index","follow":"follow","max-snippet":"max-snippet:-1","max-image-preview":"max-image-preview:large","max-video-preview":"max-video-preview:-1"},"canonical":"https:\/\/abes.org.br\/en\/sas-abre-vagas-em-tecnologia-com-prioridade-para-pessoas-com-deficiencia\/","og_locale":"en_US","og_type":"article","og_title":"SAS abre vagas em tecnologia com prioridade para pessoas com defici\u00eancia - ABES","og_description":"Oportunidades s\u00e3o para Engenheiro de Sistemas de Informa\u00e7\u00e3o, Arquiteto de Solu\u00e7\u00f5es, Gerente de Projetos, Executivo de Contas, entre outras fun\u00e7\u00f5es O SAS, l\u00edder global em analytics, est\u00e1 com vagas abertas para atua\u00e7\u00e3o em tecnologia, com prioridade para Pessoas com Defici\u00eancia (PCD). As vagas s\u00e3o para candidatos de qualquer localidade do Pa\u00eds, para atua\u00e7\u00e3o remota durante [&hellip;]","og_url":"https:\/\/abes.org.br\/en\/sas-abre-vagas-em-tecnologia-com-prioridade-para-pessoas-com-deficiencia\/","og_site_name":"ABES","article_publisher":"https:\/\/www.facebook.com\/ABES.software","article_published_time":"2021-05-14T16:31:29+00:00","og_image":[{"width":3509,"height":2482,"url":"https:\/\/abes.org.br\/wp-content\/uploads\/2021\/01\/logo_abes_marca_tagline_horizontal_colorido_rgb.png","type":"image\/png"}],"author":"Editor ABES","twitter_card":"summary_large_image","twitter_creator":"@ABES_SOFTWARE","twitter_site":"@ABES_SOFTWARE","twitter_misc":{"Written by":"Editor ABES","Est. reading time":"1 minute"},"schema":{"@context":"https:\/\/schema.org","@graph":[{"@type":"Article","@id":"https:\/\/abes.org.br\/sas-abre-vagas-em-tecnologia-com-prioridade-para-pessoas-com-deficiencia\/#article","isPartOf":{"@id":"https:\/\/abes.org.br\/sas-abre-vagas-em-tecnologia-com-prioridade-para-pessoas-com-deficiencia\/"},"author":{"name":"Editor ABES","@id":"https:\/\/abes.org.br\/#\/schema\/person\/d65ed84c8883a123fe668129fd6a7ed3"},"headline":"SAS abre vagas em tecnologia com prioridade para pessoas com defici\u00eancia","datePublished":"2021-05-14T16:31:29+00:00","mainEntityOfPage":{"@id":"https:\/\/abes.org.br\/sas-abre-vagas-em-tecnologia-com-prioridade-para-pessoas-com-deficiencia\/"},"wordCount":203,"publisher":{"@id":"https:\/\/abes.org.br\/#organization"},"keywords":["analytics","Arquiteto de Solu\u00e7\u00f5es","Engenheiro de Sistemas de Informa\u00e7\u00e3o","SAS","Vagas em tecnologia","vagas para pessoas com defici\u00eancia"],"articleSection":["-Coluna 4","\u00daltimas not\u00edcias"],"inLanguage":"en-US"},{"@type":"WebPage","@id":"https:\/\/abes.org.br\/sas-abre-vagas-em-tecnologia-com-prioridade-para-pessoas-com-deficiencia\/","url":"https:\/\/abes.org.br\/sas-abre-vagas-em-tecnologia-com-prioridade-para-pessoas-com-deficiencia\/","name":"SAS abre vagas em tecnologia com prioridade para pessoas com defici\u00eancia - ABES","isPartOf":{"@id":"https:\/\/abes.org.br\/#website"},"datePublished":"2021-05-14T16:31:29+00:00","breadcrumb":{"@id":"https:\/\/abes.org.br\/sas-abre-vagas-em-tecnologia-com-prioridade-para-pessoas-com-deficiencia\/#breadcrumb"},"inLanguage":"en-US","potentialAction":[{"@type":"ReadAction","target":["https:\/\/abes.org.br\/sas-abre-vagas-em-tecnologia-com-prioridade-para-pessoas-com-deficiencia\/"]}]},{"@type":"BreadcrumbList","@id":"https:\/\/abes.org.br\/sas-abre-vagas-em-tecnologia-com-prioridade-para-pessoas-com-deficiencia\/#breadcrumb","itemListElement":[{"@type":"ListItem","position":1,"name":"In\u00edcio","item":"https:\/\/abes.org.br\/"},{"@type":"ListItem","position":2,"name":"SAS abre vagas em tecnologia com prioridade para pessoas com defici\u00eancia"}]},{"@type":"WebSite","@id":"https:\/\/abes.org.br\/#website","url":"https:\/\/abes.org.br\/","name":"ABES","description":"Brazilian Association of Software Companies","publisher":{"@id":"https:\/\/abes.org.br\/#organization"},"potentialAction":[{"@type":"SearchAction","target":{"@type":"EntryPoint","urlTemplate":"https:\/\/abes.org.br\/?s={search_term_string}"},"query-input":{"@type":"PropertyValueSpecification","valueRequired":true,"valueName":"search_term_string"}}],"inLanguage":"en-US"},{"@type":"Organization","@id":"https:\/\/abes.org.br\/#organization","name":"Brazilian Association of Software Companies","url":"https:\/\/abes.org.br\/","logo":{"@type":"ImageObject","inLanguage":"en-US","@id":"https:\/\/abes.org.br\/#\/schema\/logo\/image\/","url":"https:\/\/abes.org.br\/wp-content\/uploads\/2020\/09\/logo_abes_marca_d_tagline_horizontal_verde-amarelo_cmyk.png","contentUrl":"https:\/\/abes.org.br\/wp-content\/uploads\/2020\/09\/logo_abes_marca_d_tagline_horizontal_verde-amarelo_cmyk.png","width":324,"height":70,"caption":"Associa\u00e7\u00e3o Brasileira das Empresas de Software"},"image":{"@id":"https:\/\/abes.org.br\/#\/schema\/logo\/image\/"},"sameAs":["https:\/\/www.facebook.com\/ABES.software","https:\/\/x.com\/ABES_SOFTWARE","https:\/\/www.linkedin.com\/company\/abes-software\/","https:\/\/www.instagram.com\/abes_software\/"]},{"@type":"Person","@id":"https:\/\/abes.org.br\/#\/schema\/person\/d65ed84c8883a123fe668129fd6a7ed3","name":"ABES Editor","image":{"@type":"ImageObject","inLanguage":"en-US","@id":"https:\/\/secure.gravatar.com\/avatar\/3b207abce016c5e2ad6bf38914af9ad16e277128bb9b06dabb05bc191f02d7fe?s=96&d=mm&r=g","url":"https:\/\/secure.gravatar.com\/avatar\/3b207abce016c5e2ad6bf38914af9ad16e277128bb9b06dabb05bc191f02d7fe?s=96&d=mm&r=g","contentUrl":"https:\/\/secure.gravatar.com\/avatar\/3b207abce016c5e2ad6bf38914af9ad16e277128bb9b06dabb05bc191f02d7fe?s=96&d=mm&r=g","caption":"Editor ABES"},"url":"https:\/\/abes.org.br\/en\/author\/editor-abes\/"}]}},"publishpress_future_action":{"enabled":false,"date":"2026-05-03 17:45:58","action":"change-status","newStatus":"draft","terms":[],"taxonomy":"category","extraData":[]},"publishpress_future_workflow_manual_trigger":{"enabledWorkflows":[]},"_links":{"self":[{"href":"https:\/\/abes.org.br\/en\/wp-json\/wp\/v2\/posts\/32504","targetHints":{"allow":["GET"]}}],"collection":[{"href":"https:\/\/abes.org.br\/en\/wp-json\/wp\/v2\/posts"}],"about":[{"href":"https:\/\/abes.org.br\/en\/wp-json\/wp\/v2\/types\/post"}],"author":[{"embeddable":true,"href":"https:\/\/abes.org.br\/en\/wp-json\/wp\/v2\/users\/10"}],"replies":[{"embeddable":true,"href":"https:\/\/abes.org.br\/en\/wp-json\/wp\/v2\/comments?post=32504"}],"version-history":[{"count":1,"href":"https:\/\/abes.org.br\/en\/wp-json\/wp\/v2\/posts\/32504\/revisions"}],"predecessor-version":[{"id":32505,"href":"https:\/\/abes.org.br\/en\/wp-json\/wp\/v2\/posts\/32504\/revisions\/32505"}],"wp:attachment":[{"href":"https:\/\/abes.org.br\/en\/wp-json\/wp\/v2\/media?parent=32504"}],"wp:term":[{"taxonomy":"category","embeddable":true,"href":"https:\/\/abes.org.br\/en\/wp-json\/wp\/v2\/categories?post=32504"},{"taxonomy":"post_tag","embeddable":true,"href":"https:\/\/abes.org.br\/en\/wp-json\/wp\/v2\/tags?post=32504"}],"curies":[{"name":"wp","href":"https:\/\/api.w.org\/{rel}","templated":true}]}}