{"id":32495,"date":"2021-05-13T13:55:52","date_gmt":"2021-05-13T16:55:52","guid":{"rendered":"https:\/\/abes.org.br\/?p=32495"},"modified":"2021-05-12T15:54:10","modified_gmt":"2021-05-12T18:54:10","slug":"vtex-abre-inscricoes-para-programa-de-estagio-global-focado-em-engenheiros-de-software-e-designers-de-produtos-digitais","status":"publish","type":"post","link":"https:\/\/abes.org.br\/en\/vtex-abre-inscricoes-para-programa-de-estagio-global-focado-em-engenheiros-de-software-e-designers-de-produtos-digitais\/","title":{"rendered":"VTEX opens registrations for a global internship program focused on software engineers and digital product designers"},"content":{"rendered":"<p><i>Interested parties must register by June 11<\/i><\/p>\n<p style=\"font-weight: 400\">VTEX, a multinational technology company, creator of the fastest growing trade platform in the world *, has its registration open for the\u00a0<em>VTEX Internship<\/em>\u00a0- internship program for technology students from all over the world. For the first time since its creation, in addition to vacancies for future software engineers, this edition will also include students of product designers. <strong>All interested people can sign up for<\/strong>link\u00a0<a href=\"https:\/\/na01.safelinks.protection.outlook.com\/?url=https%3A%2F%2Fylezaesriesve.i-mpr.com%2Flink.php%3Fcode%3DbDpodHRwJTNBJTJGJTJGY2FyZWVycy52dGV4LmNvbSUyRmVhcmx5LWNhcmVlcnMlMkY6Mjc0NjI4NjQyMzpzYW5kcmFzYW50QGdtYWlsLmNvbTo1ZjdiMGM%3D&amp;data=04%7C01%7C%7C9381ae4d01504319d13008d913c6f755%7C84df9e7fe9f640afb435aaaaaaaaaaaa%7C1%7C0%7C637562567543678835%7CUnknown%7CTWFpbGZsb3d8eyJWIjoiMC4wLjAwMDAiLCJQIjoiV2luMzIiLCJBTiI6Ik1haWwiLCJXVCI6Mn0%3D%7C1000&amp;sdata=cG4LDlwI4NweFZjojSgCnYOmw6jhxp0JsdI78bHDp6o%3D&amp;reserved=0\" data-saferedirecturl=\"https:\/\/www.google.com\/url?q=https:\/\/na01.safelinks.protection.outlook.com\/?url%3Dhttps%253A%252F%252Fylezaesriesve.i-mpr.com%252Flink.php%253Fcode%253DbDpodHRwJTNBJTJGJTJGY2FyZWVycy52dGV4LmNvbSUyRmVhcmx5LWNhcmVlcnMlMkY6Mjc0NjI4NjQyMzpzYW5kcmFzYW50QGdtYWlsLmNvbTo1ZjdiMGM%253D%26data%3D04%257C01%257C%257C9381ae4d01504319d13008d913c6f755%257C84df9e7fe9f640afb435aaaaaaaaaaaa%257C1%257C0%257C637562567543678835%257CUnknown%257CTWFpbGZsb3d8eyJWIjoiMC4wLjAwMDAiLCJQIjoiV2luMzIiLCJBTiI6Ik1haWwiLCJXVCI6Mn0%253D%257C1000%26sdata%3DcG4LDlwI4NweFZjojSgCnYOmw6jhxp0JsdI78bHDp6o%253D%26reserved%3D0&amp;source=gmail&amp;ust=1620747421444000&amp;usg=AFQjCNFr8_aiQ_JtJgFIMOuMCWvYjGj74A\">Company website\u00a0<\/a><strong>until June 11<\/strong>.<\/p>\n<p style=\"font-weight: 400\">Started in 2016,\u00a0<em>VTEX Internship<\/em>\u00a0it is an intensive and unique experience, which allows students to understand the day-to-day work of a technology professional in a rapidly expanding company, such as VTEX, which is present in 32 countries and is considered a Leader ** in your industry. This program is part of a series of educational initiatives by VTEX, which supports the training of the new generation of talent for the technology market. Selected students will have the opportunity to work on several projects, with a real impact on the Company&#039;s business.<\/p>\n<p style=\"font-weight: 400\">All interns will be mentored by high-performance professionals, which will help them in their development and their integration into the culture of VTEX, which is based on autonomy and encourages everyone to be leaders - owners of their own careers - and to discover its unique contribution to the future of trade. In addition, participants in the\u00a0<em>VTEX Internship<\/em>\u00a0have the opportunity to work on real projects, on a global scale, with an impact for all stores active on the company&#039;s platform.<\/p>\n<p style=\"font-weight: 400\">\u201cPromoting education is fundamental to the success of VTEX, a leader in emerging markets. We want to inspire and create the next generations of protagonists in the\u00a0<em>digital commerce<\/em>, impacting the society where we are powerful, with the dissemination of knowledge about digital commerce. This is the first step in the careers of these young people and a complete learning experience, which allows them to experience our culture and act alongside the best professionals in the market \u201d, explains Mariana Gomes,\u00a0<em>Early Careers Lead\u00a0<\/em>from VTEX.<\/p>\n<p style=\"font-weight: 400\">More than 100 students have participated in the previous editions of the program, and to present the experiences of those who were hired by VTEX, the Company will hold a series of webinars, throughout May. They will talk about the internship program for the current students of the colleges, in which they studied, in order to clarify the main doubts. Among the speakers, there are alumni from colleges in Brazil as\u00a0<a href=\"https:\/\/na01.safelinks.protection.outlook.com\/?url=https%3A%2F%2Fylezaesriesve.i-mpr.com%2Flink.php%3Fcode%3DbDpodHRwJTNBJTJGJTJGd3d3Lml0YS5iciUyRjoyNzQ2Mjg2NDIzOnNhbmRyYXNhbnRAZ21haWwuY29tOmMzNTE0NA%3D%3D&amp;data=04%7C01%7C%7C9381ae4d01504319d13008d913c6f755%7C84df9e7fe9f640afb435aaaaaaaaaaaa%7C1%7C0%7C637562567543688836%7CUnknown%7CTWFpbGZsb3d8eyJWIjoiMC4wLjAwMDAiLCJQIjoiV2luMzIiLCJBTiI6Ik1haWwiLCJXVCI6Mn0%3D%7C1000&amp;sdata=Z4UNiGjhuyrhL9K1cA7nbZXmK684LH%2FLvNu6GlAH6OQ%3D&amp;reserved=0\" data-saferedirecturl=\"https:\/\/www.google.com\/url?q=https:\/\/na01.safelinks.protection.outlook.com\/?url%3Dhttps%253A%252F%252Fylezaesriesve.i-mpr.com%252Flink.php%253Fcode%253DbDpodHRwJTNBJTJGJTJGd3d3Lml0YS5iciUyRjoyNzQ2Mjg2NDIzOnNhbmRyYXNhbnRAZ21haWwuY29tOmMzNTE0NA%253D%253D%26data%3D04%257C01%257C%257C9381ae4d01504319d13008d913c6f755%257C84df9e7fe9f640afb435aaaaaaaaaaaa%257C1%257C0%257C637562567543688836%257CUnknown%257CTWFpbGZsb3d8eyJWIjoiMC4wLjAwMDAiLCJQIjoiV2luMzIiLCJBTiI6Ik1haWwiLCJXVCI6Mn0%253D%257C1000%26sdata%3DZ4UNiGjhuyrhL9K1cA7nbZXmK684LH%252FLvNu6GlAH6OQ%253D%26reserved%3D0&amp;source=gmail&amp;ust=1620747421444000&amp;usg=AFQjCNHR5LcwPt_9MiUNj8_S7rUTgkbYHw\">Technological Institute of Aeronautics\u00a0<\/a>(ITA), ESPM, PUC-RJ and Federal University of Pernambuco (UFPE). There will also be alumni from international institutions, such as the \u00c9cole Polytechnique de Paris, France. Registration for the webinars is open and can be made through the website:\u00a0<a href=\"https:\/\/na01.safelinks.protection.outlook.com\/?url=http%3A%2F%2Fcareers.vtex.com%2Fearly-careers%2F&amp;data=04%7C01%7C%7C9381ae4d01504319d13008d913c6f755%7C84df9e7fe9f640afb435aaaaaaaaaaaa%7C1%7C0%7C637562567543688836%7CUnknown%7CTWFpbGZsb3d8eyJWIjoiMC4wLjAwMDAiLCJQIjoiV2luMzIiLCJBTiI6Ik1haWwiLCJXVCI6Mn0%3D%7C1000&amp;sdata=PreVMYUzfncojcOyErN2Fur10WeE0uZ62mpQI4A9Luk%3D&amp;reserved=0\" data-saferedirecturl=\"https:\/\/www.google.com\/url?q=https:\/\/na01.safelinks.protection.outlook.com\/?url%3Dhttp%253A%252F%252Fcareers.vtex.com%252Fearly-careers%252F%26data%3D04%257C01%257C%257C9381ae4d01504319d13008d913c6f755%257C84df9e7fe9f640afb435aaaaaaaaaaaa%257C1%257C0%257C637562567543688836%257CUnknown%257CTWFpbGZsb3d8eyJWIjoiMC4wLjAwMDAiLCJQIjoiV2luMzIiLCJBTiI6Ik1haWwiLCJXVCI6Mn0%253D%257C1000%26sdata%3DPreVMYUzfncojcOyErN2Fur10WeE0uZ62mpQI4A9Luk%253D%26reserved%3D0&amp;source=gmail&amp;ust=1620747421444000&amp;usg=AFQjCNGt2OQjnpNuHk2t8laJeLUtYBJeuA\">http:\/\/careers.vtex.com\/early-careers\/<\/a><\/p>\n<p style=\"font-weight: 400\"><strong>VTEX Internship - how to participate<\/strong><\/p>\n<p style=\"font-weight: 400\"><strong>Subscriptions<\/strong> to\u00a0<em>VTEX Summer Internship 22<\/em>\u00a0they are <strong>open until June 11<\/strong>, and can be made through the website:\u00a0<a href=\"https:\/\/na01.safelinks.protection.outlook.com\/?url=http%3A%2F%2Fcareers.vtex.com%2Fearly-careers%2F&amp;data=04%7C01%7C%7C9381ae4d01504319d13008d913c6f755%7C84df9e7fe9f640afb435aaaaaaaaaaaa%7C1%7C0%7C637562567543698835%7CUnknown%7CTWFpbGZsb3d8eyJWIjoiMC4wLjAwMDAiLCJQIjoiV2luMzIiLCJBTiI6Ik1haWwiLCJXVCI6Mn0%3D%7C1000&amp;sdata=0QtvMFVIh7T7cWvqK5X23rN%2Br7HoY2m%2BHbgEzOmqjnI%3D&amp;reserved=0\" data-saferedirecturl=\"https:\/\/www.google.com\/url?q=https:\/\/na01.safelinks.protection.outlook.com\/?url%3Dhttp%253A%252F%252Fcareers.vtex.com%252Fearly-careers%252F%26data%3D04%257C01%257C%257C9381ae4d01504319d13008d913c6f755%257C84df9e7fe9f640afb435aaaaaaaaaaaa%257C1%257C0%257C637562567543698835%257CUnknown%257CTWFpbGZsb3d8eyJWIjoiMC4wLjAwMDAiLCJQIjoiV2luMzIiLCJBTiI6Ik1haWwiLCJXVCI6Mn0%253D%257C1000%26sdata%3D0QtvMFVIh7T7cWvqK5X23rN%252Br7HoY2m%252BHbgEzOmqjnI%253D%26reserved%3D0&amp;source=gmail&amp;ust=1620747421444000&amp;usg=AFQjCNGyM1lwgjfgiw1RGvpkZ3DAKg0-Cw\">http:\/\/careers.vtex.com\/early-careers\/<\/a>. The selection process consists of curriculum analysis, online tests and interviews. Students approved for the internship in the areas of Design will start their activities in September 2021, and will spend six months in the program. Those admitted to software engineer positions will start the program in December, and complete the internship in three months.<\/p>\n<p style=\"font-weight: 400\">For those approved in Design, the first three months will be dedicated to research, interviews with real clients, mentoring, ideation, prototyping and immersion. From the fourth month onwards, they will start working together with those approved for software engineering, and should develop together a project tailored to each team, in addition to keeping the developed solution updated.<\/p>\n<p style=\"font-weight: 400\">\u201cWe want these young people to work on something that really makes a difference and to realize how much they have developed at the end of the internship. We make a point of reinforcing how important their work is to our entire ecosystem. In all, we have already received students from more than 23 different universities, 7 of which are international. We think globally, and we recognize that our calling goes beyond Brazil, so we look for a greater and more diverse number of future talents. We not only contribute to our expansion, but mainly to the future of digital commerce worldwide, \u201dconcludes Mariana.<\/p>\n<p style=\"font-weight: 400\">*The report\u00a0<a href=\"https:\/\/na01.safelinks.protection.outlook.com\/?url=https%3A%2F%2Fylezaesriesve.i-mpr.com%2Flink.php%3Fcode%3DbDpodHRwJTNBJTJGJTJGdnRleC5jb20lMkZlbiUyRmJsb2clMkZpbnN0aXR1dGlvbmFsJTJGdnRleC1pcy10aGUtZmFzdGVzdC1ncm93aW5nLWUtY29tbWVyY2UtcGxhdGZvcm0taW4tdGhlLXdvcmxkLWFjY29yZGluZy10by1pZGMlMkY6Mjc0NjI4NjQyMzpzYW5kcmFzYW50QGdtYWlsLmNvbTowYmQ1ZTQ%3D&amp;data=04%7C01%7C%7C9381ae4d01504319d13008d913c6f755%7C84df9e7fe9f640afb435aaaaaaaaaaaa%7C1%7C0%7C637562567543708826%7CUnknown%7CTWFpbGZsb3d8eyJWIjoiMC4wLjAwMDAiLCJQIjoiV2luMzIiLCJBTiI6Ik1haWwiLCJXVCI6Mn0%3D%7C1000&amp;sdata=AyguTkpG3QH6b9CyaQRYq%2BKcfREDQO%2BbWAfLynaYo7o%3D&amp;reserved=0\" data-saferedirecturl=\"https:\/\/www.google.com\/url?q=https:\/\/na01.safelinks.protection.outlook.com\/?url%3Dhttps%253A%252F%252Fylezaesriesve.i-mpr.com%252Flink.php%253Fcode%253DbDpodHRwJTNBJTJGJTJGdnRleC5jb20lMkZlbiUyRmJsb2clMkZpbnN0aXR1dGlvbmFsJTJGdnRleC1pcy10aGUtZmFzdGVzdC1ncm93aW5nLWUtY29tbWVyY2UtcGxhdGZvcm0taW4tdGhlLXdvcmxkLWFjY29yZGluZy10by1pZGMlMkY6Mjc0NjI4NjQyMzpzYW5kcmFzYW50QGdtYWlsLmNvbTowYmQ1ZTQ%253D%26data%3D04%257C01%257C%257C9381ae4d01504319d13008d913c6f755%257C84df9e7fe9f640afb435aaaaaaaaaaaa%257C1%257C0%257C637562567543708826%257CUnknown%257CTWFpbGZsb3d8eyJWIjoiMC4wLjAwMDAiLCJQIjoiV2luMzIiLCJBTiI6Ik1haWwiLCJXVCI6Mn0%253D%257C1000%26sdata%3DAyguTkpG3QH6b9CyaQRYq%252BKcfREDQO%252BbWAfLynaYo7o%253D%26reserved%3D0&amp;source=gmail&amp;ust=1620747421444000&amp;usg=AFQjCNF8xWR0069Ru0CC1JFYgDQed1Byvg\">IDC Worldwide Digital Commerce 2019 Market Share\u00a0<\/a>, published in June 2020, indicates that VTEX is the fastest growing e-commerce platform globally.<\/p>\n<p style=\"font-weight: 400\">** named \u201cLeader\u201d in the\u00a0<a href=\"https:\/\/na01.safelinks.protection.outlook.com\/?url=https%3A%2F%2Fylezaesriesve.i-mpr.com%2Flink.php%3Fcode%3DbDpodHRwJTNBJTJGJTJGdnRleC5jb20lMkZ1cy1lbiUyRnJlc291cmNlcyUyRmlkYy1yZXBvcnQlMkY6Mjc0NjI4NjQyMzpzYW5kcmFzYW50QGdtYWlsLmNvbTphYjU4YjY%3D&amp;data=04%7C01%7C%7C9381ae4d01504319d13008d913c6f755%7C84df9e7fe9f640afb435aaaaaaaaaaaa%7C1%7C0%7C637562567543708826%7CUnknown%7CTWFpbGZsb3d8eyJWIjoiMC4wLjAwMDAiLCJQIjoiV2luMzIiLCJBTiI6Ik1haWwiLCJXVCI6Mn0%3D%7C1000&amp;sdata=ht5sBDjXQbVWoc2hgj6iPkucAWYxbcrslZA6%2FEh6XSQ%3D&amp;reserved=0\" data-saferedirecturl=\"https:\/\/www.google.com\/url?q=https:\/\/na01.safelinks.protection.outlook.com\/?url%3Dhttps%253A%252F%252Fylezaesriesve.i-mpr.com%252Flink.php%253Fcode%253DbDpodHRwJTNBJTJGJTJGdnRleC5jb20lMkZ1cy1lbiUyRnJlc291cmNlcyUyRmlkYy1yZXBvcnQlMkY6Mjc0NjI4NjQyMzpzYW5kcmFzYW50QGdtYWlsLmNvbTphYjU4YjY%253D%26data%3D04%257C01%257C%257C9381ae4d01504319d13008d913c6f755%257C84df9e7fe9f640afb435aaaaaaaaaaaa%257C1%257C0%257C637562567543708826%257CUnknown%257CTWFpbGZsb3d8eyJWIjoiMC4wLjAwMDAiLCJQIjoiV2luMzIiLCJBTiI6Ik1haWwiLCJXVCI6Mn0%253D%257C1000%26sdata%3Dht5sBDjXQbVWoc2hgj6iPkucAWYxbcrslZA6%252FEh6XSQ%253D%26reserved%3D0&amp;source=gmail&amp;ust=1620747421444000&amp;usg=AFQjCNHZ7rCAv8Gapbr0BF5Egkfd0x9kjw\">IDC MarketScape, Worldwide B2C Digital Commerce Platforms 2020 Vendor Assessment\u00a0<\/a>, a study that evaluates platforms from around the world in the B2C digital commerce category in the cloud, having stood out against companies such as Commercetools and Salesforce.<\/p>","protected":false},"excerpt":{"rendered":"<p>Os interessados devem se inscrever at\u00e9 11 de junho A VTEX, multinacional de tecnologia, criadora da plataforma de com\u00e9rcio que mais cresce no mundo*, est\u00e1 com as inscri\u00e7\u00f5es abertas para o\u00a0VTEX Internship\u00a0&#8211; programa de est\u00e1gio para estudantes de tecnologia de todo o mundo. Pela primeira vez desde sua cria\u00e7\u00e3o, al\u00e9m de vagas para futuras (os) [&hellip;]<\/p>\n","protected":false},"author":10,"featured_media":0,"comment_status":"closed","ping_status":"closed","sticky":false,"template":"","format":"standard","meta":{"_acf_changed":false,"_et_pb_use_builder":"","_et_pb_old_content":"","_et_gb_content_width":"","footnotes":""},"categories":[39,19],"tags":[1513,1510,1514,1515,1512,1511,1509],"class_list":["post-32495","post","type-post","status-publish","format-standard","hentry","category-coluna-4","category-ultimas-noticias","tag-design-de-produto","tag-engenheiros-de-software","tag-estagio-para-estudantes-de-tecnologia","tag-plataforma-e-commerce","tag-processo-de-selecao","tag-produtos-digitais","tag-vtex"],"acf":[],"yoast_head":"<!-- This site is optimized with the Yoast SEO plugin v27.3 - https:\/\/yoast.com\/product\/yoast-seo-wordpress\/ -->\n<title>VTEX abre inscri\u00e7\u00f5es para programa de est\u00e1gio global focado em engenheiros de software e designers de produtos digitais - ABES<\/title>\n<meta name=\"robots\" content=\"index, follow, max-snippet:-1, max-image-preview:large, max-video-preview:-1\" \/>\n<link rel=\"canonical\" href=\"https:\/\/abes.org.br\/en\/vtex-abre-inscricoes-para-programa-de-estagio-global-focado-em-engenheiros-de-software-e-designers-de-produtos-digitais\/\" \/>\n<meta property=\"og:locale\" content=\"en_US\" \/>\n<meta property=\"og:type\" content=\"article\" \/>\n<meta property=\"og:title\" content=\"VTEX abre inscri\u00e7\u00f5es para programa de est\u00e1gio global focado em engenheiros de software e designers de produtos digitais - ABES\" \/>\n<meta property=\"og:description\" content=\"Os interessados devem se inscrever at\u00e9 11 de junho A VTEX, multinacional de tecnologia, criadora da plataforma de com\u00e9rcio que mais cresce no mundo*, est\u00e1 com as inscri\u00e7\u00f5es abertas para o\u00a0VTEX Internship\u00a0&#8211; programa de est\u00e1gio para estudantes de tecnologia de todo o mundo. Pela primeira vez desde sua cria\u00e7\u00e3o, al\u00e9m de vagas para futuras (os) [&hellip;]\" \/>\n<meta property=\"og:url\" content=\"https:\/\/abes.org.br\/en\/vtex-abre-inscricoes-para-programa-de-estagio-global-focado-em-engenheiros-de-software-e-designers-de-produtos-digitais\/\" \/>\n<meta property=\"og:site_name\" content=\"ABES\" \/>\n<meta property=\"article:publisher\" content=\"https:\/\/www.facebook.com\/ABES.software\" \/>\n<meta property=\"article:published_time\" content=\"2021-05-13T16:55:52+00:00\" \/>\n<meta property=\"og:image\" content=\"https:\/\/abes.org.br\/wp-content\/uploads\/2021\/01\/logo_abes_marca_tagline_horizontal_colorido_rgb.png\" \/>\n\t<meta property=\"og:image:width\" content=\"3509\" \/>\n\t<meta property=\"og:image:height\" content=\"2482\" \/>\n\t<meta property=\"og:image:type\" content=\"image\/png\" \/>\n<meta name=\"author\" content=\"Editor ABES\" \/>\n<meta name=\"twitter:card\" content=\"summary_large_image\" \/>\n<meta name=\"twitter:creator\" content=\"@ABES_SOFTWARE\" \/>\n<meta name=\"twitter:site\" content=\"@ABES_SOFTWARE\" \/>\n<meta name=\"twitter:label1\" content=\"Written by\" \/>\n\t<meta name=\"twitter:data1\" content=\"Editor ABES\" \/>\n\t<meta name=\"twitter:label2\" content=\"Est. reading time\" \/>\n\t<meta name=\"twitter:data2\" content=\"4 minutes\" \/>\n<script type=\"application\/ld+json\" class=\"yoast-schema-graph\">{\"@context\":\"https:\\\/\\\/schema.org\",\"@graph\":[{\"@type\":\"Article\",\"@id\":\"https:\\\/\\\/abes.org.br\\\/vtex-abre-inscricoes-para-programa-de-estagio-global-focado-em-engenheiros-de-software-e-designers-de-produtos-digitais\\\/#article\",\"isPartOf\":{\"@id\":\"https:\\\/\\\/abes.org.br\\\/vtex-abre-inscricoes-para-programa-de-estagio-global-focado-em-engenheiros-de-software-e-designers-de-produtos-digitais\\\/\"},\"author\":{\"name\":\"Editor ABES\",\"@id\":\"https:\\\/\\\/abes.org.br\\\/#\\\/schema\\\/person\\\/d65ed84c8883a123fe668129fd6a7ed3\"},\"headline\":\"VTEX abre inscri\u00e7\u00f5es para programa de est\u00e1gio global focado em engenheiros de software e designers de produtos digitais\",\"datePublished\":\"2021-05-13T16:55:52+00:00\",\"mainEntityOfPage\":{\"@id\":\"https:\\\/\\\/abes.org.br\\\/vtex-abre-inscricoes-para-programa-de-estagio-global-focado-em-engenheiros-de-software-e-designers-de-produtos-digitais\\\/\"},\"wordCount\":858,\"publisher\":{\"@id\":\"https:\\\/\\\/abes.org.br\\\/#organization\"},\"keywords\":[\"design de produto\",\"engenheiros de software\",\"est\u00e1gio para estudantes de tecnologia\",\"plataforma e-commerce\",\"processo de sele\u00e7\u00e3o\",\"produtos digitais\",\"Vtex\"],\"articleSection\":[\"-Coluna 4\",\"\u00daltimas not\u00edcias\"],\"inLanguage\":\"en-US\"},{\"@type\":\"WebPage\",\"@id\":\"https:\\\/\\\/abes.org.br\\\/vtex-abre-inscricoes-para-programa-de-estagio-global-focado-em-engenheiros-de-software-e-designers-de-produtos-digitais\\\/\",\"url\":\"https:\\\/\\\/abes.org.br\\\/vtex-abre-inscricoes-para-programa-de-estagio-global-focado-em-engenheiros-de-software-e-designers-de-produtos-digitais\\\/\",\"name\":\"VTEX abre inscri\u00e7\u00f5es para programa de est\u00e1gio global focado em engenheiros de software e designers de produtos digitais - ABES\",\"isPartOf\":{\"@id\":\"https:\\\/\\\/abes.org.br\\\/#website\"},\"datePublished\":\"2021-05-13T16:55:52+00:00\",\"breadcrumb\":{\"@id\":\"https:\\\/\\\/abes.org.br\\\/vtex-abre-inscricoes-para-programa-de-estagio-global-focado-em-engenheiros-de-software-e-designers-de-produtos-digitais\\\/#breadcrumb\"},\"inLanguage\":\"en-US\",\"potentialAction\":[{\"@type\":\"ReadAction\",\"target\":[\"https:\\\/\\\/abes.org.br\\\/vtex-abre-inscricoes-para-programa-de-estagio-global-focado-em-engenheiros-de-software-e-designers-de-produtos-digitais\\\/\"]}]},{\"@type\":\"BreadcrumbList\",\"@id\":\"https:\\\/\\\/abes.org.br\\\/vtex-abre-inscricoes-para-programa-de-estagio-global-focado-em-engenheiros-de-software-e-designers-de-produtos-digitais\\\/#breadcrumb\",\"itemListElement\":[{\"@type\":\"ListItem\",\"position\":1,\"name\":\"In\u00edcio\",\"item\":\"https:\\\/\\\/abes.org.br\\\/\"},{\"@type\":\"ListItem\",\"position\":2,\"name\":\"VTEX abre inscri\u00e7\u00f5es para programa de est\u00e1gio global focado em engenheiros de software e designers de produtos digitais\"}]},{\"@type\":\"WebSite\",\"@id\":\"https:\\\/\\\/abes.org.br\\\/#website\",\"url\":\"https:\\\/\\\/abes.org.br\\\/\",\"name\":\"ABES\",\"description\":\"Associa\u00e7\u00e3o Brasileira das Empresas de Software\",\"publisher\":{\"@id\":\"https:\\\/\\\/abes.org.br\\\/#organization\"},\"potentialAction\":[{\"@type\":\"SearchAction\",\"target\":{\"@type\":\"EntryPoint\",\"urlTemplate\":\"https:\\\/\\\/abes.org.br\\\/?s={search_term_string}\"},\"query-input\":{\"@type\":\"PropertyValueSpecification\",\"valueRequired\":true,\"valueName\":\"search_term_string\"}}],\"inLanguage\":\"en-US\"},{\"@type\":\"Organization\",\"@id\":\"https:\\\/\\\/abes.org.br\\\/#organization\",\"name\":\"Associa\u00e7\u00e3o Brasileira das Empresas de Software\",\"url\":\"https:\\\/\\\/abes.org.br\\\/\",\"logo\":{\"@type\":\"ImageObject\",\"inLanguage\":\"en-US\",\"@id\":\"https:\\\/\\\/abes.org.br\\\/#\\\/schema\\\/logo\\\/image\\\/\",\"url\":\"https:\\\/\\\/abes.org.br\\\/wp-content\\\/uploads\\\/2020\\\/09\\\/logo_abes_marca_d_tagline_horizontal_verde-amarelo_cmyk.png\",\"contentUrl\":\"https:\\\/\\\/abes.org.br\\\/wp-content\\\/uploads\\\/2020\\\/09\\\/logo_abes_marca_d_tagline_horizontal_verde-amarelo_cmyk.png\",\"width\":324,\"height\":70,\"caption\":\"Associa\u00e7\u00e3o Brasileira das Empresas de Software\"},\"image\":{\"@id\":\"https:\\\/\\\/abes.org.br\\\/#\\\/schema\\\/logo\\\/image\\\/\"},\"sameAs\":[\"https:\\\/\\\/www.facebook.com\\\/ABES.software\",\"https:\\\/\\\/x.com\\\/ABES_SOFTWARE\",\"https:\\\/\\\/www.linkedin.com\\\/company\\\/abes-software\\\/\",\"https:\\\/\\\/www.instagram.com\\\/abes_software\\\/\"]},{\"@type\":\"Person\",\"@id\":\"https:\\\/\\\/abes.org.br\\\/#\\\/schema\\\/person\\\/d65ed84c8883a123fe668129fd6a7ed3\",\"name\":\"Editor ABES\",\"image\":{\"@type\":\"ImageObject\",\"inLanguage\":\"en-US\",\"@id\":\"https:\\\/\\\/secure.gravatar.com\\\/avatar\\\/3b207abce016c5e2ad6bf38914af9ad16e277128bb9b06dabb05bc191f02d7fe?s=96&d=mm&r=g\",\"url\":\"https:\\\/\\\/secure.gravatar.com\\\/avatar\\\/3b207abce016c5e2ad6bf38914af9ad16e277128bb9b06dabb05bc191f02d7fe?s=96&d=mm&r=g\",\"contentUrl\":\"https:\\\/\\\/secure.gravatar.com\\\/avatar\\\/3b207abce016c5e2ad6bf38914af9ad16e277128bb9b06dabb05bc191f02d7fe?s=96&d=mm&r=g\",\"caption\":\"Editor ABES\"},\"url\":\"https:\\\/\\\/abes.org.br\\\/en\\\/author\\\/editor-abes\\\/\"}]}<\/script>\n<!-- \/ Yoast SEO plugin. -->","yoast_head_json":{"title":"VTEX opens applications for global internship program focused on software engineers and digital product designers - ABES","robots":{"index":"index","follow":"follow","max-snippet":"max-snippet:-1","max-image-preview":"max-image-preview:large","max-video-preview":"max-video-preview:-1"},"canonical":"https:\/\/abes.org.br\/en\/vtex-abre-inscricoes-para-programa-de-estagio-global-focado-em-engenheiros-de-software-e-designers-de-produtos-digitais\/","og_locale":"en_US","og_type":"article","og_title":"VTEX abre inscri\u00e7\u00f5es para programa de est\u00e1gio global focado em engenheiros de software e designers de produtos digitais - ABES","og_description":"Os interessados devem se inscrever at\u00e9 11 de junho A VTEX, multinacional de tecnologia, criadora da plataforma de com\u00e9rcio que mais cresce no mundo*, est\u00e1 com as inscri\u00e7\u00f5es abertas para o\u00a0VTEX Internship\u00a0&#8211; programa de est\u00e1gio para estudantes de tecnologia de todo o mundo. Pela primeira vez desde sua cria\u00e7\u00e3o, al\u00e9m de vagas para futuras (os) [&hellip;]","og_url":"https:\/\/abes.org.br\/en\/vtex-abre-inscricoes-para-programa-de-estagio-global-focado-em-engenheiros-de-software-e-designers-de-produtos-digitais\/","og_site_name":"ABES","article_publisher":"https:\/\/www.facebook.com\/ABES.software","article_published_time":"2021-05-13T16:55:52+00:00","og_image":[{"width":3509,"height":2482,"url":"https:\/\/abes.org.br\/wp-content\/uploads\/2021\/01\/logo_abes_marca_tagline_horizontal_colorido_rgb.png","type":"image\/png"}],"author":"Editor ABES","twitter_card":"summary_large_image","twitter_creator":"@ABES_SOFTWARE","twitter_site":"@ABES_SOFTWARE","twitter_misc":{"Written by":"Editor ABES","Est. reading time":"4 minutes"},"schema":{"@context":"https:\/\/schema.org","@graph":[{"@type":"Article","@id":"https:\/\/abes.org.br\/vtex-abre-inscricoes-para-programa-de-estagio-global-focado-em-engenheiros-de-software-e-designers-de-produtos-digitais\/#article","isPartOf":{"@id":"https:\/\/abes.org.br\/vtex-abre-inscricoes-para-programa-de-estagio-global-focado-em-engenheiros-de-software-e-designers-de-produtos-digitais\/"},"author":{"name":"Editor ABES","@id":"https:\/\/abes.org.br\/#\/schema\/person\/d65ed84c8883a123fe668129fd6a7ed3"},"headline":"VTEX abre inscri\u00e7\u00f5es para programa de est\u00e1gio global focado em engenheiros de software e designers de produtos digitais","datePublished":"2021-05-13T16:55:52+00:00","mainEntityOfPage":{"@id":"https:\/\/abes.org.br\/vtex-abre-inscricoes-para-programa-de-estagio-global-focado-em-engenheiros-de-software-e-designers-de-produtos-digitais\/"},"wordCount":858,"publisher":{"@id":"https:\/\/abes.org.br\/#organization"},"keywords":["design de produto","engenheiros de software","est\u00e1gio para estudantes de tecnologia","plataforma e-commerce","processo de sele\u00e7\u00e3o","produtos digitais","Vtex"],"articleSection":["-Coluna 4","\u00daltimas not\u00edcias"],"inLanguage":"en-US"},{"@type":"WebPage","@id":"https:\/\/abes.org.br\/vtex-abre-inscricoes-para-programa-de-estagio-global-focado-em-engenheiros-de-software-e-designers-de-produtos-digitais\/","url":"https:\/\/abes.org.br\/vtex-abre-inscricoes-para-programa-de-estagio-global-focado-em-engenheiros-de-software-e-designers-de-produtos-digitais\/","name":"VTEX opens applications for global internship program focused on software engineers and digital product designers - ABES","isPartOf":{"@id":"https:\/\/abes.org.br\/#website"},"datePublished":"2021-05-13T16:55:52+00:00","breadcrumb":{"@id":"https:\/\/abes.org.br\/vtex-abre-inscricoes-para-programa-de-estagio-global-focado-em-engenheiros-de-software-e-designers-de-produtos-digitais\/#breadcrumb"},"inLanguage":"en-US","potentialAction":[{"@type":"ReadAction","target":["https:\/\/abes.org.br\/vtex-abre-inscricoes-para-programa-de-estagio-global-focado-em-engenheiros-de-software-e-designers-de-produtos-digitais\/"]}]},{"@type":"BreadcrumbList","@id":"https:\/\/abes.org.br\/vtex-abre-inscricoes-para-programa-de-estagio-global-focado-em-engenheiros-de-software-e-designers-de-produtos-digitais\/#breadcrumb","itemListElement":[{"@type":"ListItem","position":1,"name":"In\u00edcio","item":"https:\/\/abes.org.br\/"},{"@type":"ListItem","position":2,"name":"VTEX abre inscri\u00e7\u00f5es para programa de est\u00e1gio global focado em engenheiros de software e designers de produtos digitais"}]},{"@type":"WebSite","@id":"https:\/\/abes.org.br\/#website","url":"https:\/\/abes.org.br\/","name":"ABES","description":"Brazilian Association of Software Companies","publisher":{"@id":"https:\/\/abes.org.br\/#organization"},"potentialAction":[{"@type":"SearchAction","target":{"@type":"EntryPoint","urlTemplate":"https:\/\/abes.org.br\/?s={search_term_string}"},"query-input":{"@type":"PropertyValueSpecification","valueRequired":true,"valueName":"search_term_string"}}],"inLanguage":"en-US"},{"@type":"Organization","@id":"https:\/\/abes.org.br\/#organization","name":"Brazilian Association of Software Companies","url":"https:\/\/abes.org.br\/","logo":{"@type":"ImageObject","inLanguage":"en-US","@id":"https:\/\/abes.org.br\/#\/schema\/logo\/image\/","url":"https:\/\/abes.org.br\/wp-content\/uploads\/2020\/09\/logo_abes_marca_d_tagline_horizontal_verde-amarelo_cmyk.png","contentUrl":"https:\/\/abes.org.br\/wp-content\/uploads\/2020\/09\/logo_abes_marca_d_tagline_horizontal_verde-amarelo_cmyk.png","width":324,"height":70,"caption":"Associa\u00e7\u00e3o Brasileira das Empresas de Software"},"image":{"@id":"https:\/\/abes.org.br\/#\/schema\/logo\/image\/"},"sameAs":["https:\/\/www.facebook.com\/ABES.software","https:\/\/x.com\/ABES_SOFTWARE","https:\/\/www.linkedin.com\/company\/abes-software\/","https:\/\/www.instagram.com\/abes_software\/"]},{"@type":"Person","@id":"https:\/\/abes.org.br\/#\/schema\/person\/d65ed84c8883a123fe668129fd6a7ed3","name":"ABES Editor","image":{"@type":"ImageObject","inLanguage":"en-US","@id":"https:\/\/secure.gravatar.com\/avatar\/3b207abce016c5e2ad6bf38914af9ad16e277128bb9b06dabb05bc191f02d7fe?s=96&d=mm&r=g","url":"https:\/\/secure.gravatar.com\/avatar\/3b207abce016c5e2ad6bf38914af9ad16e277128bb9b06dabb05bc191f02d7fe?s=96&d=mm&r=g","contentUrl":"https:\/\/secure.gravatar.com\/avatar\/3b207abce016c5e2ad6bf38914af9ad16e277128bb9b06dabb05bc191f02d7fe?s=96&d=mm&r=g","caption":"Editor ABES"},"url":"https:\/\/abes.org.br\/en\/author\/editor-abes\/"}]}},"publishpress_future_action":{"enabled":false,"date":"2026-05-03 17:54:17","action":"change-status","newStatus":"draft","terms":[],"taxonomy":"category","extraData":[]},"publishpress_future_workflow_manual_trigger":{"enabledWorkflows":[]},"_links":{"self":[{"href":"https:\/\/abes.org.br\/en\/wp-json\/wp\/v2\/posts\/32495","targetHints":{"allow":["GET"]}}],"collection":[{"href":"https:\/\/abes.org.br\/en\/wp-json\/wp\/v2\/posts"}],"about":[{"href":"https:\/\/abes.org.br\/en\/wp-json\/wp\/v2\/types\/post"}],"author":[{"embeddable":true,"href":"https:\/\/abes.org.br\/en\/wp-json\/wp\/v2\/users\/10"}],"replies":[{"embeddable":true,"href":"https:\/\/abes.org.br\/en\/wp-json\/wp\/v2\/comments?post=32495"}],"version-history":[{"count":3,"href":"https:\/\/abes.org.br\/en\/wp-json\/wp\/v2\/posts\/32495\/revisions"}],"predecessor-version":[{"id":32498,"href":"https:\/\/abes.org.br\/en\/wp-json\/wp\/v2\/posts\/32495\/revisions\/32498"}],"wp:attachment":[{"href":"https:\/\/abes.org.br\/en\/wp-json\/wp\/v2\/media?parent=32495"}],"wp:term":[{"taxonomy":"category","embeddable":true,"href":"https:\/\/abes.org.br\/en\/wp-json\/wp\/v2\/categories?post=32495"},{"taxonomy":"post_tag","embeddable":true,"href":"https:\/\/abes.org.br\/en\/wp-json\/wp\/v2\/tags?post=32495"}],"curies":[{"name":"wp","href":"https:\/\/api.w.org\/{rel}","templated":true}]}}