{"id":32449,"date":"2021-05-17T09:19:32","date_gmt":"2021-05-17T12:19:32","guid":{"rendered":"https:\/\/abes.org.br\/?p=32449"},"modified":"2021-05-07T12:02:32","modified_gmt":"2021-05-07T15:02:32","slug":"tivit-anuncia-a-contratacao-de-andre-correia-para-liderar-area-de-digital-payments","status":"publish","type":"post","link":"https:\/\/abes.org.br\/en\/tivit-anuncia-a-contratacao-de-andre-correia-para-liderar-area-de-digital-payments\/","title":{"rendered":"TIVIT announces the hiring of Andr\u00e9 Correia to lead the digital payments area"},"content":{"rendered":"<p><em>The executive has extensive experience in digital business and in offering banking as a service - Banking as a Service<\/em><\/p>\n<p>TIVIT, a Brazilian multinational and one-stop-shop for technology, announces the hiring of Andr\u00e9 Correia to lead its digital payments area. With 20 years of experience in the area, the executive has expertise in project and product management, with an MBA from Funda\u00e7\u00e3o Get\u00falio Vargas and in Administration from Irvene Valley College, in California. In his career, Correia has worked for companies such as Banco Original, where he collaborated with the construction of the digital bank project, the PicPay application and Banco Ita\u00fa, where he spent fourteen years in the project planning area.<\/p>\n<p>\u201cAndr\u00e9 Correia&#039;s arrival is a major milestone for TIVIT. With your experience, we will reinforce the development of projects aimed at the renewal of the Brazilian financial system, focusing on the areas of\u00a0<em>Open Finance\u00a0<\/em>and\u00a0<em>Banking as a Service<\/em>\u201d, Says Luiz Mattar, co-founder and CEO of TIVIT. \u201cWithout a doubt, I can say that there are few professionals on the market with a vision as innovative in the financial area as Andr\u00e9\u201d, continues Mattar.<\/p>\n<p>\u201cI am very happy to announce my arrival at TIVIT, which has been investing more and more in high technology to take innovation to different sectors\u201d, explains Andr\u00e9 Correia. \u201cSince my first conversations with TIVIT, I have identified myself with the way of thinking about the company&#039;s business and I believe that we will achieve great results in the area of finance through technology\u201d, concludes the executive.<\/p>\n<p>&nbsp;<\/p>","protected":false},"excerpt":{"rendered":"<p>O executivo tem vasta experi\u00eancia em neg\u00f3cios digitais e na oferta de banco como servi\u00e7o \u2014 Banking as a Service A TIVIT, multinacional brasileira e one-stop-shop de tecnologia, anuncia a contrata\u00e7\u00e3o de Andr\u00e9 Correia para liderar a sua \u00e1rea de digital payments. Com 20 anos de experi\u00eancia na \u00e1rea, o executivo tem expertise na gest\u00e3o [&hellip;]<\/p>\n","protected":false},"author":10,"featured_media":0,"comment_status":"closed","ping_status":"closed","sticky":false,"template":"","format":"standard","meta":{"_acf_changed":false,"_et_pb_use_builder":"","_et_pb_old_content":"","_et_gb_content_width":"","footnotes":""},"categories":[39,19],"tags":[1496,1016,1377,862],"class_list":["post-32449","post","type-post","status-publish","format-standard","hentry","category-coluna-4","category-ultimas-noticias","tag-area-de-digital-payments","tag-contratacao-de-executivo","tag-desenvolvimento-de-projetos-de-inovacao","tag-tivit"],"acf":[],"yoast_head":"<!-- This site is optimized with the Yoast SEO plugin v27.3 - https:\/\/yoast.com\/product\/yoast-seo-wordpress\/ -->\n<title>TIVIT anuncia a contrata\u00e7\u00e3o de Andr\u00e9 Correia para liderar \u00e1rea de digital payments - ABES<\/title>\n<meta name=\"robots\" content=\"index, follow, max-snippet:-1, max-image-preview:large, max-video-preview:-1\" \/>\n<link rel=\"canonical\" href=\"https:\/\/abes.org.br\/en\/tivit-anuncia-a-contratacao-de-andre-correia-para-liderar-area-de-digital-payments\/\" \/>\n<meta property=\"og:locale\" content=\"en_US\" \/>\n<meta property=\"og:type\" content=\"article\" \/>\n<meta property=\"og:title\" content=\"TIVIT anuncia a contrata\u00e7\u00e3o de Andr\u00e9 Correia para liderar \u00e1rea de digital payments - ABES\" \/>\n<meta property=\"og:description\" content=\"O executivo tem vasta experi\u00eancia em neg\u00f3cios digitais e na oferta de banco como servi\u00e7o \u2014 Banking as a Service A TIVIT, multinacional brasileira e one-stop-shop de tecnologia, anuncia a contrata\u00e7\u00e3o de Andr\u00e9 Correia para liderar a sua \u00e1rea de digital payments. Com 20 anos de experi\u00eancia na \u00e1rea, o executivo tem expertise na gest\u00e3o [&hellip;]\" \/>\n<meta property=\"og:url\" content=\"https:\/\/abes.org.br\/en\/tivit-anuncia-a-contratacao-de-andre-correia-para-liderar-area-de-digital-payments\/\" \/>\n<meta property=\"og:site_name\" content=\"ABES\" \/>\n<meta property=\"article:publisher\" content=\"https:\/\/www.facebook.com\/ABES.software\" \/>\n<meta property=\"article:published_time\" content=\"2021-05-17T12:19:32+00:00\" \/>\n<meta property=\"og:image\" content=\"https:\/\/abes.org.br\/wp-content\/uploads\/2021\/01\/logo_abes_marca_tagline_horizontal_colorido_rgb.png\" \/>\n\t<meta property=\"og:image:width\" content=\"3509\" \/>\n\t<meta property=\"og:image:height\" content=\"2482\" \/>\n\t<meta property=\"og:image:type\" content=\"image\/png\" \/>\n<meta name=\"author\" content=\"Editor ABES\" \/>\n<meta name=\"twitter:card\" content=\"summary_large_image\" \/>\n<meta name=\"twitter:creator\" content=\"@ABES_SOFTWARE\" \/>\n<meta name=\"twitter:site\" content=\"@ABES_SOFTWARE\" \/>\n<meta name=\"twitter:label1\" content=\"Written by\" \/>\n\t<meta name=\"twitter:data1\" content=\"Editor ABES\" \/>\n\t<meta name=\"twitter:label2\" content=\"Est. reading time\" \/>\n\t<meta name=\"twitter:data2\" content=\"1 minute\" \/>\n<script type=\"application\/ld+json\" class=\"yoast-schema-graph\">{\"@context\":\"https:\\\/\\\/schema.org\",\"@graph\":[{\"@type\":\"Article\",\"@id\":\"https:\\\/\\\/abes.org.br\\\/tivit-anuncia-a-contratacao-de-andre-correia-para-liderar-area-de-digital-payments\\\/#article\",\"isPartOf\":{\"@id\":\"https:\\\/\\\/abes.org.br\\\/tivit-anuncia-a-contratacao-de-andre-correia-para-liderar-area-de-digital-payments\\\/\"},\"author\":{\"name\":\"Editor ABES\",\"@id\":\"https:\\\/\\\/abes.org.br\\\/#\\\/schema\\\/person\\\/d65ed84c8883a123fe668129fd6a7ed3\"},\"headline\":\"TIVIT anuncia a contrata\u00e7\u00e3o de Andr\u00e9 Correia para liderar \u00e1rea de digital payments\",\"datePublished\":\"2021-05-17T12:19:32+00:00\",\"mainEntityOfPage\":{\"@id\":\"https:\\\/\\\/abes.org.br\\\/tivit-anuncia-a-contratacao-de-andre-correia-para-liderar-area-de-digital-payments\\\/\"},\"wordCount\":281,\"publisher\":{\"@id\":\"https:\\\/\\\/abes.org.br\\\/#organization\"},\"keywords\":[\"\u00e1rea de digital payments\",\"contrata\u00e7\u00e3o de executivo\",\"desenvolvimento de projetos de inova\u00e7\u00e3o\",\"TIVIT\"],\"articleSection\":[\"-Coluna 4\",\"\u00daltimas not\u00edcias\"],\"inLanguage\":\"en-US\"},{\"@type\":\"WebPage\",\"@id\":\"https:\\\/\\\/abes.org.br\\\/tivit-anuncia-a-contratacao-de-andre-correia-para-liderar-area-de-digital-payments\\\/\",\"url\":\"https:\\\/\\\/abes.org.br\\\/tivit-anuncia-a-contratacao-de-andre-correia-para-liderar-area-de-digital-payments\\\/\",\"name\":\"TIVIT anuncia a contrata\u00e7\u00e3o de Andr\u00e9 Correia para liderar \u00e1rea de digital payments - ABES\",\"isPartOf\":{\"@id\":\"https:\\\/\\\/abes.org.br\\\/#website\"},\"datePublished\":\"2021-05-17T12:19:32+00:00\",\"breadcrumb\":{\"@id\":\"https:\\\/\\\/abes.org.br\\\/tivit-anuncia-a-contratacao-de-andre-correia-para-liderar-area-de-digital-payments\\\/#breadcrumb\"},\"inLanguage\":\"en-US\",\"potentialAction\":[{\"@type\":\"ReadAction\",\"target\":[\"https:\\\/\\\/abes.org.br\\\/tivit-anuncia-a-contratacao-de-andre-correia-para-liderar-area-de-digital-payments\\\/\"]}]},{\"@type\":\"BreadcrumbList\",\"@id\":\"https:\\\/\\\/abes.org.br\\\/tivit-anuncia-a-contratacao-de-andre-correia-para-liderar-area-de-digital-payments\\\/#breadcrumb\",\"itemListElement\":[{\"@type\":\"ListItem\",\"position\":1,\"name\":\"In\u00edcio\",\"item\":\"https:\\\/\\\/abes.org.br\\\/\"},{\"@type\":\"ListItem\",\"position\":2,\"name\":\"TIVIT anuncia a contrata\u00e7\u00e3o de Andr\u00e9 Correia para liderar \u00e1rea de digital payments\"}]},{\"@type\":\"WebSite\",\"@id\":\"https:\\\/\\\/abes.org.br\\\/#website\",\"url\":\"https:\\\/\\\/abes.org.br\\\/\",\"name\":\"ABES\",\"description\":\"Associa\u00e7\u00e3o Brasileira das Empresas de Software\",\"publisher\":{\"@id\":\"https:\\\/\\\/abes.org.br\\\/#organization\"},\"potentialAction\":[{\"@type\":\"SearchAction\",\"target\":{\"@type\":\"EntryPoint\",\"urlTemplate\":\"https:\\\/\\\/abes.org.br\\\/?s={search_term_string}\"},\"query-input\":{\"@type\":\"PropertyValueSpecification\",\"valueRequired\":true,\"valueName\":\"search_term_string\"}}],\"inLanguage\":\"en-US\"},{\"@type\":\"Organization\",\"@id\":\"https:\\\/\\\/abes.org.br\\\/#organization\",\"name\":\"Associa\u00e7\u00e3o Brasileira das Empresas de Software\",\"url\":\"https:\\\/\\\/abes.org.br\\\/\",\"logo\":{\"@type\":\"ImageObject\",\"inLanguage\":\"en-US\",\"@id\":\"https:\\\/\\\/abes.org.br\\\/#\\\/schema\\\/logo\\\/image\\\/\",\"url\":\"https:\\\/\\\/abes.org.br\\\/wp-content\\\/uploads\\\/2020\\\/09\\\/logo_abes_marca_d_tagline_horizontal_verde-amarelo_cmyk.png\",\"contentUrl\":\"https:\\\/\\\/abes.org.br\\\/wp-content\\\/uploads\\\/2020\\\/09\\\/logo_abes_marca_d_tagline_horizontal_verde-amarelo_cmyk.png\",\"width\":324,\"height\":70,\"caption\":\"Associa\u00e7\u00e3o Brasileira das Empresas de Software\"},\"image\":{\"@id\":\"https:\\\/\\\/abes.org.br\\\/#\\\/schema\\\/logo\\\/image\\\/\"},\"sameAs\":[\"https:\\\/\\\/www.facebook.com\\\/ABES.software\",\"https:\\\/\\\/x.com\\\/ABES_SOFTWARE\",\"https:\\\/\\\/www.linkedin.com\\\/company\\\/abes-software\\\/\",\"https:\\\/\\\/www.instagram.com\\\/abes_software\\\/\"]},{\"@type\":\"Person\",\"@id\":\"https:\\\/\\\/abes.org.br\\\/#\\\/schema\\\/person\\\/d65ed84c8883a123fe668129fd6a7ed3\",\"name\":\"Editor ABES\",\"image\":{\"@type\":\"ImageObject\",\"inLanguage\":\"en-US\",\"@id\":\"https:\\\/\\\/secure.gravatar.com\\\/avatar\\\/3b207abce016c5e2ad6bf38914af9ad16e277128bb9b06dabb05bc191f02d7fe?s=96&d=mm&r=g\",\"url\":\"https:\\\/\\\/secure.gravatar.com\\\/avatar\\\/3b207abce016c5e2ad6bf38914af9ad16e277128bb9b06dabb05bc191f02d7fe?s=96&d=mm&r=g\",\"contentUrl\":\"https:\\\/\\\/secure.gravatar.com\\\/avatar\\\/3b207abce016c5e2ad6bf38914af9ad16e277128bb9b06dabb05bc191f02d7fe?s=96&d=mm&r=g\",\"caption\":\"Editor ABES\"},\"url\":\"https:\\\/\\\/abes.org.br\\\/en\\\/author\\\/editor-abes\\\/\"}]}<\/script>\n<!-- \/ Yoast SEO plugin. -->","yoast_head_json":{"title":"TIVIT anuncia a contrata\u00e7\u00e3o de Andr\u00e9 Correia para liderar \u00e1rea de digital payments - ABES","robots":{"index":"index","follow":"follow","max-snippet":"max-snippet:-1","max-image-preview":"max-image-preview:large","max-video-preview":"max-video-preview:-1"},"canonical":"https:\/\/abes.org.br\/en\/tivit-anuncia-a-contratacao-de-andre-correia-para-liderar-area-de-digital-payments\/","og_locale":"en_US","og_type":"article","og_title":"TIVIT anuncia a contrata\u00e7\u00e3o de Andr\u00e9 Correia para liderar \u00e1rea de digital payments - ABES","og_description":"O executivo tem vasta experi\u00eancia em neg\u00f3cios digitais e na oferta de banco como servi\u00e7o \u2014 Banking as a Service A TIVIT, multinacional brasileira e one-stop-shop de tecnologia, anuncia a contrata\u00e7\u00e3o de Andr\u00e9 Correia para liderar a sua \u00e1rea de digital payments. Com 20 anos de experi\u00eancia na \u00e1rea, o executivo tem expertise na gest\u00e3o [&hellip;]","og_url":"https:\/\/abes.org.br\/en\/tivit-anuncia-a-contratacao-de-andre-correia-para-liderar-area-de-digital-payments\/","og_site_name":"ABES","article_publisher":"https:\/\/www.facebook.com\/ABES.software","article_published_time":"2021-05-17T12:19:32+00:00","og_image":[{"width":3509,"height":2482,"url":"https:\/\/abes.org.br\/wp-content\/uploads\/2021\/01\/logo_abes_marca_tagline_horizontal_colorido_rgb.png","type":"image\/png"}],"author":"Editor ABES","twitter_card":"summary_large_image","twitter_creator":"@ABES_SOFTWARE","twitter_site":"@ABES_SOFTWARE","twitter_misc":{"Written by":"Editor ABES","Est. reading time":"1 minute"},"schema":{"@context":"https:\/\/schema.org","@graph":[{"@type":"Article","@id":"https:\/\/abes.org.br\/tivit-anuncia-a-contratacao-de-andre-correia-para-liderar-area-de-digital-payments\/#article","isPartOf":{"@id":"https:\/\/abes.org.br\/tivit-anuncia-a-contratacao-de-andre-correia-para-liderar-area-de-digital-payments\/"},"author":{"name":"Editor ABES","@id":"https:\/\/abes.org.br\/#\/schema\/person\/d65ed84c8883a123fe668129fd6a7ed3"},"headline":"TIVIT anuncia a contrata\u00e7\u00e3o de Andr\u00e9 Correia para liderar \u00e1rea de digital payments","datePublished":"2021-05-17T12:19:32+00:00","mainEntityOfPage":{"@id":"https:\/\/abes.org.br\/tivit-anuncia-a-contratacao-de-andre-correia-para-liderar-area-de-digital-payments\/"},"wordCount":281,"publisher":{"@id":"https:\/\/abes.org.br\/#organization"},"keywords":["\u00e1rea de digital payments","contrata\u00e7\u00e3o de executivo","desenvolvimento de projetos de inova\u00e7\u00e3o","TIVIT"],"articleSection":["-Coluna 4","\u00daltimas not\u00edcias"],"inLanguage":"en-US"},{"@type":"WebPage","@id":"https:\/\/abes.org.br\/tivit-anuncia-a-contratacao-de-andre-correia-para-liderar-area-de-digital-payments\/","url":"https:\/\/abes.org.br\/tivit-anuncia-a-contratacao-de-andre-correia-para-liderar-area-de-digital-payments\/","name":"TIVIT anuncia a contrata\u00e7\u00e3o de Andr\u00e9 Correia para liderar \u00e1rea de digital payments - ABES","isPartOf":{"@id":"https:\/\/abes.org.br\/#website"},"datePublished":"2021-05-17T12:19:32+00:00","breadcrumb":{"@id":"https:\/\/abes.org.br\/tivit-anuncia-a-contratacao-de-andre-correia-para-liderar-area-de-digital-payments\/#breadcrumb"},"inLanguage":"en-US","potentialAction":[{"@type":"ReadAction","target":["https:\/\/abes.org.br\/tivit-anuncia-a-contratacao-de-andre-correia-para-liderar-area-de-digital-payments\/"]}]},{"@type":"BreadcrumbList","@id":"https:\/\/abes.org.br\/tivit-anuncia-a-contratacao-de-andre-correia-para-liderar-area-de-digital-payments\/#breadcrumb","itemListElement":[{"@type":"ListItem","position":1,"name":"In\u00edcio","item":"https:\/\/abes.org.br\/"},{"@type":"ListItem","position":2,"name":"TIVIT anuncia a contrata\u00e7\u00e3o de Andr\u00e9 Correia para liderar \u00e1rea de digital payments"}]},{"@type":"WebSite","@id":"https:\/\/abes.org.br\/#website","url":"https:\/\/abes.org.br\/","name":"ABES","description":"Brazilian Association of Software Companies","publisher":{"@id":"https:\/\/abes.org.br\/#organization"},"potentialAction":[{"@type":"SearchAction","target":{"@type":"EntryPoint","urlTemplate":"https:\/\/abes.org.br\/?s={search_term_string}"},"query-input":{"@type":"PropertyValueSpecification","valueRequired":true,"valueName":"search_term_string"}}],"inLanguage":"en-US"},{"@type":"Organization","@id":"https:\/\/abes.org.br\/#organization","name":"Brazilian Association of Software Companies","url":"https:\/\/abes.org.br\/","logo":{"@type":"ImageObject","inLanguage":"en-US","@id":"https:\/\/abes.org.br\/#\/schema\/logo\/image\/","url":"https:\/\/abes.org.br\/wp-content\/uploads\/2020\/09\/logo_abes_marca_d_tagline_horizontal_verde-amarelo_cmyk.png","contentUrl":"https:\/\/abes.org.br\/wp-content\/uploads\/2020\/09\/logo_abes_marca_d_tagline_horizontal_verde-amarelo_cmyk.png","width":324,"height":70,"caption":"Associa\u00e7\u00e3o Brasileira das Empresas de Software"},"image":{"@id":"https:\/\/abes.org.br\/#\/schema\/logo\/image\/"},"sameAs":["https:\/\/www.facebook.com\/ABES.software","https:\/\/x.com\/ABES_SOFTWARE","https:\/\/www.linkedin.com\/company\/abes-software\/","https:\/\/www.instagram.com\/abes_software\/"]},{"@type":"Person","@id":"https:\/\/abes.org.br\/#\/schema\/person\/d65ed84c8883a123fe668129fd6a7ed3","name":"ABES Editor","image":{"@type":"ImageObject","inLanguage":"en-US","@id":"https:\/\/secure.gravatar.com\/avatar\/3b207abce016c5e2ad6bf38914af9ad16e277128bb9b06dabb05bc191f02d7fe?s=96&d=mm&r=g","url":"https:\/\/secure.gravatar.com\/avatar\/3b207abce016c5e2ad6bf38914af9ad16e277128bb9b06dabb05bc191f02d7fe?s=96&d=mm&r=g","contentUrl":"https:\/\/secure.gravatar.com\/avatar\/3b207abce016c5e2ad6bf38914af9ad16e277128bb9b06dabb05bc191f02d7fe?s=96&d=mm&r=g","caption":"Editor ABES"},"url":"https:\/\/abes.org.br\/en\/author\/editor-abes\/"}]}},"publishpress_future_action":{"enabled":false,"date":"2026-05-03 17:45:23","action":"change-status","newStatus":"draft","terms":[],"taxonomy":"category","extraData":[]},"publishpress_future_workflow_manual_trigger":{"enabledWorkflows":[]},"_links":{"self":[{"href":"https:\/\/abes.org.br\/en\/wp-json\/wp\/v2\/posts\/32449","targetHints":{"allow":["GET"]}}],"collection":[{"href":"https:\/\/abes.org.br\/en\/wp-json\/wp\/v2\/posts"}],"about":[{"href":"https:\/\/abes.org.br\/en\/wp-json\/wp\/v2\/types\/post"}],"author":[{"embeddable":true,"href":"https:\/\/abes.org.br\/en\/wp-json\/wp\/v2\/users\/10"}],"replies":[{"embeddable":true,"href":"https:\/\/abes.org.br\/en\/wp-json\/wp\/v2\/comments?post=32449"}],"version-history":[{"count":1,"href":"https:\/\/abes.org.br\/en\/wp-json\/wp\/v2\/posts\/32449\/revisions"}],"predecessor-version":[{"id":32450,"href":"https:\/\/abes.org.br\/en\/wp-json\/wp\/v2\/posts\/32449\/revisions\/32450"}],"wp:attachment":[{"href":"https:\/\/abes.org.br\/en\/wp-json\/wp\/v2\/media?parent=32449"}],"wp:term":[{"taxonomy":"category","embeddable":true,"href":"https:\/\/abes.org.br\/en\/wp-json\/wp\/v2\/categories?post=32449"},{"taxonomy":"post_tag","embeddable":true,"href":"https:\/\/abes.org.br\/en\/wp-json\/wp\/v2\/tags?post=32449"}],"curies":[{"name":"wp","href":"https:\/\/api.w.org\/{rel}","templated":true}]}}