{"id":32163,"date":"2021-05-04T13:34:53","date_gmt":"2021-05-04T16:34:53","guid":{"rendered":"https:\/\/abes.org.br\/?p=32163"},"modified":"2021-05-04T22:23:25","modified_gmt":"2021-05-05T01:23:25","slug":"aceleradora-abre-inscricoes-para-novo-programa-de-aceleracao","status":"publish","type":"post","link":"https:\/\/abes.org.br\/en\/aceleradora-abre-inscricoes-para-novo-programa-de-aceleracao\/","title":{"rendered":"Overdrives opens registration for new acceleration program"},"content":{"rendered":"<p><em>Startups from any region of Brazil and aimed at any segment can enroll until the day\u00a0<\/em><em>May 30th and the selected ones will be known in June<\/em><\/p>\n<p>The accelerator Overdrives, which is maintained by Grupo Ser Educacional - one of the largest Brazilian groups of higher education, has just opened registration for the new acceleration program that will select up to 5 Brazilian startups from any region of the country.\u00a0<strong>Interested parties will have until May 30 to submit their projects at\u00a0<\/strong><a href=\"http:\/\/overdrives.com.br\/#programadeaceleracao\" target=\"_blank\" rel=\"noopener noreferrer\" data-saferedirecturl=\"https:\/\/www.google.com\/url?q=https:\/\/na01.safelinks.protection.outlook.com\/?url%3Dhttps%253A%252F%252Fmailtrack.io%252Ftrace%252Flink%252F3d7c8bc9d9517c93db6e812e26092c062b80c905%253Furl%253Dhttp%25253A%25252F%25252Foverdrives.com.br%25252F%252523programadeaceleracao%2526userId%253D2097728%2526signature%253D86add1eb50babd57%26data%3D04%257C01%257C%257C80192ad5ac064096f06e08d90bf263dc%257C84df9e7fe9f640afb435aaaaaaaaaaaa%257C1%257C0%257C637553957949577417%257CUnknown%257CTWFpbGZsb3d8eyJWIjoiMC4wLjAwMDAiLCJQIjoiV2luMzIiLCJBTiI6Ik1haWwiLCJXVCI6Mn0%253D%257C1000%26sdata%3DvRDcqeLSPYatxSvKruWN00%252BOJw1P0Sk05UCDXTcwUA4%253D%26reserved%3D0&amp;source=gmail&amp;ust=1619886436716000&amp;usg=AFQjCNH30p-eEWpbWRkNxpJmAegWH1cFQA\"><strong>site<\/strong><\/a><strong>.<\/strong>\u00a0<u><\/u><u><\/u><u><\/u>\u00a0<u><\/u><\/p>\n<p>Each selected team will receive a contribution in the amount of 120 thousand reais and will have professional training and connection with the global innovation market.<strong>\u00a0<\/strong>The focus of the selection is to identify startups in the beginning of operations, that is, with an initial product on the market and the first customers in use. The program will take place remotely due to the pandemic of the new coronavirus and startups from any region of Brazil, aimed at any economic segment can apply.\u00a0<u><\/u><u><\/u><u><\/u>\u00a0<u><\/u><\/p>\n<p>The program has 6 months of intense acceleration immersion. In all editions they deliver a wide network of mentors, investors and specialists in different markets. With an active methodology, the acceleration program assists in making strategic decisions, in creating a strong operation and in connecting with a network of experienced mentors in key areas for the development of startups. The accelerator supports national startups with different business and market models.<u><\/u><u><\/u><u><\/u>\u00a0<u><\/u><\/p>\n<p>\u201cWith the pandemic of the new coronavirus, our entire methodological base was redesigned so that, today, being remote is strategically more interesting. The new method was applied in the last two classes and proved to deliver the same quality of the face-to-face processes \u201d, explained the head of the accelerator, Luiz Gomes. In addition, in the last edition, one of the accelerated startups received a contribution of R$600.000,00 already in the 3rd month of the acceleration.<u><\/u><u><\/u><u><\/u>\u00a0<u><\/u><\/p>\n<p>The program presents an attractive acceleration model to cover the five main demands of startups in the beginning of operations: Access to capital, Strategic and Operational Monitoring, Connection with the Market, Technical Support through an extensive network of mentors and the development of a entrepreneurial community open to the exchange of experiences.<u><\/u><u><\/u><u><\/u>\u00a0<u><\/u><\/p>\n<p>With almost 3 years of operation, Overdrives has already received more than 1,000 registrations and carried out 4 acceleration classes, investing more than R $ 1.5 million in 16 startups that operate in 7 different markets. For 2021, the accelerator intends to make 10 investments approaching even more startups that operate in any regions of Brazil.<\/p>\n<p>&nbsp;<\/p>","protected":false},"excerpt":{"rendered":"<p>Startups de qualquer regi\u00e3o do Brasil e voltadas a qualquer segmento podem se inscrever at\u00e9 o dia\u00a030 de maio e as selecionadas ser\u00e3o conhecidas em junho A aceleradora\u00a0Overdrives, que \u00e9 mantida pelo Grupo Ser Educacional &#8211; um dos maiores grupos brasileiros de educa\u00e7\u00e3o superior, acaba de abrir inscri\u00e7\u00f5es para o novo programa de acelera\u00e7\u00e3o que [&hellip;]<\/p>\n","protected":false},"author":10,"featured_media":0,"comment_status":"closed","ping_status":"closed","sticky":false,"template":"","format":"standard","meta":{"_acf_changed":false,"_et_pb_use_builder":"","_et_pb_old_content":"","_et_gb_content_width":"","footnotes":""},"categories":[39,19],"tags":[721,1440,1442,318,1441],"class_list":["post-32163","post","type-post","status-publish","format-standard","hentry","category-coluna-4","category-ultimas-noticias","tag-capacitacao-profissional","tag-grupo-ser-educacional","tag-mercado-global-de-inovacao","tag-programa-de-aceleracao","tag-startups-brasileiras"],"acf":[],"yoast_head":"<!-- This site is optimized with the Yoast SEO plugin v27.3 - https:\/\/yoast.com\/product\/yoast-seo-wordpress\/ -->\n<title>Overdrives abre inscri\u00e7\u00f5es para novo programa de acelera\u00e7\u00e3o - ABES<\/title>\n<meta name=\"robots\" content=\"index, follow, max-snippet:-1, max-image-preview:large, max-video-preview:-1\" \/>\n<link rel=\"canonical\" href=\"https:\/\/abes.org.br\/en\/aceleradora-abre-inscricoes-para-novo-programa-de-aceleracao\/\" \/>\n<meta property=\"og:locale\" content=\"en_US\" \/>\n<meta property=\"og:type\" content=\"article\" \/>\n<meta property=\"og:title\" content=\"Overdrives abre inscri\u00e7\u00f5es para novo programa de acelera\u00e7\u00e3o - ABES\" \/>\n<meta property=\"og:description\" content=\"Startups de qualquer regi\u00e3o do Brasil e voltadas a qualquer segmento podem se inscrever at\u00e9 o dia\u00a030 de maio e as selecionadas ser\u00e3o conhecidas em junho A aceleradora\u00a0Overdrives, que \u00e9 mantida pelo Grupo Ser Educacional &#8211; um dos maiores grupos brasileiros de educa\u00e7\u00e3o superior, acaba de abrir inscri\u00e7\u00f5es para o novo programa de acelera\u00e7\u00e3o que [&hellip;]\" \/>\n<meta property=\"og:url\" content=\"https:\/\/abes.org.br\/en\/aceleradora-abre-inscricoes-para-novo-programa-de-aceleracao\/\" \/>\n<meta property=\"og:site_name\" content=\"ABES\" \/>\n<meta property=\"article:publisher\" content=\"https:\/\/www.facebook.com\/ABES.software\" \/>\n<meta property=\"article:published_time\" content=\"2021-05-04T16:34:53+00:00\" \/>\n<meta property=\"article:modified_time\" content=\"2021-05-05T01:23:25+00:00\" \/>\n<meta property=\"og:image\" content=\"https:\/\/abes.org.br\/wp-content\/uploads\/2021\/01\/logo_abes_marca_tagline_horizontal_colorido_rgb.png\" \/>\n\t<meta property=\"og:image:width\" content=\"3509\" \/>\n\t<meta property=\"og:image:height\" content=\"2482\" \/>\n\t<meta property=\"og:image:type\" content=\"image\/png\" \/>\n<meta name=\"author\" content=\"Editor ABES\" \/>\n<meta name=\"twitter:card\" content=\"summary_large_image\" \/>\n<meta name=\"twitter:creator\" content=\"@ABES_SOFTWARE\" \/>\n<meta name=\"twitter:site\" content=\"@ABES_SOFTWARE\" \/>\n<meta name=\"twitter:label1\" content=\"Written by\" \/>\n\t<meta name=\"twitter:data1\" content=\"Editor ABES\" \/>\n\t<meta name=\"twitter:label2\" content=\"Est. reading time\" \/>\n\t<meta name=\"twitter:data2\" content=\"2 minutes\" \/>\n<script type=\"application\/ld+json\" class=\"yoast-schema-graph\">{\"@context\":\"https:\\\/\\\/schema.org\",\"@graph\":[{\"@type\":\"Article\",\"@id\":\"https:\\\/\\\/abes.org.br\\\/aceleradora-abre-inscricoes-para-novo-programa-de-aceleracao\\\/#article\",\"isPartOf\":{\"@id\":\"https:\\\/\\\/abes.org.br\\\/aceleradora-abre-inscricoes-para-novo-programa-de-aceleracao\\\/\"},\"author\":{\"name\":\"Editor ABES\",\"@id\":\"https:\\\/\\\/abes.org.br\\\/#\\\/schema\\\/person\\\/d65ed84c8883a123fe668129fd6a7ed3\"},\"headline\":\"Overdrives abre inscri\u00e7\u00f5es para novo programa de acelera\u00e7\u00e3o\",\"datePublished\":\"2021-05-04T16:34:53+00:00\",\"dateModified\":\"2021-05-05T01:23:25+00:00\",\"mainEntityOfPage\":{\"@id\":\"https:\\\/\\\/abes.org.br\\\/aceleradora-abre-inscricoes-para-novo-programa-de-aceleracao\\\/\"},\"wordCount\":453,\"publisher\":{\"@id\":\"https:\\\/\\\/abes.org.br\\\/#organization\"},\"keywords\":[\"capacita\u00e7\u00e3o profissional\",\"Grupo Ser Educacional\",\"mercado global de inova\u00e7\u00e3o\",\"programa de acelera\u00e7\u00e3o\",\"startups brasileiras\"],\"articleSection\":[\"-Coluna 4\",\"\u00daltimas not\u00edcias\"],\"inLanguage\":\"en-US\"},{\"@type\":\"WebPage\",\"@id\":\"https:\\\/\\\/abes.org.br\\\/aceleradora-abre-inscricoes-para-novo-programa-de-aceleracao\\\/\",\"url\":\"https:\\\/\\\/abes.org.br\\\/aceleradora-abre-inscricoes-para-novo-programa-de-aceleracao\\\/\",\"name\":\"Overdrives abre inscri\u00e7\u00f5es para novo programa de acelera\u00e7\u00e3o - ABES\",\"isPartOf\":{\"@id\":\"https:\\\/\\\/abes.org.br\\\/#website\"},\"datePublished\":\"2021-05-04T16:34:53+00:00\",\"dateModified\":\"2021-05-05T01:23:25+00:00\",\"breadcrumb\":{\"@id\":\"https:\\\/\\\/abes.org.br\\\/aceleradora-abre-inscricoes-para-novo-programa-de-aceleracao\\\/#breadcrumb\"},\"inLanguage\":\"en-US\",\"potentialAction\":[{\"@type\":\"ReadAction\",\"target\":[\"https:\\\/\\\/abes.org.br\\\/aceleradora-abre-inscricoes-para-novo-programa-de-aceleracao\\\/\"]}]},{\"@type\":\"BreadcrumbList\",\"@id\":\"https:\\\/\\\/abes.org.br\\\/aceleradora-abre-inscricoes-para-novo-programa-de-aceleracao\\\/#breadcrumb\",\"itemListElement\":[{\"@type\":\"ListItem\",\"position\":1,\"name\":\"In\u00edcio\",\"item\":\"https:\\\/\\\/abes.org.br\\\/\"},{\"@type\":\"ListItem\",\"position\":2,\"name\":\"Overdrives abre inscri\u00e7\u00f5es para novo programa de acelera\u00e7\u00e3o\"}]},{\"@type\":\"WebSite\",\"@id\":\"https:\\\/\\\/abes.org.br\\\/#website\",\"url\":\"https:\\\/\\\/abes.org.br\\\/\",\"name\":\"ABES\",\"description\":\"Associa\u00e7\u00e3o Brasileira das Empresas de Software\",\"publisher\":{\"@id\":\"https:\\\/\\\/abes.org.br\\\/#organization\"},\"potentialAction\":[{\"@type\":\"SearchAction\",\"target\":{\"@type\":\"EntryPoint\",\"urlTemplate\":\"https:\\\/\\\/abes.org.br\\\/?s={search_term_string}\"},\"query-input\":{\"@type\":\"PropertyValueSpecification\",\"valueRequired\":true,\"valueName\":\"search_term_string\"}}],\"inLanguage\":\"en-US\"},{\"@type\":\"Organization\",\"@id\":\"https:\\\/\\\/abes.org.br\\\/#organization\",\"name\":\"Associa\u00e7\u00e3o Brasileira das Empresas de Software\",\"url\":\"https:\\\/\\\/abes.org.br\\\/\",\"logo\":{\"@type\":\"ImageObject\",\"inLanguage\":\"en-US\",\"@id\":\"https:\\\/\\\/abes.org.br\\\/#\\\/schema\\\/logo\\\/image\\\/\",\"url\":\"https:\\\/\\\/abes.org.br\\\/wp-content\\\/uploads\\\/2020\\\/09\\\/logo_abes_marca_d_tagline_horizontal_verde-amarelo_cmyk.png\",\"contentUrl\":\"https:\\\/\\\/abes.org.br\\\/wp-content\\\/uploads\\\/2020\\\/09\\\/logo_abes_marca_d_tagline_horizontal_verde-amarelo_cmyk.png\",\"width\":324,\"height\":70,\"caption\":\"Associa\u00e7\u00e3o Brasileira das Empresas de Software\"},\"image\":{\"@id\":\"https:\\\/\\\/abes.org.br\\\/#\\\/schema\\\/logo\\\/image\\\/\"},\"sameAs\":[\"https:\\\/\\\/www.facebook.com\\\/ABES.software\",\"https:\\\/\\\/x.com\\\/ABES_SOFTWARE\",\"https:\\\/\\\/www.linkedin.com\\\/company\\\/abes-software\\\/\",\"https:\\\/\\\/www.instagram.com\\\/abes_software\\\/\"]},{\"@type\":\"Person\",\"@id\":\"https:\\\/\\\/abes.org.br\\\/#\\\/schema\\\/person\\\/d65ed84c8883a123fe668129fd6a7ed3\",\"name\":\"Editor ABES\",\"image\":{\"@type\":\"ImageObject\",\"inLanguage\":\"en-US\",\"@id\":\"https:\\\/\\\/secure.gravatar.com\\\/avatar\\\/3b207abce016c5e2ad6bf38914af9ad16e277128bb9b06dabb05bc191f02d7fe?s=96&d=mm&r=g\",\"url\":\"https:\\\/\\\/secure.gravatar.com\\\/avatar\\\/3b207abce016c5e2ad6bf38914af9ad16e277128bb9b06dabb05bc191f02d7fe?s=96&d=mm&r=g\",\"contentUrl\":\"https:\\\/\\\/secure.gravatar.com\\\/avatar\\\/3b207abce016c5e2ad6bf38914af9ad16e277128bb9b06dabb05bc191f02d7fe?s=96&d=mm&r=g\",\"caption\":\"Editor ABES\"},\"url\":\"https:\\\/\\\/abes.org.br\\\/en\\\/author\\\/editor-abes\\\/\"}]}<\/script>\n<!-- \/ Yoast SEO plugin. -->","yoast_head_json":{"title":"Overdrives opens registration for new acceleration program - ABES","robots":{"index":"index","follow":"follow","max-snippet":"max-snippet:-1","max-image-preview":"max-image-preview:large","max-video-preview":"max-video-preview:-1"},"canonical":"https:\/\/abes.org.br\/en\/aceleradora-abre-inscricoes-para-novo-programa-de-aceleracao\/","og_locale":"en_US","og_type":"article","og_title":"Overdrives abre inscri\u00e7\u00f5es para novo programa de acelera\u00e7\u00e3o - ABES","og_description":"Startups de qualquer regi\u00e3o do Brasil e voltadas a qualquer segmento podem se inscrever at\u00e9 o dia\u00a030 de maio e as selecionadas ser\u00e3o conhecidas em junho A aceleradora\u00a0Overdrives, que \u00e9 mantida pelo Grupo Ser Educacional &#8211; um dos maiores grupos brasileiros de educa\u00e7\u00e3o superior, acaba de abrir inscri\u00e7\u00f5es para o novo programa de acelera\u00e7\u00e3o que [&hellip;]","og_url":"https:\/\/abes.org.br\/en\/aceleradora-abre-inscricoes-para-novo-programa-de-aceleracao\/","og_site_name":"ABES","article_publisher":"https:\/\/www.facebook.com\/ABES.software","article_published_time":"2021-05-04T16:34:53+00:00","article_modified_time":"2021-05-05T01:23:25+00:00","og_image":[{"width":3509,"height":2482,"url":"https:\/\/abes.org.br\/wp-content\/uploads\/2021\/01\/logo_abes_marca_tagline_horizontal_colorido_rgb.png","type":"image\/png"}],"author":"Editor ABES","twitter_card":"summary_large_image","twitter_creator":"@ABES_SOFTWARE","twitter_site":"@ABES_SOFTWARE","twitter_misc":{"Written by":"Editor ABES","Est. reading time":"2 minutes"},"schema":{"@context":"https:\/\/schema.org","@graph":[{"@type":"Article","@id":"https:\/\/abes.org.br\/aceleradora-abre-inscricoes-para-novo-programa-de-aceleracao\/#article","isPartOf":{"@id":"https:\/\/abes.org.br\/aceleradora-abre-inscricoes-para-novo-programa-de-aceleracao\/"},"author":{"name":"Editor ABES","@id":"https:\/\/abes.org.br\/#\/schema\/person\/d65ed84c8883a123fe668129fd6a7ed3"},"headline":"Overdrives abre inscri\u00e7\u00f5es para novo programa de acelera\u00e7\u00e3o","datePublished":"2021-05-04T16:34:53+00:00","dateModified":"2021-05-05T01:23:25+00:00","mainEntityOfPage":{"@id":"https:\/\/abes.org.br\/aceleradora-abre-inscricoes-para-novo-programa-de-aceleracao\/"},"wordCount":453,"publisher":{"@id":"https:\/\/abes.org.br\/#organization"},"keywords":["capacita\u00e7\u00e3o profissional","Grupo Ser Educacional","mercado global de inova\u00e7\u00e3o","programa de acelera\u00e7\u00e3o","startups brasileiras"],"articleSection":["-Coluna 4","\u00daltimas not\u00edcias"],"inLanguage":"en-US"},{"@type":"WebPage","@id":"https:\/\/abes.org.br\/aceleradora-abre-inscricoes-para-novo-programa-de-aceleracao\/","url":"https:\/\/abes.org.br\/aceleradora-abre-inscricoes-para-novo-programa-de-aceleracao\/","name":"Overdrives opens registration for new acceleration program - ABES","isPartOf":{"@id":"https:\/\/abes.org.br\/#website"},"datePublished":"2021-05-04T16:34:53+00:00","dateModified":"2021-05-05T01:23:25+00:00","breadcrumb":{"@id":"https:\/\/abes.org.br\/aceleradora-abre-inscricoes-para-novo-programa-de-aceleracao\/#breadcrumb"},"inLanguage":"en-US","potentialAction":[{"@type":"ReadAction","target":["https:\/\/abes.org.br\/aceleradora-abre-inscricoes-para-novo-programa-de-aceleracao\/"]}]},{"@type":"BreadcrumbList","@id":"https:\/\/abes.org.br\/aceleradora-abre-inscricoes-para-novo-programa-de-aceleracao\/#breadcrumb","itemListElement":[{"@type":"ListItem","position":1,"name":"In\u00edcio","item":"https:\/\/abes.org.br\/"},{"@type":"ListItem","position":2,"name":"Overdrives abre inscri\u00e7\u00f5es para novo programa de acelera\u00e7\u00e3o"}]},{"@type":"WebSite","@id":"https:\/\/abes.org.br\/#website","url":"https:\/\/abes.org.br\/","name":"ABES","description":"Brazilian Association of Software Companies","publisher":{"@id":"https:\/\/abes.org.br\/#organization"},"potentialAction":[{"@type":"SearchAction","target":{"@type":"EntryPoint","urlTemplate":"https:\/\/abes.org.br\/?s={search_term_string}"},"query-input":{"@type":"PropertyValueSpecification","valueRequired":true,"valueName":"search_term_string"}}],"inLanguage":"en-US"},{"@type":"Organization","@id":"https:\/\/abes.org.br\/#organization","name":"Brazilian Association of Software Companies","url":"https:\/\/abes.org.br\/","logo":{"@type":"ImageObject","inLanguage":"en-US","@id":"https:\/\/abes.org.br\/#\/schema\/logo\/image\/","url":"https:\/\/abes.org.br\/wp-content\/uploads\/2020\/09\/logo_abes_marca_d_tagline_horizontal_verde-amarelo_cmyk.png","contentUrl":"https:\/\/abes.org.br\/wp-content\/uploads\/2020\/09\/logo_abes_marca_d_tagline_horizontal_verde-amarelo_cmyk.png","width":324,"height":70,"caption":"Associa\u00e7\u00e3o Brasileira das Empresas de Software"},"image":{"@id":"https:\/\/abes.org.br\/#\/schema\/logo\/image\/"},"sameAs":["https:\/\/www.facebook.com\/ABES.software","https:\/\/x.com\/ABES_SOFTWARE","https:\/\/www.linkedin.com\/company\/abes-software\/","https:\/\/www.instagram.com\/abes_software\/"]},{"@type":"Person","@id":"https:\/\/abes.org.br\/#\/schema\/person\/d65ed84c8883a123fe668129fd6a7ed3","name":"ABES Editor","image":{"@type":"ImageObject","inLanguage":"en-US","@id":"https:\/\/secure.gravatar.com\/avatar\/3b207abce016c5e2ad6bf38914af9ad16e277128bb9b06dabb05bc191f02d7fe?s=96&d=mm&r=g","url":"https:\/\/secure.gravatar.com\/avatar\/3b207abce016c5e2ad6bf38914af9ad16e277128bb9b06dabb05bc191f02d7fe?s=96&d=mm&r=g","contentUrl":"https:\/\/secure.gravatar.com\/avatar\/3b207abce016c5e2ad6bf38914af9ad16e277128bb9b06dabb05bc191f02d7fe?s=96&d=mm&r=g","caption":"Editor ABES"},"url":"https:\/\/abes.org.br\/en\/author\/editor-abes\/"}]}},"publishpress_future_action":{"enabled":false,"date":"2026-05-03 22:43:43","action":"change-status","newStatus":"draft","terms":[],"taxonomy":"category","extraData":[]},"publishpress_future_workflow_manual_trigger":{"enabledWorkflows":[]},"_links":{"self":[{"href":"https:\/\/abes.org.br\/en\/wp-json\/wp\/v2\/posts\/32163","targetHints":{"allow":["GET"]}}],"collection":[{"href":"https:\/\/abes.org.br\/en\/wp-json\/wp\/v2\/posts"}],"about":[{"href":"https:\/\/abes.org.br\/en\/wp-json\/wp\/v2\/types\/post"}],"author":[{"embeddable":true,"href":"https:\/\/abes.org.br\/en\/wp-json\/wp\/v2\/users\/10"}],"replies":[{"embeddable":true,"href":"https:\/\/abes.org.br\/en\/wp-json\/wp\/v2\/comments?post=32163"}],"version-history":[{"count":2,"href":"https:\/\/abes.org.br\/en\/wp-json\/wp\/v2\/posts\/32163\/revisions"}],"predecessor-version":[{"id":32313,"href":"https:\/\/abes.org.br\/en\/wp-json\/wp\/v2\/posts\/32163\/revisions\/32313"}],"wp:attachment":[{"href":"https:\/\/abes.org.br\/en\/wp-json\/wp\/v2\/media?parent=32163"}],"wp:term":[{"taxonomy":"category","embeddable":true,"href":"https:\/\/abes.org.br\/en\/wp-json\/wp\/v2\/categories?post=32163"},{"taxonomy":"post_tag","embeddable":true,"href":"https:\/\/abes.org.br\/en\/wp-json\/wp\/v2\/tags?post=32163"}],"curies":[{"name":"wp","href":"https:\/\/api.w.org\/{rel}","templated":true}]}}