{"id":32160,"date":"2021-04-30T13:29:21","date_gmt":"2021-04-30T16:29:21","guid":{"rendered":"https:\/\/abes.org.br\/?p=32160"},"modified":"2021-04-30T13:34:35","modified_gmt":"2021-04-30T16:34:35","slug":"microsoft-e-centro-paula-souza-oferecem-12-mil-vagas-para-cursos-de-capacitacao-gratuitos-em-tecnologia","status":"publish","type":"post","link":"https:\/\/abes.org.br\/en\/microsoft-e-centro-paula-souza-oferecem-12-mil-vagas-para-cursos-de-capacitacao-gratuitos-em-tecnologia\/","title":{"rendered":"Microsoft and Paula Souza Center offer 1,200 vacancies for free technology training courses"},"content":{"rendered":"<p><i>Through the Minha Chance Program, teaching trails cover fundamentals in the cloud platform and artificial intelligence; target audience are young people from Etecs, Fatecs and the community in general<\/i><\/p>\n<p>In order to offer professional training and boost the generation of jobs in technology, Microsoft joins the Minha Chance Program, of the S\u00e3o Paulo State Secretariat for Economic Development, Science and Technology (SDE) in partnership with the Paula Souza Center ( CPS). The initiative offers 1,200 free places on teaching trails\u00a0<em>Fundamentals of Microsoft Cloud Computing (AZ-900)<\/em>\u00a0and\u00a0<em>Fundamentals of Artificial Intelligence (AI-900)<\/em>. At <strong>registration is now open and can be made until May 7 at the address<\/strong>\u00a0<a href=\"https:\/\/ensino.fundacaofat.org.br\/eventos\/curso-computacao-em-nuvem-e-inteligencia-artificial\" target=\"_blank\" rel=\"noopener noreferrer\" data-saferedirecturl=\"https:\/\/www.google.com\/url?q=https:\/\/na01.safelinks.protection.outlook.com\/?url%3Dhttp%253A%252F%252Fbit.ly%252FMicrosoftMinhaChanceENTER%26data%3D04%257C01%257C%257C23c04434befb48cf92f408d90bdf790f%257C84df9e7fe9f640afb435aaaaaaaaaaaa%257C1%257C0%257C637553876698324382%257CUnknown%257CTWFpbGZsb3d8eyJWIjoiMC4wLjAwMDAiLCJQIjoiV2luMzIiLCJBTiI6Ik1haWwiLCJXVCI6Mn0%253D%257C1000%26sdata%3DleLe9RsCvDoK3NPVpxZYVtCk081NHPqy3mspX5IHAx8%253D%26reserved%3D0&amp;source=gmail&amp;ust=1619877632829000&amp;usg=AFQjCNH-ixYr5Dax2919rDlwZzRp_JyB1g\">bit.ly\/MicrosoftMyChanceENTER<\/a><u><\/u><u><\/u><\/p>\n<p>The program destines 1,000 places for students of state Technical Schools (Etecs) and Faculties of Technology (Fatecs) and 200 for young people from the community in general. The selection will be made through an online exam, in which the candidates will be able to choose the days 8 or 9 of May.<u><\/u><u><\/u><\/p>\n<p>The classes will be guided by market experts and CPS professors, certified by Microsoft. The training will take place in a virtual format, through the learning platform\u00a0<em>Microsoft Learn<\/em>, customized for CPS, with a roadmap of technical content of cloud computing and artificial intelligence technologies.<u><\/u><u><\/u><\/p>\n<p>The learning trails are scheduled for the period between May 15 and June 19. The workload is 36 hours of technical content and another four hours of concepts related to the development of socioemotional and behavioral skills. At the end of the training, the top 200 participants will receive, free of charge, vouchers for Microsoft certification exams in AZ-900 and AI-900.<u><\/u><u><\/u><\/p>\n<p><strong>Strategic partnership<\/strong><u><\/u><u><\/u><\/p>\n<p>The announcement was made during a live on Thursday (29) with the presence of the Economic Development secretary, Patr\u00edcia Ellen; the deputy director-superintendent of the CPS, Emilena Lorenzon Bianco; vice president for Public Sector, Education and Health at Microsoft Brazil, Alessandra Karine; the vice president of Solutions at Microsoft Brasil and a former CPS student, Christiano Faig and the Education Account Executive at Microsoft Brasil, Fernando Cruz.<u><\/u><u><\/u><\/p>\n<p>\u201cEach person is able to do memorable things when technology is at their fingertips. At Microsoft, we believe that technology has the potential to positively help transform the society in which we live, so we want to make qualification accessible to everyone and prepare our students for the opportunities of the future, \u201dsays Vera Cabral, director of education at Microsoft Brazil .<u><\/u><u><\/u><\/p>\n<p>\u201cStudents will have access to quality education connected to the world of work, which will prepare them for the digital transformations we are experiencing and for the future that has already arrived. The pandemic has accelerated the adoption of new technologies at an unprecedented rate. With this partnership, we will provide our young people with access to employment, entrepreneurship and income opportunities, and the chance to build a promising career in the technology area \u201d, explains Patr\u00edcia Ellen, Secretary of Economic Development, Science, Technology and Innovation of the Government of the State of S\u00e3o Paulo.<u><\/u><u><\/u><\/p>\n<p>\u201cThe world is experiencing a digital revolution that demands more and more talented and highly trained professionals. The partnership with Microsoft will be a great opportunity for young people to improve their knowledge and have contact with what is most advanced in terms of technology and innovation \u201d, emphasizes Laura Lagan\u00e1, CPS superintendent director.<u><\/u><u><\/u><\/p>\n<p><strong>My Chance<\/strong><br \/>\nThe Minha Chance Program is an initiative of the Government of the State of S\u00e3o Paulo, through SDE and CPS, which aims to train students from Etecs and Fatecs, in addition to the open community, in collaboration with the private sector. The objective is to stimulate the generation of jobs and income. The courses are developed in partnership with companies and the productive sector has the advantage of directing vacancies to well-trained professionals. Interested companies can register via the website\u00a0<a href=\"https:\/\/na01.safelinks.protection.outlook.com\/?url=http%3A%2F%2Fwww.minhachance.sp.gov.br%2F&amp;data=04%7C01%7C%7C23c04434befb48cf92f408d90bdf790f%7C84df9e7fe9f640afb435aaaaaaaaaaaa%7C1%7C0%7C637553876698334379%7CUnknown%7CTWFpbGZsb3d8eyJWIjoiMC4wLjAwMDAiLCJQIjoiV2luMzIiLCJBTiI6Ik1haWwiLCJXVCI6Mn0%3D%7C1000&amp;sdata=Ot1txif2NUBVNf%2FBvXTFXPhyUwiqLzJ2sEdQBu8L%2Bbc%3D&amp;reserved=0\" target=\"_blank\" rel=\"noopener noreferrer\" data-saferedirecturl=\"https:\/\/www.google.com\/url?q=https:\/\/na01.safelinks.protection.outlook.com\/?url%3Dhttp%253A%252F%252Fwww.minhachance.sp.gov.br%252F%26data%3D04%257C01%257C%257C23c04434befb48cf92f408d90bdf790f%257C84df9e7fe9f640afb435aaaaaaaaaaaa%257C1%257C0%257C637553876698334379%257CUnknown%257CTWFpbGZsb3d8eyJWIjoiMC4wLjAwMDAiLCJQIjoiV2luMzIiLCJBTiI6Ik1haWwiLCJXVCI6Mn0%253D%257C1000%26sdata%3DOt1txif2NUBVNf%252FBvXTFXPhyUwiqLzJ2sEdQBu8L%252Bbc%253D%26reserved%3D0&amp;source=gmail&amp;ust=1619877632829000&amp;usg=AFQjCNGWE4fFzfcVBRMEmdZ6BsLdKnzT7Q\"><strong>mychance.sp.gov.br<\/strong><\/a>.<u><\/u><u><\/u><\/p>\n<p><strong>About Microsoft<\/strong><br \/>\nMicrosoft (Nasdaq \u201cMSFT\u201d @microsoft) enables digital transformation in the age of the smart cloud and the smart frontier. Microsoft&#039;s mission is to empower every person and organization on the planet to achieve more. The company has been in Brazil for 32 years and is one of 120 subsidiaries of Microsoft Corporation, founded in 1975. In 2019, the company invested more than R$ 48 million bringing technology for free to 2,038 NGOs in Brazil, benefiting several social projects. Since 2011, Microsoft has supported more than 7,100 startups in Brazil through donations of more than US$ 200 million in cloud credits.\u00a0<u><\/u><u><\/u><\/p>\n<p><strong>About the Paula Souza Center<\/strong><br \/>\nS\u00e3o Paulo State Government Agency linked to the Economic Development Secretariat, the Paula Souza Center (CPS) manages the state&#039;s Faculties of Technology (Fatecs) and Technical Schools (Etecs), in addition to the decentralized classes - units that operate with one or more more courses, under the supervision of an Etec -, in around 360 municipalities in S\u00e3o Paulo. Etecs serve more than 228 thousand students in Technical, Integrated and High School. At Fatecs, the number of students enrolled in technological undergraduate courses exceeds 94 thousand students.<\/p>","protected":false},"excerpt":{"rendered":"<p>Por meio do Programa Minha Chance, trilhas de ensino abordam fundamentos em plataforma de nuvem e intelig\u00eancia artificial; p\u00fablico-alvo s\u00e3o jovens de Etecs, Fatecs e comunidade em geral Com o objetivo de oferecer capacita\u00e7\u00e3o profissional e impulsionar a gera\u00e7\u00e3o de emprego em tecnologia, a Microsoft se une ao Programa Minha Chance, da Secretaria de Desenvolvimento [&hellip;]<\/p>\n","protected":false},"author":10,"featured_media":0,"comment_status":"closed","ping_status":"closed","sticky":false,"template":"","format":"standard","meta":{"_acf_changed":false,"_et_pb_use_builder":"","_et_pb_old_content":"","_et_gb_content_width":"","footnotes":""},"categories":[39,19],"tags":[721,1439,609,1438,1437],"class_list":["post-32160","post","type-post","status-publish","format-standard","hentry","category-coluna-4","category-ultimas-noticias","tag-capacitacao-profissional","tag-geracao-de-emprego-em-tecnologia","tag-microsoft","tag-plataforma-de-nuvem-e-inteligencia-artificial","tag-programa-minha-chance"],"acf":[],"yoast_head":"<!-- This site is optimized with the Yoast SEO plugin v27.3 - https:\/\/yoast.com\/product\/yoast-seo-wordpress\/ -->\n<title>Microsoft e Centro Paula Souza oferecem 1,2 mil vagas para cursos de capacita\u00e7\u00e3o gratuitos em tecnologia - ABES<\/title>\n<meta name=\"robots\" content=\"index, follow, max-snippet:-1, max-image-preview:large, max-video-preview:-1\" \/>\n<link rel=\"canonical\" href=\"https:\/\/abes.org.br\/en\/microsoft-e-centro-paula-souza-oferecem-12-mil-vagas-para-cursos-de-capacitacao-gratuitos-em-tecnologia\/\" \/>\n<meta property=\"og:locale\" content=\"en_US\" \/>\n<meta property=\"og:type\" content=\"article\" \/>\n<meta property=\"og:title\" content=\"Microsoft e Centro Paula Souza oferecem 1,2 mil vagas para cursos de capacita\u00e7\u00e3o gratuitos em tecnologia - ABES\" \/>\n<meta property=\"og:description\" content=\"Por meio do Programa Minha Chance, trilhas de ensino abordam fundamentos em plataforma de nuvem e intelig\u00eancia artificial; p\u00fablico-alvo s\u00e3o jovens de Etecs, Fatecs e comunidade em geral Com o objetivo de oferecer capacita\u00e7\u00e3o profissional e impulsionar a gera\u00e7\u00e3o de emprego em tecnologia, a Microsoft se une ao Programa Minha Chance, da Secretaria de Desenvolvimento [&hellip;]\" \/>\n<meta property=\"og:url\" content=\"https:\/\/abes.org.br\/en\/microsoft-e-centro-paula-souza-oferecem-12-mil-vagas-para-cursos-de-capacitacao-gratuitos-em-tecnologia\/\" \/>\n<meta property=\"og:site_name\" content=\"ABES\" \/>\n<meta property=\"article:publisher\" content=\"https:\/\/www.facebook.com\/ABES.software\" \/>\n<meta property=\"article:published_time\" content=\"2021-04-30T16:29:21+00:00\" \/>\n<meta property=\"article:modified_time\" content=\"2021-04-30T16:34:35+00:00\" \/>\n<meta property=\"og:image\" content=\"https:\/\/abes.org.br\/wp-content\/uploads\/2021\/01\/logo_abes_marca_tagline_horizontal_colorido_rgb.png\" \/>\n\t<meta property=\"og:image:width\" content=\"3509\" \/>\n\t<meta property=\"og:image:height\" content=\"2482\" \/>\n\t<meta property=\"og:image:type\" content=\"image\/png\" \/>\n<meta name=\"author\" content=\"Editor ABES\" \/>\n<meta name=\"twitter:card\" content=\"summary_large_image\" \/>\n<meta name=\"twitter:creator\" content=\"@ABES_SOFTWARE\" \/>\n<meta name=\"twitter:site\" content=\"@ABES_SOFTWARE\" \/>\n<meta name=\"twitter:label1\" content=\"Written by\" \/>\n\t<meta name=\"twitter:data1\" content=\"Editor ABES\" \/>\n\t<meta name=\"twitter:label2\" content=\"Est. reading time\" \/>\n\t<meta name=\"twitter:data2\" content=\"4 minutes\" \/>\n<script type=\"application\/ld+json\" class=\"yoast-schema-graph\">{\"@context\":\"https:\\\/\\\/schema.org\",\"@graph\":[{\"@type\":\"Article\",\"@id\":\"https:\\\/\\\/abes.org.br\\\/en\\\/microsoft-e-centro-paula-souza-oferecem-12-mil-vagas-para-cursos-de-capacitacao-gratuitos-em-tecnologia\\\/#article\",\"isPartOf\":{\"@id\":\"https:\\\/\\\/abes.org.br\\\/en\\\/microsoft-e-centro-paula-souza-oferecem-12-mil-vagas-para-cursos-de-capacitacao-gratuitos-em-tecnologia\\\/\"},\"author\":{\"name\":\"Editor ABES\",\"@id\":\"https:\\\/\\\/abes.org.br\\\/#\\\/schema\\\/person\\\/d65ed84c8883a123fe668129fd6a7ed3\"},\"headline\":\"Microsoft e Centro Paula Souza oferecem 1,2 mil vagas para cursos de capacita\u00e7\u00e3o gratuitos em tecnologia\",\"datePublished\":\"2021-04-30T16:29:21+00:00\",\"dateModified\":\"2021-04-30T16:34:35+00:00\",\"mainEntityOfPage\":{\"@id\":\"https:\\\/\\\/abes.org.br\\\/en\\\/microsoft-e-centro-paula-souza-oferecem-12-mil-vagas-para-cursos-de-capacitacao-gratuitos-em-tecnologia\\\/\"},\"wordCount\":902,\"publisher\":{\"@id\":\"https:\\\/\\\/abes.org.br\\\/#organization\"},\"keywords\":[\"capacita\u00e7\u00e3o profissional\",\"gera\u00e7\u00e3o de emprego em tecnologia\",\"Microsoft\",\"plataforma de nuvem e intelig\u00eancia artificial\",\"Programa Minha Chance\"],\"articleSection\":[\"-Coluna 4\",\"\u00daltimas not\u00edcias\"],\"inLanguage\":\"en-US\"},{\"@type\":\"WebPage\",\"@id\":\"https:\\\/\\\/abes.org.br\\\/en\\\/microsoft-e-centro-paula-souza-oferecem-12-mil-vagas-para-cursos-de-capacitacao-gratuitos-em-tecnologia\\\/\",\"url\":\"https:\\\/\\\/abes.org.br\\\/en\\\/microsoft-e-centro-paula-souza-oferecem-12-mil-vagas-para-cursos-de-capacitacao-gratuitos-em-tecnologia\\\/\",\"name\":\"Microsoft e Centro Paula Souza oferecem 1,2 mil vagas para cursos de capacita\u00e7\u00e3o gratuitos em tecnologia - ABES\",\"isPartOf\":{\"@id\":\"https:\\\/\\\/abes.org.br\\\/#website\"},\"datePublished\":\"2021-04-30T16:29:21+00:00\",\"dateModified\":\"2021-04-30T16:34:35+00:00\",\"breadcrumb\":{\"@id\":\"https:\\\/\\\/abes.org.br\\\/en\\\/microsoft-e-centro-paula-souza-oferecem-12-mil-vagas-para-cursos-de-capacitacao-gratuitos-em-tecnologia\\\/#breadcrumb\"},\"inLanguage\":\"en-US\",\"potentialAction\":[{\"@type\":\"ReadAction\",\"target\":[\"https:\\\/\\\/abes.org.br\\\/en\\\/microsoft-e-centro-paula-souza-oferecem-12-mil-vagas-para-cursos-de-capacitacao-gratuitos-em-tecnologia\\\/\"]}]},{\"@type\":\"BreadcrumbList\",\"@id\":\"https:\\\/\\\/abes.org.br\\\/en\\\/microsoft-e-centro-paula-souza-oferecem-12-mil-vagas-para-cursos-de-capacitacao-gratuitos-em-tecnologia\\\/#breadcrumb\",\"itemListElement\":[{\"@type\":\"ListItem\",\"position\":1,\"name\":\"In\u00edcio\",\"item\":\"https:\\\/\\\/abes.org.br\\\/\"},{\"@type\":\"ListItem\",\"position\":2,\"name\":\"Microsoft e Centro Paula Souza oferecem 1,2 mil vagas para cursos de capacita\u00e7\u00e3o gratuitos em tecnologia\"}]},{\"@type\":\"WebSite\",\"@id\":\"https:\\\/\\\/abes.org.br\\\/#website\",\"url\":\"https:\\\/\\\/abes.org.br\\\/\",\"name\":\"ABES\",\"description\":\"Associa\u00e7\u00e3o Brasileira das Empresas de Software\",\"publisher\":{\"@id\":\"https:\\\/\\\/abes.org.br\\\/#organization\"},\"potentialAction\":[{\"@type\":\"SearchAction\",\"target\":{\"@type\":\"EntryPoint\",\"urlTemplate\":\"https:\\\/\\\/abes.org.br\\\/?s={search_term_string}\"},\"query-input\":{\"@type\":\"PropertyValueSpecification\",\"valueRequired\":true,\"valueName\":\"search_term_string\"}}],\"inLanguage\":\"en-US\"},{\"@type\":\"Organization\",\"@id\":\"https:\\\/\\\/abes.org.br\\\/#organization\",\"name\":\"Associa\u00e7\u00e3o Brasileira das Empresas de Software\",\"url\":\"https:\\\/\\\/abes.org.br\\\/\",\"logo\":{\"@type\":\"ImageObject\",\"inLanguage\":\"en-US\",\"@id\":\"https:\\\/\\\/abes.org.br\\\/#\\\/schema\\\/logo\\\/image\\\/\",\"url\":\"https:\\\/\\\/abes.org.br\\\/wp-content\\\/uploads\\\/2020\\\/09\\\/logo_abes_marca_d_tagline_horizontal_verde-amarelo_cmyk.png\",\"contentUrl\":\"https:\\\/\\\/abes.org.br\\\/wp-content\\\/uploads\\\/2020\\\/09\\\/logo_abes_marca_d_tagline_horizontal_verde-amarelo_cmyk.png\",\"width\":324,\"height\":70,\"caption\":\"Associa\u00e7\u00e3o Brasileira das Empresas de Software\"},\"image\":{\"@id\":\"https:\\\/\\\/abes.org.br\\\/#\\\/schema\\\/logo\\\/image\\\/\"},\"sameAs\":[\"https:\\\/\\\/www.facebook.com\\\/ABES.software\",\"https:\\\/\\\/x.com\\\/ABES_SOFTWARE\",\"https:\\\/\\\/www.linkedin.com\\\/company\\\/abes-software\\\/\",\"https:\\\/\\\/www.instagram.com\\\/abes_software\\\/\"]},{\"@type\":\"Person\",\"@id\":\"https:\\\/\\\/abes.org.br\\\/#\\\/schema\\\/person\\\/d65ed84c8883a123fe668129fd6a7ed3\",\"name\":\"Editor ABES\",\"image\":{\"@type\":\"ImageObject\",\"inLanguage\":\"en-US\",\"@id\":\"https:\\\/\\\/secure.gravatar.com\\\/avatar\\\/3b207abce016c5e2ad6bf38914af9ad16e277128bb9b06dabb05bc191f02d7fe?s=96&d=mm&r=g\",\"url\":\"https:\\\/\\\/secure.gravatar.com\\\/avatar\\\/3b207abce016c5e2ad6bf38914af9ad16e277128bb9b06dabb05bc191f02d7fe?s=96&d=mm&r=g\",\"contentUrl\":\"https:\\\/\\\/secure.gravatar.com\\\/avatar\\\/3b207abce016c5e2ad6bf38914af9ad16e277128bb9b06dabb05bc191f02d7fe?s=96&d=mm&r=g\",\"caption\":\"Editor ABES\"},\"url\":\"https:\\\/\\\/abes.org.br\\\/en\\\/author\\\/editor-abes\\\/\"}]}<\/script>\n<!-- \/ Yoast SEO plugin. -->","yoast_head_json":{"title":"Microsoft e Centro Paula Souza oferecem 1,2 mil vagas para cursos de capacita\u00e7\u00e3o gratuitos em tecnologia - ABES","robots":{"index":"index","follow":"follow","max-snippet":"max-snippet:-1","max-image-preview":"max-image-preview:large","max-video-preview":"max-video-preview:-1"},"canonical":"https:\/\/abes.org.br\/en\/microsoft-e-centro-paula-souza-oferecem-12-mil-vagas-para-cursos-de-capacitacao-gratuitos-em-tecnologia\/","og_locale":"en_US","og_type":"article","og_title":"Microsoft e Centro Paula Souza oferecem 1,2 mil vagas para cursos de capacita\u00e7\u00e3o gratuitos em tecnologia - ABES","og_description":"Por meio do Programa Minha Chance, trilhas de ensino abordam fundamentos em plataforma de nuvem e intelig\u00eancia artificial; p\u00fablico-alvo s\u00e3o jovens de Etecs, Fatecs e comunidade em geral Com o objetivo de oferecer capacita\u00e7\u00e3o profissional e impulsionar a gera\u00e7\u00e3o de emprego em tecnologia, a Microsoft se une ao Programa Minha Chance, da Secretaria de Desenvolvimento [&hellip;]","og_url":"https:\/\/abes.org.br\/en\/microsoft-e-centro-paula-souza-oferecem-12-mil-vagas-para-cursos-de-capacitacao-gratuitos-em-tecnologia\/","og_site_name":"ABES","article_publisher":"https:\/\/www.facebook.com\/ABES.software","article_published_time":"2021-04-30T16:29:21+00:00","article_modified_time":"2021-04-30T16:34:35+00:00","og_image":[{"width":3509,"height":2482,"url":"https:\/\/abes.org.br\/wp-content\/uploads\/2021\/01\/logo_abes_marca_tagline_horizontal_colorido_rgb.png","type":"image\/png"}],"author":"Editor ABES","twitter_card":"summary_large_image","twitter_creator":"@ABES_SOFTWARE","twitter_site":"@ABES_SOFTWARE","twitter_misc":{"Written by":"Editor ABES","Est. reading time":"4 minutes"},"schema":{"@context":"https:\/\/schema.org","@graph":[{"@type":"Article","@id":"https:\/\/abes.org.br\/en\/microsoft-e-centro-paula-souza-oferecem-12-mil-vagas-para-cursos-de-capacitacao-gratuitos-em-tecnologia\/#article","isPartOf":{"@id":"https:\/\/abes.org.br\/en\/microsoft-e-centro-paula-souza-oferecem-12-mil-vagas-para-cursos-de-capacitacao-gratuitos-em-tecnologia\/"},"author":{"name":"Editor ABES","@id":"https:\/\/abes.org.br\/#\/schema\/person\/d65ed84c8883a123fe668129fd6a7ed3"},"headline":"Microsoft e Centro Paula Souza oferecem 1,2 mil vagas para cursos de capacita\u00e7\u00e3o gratuitos em tecnologia","datePublished":"2021-04-30T16:29:21+00:00","dateModified":"2021-04-30T16:34:35+00:00","mainEntityOfPage":{"@id":"https:\/\/abes.org.br\/en\/microsoft-e-centro-paula-souza-oferecem-12-mil-vagas-para-cursos-de-capacitacao-gratuitos-em-tecnologia\/"},"wordCount":902,"publisher":{"@id":"https:\/\/abes.org.br\/#organization"},"keywords":["capacita\u00e7\u00e3o profissional","gera\u00e7\u00e3o de emprego em tecnologia","Microsoft","plataforma de nuvem e intelig\u00eancia artificial","Programa Minha Chance"],"articleSection":["-Coluna 4","\u00daltimas not\u00edcias"],"inLanguage":"en-US"},{"@type":"WebPage","@id":"https:\/\/abes.org.br\/en\/microsoft-e-centro-paula-souza-oferecem-12-mil-vagas-para-cursos-de-capacitacao-gratuitos-em-tecnologia\/","url":"https:\/\/abes.org.br\/en\/microsoft-e-centro-paula-souza-oferecem-12-mil-vagas-para-cursos-de-capacitacao-gratuitos-em-tecnologia\/","name":"Microsoft e Centro Paula Souza oferecem 1,2 mil vagas para cursos de capacita\u00e7\u00e3o gratuitos em tecnologia - ABES","isPartOf":{"@id":"https:\/\/abes.org.br\/#website"},"datePublished":"2021-04-30T16:29:21+00:00","dateModified":"2021-04-30T16:34:35+00:00","breadcrumb":{"@id":"https:\/\/abes.org.br\/en\/microsoft-e-centro-paula-souza-oferecem-12-mil-vagas-para-cursos-de-capacitacao-gratuitos-em-tecnologia\/#breadcrumb"},"inLanguage":"en-US","potentialAction":[{"@type":"ReadAction","target":["https:\/\/abes.org.br\/en\/microsoft-e-centro-paula-souza-oferecem-12-mil-vagas-para-cursos-de-capacitacao-gratuitos-em-tecnologia\/"]}]},{"@type":"BreadcrumbList","@id":"https:\/\/abes.org.br\/en\/microsoft-e-centro-paula-souza-oferecem-12-mil-vagas-para-cursos-de-capacitacao-gratuitos-em-tecnologia\/#breadcrumb","itemListElement":[{"@type":"ListItem","position":1,"name":"In\u00edcio","item":"https:\/\/abes.org.br\/"},{"@type":"ListItem","position":2,"name":"Microsoft e Centro Paula Souza oferecem 1,2 mil vagas para cursos de capacita\u00e7\u00e3o gratuitos em tecnologia"}]},{"@type":"WebSite","@id":"https:\/\/abes.org.br\/#website","url":"https:\/\/abes.org.br\/","name":"ABES","description":"Brazilian Association of Software Companies","publisher":{"@id":"https:\/\/abes.org.br\/#organization"},"potentialAction":[{"@type":"SearchAction","target":{"@type":"EntryPoint","urlTemplate":"https:\/\/abes.org.br\/?s={search_term_string}"},"query-input":{"@type":"PropertyValueSpecification","valueRequired":true,"valueName":"search_term_string"}}],"inLanguage":"en-US"},{"@type":"Organization","@id":"https:\/\/abes.org.br\/#organization","name":"Brazilian Association of Software Companies","url":"https:\/\/abes.org.br\/","logo":{"@type":"ImageObject","inLanguage":"en-US","@id":"https:\/\/abes.org.br\/#\/schema\/logo\/image\/","url":"https:\/\/abes.org.br\/wp-content\/uploads\/2020\/09\/logo_abes_marca_d_tagline_horizontal_verde-amarelo_cmyk.png","contentUrl":"https:\/\/abes.org.br\/wp-content\/uploads\/2020\/09\/logo_abes_marca_d_tagline_horizontal_verde-amarelo_cmyk.png","width":324,"height":70,"caption":"Associa\u00e7\u00e3o Brasileira das Empresas de Software"},"image":{"@id":"https:\/\/abes.org.br\/#\/schema\/logo\/image\/"},"sameAs":["https:\/\/www.facebook.com\/ABES.software","https:\/\/x.com\/ABES_SOFTWARE","https:\/\/www.linkedin.com\/company\/abes-software\/","https:\/\/www.instagram.com\/abes_software\/"]},{"@type":"Person","@id":"https:\/\/abes.org.br\/#\/schema\/person\/d65ed84c8883a123fe668129fd6a7ed3","name":"ABES Editor","image":{"@type":"ImageObject","inLanguage":"en-US","@id":"https:\/\/secure.gravatar.com\/avatar\/3b207abce016c5e2ad6bf38914af9ad16e277128bb9b06dabb05bc191f02d7fe?s=96&d=mm&r=g","url":"https:\/\/secure.gravatar.com\/avatar\/3b207abce016c5e2ad6bf38914af9ad16e277128bb9b06dabb05bc191f02d7fe?s=96&d=mm&r=g","contentUrl":"https:\/\/secure.gravatar.com\/avatar\/3b207abce016c5e2ad6bf38914af9ad16e277128bb9b06dabb05bc191f02d7fe?s=96&d=mm&r=g","caption":"Editor ABES"},"url":"https:\/\/abes.org.br\/en\/author\/editor-abes\/"}]}},"publishpress_future_action":{"enabled":false,"date":"2026-05-03 22:44:09","action":"change-status","newStatus":"draft","terms":[],"taxonomy":"category","extraData":[]},"publishpress_future_workflow_manual_trigger":{"enabledWorkflows":[]},"_links":{"self":[{"href":"https:\/\/abes.org.br\/en\/wp-json\/wp\/v2\/posts\/32160","targetHints":{"allow":["GET"]}}],"collection":[{"href":"https:\/\/abes.org.br\/en\/wp-json\/wp\/v2\/posts"}],"about":[{"href":"https:\/\/abes.org.br\/en\/wp-json\/wp\/v2\/types\/post"}],"author":[{"embeddable":true,"href":"https:\/\/abes.org.br\/en\/wp-json\/wp\/v2\/users\/10"}],"replies":[{"embeddable":true,"href":"https:\/\/abes.org.br\/en\/wp-json\/wp\/v2\/comments?post=32160"}],"version-history":[{"count":1,"href":"https:\/\/abes.org.br\/en\/wp-json\/wp\/v2\/posts\/32160\/revisions"}],"predecessor-version":[{"id":32161,"href":"https:\/\/abes.org.br\/en\/wp-json\/wp\/v2\/posts\/32160\/revisions\/32161"}],"wp:attachment":[{"href":"https:\/\/abes.org.br\/en\/wp-json\/wp\/v2\/media?parent=32160"}],"wp:term":[{"taxonomy":"category","embeddable":true,"href":"https:\/\/abes.org.br\/en\/wp-json\/wp\/v2\/categories?post=32160"},{"taxonomy":"post_tag","embeddable":true,"href":"https:\/\/abes.org.br\/en\/wp-json\/wp\/v2\/tags?post=32160"}],"curies":[{"name":"wp","href":"https:\/\/api.w.org\/{rel}","templated":true}]}}