{"id":32090,"date":"2021-05-03T08:05:08","date_gmt":"2021-05-03T11:05:08","guid":{"rendered":"https:\/\/abes.org.br\/?p=32090"},"modified":"2021-04-29T08:15:19","modified_gmt":"2021-04-29T11:15:19","slug":"softex-apresenta-plano-de-acoes-internacionais-para-2021","status":"publish","type":"post","link":"https:\/\/abes.org.br\/en\/softex-apresenta-plano-de-acoes-internacionais-para-2021\/","title":{"rendered":"Softex presents international action plan for 2021"},"content":{"rendered":"<p><em><img loading=\"lazy\" decoding=\"async\" class=\"wp-image-32091 alignright\" src=\"https:\/\/abes.org.br\/wp-content\/uploads\/2021\/04\/SOFTEX-A\u00e7\u00f5es-Internacionais-2021.jpg\" alt=\"\" width=\"306\" height=\"204\" srcset=\"https:\/\/abes.org.br\/wp-content\/uploads\/2021\/04\/SOFTEX-A\u00e7\u00f5es-Internacionais-2021.jpg 1920w, https:\/\/abes.org.br\/wp-content\/uploads\/2021\/04\/SOFTEX-A\u00e7\u00f5es-Internacionais-2021-300x200.jpg 300w, https:\/\/abes.org.br\/wp-content\/uploads\/2021\/04\/SOFTEX-A\u00e7\u00f5es-Internacionais-2021-1024x683.jpg 1024w, https:\/\/abes.org.br\/wp-content\/uploads\/2021\/04\/SOFTEX-A\u00e7\u00f5es-Internacionais-2021-768x512.jpg 768w, https:\/\/abes.org.br\/wp-content\/uploads\/2021\/04\/SOFTEX-A\u00e7\u00f5es-Internacionais-2021-391x260.jpg 391w, https:\/\/abes.org.br\/wp-content\/uploads\/2021\/04\/SOFTEX-A\u00e7\u00f5es-Internacionais-2021-1536x1025.jpg 1536w, https:\/\/abes.org.br\/wp-content\/uploads\/2021\/04\/SOFTEX-A\u00e7\u00f5es-Internacionais-2021-16x12.jpg 16w, https:\/\/abes.org.br\/wp-content\/uploads\/2021\/04\/SOFTEX-A\u00e7\u00f5es-Internacionais-2021-1080x721.jpg 1080w, https:\/\/abes.org.br\/wp-content\/uploads\/2021\/04\/SOFTEX-A\u00e7\u00f5es-Internacionais-2021-1280x854.jpg 1280w, https:\/\/abes.org.br\/wp-content\/uploads\/2021\/04\/SOFTEX-A\u00e7\u00f5es-Internacionais-2021-980x654.jpg 980w, https:\/\/abes.org.br\/wp-content\/uploads\/2021\/04\/SOFTEX-A\u00e7\u00f5es-Internacionais-2021-480x320.jpg 480w\" sizes=\"(max-width: 306px) 100vw, 306px\" \/>Initiatives for startups and IT companies include access to international investment and acceleration programs, in addition to<strong>\u00a0<\/strong>individual and exclusive consultancy with Gartner Group analysts<\/em><\/p>\n<p>Softex announced the launch of the international actions scheduled by the entity for 2021 within the scope of the Brasil IT + Sectorial Project, developed in partnership with the Brazilian Trade and Investment Promotion Agency (Apex-Brasil).<\/p>\n<p>#UnboxingInternational initiatives<strong>\u00a0<\/strong>aim to provide startups and technology companies with the opportunity to access international investments, with the consequent generation of sales and business for new markets.<\/p>\n<p>Considered the largest and most comprehensive plan for competitive internationalization of software developers and IT service providers ever carried out in the country, the Sectorial Project Brazil IT + counted in 2019 with the participation of 191 companies, responsible for generating US$ 681 million in exports, equivalent to 32% of the total exported by the sector.<\/p>\n<p>Since its inception in 2005, the Sectorial Project Brazil IT + has collaborated so that the export volume of the participating companies was increased tenfold. It also contributed to the generation of specialized jobs, adding value to the national export basket.<\/p>\n<p>Among the actions to support the presence of Brazilian IT companies abroad scheduled by Softex for this year are training, mentoring in international business plans,\u00a0<em>value proposition<\/em>, individual and exclusive consultancy with Gartner Group analysts, as well as access to an acceleration program for international markets.<\/p>\n<p>\u201cOver the years, we have built an important network of contacts, an image of credibility and professionalism, making it clear to the global industry that our companies are committed to expanding their presence abroad and that this is a strategy supported by government policies\u201d , highlights Ana Pires, manager of the international area of Softex.<\/p>\n<p>For 2021, six events are already confirmed in the entity&#039;s grid:\u00a0<a href=\"https:\/\/event.thechannelco.com\/mes-plus-spring\">Midsize Enterprise Summit Spring,<\/a>\u00a0<a href=\"https:\/\/gdssummits.com\/event\/cio-digital-summit-na\/\">CIO Summit,<\/a>\u00a0<a href=\"https:\/\/www.mwcbarcelona.com\/\">MWC - Mobile Word Congres<\/a>s,\u00a0<a href=\"https:\/\/event.thechannelco.com\/xchange-plus-august\">Xchange Americas,<\/a>\u00a0Midsize Enterprise Fall and\u00a0<a href=\"https:\/\/globalconnection.softex.br\/\">Global Connection<\/a>.<\/p>\n<p>To learn more about the Brasil IT + Sectorial Project visit\u00a0<a href=\"https:\/\/softex.br\/internacional\/\">https:\/\/softex.br\/internacional\/<\/a>\u00a0. Details on 2021 planning in\u00a0<a href=\"https:\/\/www.youtube.com\/channel\/UC5QlRlnRO-2VZ3TI0mRCUrg\">https:\/\/www.youtube.com\/channel\/UC5QlRlnRO-2VZ3TI0mRCUrg<\/a><\/p>\n<p>&nbsp;<\/p>","protected":false},"excerpt":{"rendered":"<p>Iniciativas para startups e empresas de TI incluem acesso a programas de investimento e de acelera\u00e7\u00e3o internacionais, al\u00e9m de\u00a0consultoria individual e exclusiva com analistas do Gartner Group A Softex anunciou o lan\u00e7amento das\u00a0a\u00e7\u00f5es internacionais programadas pela entidade para 2021 no \u00e2mbito do Projeto Setorial Brasil IT+, desenvolvido, em parceria com a Ag\u00eancia Brasileira de Promo\u00e7\u00e3o [&hellip;]<\/p>\n","protected":false},"author":10,"featured_media":0,"comment_status":"closed","ping_status":"closed","sticky":false,"template":"","format":"standard","meta":{"_acf_changed":false,"_et_pb_use_builder":"","_et_pb_old_content":"","_et_gb_content_width":"","footnotes":""},"categories":[39,19],"tags":[1406,1405,1408,1407,1115],"class_list":["post-32090","post","type-post","status-publish","format-standard","hentry","category-coluna-4","category-ultimas-noticias","tag-acoes-internacionais","tag-iniciativas-para-startups","tag-investimentos-internacionais","tag-projeto-setorial-brasil-it","tag-softex"],"acf":[],"yoast_head":"<!-- This site is optimized with the Yoast SEO plugin v27.3 - https:\/\/yoast.com\/product\/yoast-seo-wordpress\/ -->\n<title>Softex apresenta plano de a\u00e7\u00f5es internacionais para 2021 - ABES<\/title>\n<meta name=\"robots\" content=\"index, follow, max-snippet:-1, max-image-preview:large, max-video-preview:-1\" \/>\n<link rel=\"canonical\" href=\"https:\/\/abes.org.br\/en\/softex-apresenta-plano-de-acoes-internacionais-para-2021\/\" \/>\n<meta property=\"og:locale\" content=\"en_US\" \/>\n<meta property=\"og:type\" content=\"article\" \/>\n<meta property=\"og:title\" content=\"Softex apresenta plano de a\u00e7\u00f5es internacionais para 2021 - ABES\" \/>\n<meta property=\"og:description\" content=\"Iniciativas para startups e empresas de TI incluem acesso a programas de investimento e de acelera\u00e7\u00e3o internacionais, al\u00e9m de\u00a0consultoria individual e exclusiva com analistas do Gartner Group A Softex anunciou o lan\u00e7amento das\u00a0a\u00e7\u00f5es internacionais programadas pela entidade para 2021 no \u00e2mbito do Projeto Setorial Brasil IT+, desenvolvido, em parceria com a Ag\u00eancia Brasileira de Promo\u00e7\u00e3o [&hellip;]\" \/>\n<meta property=\"og:url\" content=\"https:\/\/abes.org.br\/en\/softex-apresenta-plano-de-acoes-internacionais-para-2021\/\" \/>\n<meta property=\"og:site_name\" content=\"ABES\" \/>\n<meta property=\"article:publisher\" content=\"https:\/\/www.facebook.com\/ABES.software\" \/>\n<meta property=\"article:published_time\" content=\"2021-05-03T11:05:08+00:00\" \/>\n<meta property=\"og:image\" content=\"https:\/\/abes.org.br\/wp-content\/uploads\/2021\/01\/logo_abes_marca_tagline_horizontal_colorido_rgb.png\" \/>\n\t<meta property=\"og:image:width\" content=\"3509\" \/>\n\t<meta property=\"og:image:height\" content=\"2482\" \/>\n\t<meta property=\"og:image:type\" content=\"image\/png\" \/>\n<meta name=\"author\" content=\"Editor ABES\" \/>\n<meta name=\"twitter:card\" content=\"summary_large_image\" \/>\n<meta name=\"twitter:creator\" content=\"@ABES_SOFTWARE\" \/>\n<meta name=\"twitter:site\" content=\"@ABES_SOFTWARE\" \/>\n<meta name=\"twitter:label1\" content=\"Written by\" \/>\n\t<meta name=\"twitter:data1\" content=\"Editor ABES\" \/>\n\t<meta name=\"twitter:label2\" content=\"Est. reading time\" \/>\n\t<meta name=\"twitter:data2\" content=\"2 minutes\" \/>\n<script type=\"application\/ld+json\" class=\"yoast-schema-graph\">{\"@context\":\"https:\\\/\\\/schema.org\",\"@graph\":[{\"@type\":\"Article\",\"@id\":\"https:\\\/\\\/abes.org.br\\\/en\\\/softex-apresenta-plano-de-acoes-internacionais-para-2021\\\/#article\",\"isPartOf\":{\"@id\":\"https:\\\/\\\/abes.org.br\\\/en\\\/softex-apresenta-plano-de-acoes-internacionais-para-2021\\\/\"},\"author\":{\"name\":\"Editor ABES\",\"@id\":\"https:\\\/\\\/abes.org.br\\\/#\\\/schema\\\/person\\\/d65ed84c8883a123fe668129fd6a7ed3\"},\"headline\":\"Softex apresenta plano de a\u00e7\u00f5es internacionais para 2021\",\"datePublished\":\"2021-05-03T11:05:08+00:00\",\"mainEntityOfPage\":{\"@id\":\"https:\\\/\\\/abes.org.br\\\/en\\\/softex-apresenta-plano-de-acoes-internacionais-para-2021\\\/\"},\"wordCount\":395,\"publisher\":{\"@id\":\"https:\\\/\\\/abes.org.br\\\/#organization\"},\"keywords\":[\"a\u00e7\u00f5es internacionais\",\"Iniciativas para startups\",\"investimentos internacionais\",\"Projeto Setorial Brasil IT+\",\"Softex\"],\"articleSection\":[\"-Coluna 4\",\"\u00daltimas not\u00edcias\"],\"inLanguage\":\"en-US\"},{\"@type\":\"WebPage\",\"@id\":\"https:\\\/\\\/abes.org.br\\\/en\\\/softex-apresenta-plano-de-acoes-internacionais-para-2021\\\/\",\"url\":\"https:\\\/\\\/abes.org.br\\\/en\\\/softex-apresenta-plano-de-acoes-internacionais-para-2021\\\/\",\"name\":\"Softex apresenta plano de a\u00e7\u00f5es internacionais para 2021 - ABES\",\"isPartOf\":{\"@id\":\"https:\\\/\\\/abes.org.br\\\/#website\"},\"datePublished\":\"2021-05-03T11:05:08+00:00\",\"breadcrumb\":{\"@id\":\"https:\\\/\\\/abes.org.br\\\/en\\\/softex-apresenta-plano-de-acoes-internacionais-para-2021\\\/#breadcrumb\"},\"inLanguage\":\"en-US\",\"potentialAction\":[{\"@type\":\"ReadAction\",\"target\":[\"https:\\\/\\\/abes.org.br\\\/en\\\/softex-apresenta-plano-de-acoes-internacionais-para-2021\\\/\"]}]},{\"@type\":\"BreadcrumbList\",\"@id\":\"https:\\\/\\\/abes.org.br\\\/en\\\/softex-apresenta-plano-de-acoes-internacionais-para-2021\\\/#breadcrumb\",\"itemListElement\":[{\"@type\":\"ListItem\",\"position\":1,\"name\":\"In\u00edcio\",\"item\":\"https:\\\/\\\/abes.org.br\\\/\"},{\"@type\":\"ListItem\",\"position\":2,\"name\":\"Softex apresenta plano de a\u00e7\u00f5es internacionais para 2021\"}]},{\"@type\":\"WebSite\",\"@id\":\"https:\\\/\\\/abes.org.br\\\/#website\",\"url\":\"https:\\\/\\\/abes.org.br\\\/\",\"name\":\"ABES\",\"description\":\"Associa\u00e7\u00e3o Brasileira das Empresas de Software\",\"publisher\":{\"@id\":\"https:\\\/\\\/abes.org.br\\\/#organization\"},\"potentialAction\":[{\"@type\":\"SearchAction\",\"target\":{\"@type\":\"EntryPoint\",\"urlTemplate\":\"https:\\\/\\\/abes.org.br\\\/?s={search_term_string}\"},\"query-input\":{\"@type\":\"PropertyValueSpecification\",\"valueRequired\":true,\"valueName\":\"search_term_string\"}}],\"inLanguage\":\"en-US\"},{\"@type\":\"Organization\",\"@id\":\"https:\\\/\\\/abes.org.br\\\/#organization\",\"name\":\"Associa\u00e7\u00e3o Brasileira das Empresas de Software\",\"url\":\"https:\\\/\\\/abes.org.br\\\/\",\"logo\":{\"@type\":\"ImageObject\",\"inLanguage\":\"en-US\",\"@id\":\"https:\\\/\\\/abes.org.br\\\/#\\\/schema\\\/logo\\\/image\\\/\",\"url\":\"https:\\\/\\\/abes.org.br\\\/wp-content\\\/uploads\\\/2020\\\/09\\\/logo_abes_marca_d_tagline_horizontal_verde-amarelo_cmyk.png\",\"contentUrl\":\"https:\\\/\\\/abes.org.br\\\/wp-content\\\/uploads\\\/2020\\\/09\\\/logo_abes_marca_d_tagline_horizontal_verde-amarelo_cmyk.png\",\"width\":324,\"height\":70,\"caption\":\"Associa\u00e7\u00e3o Brasileira das Empresas de Software\"},\"image\":{\"@id\":\"https:\\\/\\\/abes.org.br\\\/#\\\/schema\\\/logo\\\/image\\\/\"},\"sameAs\":[\"https:\\\/\\\/www.facebook.com\\\/ABES.software\",\"https:\\\/\\\/x.com\\\/ABES_SOFTWARE\",\"https:\\\/\\\/www.linkedin.com\\\/company\\\/abes-software\\\/\",\"https:\\\/\\\/www.instagram.com\\\/abes_software\\\/\"]},{\"@type\":\"Person\",\"@id\":\"https:\\\/\\\/abes.org.br\\\/#\\\/schema\\\/person\\\/d65ed84c8883a123fe668129fd6a7ed3\",\"name\":\"Editor ABES\",\"image\":{\"@type\":\"ImageObject\",\"inLanguage\":\"en-US\",\"@id\":\"https:\\\/\\\/secure.gravatar.com\\\/avatar\\\/3b207abce016c5e2ad6bf38914af9ad16e277128bb9b06dabb05bc191f02d7fe?s=96&d=mm&r=g\",\"url\":\"https:\\\/\\\/secure.gravatar.com\\\/avatar\\\/3b207abce016c5e2ad6bf38914af9ad16e277128bb9b06dabb05bc191f02d7fe?s=96&d=mm&r=g\",\"contentUrl\":\"https:\\\/\\\/secure.gravatar.com\\\/avatar\\\/3b207abce016c5e2ad6bf38914af9ad16e277128bb9b06dabb05bc191f02d7fe?s=96&d=mm&r=g\",\"caption\":\"Editor ABES\"},\"url\":\"https:\\\/\\\/abes.org.br\\\/en\\\/author\\\/editor-abes\\\/\"}]}<\/script>\n<!-- \/ Yoast SEO plugin. -->","yoast_head_json":{"title":"Softex apresenta plano de a\u00e7\u00f5es internacionais para 2021 - ABES","robots":{"index":"index","follow":"follow","max-snippet":"max-snippet:-1","max-image-preview":"max-image-preview:large","max-video-preview":"max-video-preview:-1"},"canonical":"https:\/\/abes.org.br\/en\/softex-apresenta-plano-de-acoes-internacionais-para-2021\/","og_locale":"en_US","og_type":"article","og_title":"Softex apresenta plano de a\u00e7\u00f5es internacionais para 2021 - ABES","og_description":"Iniciativas para startups e empresas de TI incluem acesso a programas de investimento e de acelera\u00e7\u00e3o internacionais, al\u00e9m de\u00a0consultoria individual e exclusiva com analistas do Gartner Group A Softex anunciou o lan\u00e7amento das\u00a0a\u00e7\u00f5es internacionais programadas pela entidade para 2021 no \u00e2mbito do Projeto Setorial Brasil IT+, desenvolvido, em parceria com a Ag\u00eancia Brasileira de Promo\u00e7\u00e3o [&hellip;]","og_url":"https:\/\/abes.org.br\/en\/softex-apresenta-plano-de-acoes-internacionais-para-2021\/","og_site_name":"ABES","article_publisher":"https:\/\/www.facebook.com\/ABES.software","article_published_time":"2021-05-03T11:05:08+00:00","og_image":[{"width":3509,"height":2482,"url":"https:\/\/abes.org.br\/wp-content\/uploads\/2021\/01\/logo_abes_marca_tagline_horizontal_colorido_rgb.png","type":"image\/png"}],"author":"Editor ABES","twitter_card":"summary_large_image","twitter_creator":"@ABES_SOFTWARE","twitter_site":"@ABES_SOFTWARE","twitter_misc":{"Written by":"Editor ABES","Est. reading time":"2 minutes"},"schema":{"@context":"https:\/\/schema.org","@graph":[{"@type":"Article","@id":"https:\/\/abes.org.br\/en\/softex-apresenta-plano-de-acoes-internacionais-para-2021\/#article","isPartOf":{"@id":"https:\/\/abes.org.br\/en\/softex-apresenta-plano-de-acoes-internacionais-para-2021\/"},"author":{"name":"Editor ABES","@id":"https:\/\/abes.org.br\/#\/schema\/person\/d65ed84c8883a123fe668129fd6a7ed3"},"headline":"Softex apresenta plano de a\u00e7\u00f5es internacionais para 2021","datePublished":"2021-05-03T11:05:08+00:00","mainEntityOfPage":{"@id":"https:\/\/abes.org.br\/en\/softex-apresenta-plano-de-acoes-internacionais-para-2021\/"},"wordCount":395,"publisher":{"@id":"https:\/\/abes.org.br\/#organization"},"keywords":["a\u00e7\u00f5es internacionais","Iniciativas para startups","investimentos internacionais","Projeto Setorial Brasil IT+","Softex"],"articleSection":["-Coluna 4","\u00daltimas not\u00edcias"],"inLanguage":"en-US"},{"@type":"WebPage","@id":"https:\/\/abes.org.br\/en\/softex-apresenta-plano-de-acoes-internacionais-para-2021\/","url":"https:\/\/abes.org.br\/en\/softex-apresenta-plano-de-acoes-internacionais-para-2021\/","name":"Softex apresenta plano de a\u00e7\u00f5es internacionais para 2021 - ABES","isPartOf":{"@id":"https:\/\/abes.org.br\/#website"},"datePublished":"2021-05-03T11:05:08+00:00","breadcrumb":{"@id":"https:\/\/abes.org.br\/en\/softex-apresenta-plano-de-acoes-internacionais-para-2021\/#breadcrumb"},"inLanguage":"en-US","potentialAction":[{"@type":"ReadAction","target":["https:\/\/abes.org.br\/en\/softex-apresenta-plano-de-acoes-internacionais-para-2021\/"]}]},{"@type":"BreadcrumbList","@id":"https:\/\/abes.org.br\/en\/softex-apresenta-plano-de-acoes-internacionais-para-2021\/#breadcrumb","itemListElement":[{"@type":"ListItem","position":1,"name":"In\u00edcio","item":"https:\/\/abes.org.br\/"},{"@type":"ListItem","position":2,"name":"Softex apresenta plano de a\u00e7\u00f5es internacionais para 2021"}]},{"@type":"WebSite","@id":"https:\/\/abes.org.br\/#website","url":"https:\/\/abes.org.br\/","name":"ABES","description":"Brazilian Association of Software Companies","publisher":{"@id":"https:\/\/abes.org.br\/#organization"},"potentialAction":[{"@type":"SearchAction","target":{"@type":"EntryPoint","urlTemplate":"https:\/\/abes.org.br\/?s={search_term_string}"},"query-input":{"@type":"PropertyValueSpecification","valueRequired":true,"valueName":"search_term_string"}}],"inLanguage":"en-US"},{"@type":"Organization","@id":"https:\/\/abes.org.br\/#organization","name":"Brazilian Association of Software Companies","url":"https:\/\/abes.org.br\/","logo":{"@type":"ImageObject","inLanguage":"en-US","@id":"https:\/\/abes.org.br\/#\/schema\/logo\/image\/","url":"https:\/\/abes.org.br\/wp-content\/uploads\/2020\/09\/logo_abes_marca_d_tagline_horizontal_verde-amarelo_cmyk.png","contentUrl":"https:\/\/abes.org.br\/wp-content\/uploads\/2020\/09\/logo_abes_marca_d_tagline_horizontal_verde-amarelo_cmyk.png","width":324,"height":70,"caption":"Associa\u00e7\u00e3o Brasileira das Empresas de Software"},"image":{"@id":"https:\/\/abes.org.br\/#\/schema\/logo\/image\/"},"sameAs":["https:\/\/www.facebook.com\/ABES.software","https:\/\/x.com\/ABES_SOFTWARE","https:\/\/www.linkedin.com\/company\/abes-software\/","https:\/\/www.instagram.com\/abes_software\/"]},{"@type":"Person","@id":"https:\/\/abes.org.br\/#\/schema\/person\/d65ed84c8883a123fe668129fd6a7ed3","name":"ABES Editor","image":{"@type":"ImageObject","inLanguage":"en-US","@id":"https:\/\/secure.gravatar.com\/avatar\/3b207abce016c5e2ad6bf38914af9ad16e277128bb9b06dabb05bc191f02d7fe?s=96&d=mm&r=g","url":"https:\/\/secure.gravatar.com\/avatar\/3b207abce016c5e2ad6bf38914af9ad16e277128bb9b06dabb05bc191f02d7fe?s=96&d=mm&r=g","contentUrl":"https:\/\/secure.gravatar.com\/avatar\/3b207abce016c5e2ad6bf38914af9ad16e277128bb9b06dabb05bc191f02d7fe?s=96&d=mm&r=g","caption":"Editor ABES"},"url":"https:\/\/abes.org.br\/en\/author\/editor-abes\/"}]}},"publishpress_future_action":{"enabled":false,"date":"2026-05-03 22:42:36","action":"change-status","newStatus":"draft","terms":[],"taxonomy":"category","extraData":[]},"publishpress_future_workflow_manual_trigger":{"enabledWorkflows":[]},"_links":{"self":[{"href":"https:\/\/abes.org.br\/en\/wp-json\/wp\/v2\/posts\/32090","targetHints":{"allow":["GET"]}}],"collection":[{"href":"https:\/\/abes.org.br\/en\/wp-json\/wp\/v2\/posts"}],"about":[{"href":"https:\/\/abes.org.br\/en\/wp-json\/wp\/v2\/types\/post"}],"author":[{"embeddable":true,"href":"https:\/\/abes.org.br\/en\/wp-json\/wp\/v2\/users\/10"}],"replies":[{"embeddable":true,"href":"https:\/\/abes.org.br\/en\/wp-json\/wp\/v2\/comments?post=32090"}],"version-history":[{"count":1,"href":"https:\/\/abes.org.br\/en\/wp-json\/wp\/v2\/posts\/32090\/revisions"}],"predecessor-version":[{"id":32092,"href":"https:\/\/abes.org.br\/en\/wp-json\/wp\/v2\/posts\/32090\/revisions\/32092"}],"wp:attachment":[{"href":"https:\/\/abes.org.br\/en\/wp-json\/wp\/v2\/media?parent=32090"}],"wp:term":[{"taxonomy":"category","embeddable":true,"href":"https:\/\/abes.org.br\/en\/wp-json\/wp\/v2\/categories?post=32090"},{"taxonomy":"post_tag","embeddable":true,"href":"https:\/\/abes.org.br\/en\/wp-json\/wp\/v2\/tags?post=32090"}],"curies":[{"name":"wp","href":"https:\/\/api.w.org\/{rel}","templated":true}]}}