{"id":32031,"date":"2021-04-28T13:54:16","date_gmt":"2021-04-28T16:54:16","guid":{"rendered":"https:\/\/abes.org.br\/?p=32031"},"modified":"2021-04-28T08:59:16","modified_gmt":"2021-04-28T11:59:16","slug":"genexus-tem-24-vagas-para-profissionais-de-tecnologia","status":"publish","type":"post","link":"https:\/\/abes.org.br\/en\/genexus-tem-24-vagas-para-profissionais-de-tecnologia\/","title":{"rendered":"GeneXus has 24 vacancies for technology professionals"},"content":{"rendered":"<p><i>National and international opportunities involve face-to-face or remote action. Among the positions sought are analysts, developers, support and interns. Company also focuses on training professionals to meet growing market demand<\/i><\/p>\n<p style=\"font-weight: 400\">GeneXus, a global developer of software development solutions, announces 24 job opportunities for Information Technology professionals. In addition to Brazil, positions are available in other countries, such as Argentina, Chile, the United States, Mexico, Panama and Uruguay.<\/p>\n<p style=\"font-weight: 400\">Vacancies are available on the GeneXus community work portal, at <a href=\"https:\/\/na01.safelinks.protection.outlook.com\/?url=http%3A%2F%2Fwww.genexus.com%2Fpt%2Fcomunidade%2Ftrabalho&amp;data=04%7C01%7C%7Cb5a8f6f450894bf3f23808d909880f87%7C84df9e7fe9f640afb435aaaaaaaaaaaa%7C1%7C0%7C637551302249253344%7CUnknown%7CTWFpbGZsb3d8eyJWIjoiMC4wLjAwMDAiLCJQIjoiV2luMzIiLCJBTiI6Ik1haWwiLCJXVCI6Mn0%3D%7C1000&amp;sdata=p7CjH%2FRf6fhFKQnUNuI8L7feL4TN644Vt4Ew5IYFRZk%3D&amp;reserved=0\" data-saferedirecturl=\"https:\/\/www.google.com\/url?q=https:\/\/na01.safelinks.protection.outlook.com\/?url%3Dhttp%253A%252F%252Fwww.genexus.com%252Fpt%252Fcomunidade%252Ftrabalho%26data%3D04%257C01%257C%257Cb5a8f6f450894bf3f23808d909880f87%257C84df9e7fe9f640afb435aaaaaaaaaaaa%257C1%257C0%257C637551302249253344%257CUnknown%257CTWFpbGZsb3d8eyJWIjoiMC4wLjAwMDAiLCJQIjoiV2luMzIiLCJBTiI6Ik1haWwiLCJXVCI6Mn0%253D%257C1000%26sdata%3Dp7CjH%252FRf6fhFKQnUNuI8L7feL4TN644Vt4Ew5IYFRZk%253D%26reserved%3D0&amp;source=gmail&amp;ust=1619694447748000&amp;usg=AFQjCNGpV86ltEdE8E2kUHnfGtbpW_KiPw\">www.genexus.com\/en\/comunity\/work<\/a>, and can be for both face-to-face and distance learning. The main positions available are for analysts and system developers at all levels, with preference for professionals with knowledge in the GeneXus tool. There are also opportunities for support professionals and interns.<\/p>\n<p style=\"font-weight: 400\">If there are no vacancies compatible with the candidate&#039;s professional profile, GeneXus recommends registering the curriculum on the job portal for future opportunities. Currently, the tool brings together companies and professionals linked to the use of the GeneXus tool, which adds up to 9,000 companies worldwide, of which around 2,000 are in Brazil, in addition to thousands of developers.<\/p>\n<p style=\"font-weight: 400\">In addition to being a free medium for registration and job search, the Portal has an agenda of courses for the training of different professional levels, such as students, developers who aim to migrate to the low-code universe and professionals aged 50 or over who they want to add to their professional baggage the knowledge about the potential of this platform.<\/p>\n<p style=\"font-weight: 400\">\u201cThe expansion of the use of this technology to meet the current demand for agile application development has created vacancies that are not being filled, which is why we are encouraging the training of professionals to meet a demand that tends to be increasingly expanded with the new challenges. digital devices in the market \u201d, concludes Ricardo Recchi, country manager at GeneXus Brasil.<\/p>","protected":false},"excerpt":{"rendered":"<p>Oportunidades nacionais e internacionais envolvem atua\u00e7\u00e3o presencial ou remota. Entre os cargos procurados est\u00e3o analistas, desenvolvedores, suporte e estagi\u00e1rios. Empresa tamb\u00e9m foca na capacita\u00e7\u00e3o de profissionais para atender crescente demanda do mercado A GeneXus, desenvolvedora global de solu\u00e7\u00f5es de desenvolvimento de software, anuncia 24 oportunidades de trabalho para profissionais de Tecnologia da Informa\u00e7\u00e3o. Al\u00e9m do [&hellip;]<\/p>\n","protected":false},"author":10,"featured_media":0,"comment_status":"closed","ping_status":"closed","sticky":false,"template":"","format":"standard","meta":{"_acf_changed":false,"_et_pb_use_builder":"","_et_pb_old_content":"","_et_gb_content_width":"","footnotes":""},"categories":[39,19],"tags":[1382,1383,1381,606,965,794],"class_list":["post-32031","post","type-post","status-publish","format-standard","hentry","category-coluna-4","category-ultimas-noticias","tag-contratacao-de-profissionais","tag-desenvolvimento-de-software","tag-genexus","tag-novos-talentos","tag-oportunidade-de-trabalho","tag-vagas-de-emprego"],"acf":[],"yoast_head":"<!-- This site is optimized with the Yoast SEO plugin v27.3 - https:\/\/yoast.com\/product\/yoast-seo-wordpress\/ -->\n<title>GeneXus tem 24 vagas para profissionais de tecnologia - ABES<\/title>\n<meta name=\"robots\" content=\"index, follow, max-snippet:-1, max-image-preview:large, max-video-preview:-1\" \/>\n<link rel=\"canonical\" href=\"https:\/\/abes.org.br\/en\/genexus-tem-24-vagas-para-profissionais-de-tecnologia\/\" \/>\n<meta property=\"og:locale\" content=\"en_US\" \/>\n<meta property=\"og:type\" content=\"article\" \/>\n<meta property=\"og:title\" content=\"GeneXus tem 24 vagas para profissionais de tecnologia - ABES\" \/>\n<meta property=\"og:description\" content=\"Oportunidades nacionais e internacionais envolvem atua\u00e7\u00e3o presencial ou remota. Entre os cargos procurados est\u00e3o analistas, desenvolvedores, suporte e estagi\u00e1rios. Empresa tamb\u00e9m foca na capacita\u00e7\u00e3o de profissionais para atender crescente demanda do mercado A GeneXus, desenvolvedora global de solu\u00e7\u00f5es de desenvolvimento de software, anuncia 24 oportunidades de trabalho para profissionais de Tecnologia da Informa\u00e7\u00e3o. Al\u00e9m do [&hellip;]\" \/>\n<meta property=\"og:url\" content=\"https:\/\/abes.org.br\/en\/genexus-tem-24-vagas-para-profissionais-de-tecnologia\/\" \/>\n<meta property=\"og:site_name\" content=\"ABES\" \/>\n<meta property=\"article:publisher\" content=\"https:\/\/www.facebook.com\/ABES.software\" \/>\n<meta property=\"article:published_time\" content=\"2021-04-28T16:54:16+00:00\" \/>\n<meta property=\"og:image\" content=\"https:\/\/abes.org.br\/wp-content\/uploads\/2021\/01\/logo_abes_marca_tagline_horizontal_colorido_rgb.png\" \/>\n\t<meta property=\"og:image:width\" content=\"3509\" \/>\n\t<meta property=\"og:image:height\" content=\"2482\" \/>\n\t<meta property=\"og:image:type\" content=\"image\/png\" \/>\n<meta name=\"author\" content=\"Editor ABES\" \/>\n<meta name=\"twitter:card\" content=\"summary_large_image\" \/>\n<meta name=\"twitter:creator\" content=\"@ABES_SOFTWARE\" \/>\n<meta name=\"twitter:site\" content=\"@ABES_SOFTWARE\" \/>\n<meta name=\"twitter:label1\" content=\"Written by\" \/>\n\t<meta name=\"twitter:data1\" content=\"Editor ABES\" \/>\n\t<meta name=\"twitter:label2\" content=\"Est. reading time\" \/>\n\t<meta name=\"twitter:data2\" content=\"2 minutes\" \/>\n<script type=\"application\/ld+json\" class=\"yoast-schema-graph\">{\"@context\":\"https:\\\/\\\/schema.org\",\"@graph\":[{\"@type\":\"Article\",\"@id\":\"https:\\\/\\\/abes.org.br\\\/genexus-tem-24-vagas-para-profissionais-de-tecnologia\\\/#article\",\"isPartOf\":{\"@id\":\"https:\\\/\\\/abes.org.br\\\/genexus-tem-24-vagas-para-profissionais-de-tecnologia\\\/\"},\"author\":{\"name\":\"Editor ABES\",\"@id\":\"https:\\\/\\\/abes.org.br\\\/#\\\/schema\\\/person\\\/d65ed84c8883a123fe668129fd6a7ed3\"},\"headline\":\"GeneXus tem 24 vagas para profissionais de tecnologia\",\"datePublished\":\"2021-04-28T16:54:16+00:00\",\"mainEntityOfPage\":{\"@id\":\"https:\\\/\\\/abes.org.br\\\/genexus-tem-24-vagas-para-profissionais-de-tecnologia\\\/\"},\"wordCount\":343,\"publisher\":{\"@id\":\"https:\\\/\\\/abes.org.br\\\/#organization\"},\"keywords\":[\"contrata\u00e7\u00e3o de profissionais\",\"desenvolvimento de software\",\"GeneXus\",\"novos talentos\",\"oportunidade de trabalho\",\"Vagas de emprego\"],\"articleSection\":[\"-Coluna 4\",\"\u00daltimas not\u00edcias\"],\"inLanguage\":\"en-US\"},{\"@type\":\"WebPage\",\"@id\":\"https:\\\/\\\/abes.org.br\\\/genexus-tem-24-vagas-para-profissionais-de-tecnologia\\\/\",\"url\":\"https:\\\/\\\/abes.org.br\\\/genexus-tem-24-vagas-para-profissionais-de-tecnologia\\\/\",\"name\":\"GeneXus tem 24 vagas para profissionais de tecnologia - ABES\",\"isPartOf\":{\"@id\":\"https:\\\/\\\/abes.org.br\\\/#website\"},\"datePublished\":\"2021-04-28T16:54:16+00:00\",\"breadcrumb\":{\"@id\":\"https:\\\/\\\/abes.org.br\\\/genexus-tem-24-vagas-para-profissionais-de-tecnologia\\\/#breadcrumb\"},\"inLanguage\":\"en-US\",\"potentialAction\":[{\"@type\":\"ReadAction\",\"target\":[\"https:\\\/\\\/abes.org.br\\\/genexus-tem-24-vagas-para-profissionais-de-tecnologia\\\/\"]}]},{\"@type\":\"BreadcrumbList\",\"@id\":\"https:\\\/\\\/abes.org.br\\\/genexus-tem-24-vagas-para-profissionais-de-tecnologia\\\/#breadcrumb\",\"itemListElement\":[{\"@type\":\"ListItem\",\"position\":1,\"name\":\"In\u00edcio\",\"item\":\"https:\\\/\\\/abes.org.br\\\/\"},{\"@type\":\"ListItem\",\"position\":2,\"name\":\"GeneXus tem 24 vagas para profissionais de tecnologia\"}]},{\"@type\":\"WebSite\",\"@id\":\"https:\\\/\\\/abes.org.br\\\/#website\",\"url\":\"https:\\\/\\\/abes.org.br\\\/\",\"name\":\"ABES\",\"description\":\"Associa\u00e7\u00e3o Brasileira das Empresas de Software\",\"publisher\":{\"@id\":\"https:\\\/\\\/abes.org.br\\\/#organization\"},\"potentialAction\":[{\"@type\":\"SearchAction\",\"target\":{\"@type\":\"EntryPoint\",\"urlTemplate\":\"https:\\\/\\\/abes.org.br\\\/?s={search_term_string}\"},\"query-input\":{\"@type\":\"PropertyValueSpecification\",\"valueRequired\":true,\"valueName\":\"search_term_string\"}}],\"inLanguage\":\"en-US\"},{\"@type\":\"Organization\",\"@id\":\"https:\\\/\\\/abes.org.br\\\/#organization\",\"name\":\"Associa\u00e7\u00e3o Brasileira das Empresas de Software\",\"url\":\"https:\\\/\\\/abes.org.br\\\/\",\"logo\":{\"@type\":\"ImageObject\",\"inLanguage\":\"en-US\",\"@id\":\"https:\\\/\\\/abes.org.br\\\/#\\\/schema\\\/logo\\\/image\\\/\",\"url\":\"https:\\\/\\\/abes.org.br\\\/wp-content\\\/uploads\\\/2020\\\/09\\\/logo_abes_marca_d_tagline_horizontal_verde-amarelo_cmyk.png\",\"contentUrl\":\"https:\\\/\\\/abes.org.br\\\/wp-content\\\/uploads\\\/2020\\\/09\\\/logo_abes_marca_d_tagline_horizontal_verde-amarelo_cmyk.png\",\"width\":324,\"height\":70,\"caption\":\"Associa\u00e7\u00e3o Brasileira das Empresas de Software\"},\"image\":{\"@id\":\"https:\\\/\\\/abes.org.br\\\/#\\\/schema\\\/logo\\\/image\\\/\"},\"sameAs\":[\"https:\\\/\\\/www.facebook.com\\\/ABES.software\",\"https:\\\/\\\/x.com\\\/ABES_SOFTWARE\",\"https:\\\/\\\/www.linkedin.com\\\/company\\\/abes-software\\\/\",\"https:\\\/\\\/www.instagram.com\\\/abes_software\\\/\"]},{\"@type\":\"Person\",\"@id\":\"https:\\\/\\\/abes.org.br\\\/#\\\/schema\\\/person\\\/d65ed84c8883a123fe668129fd6a7ed3\",\"name\":\"Editor ABES\",\"image\":{\"@type\":\"ImageObject\",\"inLanguage\":\"en-US\",\"@id\":\"https:\\\/\\\/secure.gravatar.com\\\/avatar\\\/3b207abce016c5e2ad6bf38914af9ad16e277128bb9b06dabb05bc191f02d7fe?s=96&d=mm&r=g\",\"url\":\"https:\\\/\\\/secure.gravatar.com\\\/avatar\\\/3b207abce016c5e2ad6bf38914af9ad16e277128bb9b06dabb05bc191f02d7fe?s=96&d=mm&r=g\",\"contentUrl\":\"https:\\\/\\\/secure.gravatar.com\\\/avatar\\\/3b207abce016c5e2ad6bf38914af9ad16e277128bb9b06dabb05bc191f02d7fe?s=96&d=mm&r=g\",\"caption\":\"Editor ABES\"},\"url\":\"https:\\\/\\\/abes.org.br\\\/en\\\/author\\\/editor-abes\\\/\"}]}<\/script>\n<!-- \/ Yoast SEO plugin. -->","yoast_head_json":{"title":"GeneXus has 24 openings for technology professionals - ABES","robots":{"index":"index","follow":"follow","max-snippet":"max-snippet:-1","max-image-preview":"max-image-preview:large","max-video-preview":"max-video-preview:-1"},"canonical":"https:\/\/abes.org.br\/en\/genexus-tem-24-vagas-para-profissionais-de-tecnologia\/","og_locale":"en_US","og_type":"article","og_title":"GeneXus tem 24 vagas para profissionais de tecnologia - ABES","og_description":"Oportunidades nacionais e internacionais envolvem atua\u00e7\u00e3o presencial ou remota. Entre os cargos procurados est\u00e3o analistas, desenvolvedores, suporte e estagi\u00e1rios. Empresa tamb\u00e9m foca na capacita\u00e7\u00e3o de profissionais para atender crescente demanda do mercado A GeneXus, desenvolvedora global de solu\u00e7\u00f5es de desenvolvimento de software, anuncia 24 oportunidades de trabalho para profissionais de Tecnologia da Informa\u00e7\u00e3o. Al\u00e9m do [&hellip;]","og_url":"https:\/\/abes.org.br\/en\/genexus-tem-24-vagas-para-profissionais-de-tecnologia\/","og_site_name":"ABES","article_publisher":"https:\/\/www.facebook.com\/ABES.software","article_published_time":"2021-04-28T16:54:16+00:00","og_image":[{"width":3509,"height":2482,"url":"https:\/\/abes.org.br\/wp-content\/uploads\/2021\/01\/logo_abes_marca_tagline_horizontal_colorido_rgb.png","type":"image\/png"}],"author":"Editor ABES","twitter_card":"summary_large_image","twitter_creator":"@ABES_SOFTWARE","twitter_site":"@ABES_SOFTWARE","twitter_misc":{"Written by":"Editor ABES","Est. reading time":"2 minutes"},"schema":{"@context":"https:\/\/schema.org","@graph":[{"@type":"Article","@id":"https:\/\/abes.org.br\/genexus-tem-24-vagas-para-profissionais-de-tecnologia\/#article","isPartOf":{"@id":"https:\/\/abes.org.br\/genexus-tem-24-vagas-para-profissionais-de-tecnologia\/"},"author":{"name":"Editor ABES","@id":"https:\/\/abes.org.br\/#\/schema\/person\/d65ed84c8883a123fe668129fd6a7ed3"},"headline":"GeneXus tem 24 vagas para profissionais de tecnologia","datePublished":"2021-04-28T16:54:16+00:00","mainEntityOfPage":{"@id":"https:\/\/abes.org.br\/genexus-tem-24-vagas-para-profissionais-de-tecnologia\/"},"wordCount":343,"publisher":{"@id":"https:\/\/abes.org.br\/#organization"},"keywords":["contrata\u00e7\u00e3o de profissionais","desenvolvimento de software","GeneXus","novos talentos","oportunidade de trabalho","Vagas de emprego"],"articleSection":["-Coluna 4","\u00daltimas not\u00edcias"],"inLanguage":"en-US"},{"@type":"WebPage","@id":"https:\/\/abes.org.br\/genexus-tem-24-vagas-para-profissionais-de-tecnologia\/","url":"https:\/\/abes.org.br\/genexus-tem-24-vagas-para-profissionais-de-tecnologia\/","name":"GeneXus has 24 openings for technology professionals - ABES","isPartOf":{"@id":"https:\/\/abes.org.br\/#website"},"datePublished":"2021-04-28T16:54:16+00:00","breadcrumb":{"@id":"https:\/\/abes.org.br\/genexus-tem-24-vagas-para-profissionais-de-tecnologia\/#breadcrumb"},"inLanguage":"en-US","potentialAction":[{"@type":"ReadAction","target":["https:\/\/abes.org.br\/genexus-tem-24-vagas-para-profissionais-de-tecnologia\/"]}]},{"@type":"BreadcrumbList","@id":"https:\/\/abes.org.br\/genexus-tem-24-vagas-para-profissionais-de-tecnologia\/#breadcrumb","itemListElement":[{"@type":"ListItem","position":1,"name":"In\u00edcio","item":"https:\/\/abes.org.br\/"},{"@type":"ListItem","position":2,"name":"GeneXus tem 24 vagas para profissionais de tecnologia"}]},{"@type":"WebSite","@id":"https:\/\/abes.org.br\/#website","url":"https:\/\/abes.org.br\/","name":"ABES","description":"Brazilian Association of Software Companies","publisher":{"@id":"https:\/\/abes.org.br\/#organization"},"potentialAction":[{"@type":"SearchAction","target":{"@type":"EntryPoint","urlTemplate":"https:\/\/abes.org.br\/?s={search_term_string}"},"query-input":{"@type":"PropertyValueSpecification","valueRequired":true,"valueName":"search_term_string"}}],"inLanguage":"en-US"},{"@type":"Organization","@id":"https:\/\/abes.org.br\/#organization","name":"Brazilian Association of Software Companies","url":"https:\/\/abes.org.br\/","logo":{"@type":"ImageObject","inLanguage":"en-US","@id":"https:\/\/abes.org.br\/#\/schema\/logo\/image\/","url":"https:\/\/abes.org.br\/wp-content\/uploads\/2020\/09\/logo_abes_marca_d_tagline_horizontal_verde-amarelo_cmyk.png","contentUrl":"https:\/\/abes.org.br\/wp-content\/uploads\/2020\/09\/logo_abes_marca_d_tagline_horizontal_verde-amarelo_cmyk.png","width":324,"height":70,"caption":"Associa\u00e7\u00e3o Brasileira das Empresas de Software"},"image":{"@id":"https:\/\/abes.org.br\/#\/schema\/logo\/image\/"},"sameAs":["https:\/\/www.facebook.com\/ABES.software","https:\/\/x.com\/ABES_SOFTWARE","https:\/\/www.linkedin.com\/company\/abes-software\/","https:\/\/www.instagram.com\/abes_software\/"]},{"@type":"Person","@id":"https:\/\/abes.org.br\/#\/schema\/person\/d65ed84c8883a123fe668129fd6a7ed3","name":"ABES Editor","image":{"@type":"ImageObject","inLanguage":"en-US","@id":"https:\/\/secure.gravatar.com\/avatar\/3b207abce016c5e2ad6bf38914af9ad16e277128bb9b06dabb05bc191f02d7fe?s=96&d=mm&r=g","url":"https:\/\/secure.gravatar.com\/avatar\/3b207abce016c5e2ad6bf38914af9ad16e277128bb9b06dabb05bc191f02d7fe?s=96&d=mm&r=g","contentUrl":"https:\/\/secure.gravatar.com\/avatar\/3b207abce016c5e2ad6bf38914af9ad16e277128bb9b06dabb05bc191f02d7fe?s=96&d=mm&r=g","caption":"Editor ABES"},"url":"https:\/\/abes.org.br\/en\/author\/editor-abes\/"}]}},"publishpress_future_action":{"enabled":false,"date":"2026-05-04 00:12:49","action":"change-status","newStatus":"draft","terms":[],"taxonomy":"category","extraData":[]},"publishpress_future_workflow_manual_trigger":{"enabledWorkflows":[]},"_links":{"self":[{"href":"https:\/\/abes.org.br\/en\/wp-json\/wp\/v2\/posts\/32031","targetHints":{"allow":["GET"]}}],"collection":[{"href":"https:\/\/abes.org.br\/en\/wp-json\/wp\/v2\/posts"}],"about":[{"href":"https:\/\/abes.org.br\/en\/wp-json\/wp\/v2\/types\/post"}],"author":[{"embeddable":true,"href":"https:\/\/abes.org.br\/en\/wp-json\/wp\/v2\/users\/10"}],"replies":[{"embeddable":true,"href":"https:\/\/abes.org.br\/en\/wp-json\/wp\/v2\/comments?post=32031"}],"version-history":[{"count":1,"href":"https:\/\/abes.org.br\/en\/wp-json\/wp\/v2\/posts\/32031\/revisions"}],"predecessor-version":[{"id":32032,"href":"https:\/\/abes.org.br\/en\/wp-json\/wp\/v2\/posts\/32031\/revisions\/32032"}],"wp:attachment":[{"href":"https:\/\/abes.org.br\/en\/wp-json\/wp\/v2\/media?parent=32031"}],"wp:term":[{"taxonomy":"category","embeddable":true,"href":"https:\/\/abes.org.br\/en\/wp-json\/wp\/v2\/categories?post=32031"},{"taxonomy":"post_tag","embeddable":true,"href":"https:\/\/abes.org.br\/en\/wp-json\/wp\/v2\/tags?post=32031"}],"curies":[{"name":"wp","href":"https:\/\/api.w.org\/{rel}","templated":true}]}}