{"id":31662,"date":"2021-04-13T09:16:22","date_gmt":"2021-04-13T12:16:22","guid":{"rendered":"https:\/\/abes.org.br\/?p=31662"},"modified":"2021-04-12T16:52:09","modified_gmt":"2021-04-12T19:52:09","slug":"huawei-e-senai-anunciam-parceria-nacional-para-capacitar-profissionais-para-o-setor-de-telecomunicacoes","status":"publish","type":"post","link":"https:\/\/abes.org.br\/en\/huawei-e-senai-anunciam-parceria-nacional-para-capacitar-profissionais-para-o-setor-de-telecomunicacoes\/","title":{"rendered":"Huawei and SENAI announce national partnership to train professionals in the telecommunications sector"},"content":{"rendered":"<p><em>Collaboration provides for international certifications in ICT and three fiber optic laboratories in DF, BA and TO. By the end of the year, it is expected to train 2 thousand professionals<\/em><\/p>\n<p>Huawei and the National Industrial Learning Service (SENAI) announced on Thursday, 8, a partnership that will offer courses with certification for the Information and Communication Technology (ICT) sector and the installation of professional training laboratories to the market. The launch was broadcast on Huawei Brasil&#039;s YouTube channel, and was attended by Secretary Paulo Alvim, holder of Entrepreneurship and Innovation at the Ministry of Science, Technology and Innovation; Atilio Rulli, Senior Director of Government Relations at Huawei; Bruno Zitnick, Director of Public and Government Relations at Huawei; and Gustavo Leal, Director of Operations at SENAI; with mediation by Rafael Lisboa, Director of Compass (Exame).<\/p>\n<ul>\n<li>Check it out\u00a0<a href=\"https:\/\/www.youtube.com\/watch?v=1K5PdfNeXPY\">Huawei&#039;s YouTube channel<\/a> , the launch of the Huawei and SENAI partnership<\/li>\n<\/ul>\n<p>In view of the expansion of the internet through optical fiber to all regions of Brazil, not only to large centers, Huawei and SENAI will initially deliver three state-of-the-art laboratories for installing and maintaining FTTH technology (Fiber to the Home or optical fiber) to the Federal District, Bahia and Tocantins. The laboratories aim to serve the NEM-NEM generation - young adults who neither work nor study. It is also planned to create the ICT Academy SENAI \/ Huawei program, which will initially offer distance and face-to-face courses with international certifications in the areas of Cloud, Artificial Intelligence, optical fiber and 5G.<\/p>\n<p>By the end of the year, it is expected to train 2 thousand students. The first classes of FTTH laboratories in Bahia, Tocantins and Distrito Federal, with 20 students each, and the course <a href=\"https:\/\/loja.mundosenai.com.br\/senainacional\/hcia-5g-industria-de-aplicacoes.html\">5G - Applications Industry<\/a> will have free subscriptions.<\/p>\n<p>The objective of the partnership is to solve one of the main challenges in the sector: the deficit of qualified labor. According to a market survey carried out by Teleco, 62% of the internet service providers, ISPs, face difficulties in finding qualified professionals for installing fiber optics. The North and Northeast regions are the regions with the greatest disabilities. Still according to the study, 81% from ISPs have their own teams, that is, they need to invest in the qualification of professionals because they do not find it in the market.<\/p>\n<p>At a time when the world depends on 100% connectivity, ICTs have become allies for anyone who sees this area as an opportunity for growth and market insertion. In the future, qualified professionals through the partnership will also be able to work on the construction of fiber optic networks that will cover the 5G mobile network. Huawei constantly invests in education programs. In the past 5 years, these initiatives have already trained more than 36 thousand students across the country, and the expectation is to train 40 thousand more talents in the next 5 years.<\/p>\n<p>\u201cToday there is a gap in the market for professionals trained to operate in the installation of optical fiber, used to cover demand for fixed broadband. With the new 5G networks, this demand tends to increase. At the same time, there are a number of idle youth, who for various reasons are unable to qualify to work in the labor market. With this partnership, we are not only fighting unemployment and giving high quality courses to these young people, but also investing in the development of the country&#039;s infrastructure, \u201dsaid Bruno Zitnick, Director of Public and Government Relations at Huawei.<\/p>\n<p>\u201cEntrepreneurs are committed to the innovation agenda and the industry should be the first sector of the economy to benefit from 5G. We will have a transformation from the factory floor to the office, with connected machines and equipment and new functions, but, before that, it is necessary to guarantee the network infrastructure. Always in line with the demands of the labor market, SENAI signs another partnership to train technicians and specialists in enabling technologies in industry 4.0 \u201d, comments Gustavo Leal, Operations Director of SENAI.<\/p>\n<p>The partnership between Huawei and SENAI started in Paran\u00e1 in 2019, with the course of Technical Installer of Mobile Telephone Equipment in a state-of-the-art laboratory for wireless, microwave and FTTH (Fiber to the Home) technologies. Since its creation, the training has trained and retrained around 200 professionals from Huawei partners.<\/p>\n<p>\u201cA critical point is human capital. We received a study that pointed to a concrete demand of more than 200 thousand jobs. The donation of three FTTH laboratories is strategic for the great challenge of digital transformation in the productive sector in Brazil. The opportunity to make these labs available in DF, BA and TO, and hopefully in other units of the federation too, will contribute tremendously to the speed of incorporating digital and 5G technologies into the production environment, which will bring productivity gains, acceleration of innovation processes , and gains for society as a whole \u201d, defended Alvim.<\/p>","protected":false},"excerpt":{"rendered":"<p>Colabora\u00e7\u00e3o prev\u00ea certifica\u00e7\u00f5es internacionais em TIC e tr\u00eas laborat\u00f3rios de fibra \u00f3ptica no DF, na BA e em TO. At\u00e9 final do ano, espera-se formar 2 mil profissionais A Huawei e o Servi\u00e7o Nacional de Aprendizagem Industrial (SENAI) anunciaram nesta quinta-feira, 8, uma parceria que ir\u00e1 oferecer cursos com certifica\u00e7\u00e3o para o setor de Tecnologia [&hellip;]<\/p>\n","protected":false},"author":10,"featured_media":0,"comment_status":"closed","ping_status":"closed","sticky":false,"template":"","format":"standard","meta":{"_acf_changed":false,"_et_pb_use_builder":"","_et_pb_old_content":"","_et_gb_content_width":"","footnotes":""},"categories":[39,19],"tags":[721,1302,1299,1303,1301,1300],"class_list":["post-31662","post","type-post","status-publish","format-standard","hentry","category-coluna-4","category-ultimas-noticias","tag-capacitacao-profissional","tag-certificacoes-internacionais-em-tic","tag-huawei","tag-programas-de-educacao","tag-rede-movel-5g","tag-senai"],"acf":[],"yoast_head":"<!-- This site is optimized with the Yoast SEO plugin v27.3 - https:\/\/yoast.com\/product\/yoast-seo-wordpress\/ -->\n<title>Huawei e SENAI anunciam parceria nacional para capacitar profissionais para o setor de telecomunica\u00e7\u00f5es - ABES<\/title>\n<meta name=\"robots\" content=\"index, follow, max-snippet:-1, max-image-preview:large, max-video-preview:-1\" \/>\n<link rel=\"canonical\" href=\"https:\/\/abes.org.br\/en\/huawei-e-senai-anunciam-parceria-nacional-para-capacitar-profissionais-para-o-setor-de-telecomunicacoes\/\" \/>\n<meta property=\"og:locale\" content=\"en_US\" \/>\n<meta property=\"og:type\" content=\"article\" \/>\n<meta property=\"og:title\" content=\"Huawei e SENAI anunciam parceria nacional para capacitar profissionais para o setor de telecomunica\u00e7\u00f5es - ABES\" \/>\n<meta property=\"og:description\" content=\"Colabora\u00e7\u00e3o prev\u00ea certifica\u00e7\u00f5es internacionais em TIC e tr\u00eas laborat\u00f3rios de fibra \u00f3ptica no DF, na BA e em TO. At\u00e9 final do ano, espera-se formar 2 mil profissionais A Huawei e o Servi\u00e7o Nacional de Aprendizagem Industrial (SENAI) anunciaram nesta quinta-feira, 8, uma parceria que ir\u00e1 oferecer cursos com certifica\u00e7\u00e3o para o setor de Tecnologia [&hellip;]\" \/>\n<meta property=\"og:url\" content=\"https:\/\/abes.org.br\/en\/huawei-e-senai-anunciam-parceria-nacional-para-capacitar-profissionais-para-o-setor-de-telecomunicacoes\/\" \/>\n<meta property=\"og:site_name\" content=\"ABES\" \/>\n<meta property=\"article:publisher\" content=\"https:\/\/www.facebook.com\/ABES.software\" \/>\n<meta property=\"article:published_time\" content=\"2021-04-13T12:16:22+00:00\" \/>\n<meta property=\"og:image\" content=\"https:\/\/abes.org.br\/wp-content\/uploads\/2021\/01\/logo_abes_marca_tagline_horizontal_colorido_rgb.png\" \/>\n\t<meta property=\"og:image:width\" content=\"3509\" \/>\n\t<meta property=\"og:image:height\" content=\"2482\" \/>\n\t<meta property=\"og:image:type\" content=\"image\/png\" \/>\n<meta name=\"author\" content=\"Editor ABES\" \/>\n<meta name=\"twitter:card\" content=\"summary_large_image\" \/>\n<meta name=\"twitter:creator\" content=\"@ABES_SOFTWARE\" \/>\n<meta name=\"twitter:site\" content=\"@ABES_SOFTWARE\" \/>\n<meta name=\"twitter:label1\" content=\"Written by\" \/>\n\t<meta name=\"twitter:data1\" content=\"Editor ABES\" \/>\n\t<meta name=\"twitter:label2\" content=\"Est. reading time\" \/>\n\t<meta name=\"twitter:data2\" content=\"4 minutes\" \/>\n<script type=\"application\/ld+json\" class=\"yoast-schema-graph\">{\"@context\":\"https:\\\/\\\/schema.org\",\"@graph\":[{\"@type\":\"Article\",\"@id\":\"https:\\\/\\\/abes.org.br\\\/en\\\/huawei-e-senai-anunciam-parceria-nacional-para-capacitar-profissionais-para-o-setor-de-telecomunicacoes\\\/#article\",\"isPartOf\":{\"@id\":\"https:\\\/\\\/abes.org.br\\\/en\\\/huawei-e-senai-anunciam-parceria-nacional-para-capacitar-profissionais-para-o-setor-de-telecomunicacoes\\\/\"},\"author\":{\"name\":\"Editor ABES\",\"@id\":\"https:\\\/\\\/abes.org.br\\\/#\\\/schema\\\/person\\\/d65ed84c8883a123fe668129fd6a7ed3\"},\"headline\":\"Huawei e SENAI anunciam parceria nacional para capacitar profissionais para o setor de telecomunica\u00e7\u00f5es\",\"datePublished\":\"2021-04-13T12:16:22+00:00\",\"mainEntityOfPage\":{\"@id\":\"https:\\\/\\\/abes.org.br\\\/en\\\/huawei-e-senai-anunciam-parceria-nacional-para-capacitar-profissionais-para-o-setor-de-telecomunicacoes\\\/\"},\"wordCount\":902,\"publisher\":{\"@id\":\"https:\\\/\\\/abes.org.br\\\/#organization\"},\"keywords\":[\"capacita\u00e7\u00e3o profissional\",\"certifica\u00e7\u00f5es internacionais em TIC\",\"Huawei\",\"programas de educa\u00e7\u00e3o\",\"rede m\u00f3vel 5G\",\"SENAI\"],\"articleSection\":[\"-Coluna 4\",\"\u00daltimas not\u00edcias\"],\"inLanguage\":\"en-US\"},{\"@type\":\"WebPage\",\"@id\":\"https:\\\/\\\/abes.org.br\\\/en\\\/huawei-e-senai-anunciam-parceria-nacional-para-capacitar-profissionais-para-o-setor-de-telecomunicacoes\\\/\",\"url\":\"https:\\\/\\\/abes.org.br\\\/en\\\/huawei-e-senai-anunciam-parceria-nacional-para-capacitar-profissionais-para-o-setor-de-telecomunicacoes\\\/\",\"name\":\"Huawei e SENAI anunciam parceria nacional para capacitar profissionais para o setor de telecomunica\u00e7\u00f5es - ABES\",\"isPartOf\":{\"@id\":\"https:\\\/\\\/abes.org.br\\\/#website\"},\"datePublished\":\"2021-04-13T12:16:22+00:00\",\"breadcrumb\":{\"@id\":\"https:\\\/\\\/abes.org.br\\\/en\\\/huawei-e-senai-anunciam-parceria-nacional-para-capacitar-profissionais-para-o-setor-de-telecomunicacoes\\\/#breadcrumb\"},\"inLanguage\":\"en-US\",\"potentialAction\":[{\"@type\":\"ReadAction\",\"target\":[\"https:\\\/\\\/abes.org.br\\\/en\\\/huawei-e-senai-anunciam-parceria-nacional-para-capacitar-profissionais-para-o-setor-de-telecomunicacoes\\\/\"]}]},{\"@type\":\"BreadcrumbList\",\"@id\":\"https:\\\/\\\/abes.org.br\\\/en\\\/huawei-e-senai-anunciam-parceria-nacional-para-capacitar-profissionais-para-o-setor-de-telecomunicacoes\\\/#breadcrumb\",\"itemListElement\":[{\"@type\":\"ListItem\",\"position\":1,\"name\":\"In\u00edcio\",\"item\":\"https:\\\/\\\/abes.org.br\\\/\"},{\"@type\":\"ListItem\",\"position\":2,\"name\":\"Huawei e SENAI anunciam parceria nacional para capacitar profissionais para o setor de telecomunica\u00e7\u00f5es\"}]},{\"@type\":\"WebSite\",\"@id\":\"https:\\\/\\\/abes.org.br\\\/#website\",\"url\":\"https:\\\/\\\/abes.org.br\\\/\",\"name\":\"ABES\",\"description\":\"Associa\u00e7\u00e3o Brasileira das Empresas de Software\",\"publisher\":{\"@id\":\"https:\\\/\\\/abes.org.br\\\/#organization\"},\"potentialAction\":[{\"@type\":\"SearchAction\",\"target\":{\"@type\":\"EntryPoint\",\"urlTemplate\":\"https:\\\/\\\/abes.org.br\\\/?s={search_term_string}\"},\"query-input\":{\"@type\":\"PropertyValueSpecification\",\"valueRequired\":true,\"valueName\":\"search_term_string\"}}],\"inLanguage\":\"en-US\"},{\"@type\":\"Organization\",\"@id\":\"https:\\\/\\\/abes.org.br\\\/#organization\",\"name\":\"Associa\u00e7\u00e3o Brasileira das Empresas de Software\",\"url\":\"https:\\\/\\\/abes.org.br\\\/\",\"logo\":{\"@type\":\"ImageObject\",\"inLanguage\":\"en-US\",\"@id\":\"https:\\\/\\\/abes.org.br\\\/#\\\/schema\\\/logo\\\/image\\\/\",\"url\":\"https:\\\/\\\/abes.org.br\\\/wp-content\\\/uploads\\\/2020\\\/09\\\/logo_abes_marca_d_tagline_horizontal_verde-amarelo_cmyk.png\",\"contentUrl\":\"https:\\\/\\\/abes.org.br\\\/wp-content\\\/uploads\\\/2020\\\/09\\\/logo_abes_marca_d_tagline_horizontal_verde-amarelo_cmyk.png\",\"width\":324,\"height\":70,\"caption\":\"Associa\u00e7\u00e3o Brasileira das Empresas de Software\"},\"image\":{\"@id\":\"https:\\\/\\\/abes.org.br\\\/#\\\/schema\\\/logo\\\/image\\\/\"},\"sameAs\":[\"https:\\\/\\\/www.facebook.com\\\/ABES.software\",\"https:\\\/\\\/x.com\\\/ABES_SOFTWARE\",\"https:\\\/\\\/www.linkedin.com\\\/company\\\/abes-software\\\/\",\"https:\\\/\\\/www.instagram.com\\\/abes_software\\\/\"]},{\"@type\":\"Person\",\"@id\":\"https:\\\/\\\/abes.org.br\\\/#\\\/schema\\\/person\\\/d65ed84c8883a123fe668129fd6a7ed3\",\"name\":\"Editor ABES\",\"image\":{\"@type\":\"ImageObject\",\"inLanguage\":\"en-US\",\"@id\":\"https:\\\/\\\/secure.gravatar.com\\\/avatar\\\/3b207abce016c5e2ad6bf38914af9ad16e277128bb9b06dabb05bc191f02d7fe?s=96&d=mm&r=g\",\"url\":\"https:\\\/\\\/secure.gravatar.com\\\/avatar\\\/3b207abce016c5e2ad6bf38914af9ad16e277128bb9b06dabb05bc191f02d7fe?s=96&d=mm&r=g\",\"contentUrl\":\"https:\\\/\\\/secure.gravatar.com\\\/avatar\\\/3b207abce016c5e2ad6bf38914af9ad16e277128bb9b06dabb05bc191f02d7fe?s=96&d=mm&r=g\",\"caption\":\"Editor ABES\"},\"url\":\"https:\\\/\\\/abes.org.br\\\/en\\\/author\\\/editor-abes\\\/\"}]}<\/script>\n<!-- \/ Yoast SEO plugin. -->","yoast_head_json":{"title":"Huawei e SENAI anunciam parceria nacional para capacitar profissionais para o setor de telecomunica\u00e7\u00f5es - ABES","robots":{"index":"index","follow":"follow","max-snippet":"max-snippet:-1","max-image-preview":"max-image-preview:large","max-video-preview":"max-video-preview:-1"},"canonical":"https:\/\/abes.org.br\/en\/huawei-e-senai-anunciam-parceria-nacional-para-capacitar-profissionais-para-o-setor-de-telecomunicacoes\/","og_locale":"en_US","og_type":"article","og_title":"Huawei e SENAI anunciam parceria nacional para capacitar profissionais para o setor de telecomunica\u00e7\u00f5es - ABES","og_description":"Colabora\u00e7\u00e3o prev\u00ea certifica\u00e7\u00f5es internacionais em TIC e tr\u00eas laborat\u00f3rios de fibra \u00f3ptica no DF, na BA e em TO. At\u00e9 final do ano, espera-se formar 2 mil profissionais A Huawei e o Servi\u00e7o Nacional de Aprendizagem Industrial (SENAI) anunciaram nesta quinta-feira, 8, uma parceria que ir\u00e1 oferecer cursos com certifica\u00e7\u00e3o para o setor de Tecnologia [&hellip;]","og_url":"https:\/\/abes.org.br\/en\/huawei-e-senai-anunciam-parceria-nacional-para-capacitar-profissionais-para-o-setor-de-telecomunicacoes\/","og_site_name":"ABES","article_publisher":"https:\/\/www.facebook.com\/ABES.software","article_published_time":"2021-04-13T12:16:22+00:00","og_image":[{"width":3509,"height":2482,"url":"https:\/\/abes.org.br\/wp-content\/uploads\/2021\/01\/logo_abes_marca_tagline_horizontal_colorido_rgb.png","type":"image\/png"}],"author":"Editor ABES","twitter_card":"summary_large_image","twitter_creator":"@ABES_SOFTWARE","twitter_site":"@ABES_SOFTWARE","twitter_misc":{"Written by":"Editor ABES","Est. reading time":"4 minutes"},"schema":{"@context":"https:\/\/schema.org","@graph":[{"@type":"Article","@id":"https:\/\/abes.org.br\/en\/huawei-e-senai-anunciam-parceria-nacional-para-capacitar-profissionais-para-o-setor-de-telecomunicacoes\/#article","isPartOf":{"@id":"https:\/\/abes.org.br\/en\/huawei-e-senai-anunciam-parceria-nacional-para-capacitar-profissionais-para-o-setor-de-telecomunicacoes\/"},"author":{"name":"Editor ABES","@id":"https:\/\/abes.org.br\/#\/schema\/person\/d65ed84c8883a123fe668129fd6a7ed3"},"headline":"Huawei e SENAI anunciam parceria nacional para capacitar profissionais para o setor de telecomunica\u00e7\u00f5es","datePublished":"2021-04-13T12:16:22+00:00","mainEntityOfPage":{"@id":"https:\/\/abes.org.br\/en\/huawei-e-senai-anunciam-parceria-nacional-para-capacitar-profissionais-para-o-setor-de-telecomunicacoes\/"},"wordCount":902,"publisher":{"@id":"https:\/\/abes.org.br\/#organization"},"keywords":["capacita\u00e7\u00e3o profissional","certifica\u00e7\u00f5es internacionais em TIC","Huawei","programas de educa\u00e7\u00e3o","rede m\u00f3vel 5G","SENAI"],"articleSection":["-Coluna 4","\u00daltimas not\u00edcias"],"inLanguage":"en-US"},{"@type":"WebPage","@id":"https:\/\/abes.org.br\/en\/huawei-e-senai-anunciam-parceria-nacional-para-capacitar-profissionais-para-o-setor-de-telecomunicacoes\/","url":"https:\/\/abes.org.br\/en\/huawei-e-senai-anunciam-parceria-nacional-para-capacitar-profissionais-para-o-setor-de-telecomunicacoes\/","name":"Huawei e SENAI anunciam parceria nacional para capacitar profissionais para o setor de telecomunica\u00e7\u00f5es - ABES","isPartOf":{"@id":"https:\/\/abes.org.br\/#website"},"datePublished":"2021-04-13T12:16:22+00:00","breadcrumb":{"@id":"https:\/\/abes.org.br\/en\/huawei-e-senai-anunciam-parceria-nacional-para-capacitar-profissionais-para-o-setor-de-telecomunicacoes\/#breadcrumb"},"inLanguage":"en-US","potentialAction":[{"@type":"ReadAction","target":["https:\/\/abes.org.br\/en\/huawei-e-senai-anunciam-parceria-nacional-para-capacitar-profissionais-para-o-setor-de-telecomunicacoes\/"]}]},{"@type":"BreadcrumbList","@id":"https:\/\/abes.org.br\/en\/huawei-e-senai-anunciam-parceria-nacional-para-capacitar-profissionais-para-o-setor-de-telecomunicacoes\/#breadcrumb","itemListElement":[{"@type":"ListItem","position":1,"name":"In\u00edcio","item":"https:\/\/abes.org.br\/"},{"@type":"ListItem","position":2,"name":"Huawei e SENAI anunciam parceria nacional para capacitar profissionais para o setor de telecomunica\u00e7\u00f5es"}]},{"@type":"WebSite","@id":"https:\/\/abes.org.br\/#website","url":"https:\/\/abes.org.br\/","name":"ABES","description":"Brazilian Association of Software Companies","publisher":{"@id":"https:\/\/abes.org.br\/#organization"},"potentialAction":[{"@type":"SearchAction","target":{"@type":"EntryPoint","urlTemplate":"https:\/\/abes.org.br\/?s={search_term_string}"},"query-input":{"@type":"PropertyValueSpecification","valueRequired":true,"valueName":"search_term_string"}}],"inLanguage":"en-US"},{"@type":"Organization","@id":"https:\/\/abes.org.br\/#organization","name":"Brazilian Association of Software Companies","url":"https:\/\/abes.org.br\/","logo":{"@type":"ImageObject","inLanguage":"en-US","@id":"https:\/\/abes.org.br\/#\/schema\/logo\/image\/","url":"https:\/\/abes.org.br\/wp-content\/uploads\/2020\/09\/logo_abes_marca_d_tagline_horizontal_verde-amarelo_cmyk.png","contentUrl":"https:\/\/abes.org.br\/wp-content\/uploads\/2020\/09\/logo_abes_marca_d_tagline_horizontal_verde-amarelo_cmyk.png","width":324,"height":70,"caption":"Associa\u00e7\u00e3o Brasileira das Empresas de Software"},"image":{"@id":"https:\/\/abes.org.br\/#\/schema\/logo\/image\/"},"sameAs":["https:\/\/www.facebook.com\/ABES.software","https:\/\/x.com\/ABES_SOFTWARE","https:\/\/www.linkedin.com\/company\/abes-software\/","https:\/\/www.instagram.com\/abes_software\/"]},{"@type":"Person","@id":"https:\/\/abes.org.br\/#\/schema\/person\/d65ed84c8883a123fe668129fd6a7ed3","name":"ABES Editor","image":{"@type":"ImageObject","inLanguage":"en-US","@id":"https:\/\/secure.gravatar.com\/avatar\/3b207abce016c5e2ad6bf38914af9ad16e277128bb9b06dabb05bc191f02d7fe?s=96&d=mm&r=g","url":"https:\/\/secure.gravatar.com\/avatar\/3b207abce016c5e2ad6bf38914af9ad16e277128bb9b06dabb05bc191f02d7fe?s=96&d=mm&r=g","contentUrl":"https:\/\/secure.gravatar.com\/avatar\/3b207abce016c5e2ad6bf38914af9ad16e277128bb9b06dabb05bc191f02d7fe?s=96&d=mm&r=g","caption":"Editor ABES"},"url":"https:\/\/abes.org.br\/en\/author\/editor-abes\/"}]}},"publishpress_future_action":{"enabled":false,"date":"2026-05-04 03:14:03","action":"change-status","newStatus":"draft","terms":[],"taxonomy":"category","extraData":[]},"publishpress_future_workflow_manual_trigger":{"enabledWorkflows":[]},"_links":{"self":[{"href":"https:\/\/abes.org.br\/en\/wp-json\/wp\/v2\/posts\/31662","targetHints":{"allow":["GET"]}}],"collection":[{"href":"https:\/\/abes.org.br\/en\/wp-json\/wp\/v2\/posts"}],"about":[{"href":"https:\/\/abes.org.br\/en\/wp-json\/wp\/v2\/types\/post"}],"author":[{"embeddable":true,"href":"https:\/\/abes.org.br\/en\/wp-json\/wp\/v2\/users\/10"}],"replies":[{"embeddable":true,"href":"https:\/\/abes.org.br\/en\/wp-json\/wp\/v2\/comments?post=31662"}],"version-history":[{"count":1,"href":"https:\/\/abes.org.br\/en\/wp-json\/wp\/v2\/posts\/31662\/revisions"}],"predecessor-version":[{"id":31663,"href":"https:\/\/abes.org.br\/en\/wp-json\/wp\/v2\/posts\/31662\/revisions\/31663"}],"wp:attachment":[{"href":"https:\/\/abes.org.br\/en\/wp-json\/wp\/v2\/media?parent=31662"}],"wp:term":[{"taxonomy":"category","embeddable":true,"href":"https:\/\/abes.org.br\/en\/wp-json\/wp\/v2\/categories?post=31662"},{"taxonomy":"post_tag","embeddable":true,"href":"https:\/\/abes.org.br\/en\/wp-json\/wp\/v2\/tags?post=31662"}],"curies":[{"name":"wp","href":"https:\/\/api.w.org\/{rel}","templated":true}]}}