{"id":31530,"date":"2021-04-07T19:10:22","date_gmt":"2021-04-07T22:10:22","guid":{"rendered":"https:\/\/abes.org.br\/?p=31530"},"modified":"2021-04-22T18:10:46","modified_gmt":"2021-04-22T21:10:46","slug":"ministro-marcos-pontes-anuncia-novo-programa-nacional-de-tecnologia-o-mcti-futuro","status":"publish","type":"post","link":"https:\/\/abes.org.br\/en\/ministro-marcos-pontes-anuncia-novo-programa-nacional-de-tecnologia-o-mcti-futuro\/","title":{"rendered":"Minister Marcos Pontes announces new national technology program: MCTI Futuro"},"content":{"rendered":"<p><em><img loading=\"lazy\" decoding=\"async\" class=\"wp-image-31552 aligncenter\" src=\"https:\/\/abes.org.br\/wp-content\/uploads\/2021\/04\/mctifuturo2.jpg\" alt=\"\" width=\"502\" height=\"282\" \/>MCTI Futuro aims to train professionals and programmers with practical experience across the country and will be launched in May<\/em><\/p>\n<p class=\"m_5066272530943538244ql-align-justify\">On April 6, Minister Marcos Pontes, during his traditional \u201cScience &amp; Technology Chat\u201d on the<strong>\u00a0<\/strong>Ministry of Science, Technology and Innovations on YouTube, announced the launch next May of a new national technology program: MCTI Futuro.<u><\/u><u><\/u><u><\/u>\u00a0<u><\/u><\/p>\n<p class=\"m_5066272530943538244ql-align-justify\">The program, which aims to promote large-scale technological training for researchers and students in emerging technologies, will be coordinated by Softex. For its realization - in a public-private partnership model - partnerships have already been signed with more than 40 companies that are beneficiaries of the ICT Law (Law No. 8,248 \/ 191) and more than 30 ICTs accredited to CATI.<u><\/u><u><\/u><u><\/u>\u00a0<u><\/u><\/p>\n<p class=\"m_5066272530943538244ql-align-justify\">\u201cThe future belongs to knowledge and to young people. Thousands of them will have the opportunity to work in the ICT sector thanks to this joint effort between government, companies and ICTs. This is another way of transforming knowledge into products and generating foreign exchange for the country \u201d, said the Minister of Science, Technology and Innovations, Marcos Pontes.<u><\/u><u><\/u><u><\/u>\u00a0<u><\/u><\/p>\n<p class=\"m_5066272530943538244ql-align-justify\">According to data from a survey carried out by Softex&#039;s intelligence, studies and research unit, the deficit of IT professionals in the country is expected to exceed 408,000 in 2022. And the process of digital transformation, accelerated by the pandemic, tends to further reinforce demand by specialists in emerging technologies, precisely the focus of MCTI Futuro.<u><\/u><u><\/u><u><\/u>\u00a0<u><\/u><\/p>\n<p class=\"m_5066272530943538244ql-align-justify\">For the president of Softex, Ruben Delgado, &quot;this is an innovative and scalable training model, focused on both the work of the future and the future of work&quot;.<u><\/u><u><\/u><u><\/u>\u00a0<u><\/u><\/p>\n<p class=\"m_5066272530943538244ql-align-justify\">The president of Assespro, Italo Nogueira, participated in the chat; Brasscom&#039;s president, Sergio Paulo Gallindo; the president of Datacom and the Superior Council of the P&amp;D Brasil Association, Antonio Carlos Porto; the director of Inatel, Carlos Nazareth Marins; and the director of Planning and Institutional Relations - Embrapii \/ MCTI, Jos\u00e9 Luis Gordon.<\/p>","protected":false},"excerpt":{"rendered":"<p>O MCTI Futuro pretende capacitar profissionais e programadores com experi\u00eancia pr\u00e1tica em todo o pa\u00eds e ser\u00e1 lan\u00e7ado no m\u00eas de maio No dia 06 de abril,\u00a0o ministro Marcos Pontes, durante seu tradicional \u201cBate-Papo Ci\u00eancia &amp; Tecnologia\u201d no canal do\u00a0Minist\u00e9rio da Ci\u00eancia, Tecnologia e Inova\u00e7\u00f5es no YouTube, anunciou o lan\u00e7amento no pr\u00f3ximo m\u00eas de maio [&hellip;]<\/p>\n","protected":false},"author":10,"featured_media":31552,"comment_status":"closed","ping_status":"closed","sticky":false,"template":"","format":"standard","meta":{"_acf_changed":false,"_et_pb_use_builder":"","_et_pb_old_content":"","_et_gb_content_width":"","footnotes":""},"categories":[39,19],"tags":[1277,1278,1275,1276,1115],"class_list":["post-31530","post","type-post","status-publish","format-standard","has-post-thumbnail","hentry","category-coluna-4","category-ultimas-noticias","tag-capacitar-profissionais","tag-deficit-de-profissionais-de-ti","tag-mctiu-futuro","tag-ministro-marcos-pontes","tag-softex"],"acf":[],"yoast_head":"<!-- This site is optimized with the Yoast SEO plugin v27.3 - https:\/\/yoast.com\/product\/yoast-seo-wordpress\/ -->\n<title>Ministro Marcos Pontes anuncia novo programa nacional de tecnologia: o MCTI Futuro - ABES<\/title>\n<meta name=\"robots\" content=\"index, follow, max-snippet:-1, max-image-preview:large, max-video-preview:-1\" \/>\n<link rel=\"canonical\" href=\"https:\/\/abes.org.br\/en\/ministro-marcos-pontes-anuncia-novo-programa-nacional-de-tecnologia-o-mcti-futuro\/\" \/>\n<meta property=\"og:locale\" content=\"en_US\" \/>\n<meta property=\"og:type\" content=\"article\" \/>\n<meta property=\"og:title\" content=\"Ministro Marcos Pontes anuncia novo programa nacional de tecnologia: o MCTI Futuro - ABES\" \/>\n<meta property=\"og:description\" content=\"O MCTI Futuro pretende capacitar profissionais e programadores com experi\u00eancia pr\u00e1tica em todo o pa\u00eds e ser\u00e1 lan\u00e7ado no m\u00eas de maio No dia 06 de abril,\u00a0o ministro Marcos Pontes, durante seu tradicional \u201cBate-Papo Ci\u00eancia &amp; Tecnologia\u201d no canal do\u00a0Minist\u00e9rio da Ci\u00eancia, Tecnologia e Inova\u00e7\u00f5es no YouTube, anunciou o lan\u00e7amento no pr\u00f3ximo m\u00eas de maio [&hellip;]\" \/>\n<meta property=\"og:url\" content=\"https:\/\/abes.org.br\/en\/ministro-marcos-pontes-anuncia-novo-programa-nacional-de-tecnologia-o-mcti-futuro\/\" \/>\n<meta property=\"og:site_name\" content=\"ABES\" \/>\n<meta property=\"article:publisher\" content=\"https:\/\/www.facebook.com\/ABES.software\" \/>\n<meta property=\"article:published_time\" content=\"2021-04-07T22:10:22+00:00\" \/>\n<meta property=\"article:modified_time\" content=\"2021-04-22T21:10:46+00:00\" \/>\n<meta property=\"og:image\" content=\"https:\/\/abes.org.br\/wp-content\/uploads\/2021\/04\/mctifuturo2.jpg\" \/>\n\t<meta property=\"og:image:width\" content=\"1279\" \/>\n\t<meta property=\"og:image:height\" content=\"719\" \/>\n\t<meta property=\"og:image:type\" content=\"image\/jpeg\" \/>\n<meta name=\"author\" content=\"Editor ABES\" \/>\n<meta name=\"twitter:card\" content=\"summary_large_image\" \/>\n<meta name=\"twitter:creator\" content=\"@ABES_SOFTWARE\" \/>\n<meta name=\"twitter:site\" content=\"@ABES_SOFTWARE\" \/>\n<meta name=\"twitter:label1\" content=\"Written by\" \/>\n\t<meta name=\"twitter:data1\" content=\"Editor ABES\" \/>\n\t<meta name=\"twitter:label2\" content=\"Est. reading time\" \/>\n\t<meta name=\"twitter:data2\" content=\"2 minutes\" \/>\n<script type=\"application\/ld+json\" class=\"yoast-schema-graph\">{\"@context\":\"https:\\\/\\\/schema.org\",\"@graph\":[{\"@type\":\"Article\",\"@id\":\"https:\\\/\\\/abes.org.br\\\/en\\\/ministro-marcos-pontes-anuncia-novo-programa-nacional-de-tecnologia-o-mcti-futuro\\\/#article\",\"isPartOf\":{\"@id\":\"https:\\\/\\\/abes.org.br\\\/en\\\/ministro-marcos-pontes-anuncia-novo-programa-nacional-de-tecnologia-o-mcti-futuro\\\/\"},\"author\":{\"name\":\"Editor ABES\",\"@id\":\"https:\\\/\\\/abes.org.br\\\/#\\\/schema\\\/person\\\/d65ed84c8883a123fe668129fd6a7ed3\"},\"headline\":\"Ministro Marcos Pontes anuncia novo programa nacional de tecnologia: o MCTI Futuro\",\"datePublished\":\"2021-04-07T22:10:22+00:00\",\"dateModified\":\"2021-04-22T21:10:46+00:00\",\"mainEntityOfPage\":{\"@id\":\"https:\\\/\\\/abes.org.br\\\/en\\\/ministro-marcos-pontes-anuncia-novo-programa-nacional-de-tecnologia-o-mcti-futuro\\\/\"},\"wordCount\":357,\"publisher\":{\"@id\":\"https:\\\/\\\/abes.org.br\\\/#organization\"},\"image\":{\"@id\":\"https:\\\/\\\/abes.org.br\\\/en\\\/ministro-marcos-pontes-anuncia-novo-programa-nacional-de-tecnologia-o-mcti-futuro\\\/#primaryimage\"},\"thumbnailUrl\":\"https:\\\/\\\/abes.org.br\\\/wp-content\\\/uploads\\\/2021\\\/04\\\/mctifuturo2.jpg\",\"keywords\":[\"capacitar profissionais\",\"d\u00e9ficit de profissionais de TI\",\"MCTIU Futuro\",\"ministro Marcos Pontes\",\"Softex\"],\"articleSection\":[\"-Coluna 4\",\"\u00daltimas not\u00edcias\"],\"inLanguage\":\"en-US\"},{\"@type\":\"WebPage\",\"@id\":\"https:\\\/\\\/abes.org.br\\\/en\\\/ministro-marcos-pontes-anuncia-novo-programa-nacional-de-tecnologia-o-mcti-futuro\\\/\",\"url\":\"https:\\\/\\\/abes.org.br\\\/en\\\/ministro-marcos-pontes-anuncia-novo-programa-nacional-de-tecnologia-o-mcti-futuro\\\/\",\"name\":\"Ministro Marcos Pontes anuncia novo programa nacional de tecnologia: o MCTI Futuro - ABES\",\"isPartOf\":{\"@id\":\"https:\\\/\\\/abes.org.br\\\/#website\"},\"primaryImageOfPage\":{\"@id\":\"https:\\\/\\\/abes.org.br\\\/en\\\/ministro-marcos-pontes-anuncia-novo-programa-nacional-de-tecnologia-o-mcti-futuro\\\/#primaryimage\"},\"image\":{\"@id\":\"https:\\\/\\\/abes.org.br\\\/en\\\/ministro-marcos-pontes-anuncia-novo-programa-nacional-de-tecnologia-o-mcti-futuro\\\/#primaryimage\"},\"thumbnailUrl\":\"https:\\\/\\\/abes.org.br\\\/wp-content\\\/uploads\\\/2021\\\/04\\\/mctifuturo2.jpg\",\"datePublished\":\"2021-04-07T22:10:22+00:00\",\"dateModified\":\"2021-04-22T21:10:46+00:00\",\"breadcrumb\":{\"@id\":\"https:\\\/\\\/abes.org.br\\\/en\\\/ministro-marcos-pontes-anuncia-novo-programa-nacional-de-tecnologia-o-mcti-futuro\\\/#breadcrumb\"},\"inLanguage\":\"en-US\",\"potentialAction\":[{\"@type\":\"ReadAction\",\"target\":[\"https:\\\/\\\/abes.org.br\\\/en\\\/ministro-marcos-pontes-anuncia-novo-programa-nacional-de-tecnologia-o-mcti-futuro\\\/\"]}]},{\"@type\":\"ImageObject\",\"inLanguage\":\"en-US\",\"@id\":\"https:\\\/\\\/abes.org.br\\\/en\\\/ministro-marcos-pontes-anuncia-novo-programa-nacional-de-tecnologia-o-mcti-futuro\\\/#primaryimage\",\"url\":\"https:\\\/\\\/abes.org.br\\\/wp-content\\\/uploads\\\/2021\\\/04\\\/mctifuturo2.jpg\",\"contentUrl\":\"https:\\\/\\\/abes.org.br\\\/wp-content\\\/uploads\\\/2021\\\/04\\\/mctifuturo2.jpg\",\"width\":1279,\"height\":719},{\"@type\":\"BreadcrumbList\",\"@id\":\"https:\\\/\\\/abes.org.br\\\/en\\\/ministro-marcos-pontes-anuncia-novo-programa-nacional-de-tecnologia-o-mcti-futuro\\\/#breadcrumb\",\"itemListElement\":[{\"@type\":\"ListItem\",\"position\":1,\"name\":\"In\u00edcio\",\"item\":\"https:\\\/\\\/abes.org.br\\\/\"},{\"@type\":\"ListItem\",\"position\":2,\"name\":\"Ministro Marcos Pontes anuncia novo programa nacional de tecnologia: o MCTI Futuro\"}]},{\"@type\":\"WebSite\",\"@id\":\"https:\\\/\\\/abes.org.br\\\/#website\",\"url\":\"https:\\\/\\\/abes.org.br\\\/\",\"name\":\"ABES\",\"description\":\"Associa\u00e7\u00e3o Brasileira das Empresas de Software\",\"publisher\":{\"@id\":\"https:\\\/\\\/abes.org.br\\\/#organization\"},\"potentialAction\":[{\"@type\":\"SearchAction\",\"target\":{\"@type\":\"EntryPoint\",\"urlTemplate\":\"https:\\\/\\\/abes.org.br\\\/?s={search_term_string}\"},\"query-input\":{\"@type\":\"PropertyValueSpecification\",\"valueRequired\":true,\"valueName\":\"search_term_string\"}}],\"inLanguage\":\"en-US\"},{\"@type\":\"Organization\",\"@id\":\"https:\\\/\\\/abes.org.br\\\/#organization\",\"name\":\"Associa\u00e7\u00e3o Brasileira das Empresas de Software\",\"url\":\"https:\\\/\\\/abes.org.br\\\/\",\"logo\":{\"@type\":\"ImageObject\",\"inLanguage\":\"en-US\",\"@id\":\"https:\\\/\\\/abes.org.br\\\/#\\\/schema\\\/logo\\\/image\\\/\",\"url\":\"https:\\\/\\\/abes.org.br\\\/wp-content\\\/uploads\\\/2020\\\/09\\\/logo_abes_marca_d_tagline_horizontal_verde-amarelo_cmyk.png\",\"contentUrl\":\"https:\\\/\\\/abes.org.br\\\/wp-content\\\/uploads\\\/2020\\\/09\\\/logo_abes_marca_d_tagline_horizontal_verde-amarelo_cmyk.png\",\"width\":324,\"height\":70,\"caption\":\"Associa\u00e7\u00e3o Brasileira das Empresas de Software\"},\"image\":{\"@id\":\"https:\\\/\\\/abes.org.br\\\/#\\\/schema\\\/logo\\\/image\\\/\"},\"sameAs\":[\"https:\\\/\\\/www.facebook.com\\\/ABES.software\",\"https:\\\/\\\/x.com\\\/ABES_SOFTWARE\",\"https:\\\/\\\/www.linkedin.com\\\/company\\\/abes-software\\\/\",\"https:\\\/\\\/www.instagram.com\\\/abes_software\\\/\"]},{\"@type\":\"Person\",\"@id\":\"https:\\\/\\\/abes.org.br\\\/#\\\/schema\\\/person\\\/d65ed84c8883a123fe668129fd6a7ed3\",\"name\":\"Editor ABES\",\"image\":{\"@type\":\"ImageObject\",\"inLanguage\":\"en-US\",\"@id\":\"https:\\\/\\\/secure.gravatar.com\\\/avatar\\\/3b207abce016c5e2ad6bf38914af9ad16e277128bb9b06dabb05bc191f02d7fe?s=96&d=mm&r=g\",\"url\":\"https:\\\/\\\/secure.gravatar.com\\\/avatar\\\/3b207abce016c5e2ad6bf38914af9ad16e277128bb9b06dabb05bc191f02d7fe?s=96&d=mm&r=g\",\"contentUrl\":\"https:\\\/\\\/secure.gravatar.com\\\/avatar\\\/3b207abce016c5e2ad6bf38914af9ad16e277128bb9b06dabb05bc191f02d7fe?s=96&d=mm&r=g\",\"caption\":\"Editor ABES\"},\"url\":\"https:\\\/\\\/abes.org.br\\\/en\\\/author\\\/editor-abes\\\/\"}]}<\/script>\n<!-- \/ Yoast SEO plugin. -->","yoast_head_json":{"title":"Ministro Marcos Pontes anuncia novo programa nacional de tecnologia: o MCTI Futuro - ABES","robots":{"index":"index","follow":"follow","max-snippet":"max-snippet:-1","max-image-preview":"max-image-preview:large","max-video-preview":"max-video-preview:-1"},"canonical":"https:\/\/abes.org.br\/en\/ministro-marcos-pontes-anuncia-novo-programa-nacional-de-tecnologia-o-mcti-futuro\/","og_locale":"en_US","og_type":"article","og_title":"Ministro Marcos Pontes anuncia novo programa nacional de tecnologia: o MCTI Futuro - ABES","og_description":"O MCTI Futuro pretende capacitar profissionais e programadores com experi\u00eancia pr\u00e1tica em todo o pa\u00eds e ser\u00e1 lan\u00e7ado no m\u00eas de maio No dia 06 de abril,\u00a0o ministro Marcos Pontes, durante seu tradicional \u201cBate-Papo Ci\u00eancia &amp; Tecnologia\u201d no canal do\u00a0Minist\u00e9rio da Ci\u00eancia, Tecnologia e Inova\u00e7\u00f5es no YouTube, anunciou o lan\u00e7amento no pr\u00f3ximo m\u00eas de maio [&hellip;]","og_url":"https:\/\/abes.org.br\/en\/ministro-marcos-pontes-anuncia-novo-programa-nacional-de-tecnologia-o-mcti-futuro\/","og_site_name":"ABES","article_publisher":"https:\/\/www.facebook.com\/ABES.software","article_published_time":"2021-04-07T22:10:22+00:00","article_modified_time":"2021-04-22T21:10:46+00:00","og_image":[{"width":1279,"height":719,"url":"https:\/\/abes.org.br\/wp-content\/uploads\/2021\/04\/mctifuturo2.jpg","type":"image\/jpeg"}],"author":"Editor ABES","twitter_card":"summary_large_image","twitter_creator":"@ABES_SOFTWARE","twitter_site":"@ABES_SOFTWARE","twitter_misc":{"Written by":"Editor ABES","Est. reading time":"2 minutes"},"schema":{"@context":"https:\/\/schema.org","@graph":[{"@type":"Article","@id":"https:\/\/abes.org.br\/en\/ministro-marcos-pontes-anuncia-novo-programa-nacional-de-tecnologia-o-mcti-futuro\/#article","isPartOf":{"@id":"https:\/\/abes.org.br\/en\/ministro-marcos-pontes-anuncia-novo-programa-nacional-de-tecnologia-o-mcti-futuro\/"},"author":{"name":"Editor ABES","@id":"https:\/\/abes.org.br\/#\/schema\/person\/d65ed84c8883a123fe668129fd6a7ed3"},"headline":"Ministro Marcos Pontes anuncia novo programa nacional de tecnologia: o MCTI Futuro","datePublished":"2021-04-07T22:10:22+00:00","dateModified":"2021-04-22T21:10:46+00:00","mainEntityOfPage":{"@id":"https:\/\/abes.org.br\/en\/ministro-marcos-pontes-anuncia-novo-programa-nacional-de-tecnologia-o-mcti-futuro\/"},"wordCount":357,"publisher":{"@id":"https:\/\/abes.org.br\/#organization"},"image":{"@id":"https:\/\/abes.org.br\/en\/ministro-marcos-pontes-anuncia-novo-programa-nacional-de-tecnologia-o-mcti-futuro\/#primaryimage"},"thumbnailUrl":"https:\/\/abes.org.br\/wp-content\/uploads\/2021\/04\/mctifuturo2.jpg","keywords":["capacitar profissionais","d\u00e9ficit de profissionais de TI","MCTIU Futuro","ministro Marcos Pontes","Softex"],"articleSection":["-Coluna 4","\u00daltimas not\u00edcias"],"inLanguage":"en-US"},{"@type":"WebPage","@id":"https:\/\/abes.org.br\/en\/ministro-marcos-pontes-anuncia-novo-programa-nacional-de-tecnologia-o-mcti-futuro\/","url":"https:\/\/abes.org.br\/en\/ministro-marcos-pontes-anuncia-novo-programa-nacional-de-tecnologia-o-mcti-futuro\/","name":"Ministro Marcos Pontes anuncia novo programa nacional de tecnologia: o MCTI Futuro - ABES","isPartOf":{"@id":"https:\/\/abes.org.br\/#website"},"primaryImageOfPage":{"@id":"https:\/\/abes.org.br\/en\/ministro-marcos-pontes-anuncia-novo-programa-nacional-de-tecnologia-o-mcti-futuro\/#primaryimage"},"image":{"@id":"https:\/\/abes.org.br\/en\/ministro-marcos-pontes-anuncia-novo-programa-nacional-de-tecnologia-o-mcti-futuro\/#primaryimage"},"thumbnailUrl":"https:\/\/abes.org.br\/wp-content\/uploads\/2021\/04\/mctifuturo2.jpg","datePublished":"2021-04-07T22:10:22+00:00","dateModified":"2021-04-22T21:10:46+00:00","breadcrumb":{"@id":"https:\/\/abes.org.br\/en\/ministro-marcos-pontes-anuncia-novo-programa-nacional-de-tecnologia-o-mcti-futuro\/#breadcrumb"},"inLanguage":"en-US","potentialAction":[{"@type":"ReadAction","target":["https:\/\/abes.org.br\/en\/ministro-marcos-pontes-anuncia-novo-programa-nacional-de-tecnologia-o-mcti-futuro\/"]}]},{"@type":"ImageObject","inLanguage":"en-US","@id":"https:\/\/abes.org.br\/en\/ministro-marcos-pontes-anuncia-novo-programa-nacional-de-tecnologia-o-mcti-futuro\/#primaryimage","url":"https:\/\/abes.org.br\/wp-content\/uploads\/2021\/04\/mctifuturo2.jpg","contentUrl":"https:\/\/abes.org.br\/wp-content\/uploads\/2021\/04\/mctifuturo2.jpg","width":1279,"height":719},{"@type":"BreadcrumbList","@id":"https:\/\/abes.org.br\/en\/ministro-marcos-pontes-anuncia-novo-programa-nacional-de-tecnologia-o-mcti-futuro\/#breadcrumb","itemListElement":[{"@type":"ListItem","position":1,"name":"In\u00edcio","item":"https:\/\/abes.org.br\/"},{"@type":"ListItem","position":2,"name":"Ministro Marcos Pontes anuncia novo programa nacional de tecnologia: o MCTI Futuro"}]},{"@type":"WebSite","@id":"https:\/\/abes.org.br\/#website","url":"https:\/\/abes.org.br\/","name":"ABES","description":"Brazilian Association of Software Companies","publisher":{"@id":"https:\/\/abes.org.br\/#organization"},"potentialAction":[{"@type":"SearchAction","target":{"@type":"EntryPoint","urlTemplate":"https:\/\/abes.org.br\/?s={search_term_string}"},"query-input":{"@type":"PropertyValueSpecification","valueRequired":true,"valueName":"search_term_string"}}],"inLanguage":"en-US"},{"@type":"Organization","@id":"https:\/\/abes.org.br\/#organization","name":"Brazilian Association of Software Companies","url":"https:\/\/abes.org.br\/","logo":{"@type":"ImageObject","inLanguage":"en-US","@id":"https:\/\/abes.org.br\/#\/schema\/logo\/image\/","url":"https:\/\/abes.org.br\/wp-content\/uploads\/2020\/09\/logo_abes_marca_d_tagline_horizontal_verde-amarelo_cmyk.png","contentUrl":"https:\/\/abes.org.br\/wp-content\/uploads\/2020\/09\/logo_abes_marca_d_tagline_horizontal_verde-amarelo_cmyk.png","width":324,"height":70,"caption":"Associa\u00e7\u00e3o Brasileira das Empresas de Software"},"image":{"@id":"https:\/\/abes.org.br\/#\/schema\/logo\/image\/"},"sameAs":["https:\/\/www.facebook.com\/ABES.software","https:\/\/x.com\/ABES_SOFTWARE","https:\/\/www.linkedin.com\/company\/abes-software\/","https:\/\/www.instagram.com\/abes_software\/"]},{"@type":"Person","@id":"https:\/\/abes.org.br\/#\/schema\/person\/d65ed84c8883a123fe668129fd6a7ed3","name":"ABES Editor","image":{"@type":"ImageObject","inLanguage":"en-US","@id":"https:\/\/secure.gravatar.com\/avatar\/3b207abce016c5e2ad6bf38914af9ad16e277128bb9b06dabb05bc191f02d7fe?s=96&d=mm&r=g","url":"https:\/\/secure.gravatar.com\/avatar\/3b207abce016c5e2ad6bf38914af9ad16e277128bb9b06dabb05bc191f02d7fe?s=96&d=mm&r=g","contentUrl":"https:\/\/secure.gravatar.com\/avatar\/3b207abce016c5e2ad6bf38914af9ad16e277128bb9b06dabb05bc191f02d7fe?s=96&d=mm&r=g","caption":"Editor ABES"},"url":"https:\/\/abes.org.br\/en\/author\/editor-abes\/"}]}},"publishpress_future_action":{"enabled":false,"date":"2026-05-04 04:55:29","action":"change-status","newStatus":"draft","terms":[],"taxonomy":"category","extraData":[]},"publishpress_future_workflow_manual_trigger":{"enabledWorkflows":[]},"_links":{"self":[{"href":"https:\/\/abes.org.br\/en\/wp-json\/wp\/v2\/posts\/31530","targetHints":{"allow":["GET"]}}],"collection":[{"href":"https:\/\/abes.org.br\/en\/wp-json\/wp\/v2\/posts"}],"about":[{"href":"https:\/\/abes.org.br\/en\/wp-json\/wp\/v2\/types\/post"}],"author":[{"embeddable":true,"href":"https:\/\/abes.org.br\/en\/wp-json\/wp\/v2\/users\/10"}],"replies":[{"embeddable":true,"href":"https:\/\/abes.org.br\/en\/wp-json\/wp\/v2\/comments?post=31530"}],"version-history":[{"count":3,"href":"https:\/\/abes.org.br\/en\/wp-json\/wp\/v2\/posts\/31530\/revisions"}],"predecessor-version":[{"id":31554,"href":"https:\/\/abes.org.br\/en\/wp-json\/wp\/v2\/posts\/31530\/revisions\/31554"}],"wp:featuredmedia":[{"embeddable":true,"href":"https:\/\/abes.org.br\/en\/wp-json\/wp\/v2\/media\/31552"}],"wp:attachment":[{"href":"https:\/\/abes.org.br\/en\/wp-json\/wp\/v2\/media?parent=31530"}],"wp:term":[{"taxonomy":"category","embeddable":true,"href":"https:\/\/abes.org.br\/en\/wp-json\/wp\/v2\/categories?post=31530"},{"taxonomy":"post_tag","embeddable":true,"href":"https:\/\/abes.org.br\/en\/wp-json\/wp\/v2\/tags?post=31530"}],"curies":[{"name":"wp","href":"https:\/\/api.w.org\/{rel}","templated":true}]}}