{"id":31313,"date":"2021-03-31T10:26:43","date_gmt":"2021-03-31T13:26:43","guid":{"rendered":"https:\/\/abes.org.br\/?p=31313"},"modified":"2021-04-09T09:35:52","modified_gmt":"2021-04-09T12:35:52","slug":"governo-federal-assina-mp-para-melhoria-do-ambiente-de-negocios-no-brasil","status":"publish","type":"post","link":"https:\/\/abes.org.br\/en\/governo-federal-assina-mp-para-melhoria-do-ambiente-de-negocios-no-brasil\/","title":{"rendered":"Federal Government signs MP to improve the business environment in Brazil"},"content":{"rendered":"<p><em>Goal is to improve the country&#039;s position in the World Bank ranking<\/em><\/p>\n<p>On March 29, President Jair Bolsonaro signed a provisional measure (MP) with the objective of modernizing and reducing bureaucracy in the business environment in Brazil, improving the country&#039;s position in the\u00a0<em>ranking<\/em>\u00a0World Bank Doing Business. The document brings legislative changes to simplify the opening of companies, the protection of minority investors, the facilitation of foreign trade in goods and services and the release of low-risk buildings, among others.<\/p>\n<p>Using ten different indicators, the World Bank analyzes the level of ease of doing business in 190 economies around the world. In the most recent survey, Brazil ranked 124th.<\/p>\n<p>According to the Ministry of Economy, the MP should raise Brazil from 18 to 20 positions in the\u00a0<em>ranking<\/em>. &quot;With the actions already outlined and in execution since 2020, together with the implementation of what is proposed in the MP, Brazil can figure for the first time, in the short term, among the 100 best economies to do business in the country&quot;, he informed , in a statement. The objective of the Bolsonaro government is, until 2022, to place Brazil among the 50 best countries to do business with. The government&#039;s expectation is that the proposal will go through and be approved by the National Congress later this year.<\/p>\n<p>\u201cThis is a set of short-term measures that are not only extremely relevant for minimizing the negative effects of the covid-19 pandemic on the economy, but are also urgent, since it is necessary that the legislative changes now proposed be implemented at time to be reflected in the responses to the questionnaires in the first half of 2021 and included in the World Bank&#039;s 2022 report, \u201dexplained the General Secretariat of the Presidency, in a note. Download here\u00a0<a href=\"https:\/\/abes.org.br\/wp-content\/uploads\/2021\/03\/MP-de-Ambiente-de-Nego\u0301cios-Apresentac\u0327a\u0303o-Executiva.pdf\"><strong>executive presentation of the measures<\/strong><\/a>.<\/p>\n<p>The signing of the MP took place in a quick ceremony at the Planalto Palace with the presence of the Minister of the General Secretariat of the Presidency of the Republic, Onyx Lorenzoni; the Minister of Economy, Paulo Guedes; the special secretary for Productivity, Employment and Competitiveness of the Ministry of Economy, Carlos Da Costa; and the Competition and Competitiveness Advocacy Secretary, Geanluca Lorenzon; among other authorities.<\/p>\n<h4><strong>Measures adopted<\/strong><\/h4>\n<p>According to the folder, in the scope of the opening of companies, the MP determines the unification of federal, state and municipal tax registrations in the National Register of Legal Entities (CNPJ), \u201celiminating feasibility analyzes - which only exist in Brazil - and automating the business name check in seconds \u201d.<\/p>\n<p>The measure also deals with the protection of minority investors, through the\u00a0<a href=\"http:\/\/www.planalto.gov.br\/ccivil_03\/leis\/l6404consol.htm\" data-saferedirecturl=\"https:\/\/www.google.com\/url?q=http:\/\/www.planalto.gov.br\/ccivil_03\/leis\/l6404consol.htm&amp;source=gmail&amp;ust=1617282385907000&amp;usg=AFQjCNEMEJPMinK7LlyOlFCwfaKDlgfleQ\"><strong>amendment to the Brazilian Corporate Law<\/strong><\/a>\u00a0(Corporations), \u201cfollowing the good practices defined by the World Bank\u201d. According to the Presidency, the changes will increase the decision-making power of shareholders, including minority shareholders, by increasing the advance period for sending information for use at meetings; the improvement of communication-related devices; and the prohibition against the accumulation of functions between the main director of the company and the chairman of the Board of Directors, among other measures.<\/p>\n<p>Regarding foreign trade in goods and services, the text ensures, for example, the availability of a single electronic window for foreign trade operators and provides that any requirements based on the characteristics of the goods are imposed only by law, \u201cmodernizing the system of verification of non-preferential rules of origin \u201d.<\/p>\n<p>In the same vein, according to the Presidency, the MP also grants new regulations to the profession of Public Translator and Commercial Interpreter, revoking Decree No. 13,609, of 1943. \u201cThe change reduces the bureaucracy by allowing translators to work across the country and can carry out their work in electronic media, ensuring greater legal certainty to the matter, which is indispensable for the development of foreign trade and the evolution of Brazil in several other indicators related to the business environment \u201d, says the note.<\/p>\n<p>As part of the execution of contracts, the government instituted the Integrated Asset Recovery System (SIRA) to expedite the collection and recovery of credit. SIRA will be able to gather registration data, relationships and equity bases of individuals and companies with the objective of reducing the transaction cost of granting credit by increasing the effectiveness of lawsuits involving the recovery of public or private credits.<\/p>\n<p>According to the General Secretariat, with the change, professional councils will be able to take administrative collection measures, such as extrajudicial notification and inclusion in delinquent registries, \u201ccontributing to reduce the Brazilian judicial burden\u201d.<\/p>\n<p>Another highlight of the MP refers to the supply of electricity, &quot;in order to increase the speed of some processes of access to electricity&quot;. The text proposes solutions to the issue, such as the establishment of a deadline for the Government to authorize the execution of works to extend electricity distribution networks.<\/p>\n<p>Finally, MP also promotes amendment of the Civil Code, &quot;to crystallize the institute of intercurrent prescription already enshrined by the Supreme Federal Court in Precedent 150, thus contributing to the increase of legal security&quot;. The intercurrent prescription is the loss of the right due to the lack of action for a certain time.<\/p>\n<p>See below a summary with the 20 main points of the MP:<\/p>\n<ol>\n<li>Unification in the CNPJ of the Federal, State and Municipal tax registrations<\/li>\n<li>Eliminates business address analysis<\/li>\n<li>Automates business name registration<\/li>\n<li>Implementation of medium risk companies (today there are high and low)<\/li>\n<li>Extends the competences of the General Assemblies<\/li>\n<li>Changes the deadlines of the General Assembly<\/li>\n<li>Establishes the participation of an independent director in publicly-held companies<\/li>\n<li>Prohibits the accumulation of positions in large publicly-held companies<\/li>\n<li>Dejudicializes the administrative charges of professional councils<\/li>\n<li>From legal certainty to statutory deadlines in the execution of contracts<\/li>\n<li>Creates the Integrated Asset Recovery System - SIRA<\/li>\n<li>Speeds up the electricity connection for low complexity works<\/li>\n<li>Makes obtaining electricity for new ventures faster<\/li>\n<li>Makes the creation of import licensing requirements more judicious<\/li>\n<li>Promotes the review of the regulatory stock of import licenses<\/li>\n<li>Extinguishes Siscoserv and simplifies international trade in services<\/li>\n<li>Eliminates the market reserve for long-haul navigation<\/li>\n<li>Strengthens the single electronic portal of Foreign Trade<\/li>\n<li>Reduce bureaucracy in the non-preferential research system<\/li>\n<li>Removes barriers and modernizes the profession of translator and public interpreter<\/li>\n<\/ol>\n<p>Source: Ag\u00eancia Brasil and ABES<\/p>","protected":false},"excerpt":{"rendered":"<p>Meta \u00e9 melhorar posi\u00e7\u00e3o do pa\u00eds em ranking do Banco Mundial O presidente Jair Bolsonaro assinou no dia 29\/03 uma medida provis\u00f3ria (MP) com o objetivo de modernizar e desburocratizar o ambiente de neg\u00f3cios no Brasil, melhorando a posi\u00e7\u00e3o do pa\u00eds no\u00a0ranking\u00a0Doing Business, do Banco Mundial. O documento traz mudan\u00e7as legislativas para a simplifica\u00e7\u00e3o de [&hellip;]<\/p>\n","protected":false},"author":10,"featured_media":31315,"comment_status":"closed","ping_status":"closed","sticky":false,"template":"","format":"standard","meta":{"_acf_changed":false,"_et_pb_use_builder":"","_et_pb_old_content":"","_et_gb_content_width":"","footnotes":""},"categories":[39,19],"tags":[1238,206,1237],"class_list":["post-31313","post","type-post","status-publish","format-standard","has-post-thumbnail","hentry","category-coluna-4","category-ultimas-noticias","tag-banco-mundial","tag-ministerio-da-economia","tag-secretaria-geral-da-presidencia-da-republica"],"acf":[],"yoast_head":"<!-- This site is optimized with the Yoast SEO plugin v27.3 - https:\/\/yoast.com\/product\/yoast-seo-wordpress\/ -->\n<title>Governo Federal assina MP para melhoria do ambiente de neg\u00f3cios no Brasil - ABES<\/title>\n<meta name=\"robots\" content=\"index, follow, max-snippet:-1, max-image-preview:large, max-video-preview:-1\" \/>\n<link rel=\"canonical\" href=\"https:\/\/abes.org.br\/en\/governo-federal-assina-mp-para-melhoria-do-ambiente-de-negocios-no-brasil\/\" \/>\n<meta property=\"og:locale\" content=\"en_US\" \/>\n<meta property=\"og:type\" content=\"article\" \/>\n<meta property=\"og:title\" content=\"Governo Federal assina MP para melhoria do ambiente de neg\u00f3cios no Brasil - ABES\" \/>\n<meta property=\"og:description\" content=\"Meta \u00e9 melhorar posi\u00e7\u00e3o do pa\u00eds em ranking do Banco Mundial O presidente Jair Bolsonaro assinou no dia 29\/03 uma medida provis\u00f3ria (MP) com o objetivo de modernizar e desburocratizar o ambiente de neg\u00f3cios no Brasil, melhorando a posi\u00e7\u00e3o do pa\u00eds no\u00a0ranking\u00a0Doing Business, do Banco Mundial. O documento traz mudan\u00e7as legislativas para a simplifica\u00e7\u00e3o de [&hellip;]\" \/>\n<meta property=\"og:url\" content=\"https:\/\/abes.org.br\/en\/governo-federal-assina-mp-para-melhoria-do-ambiente-de-negocios-no-brasil\/\" \/>\n<meta property=\"og:site_name\" content=\"ABES\" \/>\n<meta property=\"article:publisher\" content=\"https:\/\/www.facebook.com\/ABES.software\" \/>\n<meta property=\"article:published_time\" content=\"2021-03-31T13:26:43+00:00\" \/>\n<meta property=\"article:modified_time\" content=\"2021-04-09T12:35:52+00:00\" \/>\n<meta property=\"og:image\" content=\"https:\/\/abes.org.br\/wp-content\/uploads\/2021\/03\/BANNER-PDF.jpg\" \/>\n\t<meta property=\"og:image:width\" content=\"821\" \/>\n\t<meta property=\"og:image:height\" content=\"462\" \/>\n\t<meta property=\"og:image:type\" content=\"image\/jpeg\" \/>\n<meta name=\"author\" content=\"Editor ABES\" \/>\n<meta name=\"twitter:card\" content=\"summary_large_image\" \/>\n<meta name=\"twitter:creator\" content=\"@ABES_SOFTWARE\" \/>\n<meta name=\"twitter:site\" content=\"@ABES_SOFTWARE\" \/>\n<meta name=\"twitter:label1\" content=\"Written by\" \/>\n\t<meta name=\"twitter:data1\" content=\"Editor ABES\" \/>\n\t<meta name=\"twitter:label2\" content=\"Est. reading time\" \/>\n\t<meta name=\"twitter:data2\" content=\"6 minutes\" \/>\n<script type=\"application\/ld+json\" class=\"yoast-schema-graph\">{\"@context\":\"https:\\\/\\\/schema.org\",\"@graph\":[{\"@type\":\"Article\",\"@id\":\"https:\\\/\\\/abes.org.br\\\/governo-federal-assina-mp-para-melhoria-do-ambiente-de-negocios-no-brasil\\\/#article\",\"isPartOf\":{\"@id\":\"https:\\\/\\\/abes.org.br\\\/governo-federal-assina-mp-para-melhoria-do-ambiente-de-negocios-no-brasil\\\/\"},\"author\":{\"name\":\"Editor ABES\",\"@id\":\"https:\\\/\\\/abes.org.br\\\/#\\\/schema\\\/person\\\/d65ed84c8883a123fe668129fd6a7ed3\"},\"headline\":\"Governo Federal assina MP para melhoria do ambiente de neg\u00f3cios no Brasil\",\"datePublished\":\"2021-03-31T13:26:43+00:00\",\"dateModified\":\"2021-04-09T12:35:52+00:00\",\"mainEntityOfPage\":{\"@id\":\"https:\\\/\\\/abes.org.br\\\/governo-federal-assina-mp-para-melhoria-do-ambiente-de-negocios-no-brasil\\\/\"},\"wordCount\":1197,\"publisher\":{\"@id\":\"https:\\\/\\\/abes.org.br\\\/#organization\"},\"image\":{\"@id\":\"https:\\\/\\\/abes.org.br\\\/governo-federal-assina-mp-para-melhoria-do-ambiente-de-negocios-no-brasil\\\/#primaryimage\"},\"thumbnailUrl\":\"https:\\\/\\\/abes.org.br\\\/wp-content\\\/uploads\\\/2021\\\/03\\\/BANNER-PDF.jpg\",\"keywords\":[\"Banco Mundial\",\"Minist\u00e9rio da Economia\",\"Secretaria Geral da Presid\u00eancia da Rep\u00fablica\"],\"articleSection\":[\"-Coluna 4\",\"\u00daltimas not\u00edcias\"],\"inLanguage\":\"en-US\"},{\"@type\":\"WebPage\",\"@id\":\"https:\\\/\\\/abes.org.br\\\/governo-federal-assina-mp-para-melhoria-do-ambiente-de-negocios-no-brasil\\\/\",\"url\":\"https:\\\/\\\/abes.org.br\\\/governo-federal-assina-mp-para-melhoria-do-ambiente-de-negocios-no-brasil\\\/\",\"name\":\"Governo Federal assina MP para melhoria do ambiente de neg\u00f3cios no Brasil - ABES\",\"isPartOf\":{\"@id\":\"https:\\\/\\\/abes.org.br\\\/#website\"},\"primaryImageOfPage\":{\"@id\":\"https:\\\/\\\/abes.org.br\\\/governo-federal-assina-mp-para-melhoria-do-ambiente-de-negocios-no-brasil\\\/#primaryimage\"},\"image\":{\"@id\":\"https:\\\/\\\/abes.org.br\\\/governo-federal-assina-mp-para-melhoria-do-ambiente-de-negocios-no-brasil\\\/#primaryimage\"},\"thumbnailUrl\":\"https:\\\/\\\/abes.org.br\\\/wp-content\\\/uploads\\\/2021\\\/03\\\/BANNER-PDF.jpg\",\"datePublished\":\"2021-03-31T13:26:43+00:00\",\"dateModified\":\"2021-04-09T12:35:52+00:00\",\"breadcrumb\":{\"@id\":\"https:\\\/\\\/abes.org.br\\\/governo-federal-assina-mp-para-melhoria-do-ambiente-de-negocios-no-brasil\\\/#breadcrumb\"},\"inLanguage\":\"en-US\",\"potentialAction\":[{\"@type\":\"ReadAction\",\"target\":[\"https:\\\/\\\/abes.org.br\\\/governo-federal-assina-mp-para-melhoria-do-ambiente-de-negocios-no-brasil\\\/\"]}]},{\"@type\":\"ImageObject\",\"inLanguage\":\"en-US\",\"@id\":\"https:\\\/\\\/abes.org.br\\\/governo-federal-assina-mp-para-melhoria-do-ambiente-de-negocios-no-brasil\\\/#primaryimage\",\"url\":\"https:\\\/\\\/abes.org.br\\\/wp-content\\\/uploads\\\/2021\\\/03\\\/BANNER-PDF.jpg\",\"contentUrl\":\"https:\\\/\\\/abes.org.br\\\/wp-content\\\/uploads\\\/2021\\\/03\\\/BANNER-PDF.jpg\",\"width\":821,\"height\":462},{\"@type\":\"BreadcrumbList\",\"@id\":\"https:\\\/\\\/abes.org.br\\\/governo-federal-assina-mp-para-melhoria-do-ambiente-de-negocios-no-brasil\\\/#breadcrumb\",\"itemListElement\":[{\"@type\":\"ListItem\",\"position\":1,\"name\":\"In\u00edcio\",\"item\":\"https:\\\/\\\/abes.org.br\\\/\"},{\"@type\":\"ListItem\",\"position\":2,\"name\":\"Governo Federal assina MP para melhoria do ambiente de neg\u00f3cios no Brasil\"}]},{\"@type\":\"WebSite\",\"@id\":\"https:\\\/\\\/abes.org.br\\\/#website\",\"url\":\"https:\\\/\\\/abes.org.br\\\/\",\"name\":\"ABES\",\"description\":\"Associa\u00e7\u00e3o Brasileira das Empresas de Software\",\"publisher\":{\"@id\":\"https:\\\/\\\/abes.org.br\\\/#organization\"},\"potentialAction\":[{\"@type\":\"SearchAction\",\"target\":{\"@type\":\"EntryPoint\",\"urlTemplate\":\"https:\\\/\\\/abes.org.br\\\/?s={search_term_string}\"},\"query-input\":{\"@type\":\"PropertyValueSpecification\",\"valueRequired\":true,\"valueName\":\"search_term_string\"}}],\"inLanguage\":\"en-US\"},{\"@type\":\"Organization\",\"@id\":\"https:\\\/\\\/abes.org.br\\\/#organization\",\"name\":\"Associa\u00e7\u00e3o Brasileira das Empresas de Software\",\"url\":\"https:\\\/\\\/abes.org.br\\\/\",\"logo\":{\"@type\":\"ImageObject\",\"inLanguage\":\"en-US\",\"@id\":\"https:\\\/\\\/abes.org.br\\\/#\\\/schema\\\/logo\\\/image\\\/\",\"url\":\"https:\\\/\\\/abes.org.br\\\/wp-content\\\/uploads\\\/2020\\\/09\\\/logo_abes_marca_d_tagline_horizontal_verde-amarelo_cmyk.png\",\"contentUrl\":\"https:\\\/\\\/abes.org.br\\\/wp-content\\\/uploads\\\/2020\\\/09\\\/logo_abes_marca_d_tagline_horizontal_verde-amarelo_cmyk.png\",\"width\":324,\"height\":70,\"caption\":\"Associa\u00e7\u00e3o Brasileira das Empresas de Software\"},\"image\":{\"@id\":\"https:\\\/\\\/abes.org.br\\\/#\\\/schema\\\/logo\\\/image\\\/\"},\"sameAs\":[\"https:\\\/\\\/www.facebook.com\\\/ABES.software\",\"https:\\\/\\\/x.com\\\/ABES_SOFTWARE\",\"https:\\\/\\\/www.linkedin.com\\\/company\\\/abes-software\\\/\",\"https:\\\/\\\/www.instagram.com\\\/abes_software\\\/\"]},{\"@type\":\"Person\",\"@id\":\"https:\\\/\\\/abes.org.br\\\/#\\\/schema\\\/person\\\/d65ed84c8883a123fe668129fd6a7ed3\",\"name\":\"Editor ABES\",\"image\":{\"@type\":\"ImageObject\",\"inLanguage\":\"en-US\",\"@id\":\"https:\\\/\\\/secure.gravatar.com\\\/avatar\\\/3b207abce016c5e2ad6bf38914af9ad16e277128bb9b06dabb05bc191f02d7fe?s=96&d=mm&r=g\",\"url\":\"https:\\\/\\\/secure.gravatar.com\\\/avatar\\\/3b207abce016c5e2ad6bf38914af9ad16e277128bb9b06dabb05bc191f02d7fe?s=96&d=mm&r=g\",\"contentUrl\":\"https:\\\/\\\/secure.gravatar.com\\\/avatar\\\/3b207abce016c5e2ad6bf38914af9ad16e277128bb9b06dabb05bc191f02d7fe?s=96&d=mm&r=g\",\"caption\":\"Editor ABES\"},\"url\":\"https:\\\/\\\/abes.org.br\\\/en\\\/author\\\/editor-abes\\\/\"}]}<\/script>\n<!-- \/ Yoast SEO plugin. -->","yoast_head_json":{"title":"Governo Federal assina MP para melhoria do ambiente de neg\u00f3cios no Brasil - ABES","robots":{"index":"index","follow":"follow","max-snippet":"max-snippet:-1","max-image-preview":"max-image-preview:large","max-video-preview":"max-video-preview:-1"},"canonical":"https:\/\/abes.org.br\/en\/governo-federal-assina-mp-para-melhoria-do-ambiente-de-negocios-no-brasil\/","og_locale":"en_US","og_type":"article","og_title":"Governo Federal assina MP para melhoria do ambiente de neg\u00f3cios no Brasil - ABES","og_description":"Meta \u00e9 melhorar posi\u00e7\u00e3o do pa\u00eds em ranking do Banco Mundial O presidente Jair Bolsonaro assinou no dia 29\/03 uma medida provis\u00f3ria (MP) com o objetivo de modernizar e desburocratizar o ambiente de neg\u00f3cios no Brasil, melhorando a posi\u00e7\u00e3o do pa\u00eds no\u00a0ranking\u00a0Doing Business, do Banco Mundial. O documento traz mudan\u00e7as legislativas para a simplifica\u00e7\u00e3o de [&hellip;]","og_url":"https:\/\/abes.org.br\/en\/governo-federal-assina-mp-para-melhoria-do-ambiente-de-negocios-no-brasil\/","og_site_name":"ABES","article_publisher":"https:\/\/www.facebook.com\/ABES.software","article_published_time":"2021-03-31T13:26:43+00:00","article_modified_time":"2021-04-09T12:35:52+00:00","og_image":[{"width":821,"height":462,"url":"https:\/\/abes.org.br\/wp-content\/uploads\/2021\/03\/BANNER-PDF.jpg","type":"image\/jpeg"}],"author":"Editor ABES","twitter_card":"summary_large_image","twitter_creator":"@ABES_SOFTWARE","twitter_site":"@ABES_SOFTWARE","twitter_misc":{"Written by":"Editor ABES","Est. reading time":"6 minutes"},"schema":{"@context":"https:\/\/schema.org","@graph":[{"@type":"Article","@id":"https:\/\/abes.org.br\/governo-federal-assina-mp-para-melhoria-do-ambiente-de-negocios-no-brasil\/#article","isPartOf":{"@id":"https:\/\/abes.org.br\/governo-federal-assina-mp-para-melhoria-do-ambiente-de-negocios-no-brasil\/"},"author":{"name":"Editor ABES","@id":"https:\/\/abes.org.br\/#\/schema\/person\/d65ed84c8883a123fe668129fd6a7ed3"},"headline":"Governo Federal assina MP para melhoria do ambiente de neg\u00f3cios no Brasil","datePublished":"2021-03-31T13:26:43+00:00","dateModified":"2021-04-09T12:35:52+00:00","mainEntityOfPage":{"@id":"https:\/\/abes.org.br\/governo-federal-assina-mp-para-melhoria-do-ambiente-de-negocios-no-brasil\/"},"wordCount":1197,"publisher":{"@id":"https:\/\/abes.org.br\/#organization"},"image":{"@id":"https:\/\/abes.org.br\/governo-federal-assina-mp-para-melhoria-do-ambiente-de-negocios-no-brasil\/#primaryimage"},"thumbnailUrl":"https:\/\/abes.org.br\/wp-content\/uploads\/2021\/03\/BANNER-PDF.jpg","keywords":["Banco Mundial","Minist\u00e9rio da Economia","Secretaria Geral da Presid\u00eancia da Rep\u00fablica"],"articleSection":["-Coluna 4","\u00daltimas not\u00edcias"],"inLanguage":"en-US"},{"@type":"WebPage","@id":"https:\/\/abes.org.br\/governo-federal-assina-mp-para-melhoria-do-ambiente-de-negocios-no-brasil\/","url":"https:\/\/abes.org.br\/governo-federal-assina-mp-para-melhoria-do-ambiente-de-negocios-no-brasil\/","name":"Governo Federal assina MP para melhoria do ambiente de neg\u00f3cios no Brasil - ABES","isPartOf":{"@id":"https:\/\/abes.org.br\/#website"},"primaryImageOfPage":{"@id":"https:\/\/abes.org.br\/governo-federal-assina-mp-para-melhoria-do-ambiente-de-negocios-no-brasil\/#primaryimage"},"image":{"@id":"https:\/\/abes.org.br\/governo-federal-assina-mp-para-melhoria-do-ambiente-de-negocios-no-brasil\/#primaryimage"},"thumbnailUrl":"https:\/\/abes.org.br\/wp-content\/uploads\/2021\/03\/BANNER-PDF.jpg","datePublished":"2021-03-31T13:26:43+00:00","dateModified":"2021-04-09T12:35:52+00:00","breadcrumb":{"@id":"https:\/\/abes.org.br\/governo-federal-assina-mp-para-melhoria-do-ambiente-de-negocios-no-brasil\/#breadcrumb"},"inLanguage":"en-US","potentialAction":[{"@type":"ReadAction","target":["https:\/\/abes.org.br\/governo-federal-assina-mp-para-melhoria-do-ambiente-de-negocios-no-brasil\/"]}]},{"@type":"ImageObject","inLanguage":"en-US","@id":"https:\/\/abes.org.br\/governo-federal-assina-mp-para-melhoria-do-ambiente-de-negocios-no-brasil\/#primaryimage","url":"https:\/\/abes.org.br\/wp-content\/uploads\/2021\/03\/BANNER-PDF.jpg","contentUrl":"https:\/\/abes.org.br\/wp-content\/uploads\/2021\/03\/BANNER-PDF.jpg","width":821,"height":462},{"@type":"BreadcrumbList","@id":"https:\/\/abes.org.br\/governo-federal-assina-mp-para-melhoria-do-ambiente-de-negocios-no-brasil\/#breadcrumb","itemListElement":[{"@type":"ListItem","position":1,"name":"In\u00edcio","item":"https:\/\/abes.org.br\/"},{"@type":"ListItem","position":2,"name":"Governo Federal assina MP para melhoria do ambiente de neg\u00f3cios no Brasil"}]},{"@type":"WebSite","@id":"https:\/\/abes.org.br\/#website","url":"https:\/\/abes.org.br\/","name":"ABES","description":"Brazilian Association of Software Companies","publisher":{"@id":"https:\/\/abes.org.br\/#organization"},"potentialAction":[{"@type":"SearchAction","target":{"@type":"EntryPoint","urlTemplate":"https:\/\/abes.org.br\/?s={search_term_string}"},"query-input":{"@type":"PropertyValueSpecification","valueRequired":true,"valueName":"search_term_string"}}],"inLanguage":"en-US"},{"@type":"Organization","@id":"https:\/\/abes.org.br\/#organization","name":"Brazilian Association of Software Companies","url":"https:\/\/abes.org.br\/","logo":{"@type":"ImageObject","inLanguage":"en-US","@id":"https:\/\/abes.org.br\/#\/schema\/logo\/image\/","url":"https:\/\/abes.org.br\/wp-content\/uploads\/2020\/09\/logo_abes_marca_d_tagline_horizontal_verde-amarelo_cmyk.png","contentUrl":"https:\/\/abes.org.br\/wp-content\/uploads\/2020\/09\/logo_abes_marca_d_tagline_horizontal_verde-amarelo_cmyk.png","width":324,"height":70,"caption":"Associa\u00e7\u00e3o Brasileira das Empresas de Software"},"image":{"@id":"https:\/\/abes.org.br\/#\/schema\/logo\/image\/"},"sameAs":["https:\/\/www.facebook.com\/ABES.software","https:\/\/x.com\/ABES_SOFTWARE","https:\/\/www.linkedin.com\/company\/abes-software\/","https:\/\/www.instagram.com\/abes_software\/"]},{"@type":"Person","@id":"https:\/\/abes.org.br\/#\/schema\/person\/d65ed84c8883a123fe668129fd6a7ed3","name":"ABES Editor","image":{"@type":"ImageObject","inLanguage":"en-US","@id":"https:\/\/secure.gravatar.com\/avatar\/3b207abce016c5e2ad6bf38914af9ad16e277128bb9b06dabb05bc191f02d7fe?s=96&d=mm&r=g","url":"https:\/\/secure.gravatar.com\/avatar\/3b207abce016c5e2ad6bf38914af9ad16e277128bb9b06dabb05bc191f02d7fe?s=96&d=mm&r=g","contentUrl":"https:\/\/secure.gravatar.com\/avatar\/3b207abce016c5e2ad6bf38914af9ad16e277128bb9b06dabb05bc191f02d7fe?s=96&d=mm&r=g","caption":"Editor ABES"},"url":"https:\/\/abes.org.br\/en\/author\/editor-abes\/"}]}},"publishpress_future_action":{"enabled":false,"date":"2026-05-04 06:48:11","action":"change-status","newStatus":"draft","terms":[],"taxonomy":"category","extraData":[]},"publishpress_future_workflow_manual_trigger":{"enabledWorkflows":[]},"_links":{"self":[{"href":"https:\/\/abes.org.br\/en\/wp-json\/wp\/v2\/posts\/31313","targetHints":{"allow":["GET"]}}],"collection":[{"href":"https:\/\/abes.org.br\/en\/wp-json\/wp\/v2\/posts"}],"about":[{"href":"https:\/\/abes.org.br\/en\/wp-json\/wp\/v2\/types\/post"}],"author":[{"embeddable":true,"href":"https:\/\/abes.org.br\/en\/wp-json\/wp\/v2\/users\/10"}],"replies":[{"embeddable":true,"href":"https:\/\/abes.org.br\/en\/wp-json\/wp\/v2\/comments?post=31313"}],"version-history":[{"count":4,"href":"https:\/\/abes.org.br\/en\/wp-json\/wp\/v2\/posts\/31313\/revisions"}],"predecessor-version":[{"id":31319,"href":"https:\/\/abes.org.br\/en\/wp-json\/wp\/v2\/posts\/31313\/revisions\/31319"}],"wp:featuredmedia":[{"embeddable":true,"href":"https:\/\/abes.org.br\/en\/wp-json\/wp\/v2\/media\/31315"}],"wp:attachment":[{"href":"https:\/\/abes.org.br\/en\/wp-json\/wp\/v2\/media?parent=31313"}],"wp:term":[{"taxonomy":"category","embeddable":true,"href":"https:\/\/abes.org.br\/en\/wp-json\/wp\/v2\/categories?post=31313"},{"taxonomy":"post_tag","embeddable":true,"href":"https:\/\/abes.org.br\/en\/wp-json\/wp\/v2\/tags?post=31313"}],"curies":[{"name":"wp","href":"https:\/\/api.w.org\/{rel}","templated":true}]}}