{"id":31245,"date":"2021-03-30T13:22:36","date_gmt":"2021-03-30T16:22:36","guid":{"rendered":"https:\/\/abes.org.br\/?p=31245"},"modified":"2021-03-29T18:17:13","modified_gmt":"2021-03-29T21:17:13","slug":"omie-divulga-vagas-de-trabalho-home-office-em-todo-pais","status":"publish","type":"post","link":"https:\/\/abes.org.br\/en\/omie-divulga-vagas-de-trabalho-home-office-em-todo-pais\/","title":{"rendered":"Omie discloses home-office jobs nationwide"},"content":{"rendered":"<p><i>With positions in several segments, opportunities range from interns to managers<\/i><\/p>\n<p style=\"font-weight: 400\">Omie, the number one cloud management platform (ERP) in Brazil, has new job openings for the home-office regime. In total, 126 positions are available for professionals in the areas of Marketing, Sales, Technical Support, Customer Success, starting immediately. The opportunities are for Omie headquarters and franchises and to start at home office, with vacancies in: S\u00e3o Paulo, Manaus, Recife, Palmas, Salvador, S\u00e3o Lu\u00eds, Bras\u00edlia, Itaja\u00ed, Limeira, Montes Claros, Porto Alegre, Ribeir\u00e3o Preto, Belo Horizonte, Lucas do Rio Verde (MT) and Caic\u00f3 (RN).<\/p>\n<p style=\"font-weight: 400\">Among the opportunities offered are positions ranging from interns to managers, with chances for Accounting Integration Analyst, Digital Customer Service Analyst, Trade Marketing Analyst, Controller, Operations Coordinator, Business Intelligence, Customer Success - Implementation and relationship, Tech Venture Manager, among others.<\/p>\n<p style=\"font-weight: 400\">\u201cAt Omie we are results oriented and we are always looking for the best solutions for our customers. For this reason, we are looking for people with growth mentality to be part of our team. We highly value profiles that have adaptability, a collaborative sense, are motivated by innovation and continuous learning so that we always have the best professionals to accompany the recurring changes in the market \u201d, highlights Marcelo Lombardo, CEO of Omie. With significant growth, the company made 165 hires from January to March this year and is looking for professionals capable of further enhancing the results. The scale-up has in its DNA the desire for the transformation of the entrepreneurial ecosystem.<\/p>\n<p style=\"font-weight: 400\">In addition, the organizational culture values trust, transparency and loyalty among teams, partners and customers. &quot;All this because for us the journey matters and it is in the daily lives of our employees, partners and customers that we turn challenges into the most incredible experiences&quot;, concludes Lombardo.<\/p>\n<p style=\"font-weight: 400\">To apply for vacancies, interested parties must access the following link:\u00a0<u><a href=\"https:\/\/na01.safelinks.protection.outlook.com\/?url=https%3A%2F%2Ftrabalheconosco.vagas.com.br%2Fomie&amp;data=04%7C01%7C%7C0adafbff4d984b23734108d8f2e3b80c%7C84df9e7fe9f640afb435aaaaaaaaaaaa%7C1%7C0%7C637526407144842781%7CUnknown%7CTWFpbGZsb3d8eyJWIjoiMC4wLjAwMDAiLCJQIjoiV2luMzIiLCJBTiI6Ik1haWwiLCJXVCI6Mn0%3D%7C1000&amp;sdata=FUvJY%2Fz7eVlHg285Q8dHCLno3TT2u%2Fy42OiJuz0A4sE%3D&amp;reserved=0\" data-saferedirecturl=\"https:\/\/www.google.com\/url?q=https:\/\/na01.safelinks.protection.outlook.com\/?url%3Dhttps%253A%252F%252Ftrabalheconosco.vagas.com.br%252Fomie%26data%3D04%257C01%257C%257C0adafbff4d984b23734108d8f2e3b80c%257C84df9e7fe9f640afb435aaaaaaaaaaaa%257C1%257C0%257C637526407144842781%257CUnknown%257CTWFpbGZsb3d8eyJWIjoiMC4wLjAwMDAiLCJQIjoiV2luMzIiLCJBTiI6Ik1haWwiLCJXVCI6Mn0%253D%257C1000%26sdata%3DFUvJY%252Fz7eVlHg285Q8dHCLno3TT2u%252Fy42OiJuz0A4sE%253D%26reserved%3D0&amp;source=gmail&amp;ust=1617137342219000&amp;usg=AFQjCNFF5FQfoWPX0i44jF9QybMoTkPykQ\">https:\/\/trabalheconosco.vagas.com.br\/omie<\/a><\/u>\u00a0.<\/p>","protected":false},"excerpt":{"rendered":"<p>Com cargos em diversos segmentos, as oportunidades v\u00e3o desde estagi\u00e1rios at\u00e9 gerentes A Omie, plataforma de gest\u00e3o (ERP) na nuvem n\u00famero um do Brasil, est\u00e1 com novas vagas de emprego abertas para o regime de home-office. No total s\u00e3o 126 posi\u00e7\u00f5es dispon\u00edveis para profissionais das \u00e1reas de Marketing, Vendas, Suporte T\u00e9cnico, Customer Success, com in\u00edcio [&hellip;]<\/p>\n","protected":false},"author":10,"featured_media":0,"comment_status":"closed","ping_status":"closed","sticky":false,"template":"","format":"standard","meta":{"_acf_changed":false,"_et_pb_use_builder":"","_et_pb_old_content":"","_et_gb_content_width":"","footnotes":""},"categories":[39,19],"tags":[362,1228,1226,1227,1229,1230],"class_list":["post-31245","post","type-post","status-publish","format-standard","hentry","category-coluna-4","category-ultimas-noticias","tag-customer-success","tag-novas-vagas-de-emprego-abertas","tag-omie","tag-plataforma-de-gestao-erp-na-nuvem","tag-regime-de-home-office","tag-tech-venture"],"acf":[],"yoast_head":"<!-- This site is optimized with the Yoast SEO plugin v27.3 - https:\/\/yoast.com\/product\/yoast-seo-wordpress\/ -->\n<title>Omie divulga vagas de trabalho home-office em todo pa\u00eds - ABES<\/title>\n<meta name=\"robots\" content=\"index, follow, max-snippet:-1, max-image-preview:large, max-video-preview:-1\" \/>\n<link rel=\"canonical\" href=\"https:\/\/abes.org.br\/en\/omie-divulga-vagas-de-trabalho-home-office-em-todo-pais\/\" \/>\n<meta property=\"og:locale\" content=\"en_US\" \/>\n<meta property=\"og:type\" content=\"article\" \/>\n<meta property=\"og:title\" content=\"Omie divulga vagas de trabalho home-office em todo pa\u00eds - ABES\" \/>\n<meta property=\"og:description\" content=\"Com cargos em diversos segmentos, as oportunidades v\u00e3o desde estagi\u00e1rios at\u00e9 gerentes A Omie, plataforma de gest\u00e3o (ERP) na nuvem n\u00famero um do Brasil, est\u00e1 com novas vagas de emprego abertas para o regime de home-office. No total s\u00e3o 126 posi\u00e7\u00f5es dispon\u00edveis para profissionais das \u00e1reas de Marketing, Vendas, Suporte T\u00e9cnico, Customer Success, com in\u00edcio [&hellip;]\" \/>\n<meta property=\"og:url\" content=\"https:\/\/abes.org.br\/en\/omie-divulga-vagas-de-trabalho-home-office-em-todo-pais\/\" \/>\n<meta property=\"og:site_name\" content=\"ABES\" \/>\n<meta property=\"article:publisher\" content=\"https:\/\/www.facebook.com\/ABES.software\" \/>\n<meta property=\"article:published_time\" content=\"2021-03-30T16:22:36+00:00\" \/>\n<meta property=\"og:image\" content=\"https:\/\/abes.org.br\/wp-content\/uploads\/2021\/01\/logo_abes_marca_tagline_horizontal_colorido_rgb.png\" \/>\n\t<meta property=\"og:image:width\" content=\"3509\" \/>\n\t<meta property=\"og:image:height\" content=\"2482\" \/>\n\t<meta property=\"og:image:type\" content=\"image\/png\" \/>\n<meta name=\"author\" content=\"Editor ABES\" \/>\n<meta name=\"twitter:card\" content=\"summary_large_image\" \/>\n<meta name=\"twitter:creator\" content=\"@ABES_SOFTWARE\" \/>\n<meta name=\"twitter:site\" content=\"@ABES_SOFTWARE\" \/>\n<meta name=\"twitter:label1\" content=\"Written by\" \/>\n\t<meta name=\"twitter:data1\" content=\"Editor ABES\" \/>\n\t<meta name=\"twitter:label2\" content=\"Est. reading time\" \/>\n\t<meta name=\"twitter:data2\" content=\"2 minutes\" \/>\n<script type=\"application\/ld+json\" class=\"yoast-schema-graph\">{\"@context\":\"https:\\\/\\\/schema.org\",\"@graph\":[{\"@type\":\"Article\",\"@id\":\"https:\\\/\\\/abes.org.br\\\/en\\\/omie-divulga-vagas-de-trabalho-home-office-em-todo-pais\\\/#article\",\"isPartOf\":{\"@id\":\"https:\\\/\\\/abes.org.br\\\/en\\\/omie-divulga-vagas-de-trabalho-home-office-em-todo-pais\\\/\"},\"author\":{\"name\":\"Editor ABES\",\"@id\":\"https:\\\/\\\/abes.org.br\\\/#\\\/schema\\\/person\\\/d65ed84c8883a123fe668129fd6a7ed3\"},\"headline\":\"Omie divulga vagas de trabalho home-office em todo pa\u00eds\",\"datePublished\":\"2021-03-30T16:22:36+00:00\",\"mainEntityOfPage\":{\"@id\":\"https:\\\/\\\/abes.org.br\\\/en\\\/omie-divulga-vagas-de-trabalho-home-office-em-todo-pais\\\/\"},\"wordCount\":367,\"publisher\":{\"@id\":\"https:\\\/\\\/abes.org.br\\\/#organization\"},\"keywords\":[\"Customer Success\",\"novas vagas de emprego abertas\",\"Omie\",\"plataforma de gest\u00e3o (ERP) na nuvem\",\"regime de home-office\",\"Tech Venture\"],\"articleSection\":[\"-Coluna 4\",\"\u00daltimas not\u00edcias\"],\"inLanguage\":\"en-US\"},{\"@type\":\"WebPage\",\"@id\":\"https:\\\/\\\/abes.org.br\\\/en\\\/omie-divulga-vagas-de-trabalho-home-office-em-todo-pais\\\/\",\"url\":\"https:\\\/\\\/abes.org.br\\\/en\\\/omie-divulga-vagas-de-trabalho-home-office-em-todo-pais\\\/\",\"name\":\"Omie divulga vagas de trabalho home-office em todo pa\u00eds - ABES\",\"isPartOf\":{\"@id\":\"https:\\\/\\\/abes.org.br\\\/#website\"},\"datePublished\":\"2021-03-30T16:22:36+00:00\",\"breadcrumb\":{\"@id\":\"https:\\\/\\\/abes.org.br\\\/en\\\/omie-divulga-vagas-de-trabalho-home-office-em-todo-pais\\\/#breadcrumb\"},\"inLanguage\":\"en-US\",\"potentialAction\":[{\"@type\":\"ReadAction\",\"target\":[\"https:\\\/\\\/abes.org.br\\\/en\\\/omie-divulga-vagas-de-trabalho-home-office-em-todo-pais\\\/\"]}]},{\"@type\":\"BreadcrumbList\",\"@id\":\"https:\\\/\\\/abes.org.br\\\/en\\\/omie-divulga-vagas-de-trabalho-home-office-em-todo-pais\\\/#breadcrumb\",\"itemListElement\":[{\"@type\":\"ListItem\",\"position\":1,\"name\":\"In\u00edcio\",\"item\":\"https:\\\/\\\/abes.org.br\\\/\"},{\"@type\":\"ListItem\",\"position\":2,\"name\":\"Omie divulga vagas de trabalho home-office em todo pa\u00eds\"}]},{\"@type\":\"WebSite\",\"@id\":\"https:\\\/\\\/abes.org.br\\\/#website\",\"url\":\"https:\\\/\\\/abes.org.br\\\/\",\"name\":\"ABES\",\"description\":\"Associa\u00e7\u00e3o Brasileira das Empresas de Software\",\"publisher\":{\"@id\":\"https:\\\/\\\/abes.org.br\\\/#organization\"},\"potentialAction\":[{\"@type\":\"SearchAction\",\"target\":{\"@type\":\"EntryPoint\",\"urlTemplate\":\"https:\\\/\\\/abes.org.br\\\/?s={search_term_string}\"},\"query-input\":{\"@type\":\"PropertyValueSpecification\",\"valueRequired\":true,\"valueName\":\"search_term_string\"}}],\"inLanguage\":\"en-US\"},{\"@type\":\"Organization\",\"@id\":\"https:\\\/\\\/abes.org.br\\\/#organization\",\"name\":\"Associa\u00e7\u00e3o Brasileira das Empresas de Software\",\"url\":\"https:\\\/\\\/abes.org.br\\\/\",\"logo\":{\"@type\":\"ImageObject\",\"inLanguage\":\"en-US\",\"@id\":\"https:\\\/\\\/abes.org.br\\\/#\\\/schema\\\/logo\\\/image\\\/\",\"url\":\"https:\\\/\\\/abes.org.br\\\/wp-content\\\/uploads\\\/2020\\\/09\\\/logo_abes_marca_d_tagline_horizontal_verde-amarelo_cmyk.png\",\"contentUrl\":\"https:\\\/\\\/abes.org.br\\\/wp-content\\\/uploads\\\/2020\\\/09\\\/logo_abes_marca_d_tagline_horizontal_verde-amarelo_cmyk.png\",\"width\":324,\"height\":70,\"caption\":\"Associa\u00e7\u00e3o Brasileira das Empresas de Software\"},\"image\":{\"@id\":\"https:\\\/\\\/abes.org.br\\\/#\\\/schema\\\/logo\\\/image\\\/\"},\"sameAs\":[\"https:\\\/\\\/www.facebook.com\\\/ABES.software\",\"https:\\\/\\\/x.com\\\/ABES_SOFTWARE\",\"https:\\\/\\\/www.linkedin.com\\\/company\\\/abes-software\\\/\",\"https:\\\/\\\/www.instagram.com\\\/abes_software\\\/\"]},{\"@type\":\"Person\",\"@id\":\"https:\\\/\\\/abes.org.br\\\/#\\\/schema\\\/person\\\/d65ed84c8883a123fe668129fd6a7ed3\",\"name\":\"Editor ABES\",\"image\":{\"@type\":\"ImageObject\",\"inLanguage\":\"en-US\",\"@id\":\"https:\\\/\\\/secure.gravatar.com\\\/avatar\\\/3b207abce016c5e2ad6bf38914af9ad16e277128bb9b06dabb05bc191f02d7fe?s=96&d=mm&r=g\",\"url\":\"https:\\\/\\\/secure.gravatar.com\\\/avatar\\\/3b207abce016c5e2ad6bf38914af9ad16e277128bb9b06dabb05bc191f02d7fe?s=96&d=mm&r=g\",\"contentUrl\":\"https:\\\/\\\/secure.gravatar.com\\\/avatar\\\/3b207abce016c5e2ad6bf38914af9ad16e277128bb9b06dabb05bc191f02d7fe?s=96&d=mm&r=g\",\"caption\":\"Editor ABES\"},\"url\":\"https:\\\/\\\/abes.org.br\\\/en\\\/author\\\/editor-abes\\\/\"}]}<\/script>\n<!-- \/ Yoast SEO plugin. -->","yoast_head_json":{"title":"Omie announces home-office job openings nationwide - ABES","robots":{"index":"index","follow":"follow","max-snippet":"max-snippet:-1","max-image-preview":"max-image-preview:large","max-video-preview":"max-video-preview:-1"},"canonical":"https:\/\/abes.org.br\/en\/omie-divulga-vagas-de-trabalho-home-office-em-todo-pais\/","og_locale":"en_US","og_type":"article","og_title":"Omie divulga vagas de trabalho home-office em todo pa\u00eds - ABES","og_description":"Com cargos em diversos segmentos, as oportunidades v\u00e3o desde estagi\u00e1rios at\u00e9 gerentes A Omie, plataforma de gest\u00e3o (ERP) na nuvem n\u00famero um do Brasil, est\u00e1 com novas vagas de emprego abertas para o regime de home-office. No total s\u00e3o 126 posi\u00e7\u00f5es dispon\u00edveis para profissionais das \u00e1reas de Marketing, Vendas, Suporte T\u00e9cnico, Customer Success, com in\u00edcio [&hellip;]","og_url":"https:\/\/abes.org.br\/en\/omie-divulga-vagas-de-trabalho-home-office-em-todo-pais\/","og_site_name":"ABES","article_publisher":"https:\/\/www.facebook.com\/ABES.software","article_published_time":"2021-03-30T16:22:36+00:00","og_image":[{"width":3509,"height":2482,"url":"https:\/\/abes.org.br\/wp-content\/uploads\/2021\/01\/logo_abes_marca_tagline_horizontal_colorido_rgb.png","type":"image\/png"}],"author":"Editor ABES","twitter_card":"summary_large_image","twitter_creator":"@ABES_SOFTWARE","twitter_site":"@ABES_SOFTWARE","twitter_misc":{"Written by":"Editor ABES","Est. reading time":"2 minutes"},"schema":{"@context":"https:\/\/schema.org","@graph":[{"@type":"Article","@id":"https:\/\/abes.org.br\/en\/omie-divulga-vagas-de-trabalho-home-office-em-todo-pais\/#article","isPartOf":{"@id":"https:\/\/abes.org.br\/en\/omie-divulga-vagas-de-trabalho-home-office-em-todo-pais\/"},"author":{"name":"Editor ABES","@id":"https:\/\/abes.org.br\/#\/schema\/person\/d65ed84c8883a123fe668129fd6a7ed3"},"headline":"Omie divulga vagas de trabalho home-office em todo pa\u00eds","datePublished":"2021-03-30T16:22:36+00:00","mainEntityOfPage":{"@id":"https:\/\/abes.org.br\/en\/omie-divulga-vagas-de-trabalho-home-office-em-todo-pais\/"},"wordCount":367,"publisher":{"@id":"https:\/\/abes.org.br\/#organization"},"keywords":["Customer Success","novas vagas de emprego abertas","Omie","plataforma de gest\u00e3o (ERP) na nuvem","regime de home-office","Tech Venture"],"articleSection":["-Coluna 4","\u00daltimas not\u00edcias"],"inLanguage":"en-US"},{"@type":"WebPage","@id":"https:\/\/abes.org.br\/en\/omie-divulga-vagas-de-trabalho-home-office-em-todo-pais\/","url":"https:\/\/abes.org.br\/en\/omie-divulga-vagas-de-trabalho-home-office-em-todo-pais\/","name":"Omie announces home-office job openings nationwide - ABES","isPartOf":{"@id":"https:\/\/abes.org.br\/#website"},"datePublished":"2021-03-30T16:22:36+00:00","breadcrumb":{"@id":"https:\/\/abes.org.br\/en\/omie-divulga-vagas-de-trabalho-home-office-em-todo-pais\/#breadcrumb"},"inLanguage":"en-US","potentialAction":[{"@type":"ReadAction","target":["https:\/\/abes.org.br\/en\/omie-divulga-vagas-de-trabalho-home-office-em-todo-pais\/"]}]},{"@type":"BreadcrumbList","@id":"https:\/\/abes.org.br\/en\/omie-divulga-vagas-de-trabalho-home-office-em-todo-pais\/#breadcrumb","itemListElement":[{"@type":"ListItem","position":1,"name":"In\u00edcio","item":"https:\/\/abes.org.br\/"},{"@type":"ListItem","position":2,"name":"Omie divulga vagas de trabalho home-office em todo pa\u00eds"}]},{"@type":"WebSite","@id":"https:\/\/abes.org.br\/#website","url":"https:\/\/abes.org.br\/","name":"ABES","description":"Brazilian Association of Software Companies","publisher":{"@id":"https:\/\/abes.org.br\/#organization"},"potentialAction":[{"@type":"SearchAction","target":{"@type":"EntryPoint","urlTemplate":"https:\/\/abes.org.br\/?s={search_term_string}"},"query-input":{"@type":"PropertyValueSpecification","valueRequired":true,"valueName":"search_term_string"}}],"inLanguage":"en-US"},{"@type":"Organization","@id":"https:\/\/abes.org.br\/#organization","name":"Brazilian Association of Software Companies","url":"https:\/\/abes.org.br\/","logo":{"@type":"ImageObject","inLanguage":"en-US","@id":"https:\/\/abes.org.br\/#\/schema\/logo\/image\/","url":"https:\/\/abes.org.br\/wp-content\/uploads\/2020\/09\/logo_abes_marca_d_tagline_horizontal_verde-amarelo_cmyk.png","contentUrl":"https:\/\/abes.org.br\/wp-content\/uploads\/2020\/09\/logo_abes_marca_d_tagline_horizontal_verde-amarelo_cmyk.png","width":324,"height":70,"caption":"Associa\u00e7\u00e3o Brasileira das Empresas de Software"},"image":{"@id":"https:\/\/abes.org.br\/#\/schema\/logo\/image\/"},"sameAs":["https:\/\/www.facebook.com\/ABES.software","https:\/\/x.com\/ABES_SOFTWARE","https:\/\/www.linkedin.com\/company\/abes-software\/","https:\/\/www.instagram.com\/abes_software\/"]},{"@type":"Person","@id":"https:\/\/abes.org.br\/#\/schema\/person\/d65ed84c8883a123fe668129fd6a7ed3","name":"ABES Editor","image":{"@type":"ImageObject","inLanguage":"en-US","@id":"https:\/\/secure.gravatar.com\/avatar\/3b207abce016c5e2ad6bf38914af9ad16e277128bb9b06dabb05bc191f02d7fe?s=96&d=mm&r=g","url":"https:\/\/secure.gravatar.com\/avatar\/3b207abce016c5e2ad6bf38914af9ad16e277128bb9b06dabb05bc191f02d7fe?s=96&d=mm&r=g","contentUrl":"https:\/\/secure.gravatar.com\/avatar\/3b207abce016c5e2ad6bf38914af9ad16e277128bb9b06dabb05bc191f02d7fe?s=96&d=mm&r=g","caption":"Editor ABES"},"url":"https:\/\/abes.org.br\/en\/author\/editor-abes\/"}]}},"publishpress_future_action":{"enabled":false,"date":"2026-05-04 06:43:49","action":"change-status","newStatus":"draft","terms":[],"taxonomy":"category","extraData":[]},"publishpress_future_workflow_manual_trigger":{"enabledWorkflows":[]},"_links":{"self":[{"href":"https:\/\/abes.org.br\/en\/wp-json\/wp\/v2\/posts\/31245","targetHints":{"allow":["GET"]}}],"collection":[{"href":"https:\/\/abes.org.br\/en\/wp-json\/wp\/v2\/posts"}],"about":[{"href":"https:\/\/abes.org.br\/en\/wp-json\/wp\/v2\/types\/post"}],"author":[{"embeddable":true,"href":"https:\/\/abes.org.br\/en\/wp-json\/wp\/v2\/users\/10"}],"replies":[{"embeddable":true,"href":"https:\/\/abes.org.br\/en\/wp-json\/wp\/v2\/comments?post=31245"}],"version-history":[{"count":2,"href":"https:\/\/abes.org.br\/en\/wp-json\/wp\/v2\/posts\/31245\/revisions"}],"predecessor-version":[{"id":31247,"href":"https:\/\/abes.org.br\/en\/wp-json\/wp\/v2\/posts\/31245\/revisions\/31247"}],"wp:attachment":[{"href":"https:\/\/abes.org.br\/en\/wp-json\/wp\/v2\/media?parent=31245"}],"wp:term":[{"taxonomy":"category","embeddable":true,"href":"https:\/\/abes.org.br\/en\/wp-json\/wp\/v2\/categories?post=31245"},{"taxonomy":"post_tag","embeddable":true,"href":"https:\/\/abes.org.br\/en\/wp-json\/wp\/v2\/tags?post=31245"}],"curies":[{"name":"wp","href":"https:\/\/api.w.org\/{rel}","templated":true}]}}