{"id":30865,"date":"2021-03-15T09:31:58","date_gmt":"2021-03-15T12:31:58","guid":{"rendered":"https:\/\/abes.org.br\/?p=30865"},"modified":"2021-03-25T10:00:29","modified_gmt":"2021-03-25T13:00:29","slug":"setor-de-tecnologia-teme-os-possiveis-impactos-da-pec-emergencial","status":"publish","type":"post","link":"https:\/\/abes.org.br\/en\/setor-de-tecnologia-teme-os-possiveis-impactos-da-pec-emergencial\/","title":{"rendered":"Technology sector fears the possible impacts of the Emergency PEC"},"content":{"rendered":"<p><i>ABES considers that the result demobilizes instruments to support the segment, such as the Informatics Law, with potential effects on the economic recovery and the maintenance of jobs\u00a0<\/i><\/p>\n<p style=\"font-weight: 400\">At the beginning of dawn on Friday (12), the Chamber of Deputies concluded the approval, in the second round, of the proposed amendment called Emergency PEC, which provides mechanisms to prevent uncontrolled public spending and makes it possible to resume emergency aid. Among the articles in the document, one of them concerns the technology sector, since it demobilizes support instruments such as the Informatics Law.<\/p>\n<p style=\"font-weight: 400\">The government leadership, corroborated by the Economy note, indicates that the Informatics Law will be preserved in the proposal to reduce subsidies to be sent. This law is essential for the maintenance of foreign direct investments in the country, but it is important for the sector to be aware of the risks of non-compliance with this commitment. Its reduction or extinction, unmatched with tax simplification and reductions (which must be the result of tax and administrative reforms, respectively) will have an effect on the medium term of divestments and unemployment.<\/p>\n<p style=\"font-weight: 400\">\u201cWe are concerned with Art. 4 grafted into the Emergency PEC (PEC 186\/19), which determines the reduction of benefits and incentives, already during this year. This device makes it impossible to extend Folha&#039;s exemption and, in the case of the technology sector, it demobilizes various support instruments, such as the ICT Law (formerly the Informatics Law) and the Law of Good \u201d, explains Rodolfo F\u00fccher, president ABES, which adds that \u201cwe understand that Art. 4 precipitates an increase in the tax burden without any virtuous counterpart, unlike PEC n\u00ba45, of the Tax Reform, which calls for a 10-year transition to the extinction of tax benefits and incentives , on the other hand, greater rationality in the tax system \u201d.<\/p>\n<p style=\"font-weight: 400\">The sector fears the possibility of facing a strong impact on the country&#039;s economic recovery. The situation could be reversed in case of addressing a suppressive amendment or a highlight in plenary, removing all Art. 4 of the Emergency PEC.<\/p>\n<p style=\"font-weight: 400\">According to Vanda Scartezini, director and advisor of the association, in the proposed law that they must send in six months on the incentives, there is a forecast of a reduction of 10% in the first year in relation to what it is today and this may still impact the Export License. \u201cThere is a movement in Congress for a new PEC. PEC 186 ended up being swallowed up by Congress concerned about the urgent need for emergency aid, which, in fact, should not be part of a PEC, due to its own temporary nature. In order to solve an emergency problem, the various measures, damage and negative impacts in the country that may result from its implementation were not discussed, \u201dhe explains.<\/p>\n<p style=\"font-weight: 400\">With the eventual extinction of the Lei do Bem (Law 11.196 \/ 05), the segment also fears for more negative effects. \u201cThis law offers tax incentives to companies that invest in research and innovation development activities related to the creation of new products, processes and technology services, such as the improvement of existing ones. Without this support, we lose investments for digital transformation and the sector&#039;s national competitiveness loses strength \u201d, concludes Andriei Gutierrez, coordinator of the ABES Regulatory Committee.<\/p>\n<p style=\"font-weight: 400\"><strong>About ABES<\/strong><\/p>\n<p style=\"font-weight: 400\">ABES, Brazilian Association of Software Companies, aims to contribute to the construction of a more digital and less unequal Brazil, in which information technology plays a fundamental role in the democratization of knowledge and the creation of new opportunities for all. In this sense, it aims to ensure a business environment conducive to innovation, ethical, sustainable, dynamic and globally competitive, always aligned with its mission of connecting, guiding, protecting and developing the Brazilian information technology market.<\/p>\n<p style=\"font-weight: 400\">Since its foundation in September 1986, ABES has sought to be relevant to its associates and a national and international reference in the technology sector. Currently, the entity represents approximately 2 thousand companies, which total about 85% of the revenue of the software and services segment in Brazil, distributed in 22 Brazilian states and the Federal District, responsible for the generation of more than 208 thousand direct jobs and an annual revenue around 63.7 billion in 2019.<\/p>","protected":false},"excerpt":{"rendered":"<p>ABES considera que resultado desmobilize instrumentos de apoio do segmento, como a Lei de Inform\u00e1tica, com potenciais efeitos sobre a retomada econ\u00f4mica e a manuten\u00e7\u00e3o de empregos\u00a0 No in\u00edcio da madrugada desta sexta-feira (12), a C\u00e2mara dos Deputados concluiu a aprova\u00e7\u00e3o, em segundo turno, da proposta de emenda chamada PEC Emergencial, que prev\u00ea mecanismos para [&hellip;]<\/p>\n","protected":false},"author":10,"featured_media":30866,"comment_status":"closed","ping_status":"closed","sticky":false,"template":"","format":"standard","meta":{"_acf_changed":false,"_et_pb_use_builder":"","_et_pb_old_content":"","_et_gb_content_width":"","footnotes":""},"categories":[39,40],"tags":[1126,1044,1124,1125,1127,387,563],"class_list":["post-30865","post","type-post","status-publish","format-standard","has-post-thumbnail","hentry","category-coluna-4","category-press-releases","tag-lei-das-tics","tag-lei-do-bem","tag-manutencao-de-empregos","tag-pec-186","tag-pec-emergencial","tag-reforma-tributaria","tag-retomada-economica"],"acf":[],"yoast_head":"<!-- This site is optimized with the Yoast SEO plugin v27.4 - https:\/\/yoast.com\/product\/yoast-seo-wordpress\/ -->\n<title>Setor de tecnologia teme os poss\u00edveis impactos da PEC Emergencial - ABES<\/title>\n<meta name=\"robots\" content=\"index, follow, max-snippet:-1, max-image-preview:large, max-video-preview:-1\" \/>\n<link rel=\"canonical\" href=\"https:\/\/abes.org.br\/en\/setor-de-tecnologia-teme-os-possiveis-impactos-da-pec-emergencial\/\" \/>\n<meta property=\"og:locale\" content=\"en_US\" \/>\n<meta property=\"og:type\" content=\"article\" \/>\n<meta property=\"og:title\" content=\"Setor de tecnologia teme os poss\u00edveis impactos da PEC Emergencial - ABES\" \/>\n<meta property=\"og:description\" content=\"ABES considera que resultado desmobilize instrumentos de apoio do segmento, como a Lei de Inform\u00e1tica, com potenciais efeitos sobre a retomada econ\u00f4mica e a manuten\u00e7\u00e3o de empregos\u00a0 No in\u00edcio da madrugada desta sexta-feira (12), a C\u00e2mara dos Deputados concluiu a aprova\u00e7\u00e3o, em segundo turno, da proposta de emenda chamada PEC Emergencial, que prev\u00ea mecanismos para [&hellip;]\" \/>\n<meta property=\"og:url\" content=\"https:\/\/abes.org.br\/en\/setor-de-tecnologia-teme-os-possiveis-impactos-da-pec-emergencial\/\" \/>\n<meta property=\"og:site_name\" content=\"ABES\" \/>\n<meta property=\"article:publisher\" content=\"https:\/\/www.facebook.com\/ABES.software\" \/>\n<meta property=\"article:published_time\" content=\"2021-03-15T12:31:58+00:00\" \/>\n<meta property=\"article:modified_time\" content=\"2021-03-25T13:00:29+00:00\" \/>\n<meta property=\"og:image\" content=\"https:\/\/abes.org.br\/wp-content\/uploads\/2021\/03\/Finan\u00e7as-front-view-finance-business-elements-assortment-scaled.jpg\" \/>\n\t<meta property=\"og:image:width\" content=\"2560\" \/>\n\t<meta property=\"og:image:height\" content=\"1440\" \/>\n\t<meta property=\"og:image:type\" content=\"image\/jpeg\" \/>\n<meta name=\"author\" content=\"Editor ABES\" \/>\n<meta name=\"twitter:card\" content=\"summary_large_image\" \/>\n<meta name=\"twitter:creator\" content=\"@ABES_SOFTWARE\" \/>\n<meta name=\"twitter:site\" content=\"@ABES_SOFTWARE\" \/>\n<meta name=\"twitter:label1\" content=\"Written by\" \/>\n\t<meta name=\"twitter:data1\" content=\"Editor ABES\" \/>\n\t<meta name=\"twitter:label2\" content=\"Est. reading time\" \/>\n\t<meta name=\"twitter:data2\" content=\"4 minutes\" \/>\n<script type=\"application\/ld+json\" class=\"yoast-schema-graph\">{\"@context\":\"https:\\\/\\\/schema.org\",\"@graph\":[{\"@type\":\"Article\",\"@id\":\"https:\\\/\\\/abes.org.br\\\/en\\\/setor-de-tecnologia-teme-os-possiveis-impactos-da-pec-emergencial\\\/#article\",\"isPartOf\":{\"@id\":\"https:\\\/\\\/abes.org.br\\\/en\\\/setor-de-tecnologia-teme-os-possiveis-impactos-da-pec-emergencial\\\/\"},\"author\":{\"name\":\"Editor ABES\",\"@id\":\"https:\\\/\\\/abes.org.br\\\/#\\\/schema\\\/person\\\/d65ed84c8883a123fe668129fd6a7ed3\"},\"headline\":\"Setor de tecnologia teme os poss\u00edveis impactos da PEC Emergencial\",\"datePublished\":\"2021-03-15T12:31:58+00:00\",\"dateModified\":\"2021-03-25T13:00:29+00:00\",\"mainEntityOfPage\":{\"@id\":\"https:\\\/\\\/abes.org.br\\\/en\\\/setor-de-tecnologia-teme-os-possiveis-impactos-da-pec-emergencial\\\/\"},\"wordCount\":762,\"publisher\":{\"@id\":\"https:\\\/\\\/abes.org.br\\\/#organization\"},\"image\":{\"@id\":\"https:\\\/\\\/abes.org.br\\\/en\\\/setor-de-tecnologia-teme-os-possiveis-impactos-da-pec-emergencial\\\/#primaryimage\"},\"thumbnailUrl\":\"https:\\\/\\\/abes.org.br\\\/wp-content\\\/uploads\\\/2021\\\/03\\\/Finan\u00e7as-front-view-finance-business-elements-assortment-scaled.jpg\",\"keywords\":[\"Lei das TICs\",\"Lei do Bem\",\"manuten\u00e7\u00e3o de empregos\",\"PEC 186\",\"PEC Emergencial\",\"reforma tribut\u00e1ria\",\"retomada econ\u00f4mica\"],\"articleSection\":[\"-Coluna 4\",\"Press releases\"],\"inLanguage\":\"en-US\"},{\"@type\":\"WebPage\",\"@id\":\"https:\\\/\\\/abes.org.br\\\/en\\\/setor-de-tecnologia-teme-os-possiveis-impactos-da-pec-emergencial\\\/\",\"url\":\"https:\\\/\\\/abes.org.br\\\/en\\\/setor-de-tecnologia-teme-os-possiveis-impactos-da-pec-emergencial\\\/\",\"name\":\"Setor de tecnologia teme os poss\u00edveis impactos da PEC Emergencial - ABES\",\"isPartOf\":{\"@id\":\"https:\\\/\\\/abes.org.br\\\/#website\"},\"primaryImageOfPage\":{\"@id\":\"https:\\\/\\\/abes.org.br\\\/en\\\/setor-de-tecnologia-teme-os-possiveis-impactos-da-pec-emergencial\\\/#primaryimage\"},\"image\":{\"@id\":\"https:\\\/\\\/abes.org.br\\\/en\\\/setor-de-tecnologia-teme-os-possiveis-impactos-da-pec-emergencial\\\/#primaryimage\"},\"thumbnailUrl\":\"https:\\\/\\\/abes.org.br\\\/wp-content\\\/uploads\\\/2021\\\/03\\\/Finan\u00e7as-front-view-finance-business-elements-assortment-scaled.jpg\",\"datePublished\":\"2021-03-15T12:31:58+00:00\",\"dateModified\":\"2021-03-25T13:00:29+00:00\",\"breadcrumb\":{\"@id\":\"https:\\\/\\\/abes.org.br\\\/en\\\/setor-de-tecnologia-teme-os-possiveis-impactos-da-pec-emergencial\\\/#breadcrumb\"},\"inLanguage\":\"en-US\",\"potentialAction\":[{\"@type\":\"ReadAction\",\"target\":[\"https:\\\/\\\/abes.org.br\\\/en\\\/setor-de-tecnologia-teme-os-possiveis-impactos-da-pec-emergencial\\\/\"]}]},{\"@type\":\"ImageObject\",\"inLanguage\":\"en-US\",\"@id\":\"https:\\\/\\\/abes.org.br\\\/en\\\/setor-de-tecnologia-teme-os-possiveis-impactos-da-pec-emergencial\\\/#primaryimage\",\"url\":\"https:\\\/\\\/abes.org.br\\\/wp-content\\\/uploads\\\/2021\\\/03\\\/Finan\u00e7as-front-view-finance-business-elements-assortment-scaled.jpg\",\"contentUrl\":\"https:\\\/\\\/abes.org.br\\\/wp-content\\\/uploads\\\/2021\\\/03\\\/Finan\u00e7as-front-view-finance-business-elements-assortment-scaled.jpg\",\"width\":2560,\"height\":1440},{\"@type\":\"BreadcrumbList\",\"@id\":\"https:\\\/\\\/abes.org.br\\\/en\\\/setor-de-tecnologia-teme-os-possiveis-impactos-da-pec-emergencial\\\/#breadcrumb\",\"itemListElement\":[{\"@type\":\"ListItem\",\"position\":1,\"name\":\"In\u00edcio\",\"item\":\"https:\\\/\\\/abes.org.br\\\/\"},{\"@type\":\"ListItem\",\"position\":2,\"name\":\"Setor de tecnologia teme os poss\u00edveis impactos da PEC Emergencial\"}]},{\"@type\":\"WebSite\",\"@id\":\"https:\\\/\\\/abes.org.br\\\/#website\",\"url\":\"https:\\\/\\\/abes.org.br\\\/\",\"name\":\"ABES\",\"description\":\"Associa\u00e7\u00e3o Brasileira das Empresas de Software\",\"publisher\":{\"@id\":\"https:\\\/\\\/abes.org.br\\\/#organization\"},\"potentialAction\":[{\"@type\":\"SearchAction\",\"target\":{\"@type\":\"EntryPoint\",\"urlTemplate\":\"https:\\\/\\\/abes.org.br\\\/?s={search_term_string}\"},\"query-input\":{\"@type\":\"PropertyValueSpecification\",\"valueRequired\":true,\"valueName\":\"search_term_string\"}}],\"inLanguage\":\"en-US\"},{\"@type\":\"Organization\",\"@id\":\"https:\\\/\\\/abes.org.br\\\/#organization\",\"name\":\"Associa\u00e7\u00e3o Brasileira das Empresas de Software\",\"url\":\"https:\\\/\\\/abes.org.br\\\/\",\"logo\":{\"@type\":\"ImageObject\",\"inLanguage\":\"en-US\",\"@id\":\"https:\\\/\\\/abes.org.br\\\/#\\\/schema\\\/logo\\\/image\\\/\",\"url\":\"https:\\\/\\\/abes.org.br\\\/wp-content\\\/uploads\\\/2020\\\/09\\\/logo_abes_marca_d_tagline_horizontal_verde-amarelo_cmyk.png\",\"contentUrl\":\"https:\\\/\\\/abes.org.br\\\/wp-content\\\/uploads\\\/2020\\\/09\\\/logo_abes_marca_d_tagline_horizontal_verde-amarelo_cmyk.png\",\"width\":324,\"height\":70,\"caption\":\"Associa\u00e7\u00e3o Brasileira das Empresas de Software\"},\"image\":{\"@id\":\"https:\\\/\\\/abes.org.br\\\/#\\\/schema\\\/logo\\\/image\\\/\"},\"sameAs\":[\"https:\\\/\\\/www.facebook.com\\\/ABES.software\",\"https:\\\/\\\/x.com\\\/ABES_SOFTWARE\",\"https:\\\/\\\/www.linkedin.com\\\/company\\\/abes-software\\\/\",\"https:\\\/\\\/www.instagram.com\\\/abes_software\\\/\"]},{\"@type\":\"Person\",\"@id\":\"https:\\\/\\\/abes.org.br\\\/#\\\/schema\\\/person\\\/d65ed84c8883a123fe668129fd6a7ed3\",\"name\":\"Editor ABES\",\"image\":{\"@type\":\"ImageObject\",\"inLanguage\":\"en-US\",\"@id\":\"https:\\\/\\\/secure.gravatar.com\\\/avatar\\\/3b207abce016c5e2ad6bf38914af9ad16e277128bb9b06dabb05bc191f02d7fe?s=96&d=mm&r=g\",\"url\":\"https:\\\/\\\/secure.gravatar.com\\\/avatar\\\/3b207abce016c5e2ad6bf38914af9ad16e277128bb9b06dabb05bc191f02d7fe?s=96&d=mm&r=g\",\"contentUrl\":\"https:\\\/\\\/secure.gravatar.com\\\/avatar\\\/3b207abce016c5e2ad6bf38914af9ad16e277128bb9b06dabb05bc191f02d7fe?s=96&d=mm&r=g\",\"caption\":\"Editor ABES\"},\"url\":\"https:\\\/\\\/abes.org.br\\\/en\\\/author\\\/editor-abes\\\/\"}]}<\/script>\n<!-- \/ Yoast SEO plugin. -->","yoast_head_json":{"title":"Technology sector fears the possible impacts of the Emergency PEC - ABES","robots":{"index":"index","follow":"follow","max-snippet":"max-snippet:-1","max-image-preview":"max-image-preview:large","max-video-preview":"max-video-preview:-1"},"canonical":"https:\/\/abes.org.br\/en\/setor-de-tecnologia-teme-os-possiveis-impactos-da-pec-emergencial\/","og_locale":"en_US","og_type":"article","og_title":"Setor de tecnologia teme os poss\u00edveis impactos da PEC Emergencial - ABES","og_description":"ABES considera que resultado desmobilize instrumentos de apoio do segmento, como a Lei de Inform\u00e1tica, com potenciais efeitos sobre a retomada econ\u00f4mica e a manuten\u00e7\u00e3o de empregos\u00a0 No in\u00edcio da madrugada desta sexta-feira (12), a C\u00e2mara dos Deputados concluiu a aprova\u00e7\u00e3o, em segundo turno, da proposta de emenda chamada PEC Emergencial, que prev\u00ea mecanismos para [&hellip;]","og_url":"https:\/\/abes.org.br\/en\/setor-de-tecnologia-teme-os-possiveis-impactos-da-pec-emergencial\/","og_site_name":"ABES","article_publisher":"https:\/\/www.facebook.com\/ABES.software","article_published_time":"2021-03-15T12:31:58+00:00","article_modified_time":"2021-03-25T13:00:29+00:00","og_image":[{"width":2560,"height":1440,"url":"https:\/\/abes.org.br\/wp-content\/uploads\/2021\/03\/Finan\u00e7as-front-view-finance-business-elements-assortment-scaled.jpg","type":"image\/jpeg"}],"author":"Editor ABES","twitter_card":"summary_large_image","twitter_creator":"@ABES_SOFTWARE","twitter_site":"@ABES_SOFTWARE","twitter_misc":{"Written by":"Editor ABES","Est. reading time":"4 minutes"},"schema":{"@context":"https:\/\/schema.org","@graph":[{"@type":"Article","@id":"https:\/\/abes.org.br\/en\/setor-de-tecnologia-teme-os-possiveis-impactos-da-pec-emergencial\/#article","isPartOf":{"@id":"https:\/\/abes.org.br\/en\/setor-de-tecnologia-teme-os-possiveis-impactos-da-pec-emergencial\/"},"author":{"name":"Editor ABES","@id":"https:\/\/abes.org.br\/#\/schema\/person\/d65ed84c8883a123fe668129fd6a7ed3"},"headline":"Setor de tecnologia teme os poss\u00edveis impactos da PEC Emergencial","datePublished":"2021-03-15T12:31:58+00:00","dateModified":"2021-03-25T13:00:29+00:00","mainEntityOfPage":{"@id":"https:\/\/abes.org.br\/en\/setor-de-tecnologia-teme-os-possiveis-impactos-da-pec-emergencial\/"},"wordCount":762,"publisher":{"@id":"https:\/\/abes.org.br\/#organization"},"image":{"@id":"https:\/\/abes.org.br\/en\/setor-de-tecnologia-teme-os-possiveis-impactos-da-pec-emergencial\/#primaryimage"},"thumbnailUrl":"https:\/\/abes.org.br\/wp-content\/uploads\/2021\/03\/Finan\u00e7as-front-view-finance-business-elements-assortment-scaled.jpg","keywords":["Lei das TICs","Lei do Bem","manuten\u00e7\u00e3o de empregos","PEC 186","PEC Emergencial","reforma tribut\u00e1ria","retomada econ\u00f4mica"],"articleSection":["-Coluna 4","Press releases"],"inLanguage":"en-US"},{"@type":"WebPage","@id":"https:\/\/abes.org.br\/en\/setor-de-tecnologia-teme-os-possiveis-impactos-da-pec-emergencial\/","url":"https:\/\/abes.org.br\/en\/setor-de-tecnologia-teme-os-possiveis-impactos-da-pec-emergencial\/","name":"Technology sector fears the possible impacts of the Emergency PEC - ABES","isPartOf":{"@id":"https:\/\/abes.org.br\/#website"},"primaryImageOfPage":{"@id":"https:\/\/abes.org.br\/en\/setor-de-tecnologia-teme-os-possiveis-impactos-da-pec-emergencial\/#primaryimage"},"image":{"@id":"https:\/\/abes.org.br\/en\/setor-de-tecnologia-teme-os-possiveis-impactos-da-pec-emergencial\/#primaryimage"},"thumbnailUrl":"https:\/\/abes.org.br\/wp-content\/uploads\/2021\/03\/Finan\u00e7as-front-view-finance-business-elements-assortment-scaled.jpg","datePublished":"2021-03-15T12:31:58+00:00","dateModified":"2021-03-25T13:00:29+00:00","breadcrumb":{"@id":"https:\/\/abes.org.br\/en\/setor-de-tecnologia-teme-os-possiveis-impactos-da-pec-emergencial\/#breadcrumb"},"inLanguage":"en-US","potentialAction":[{"@type":"ReadAction","target":["https:\/\/abes.org.br\/en\/setor-de-tecnologia-teme-os-possiveis-impactos-da-pec-emergencial\/"]}]},{"@type":"ImageObject","inLanguage":"en-US","@id":"https:\/\/abes.org.br\/en\/setor-de-tecnologia-teme-os-possiveis-impactos-da-pec-emergencial\/#primaryimage","url":"https:\/\/abes.org.br\/wp-content\/uploads\/2021\/03\/Finan\u00e7as-front-view-finance-business-elements-assortment-scaled.jpg","contentUrl":"https:\/\/abes.org.br\/wp-content\/uploads\/2021\/03\/Finan\u00e7as-front-view-finance-business-elements-assortment-scaled.jpg","width":2560,"height":1440},{"@type":"BreadcrumbList","@id":"https:\/\/abes.org.br\/en\/setor-de-tecnologia-teme-os-possiveis-impactos-da-pec-emergencial\/#breadcrumb","itemListElement":[{"@type":"ListItem","position":1,"name":"In\u00edcio","item":"https:\/\/abes.org.br\/"},{"@type":"ListItem","position":2,"name":"Setor de tecnologia teme os poss\u00edveis impactos da PEC Emergencial"}]},{"@type":"WebSite","@id":"https:\/\/abes.org.br\/#website","url":"https:\/\/abes.org.br\/","name":"ABES","description":"Brazilian Association of Software Companies","publisher":{"@id":"https:\/\/abes.org.br\/#organization"},"potentialAction":[{"@type":"SearchAction","target":{"@type":"EntryPoint","urlTemplate":"https:\/\/abes.org.br\/?s={search_term_string}"},"query-input":{"@type":"PropertyValueSpecification","valueRequired":true,"valueName":"search_term_string"}}],"inLanguage":"en-US"},{"@type":"Organization","@id":"https:\/\/abes.org.br\/#organization","name":"Brazilian Association of Software Companies","url":"https:\/\/abes.org.br\/","logo":{"@type":"ImageObject","inLanguage":"en-US","@id":"https:\/\/abes.org.br\/#\/schema\/logo\/image\/","url":"https:\/\/abes.org.br\/wp-content\/uploads\/2020\/09\/logo_abes_marca_d_tagline_horizontal_verde-amarelo_cmyk.png","contentUrl":"https:\/\/abes.org.br\/wp-content\/uploads\/2020\/09\/logo_abes_marca_d_tagline_horizontal_verde-amarelo_cmyk.png","width":324,"height":70,"caption":"Associa\u00e7\u00e3o Brasileira das Empresas de Software"},"image":{"@id":"https:\/\/abes.org.br\/#\/schema\/logo\/image\/"},"sameAs":["https:\/\/www.facebook.com\/ABES.software","https:\/\/x.com\/ABES_SOFTWARE","https:\/\/www.linkedin.com\/company\/abes-software\/","https:\/\/www.instagram.com\/abes_software\/"]},{"@type":"Person","@id":"https:\/\/abes.org.br\/#\/schema\/person\/d65ed84c8883a123fe668129fd6a7ed3","name":"ABES Editor","image":{"@type":"ImageObject","inLanguage":"en-US","@id":"https:\/\/secure.gravatar.com\/avatar\/3b207abce016c5e2ad6bf38914af9ad16e277128bb9b06dabb05bc191f02d7fe?s=96&d=mm&r=g","url":"https:\/\/secure.gravatar.com\/avatar\/3b207abce016c5e2ad6bf38914af9ad16e277128bb9b06dabb05bc191f02d7fe?s=96&d=mm&r=g","contentUrl":"https:\/\/secure.gravatar.com\/avatar\/3b207abce016c5e2ad6bf38914af9ad16e277128bb9b06dabb05bc191f02d7fe?s=96&d=mm&r=g","caption":"Editor ABES"},"url":"https:\/\/abes.org.br\/en\/author\/editor-abes\/"}]}},"publishpress_future_action":{"enabled":false,"date":"2026-05-04 13:17:23","action":"change-status","newStatus":"draft","terms":[],"taxonomy":"category","extraData":[]},"publishpress_future_workflow_manual_trigger":{"enabledWorkflows":[]},"_links":{"self":[{"href":"https:\/\/abes.org.br\/en\/wp-json\/wp\/v2\/posts\/30865","targetHints":{"allow":["GET"]}}],"collection":[{"href":"https:\/\/abes.org.br\/en\/wp-json\/wp\/v2\/posts"}],"about":[{"href":"https:\/\/abes.org.br\/en\/wp-json\/wp\/v2\/types\/post"}],"author":[{"embeddable":true,"href":"https:\/\/abes.org.br\/en\/wp-json\/wp\/v2\/users\/10"}],"replies":[{"embeddable":true,"href":"https:\/\/abes.org.br\/en\/wp-json\/wp\/v2\/comments?post=30865"}],"version-history":[{"count":1,"href":"https:\/\/abes.org.br\/en\/wp-json\/wp\/v2\/posts\/30865\/revisions"}],"predecessor-version":[{"id":30867,"href":"https:\/\/abes.org.br\/en\/wp-json\/wp\/v2\/posts\/30865\/revisions\/30867"}],"wp:featuredmedia":[{"embeddable":true,"href":"https:\/\/abes.org.br\/en\/wp-json\/wp\/v2\/media\/30866"}],"wp:attachment":[{"href":"https:\/\/abes.org.br\/en\/wp-json\/wp\/v2\/media?parent=30865"}],"wp:term":[{"taxonomy":"category","embeddable":true,"href":"https:\/\/abes.org.br\/en\/wp-json\/wp\/v2\/categories?post=30865"},{"taxonomy":"post_tag","embeddable":true,"href":"https:\/\/abes.org.br\/en\/wp-json\/wp\/v2\/tags?post=30865"}],"curies":[{"name":"wp","href":"https:\/\/api.w.org\/{rel}","templated":true}]}}