{"id":30712,"date":"2021-03-11T09:38:14","date_gmt":"2021-03-11T12:38:14","guid":{"rendered":"https:\/\/abes.org.br\/?p=30712"},"modified":"2021-03-10T16:45:53","modified_gmt":"2021-03-10T19:45:53","slug":"infor-anuncia-dr-bruno-toldo-como-cmio-para-a-area-de-healthcare","status":"publish","type":"post","link":"https:\/\/abes.org.br\/en\/infor-anuncia-dr-bruno-toldo-como-cmio-para-a-area-de-healthcare\/","title":{"rendered":"Infor announces Dr. Bruno Toldo as CMIO for Healthcare"},"content":{"rendered":"<p><em>The executive takes on the role of Chief Medical Information Officer (CMIO) Latam and has the mission of driving digital transformation in companies in the sector<\/em><\/p>\n<p>Brazil is one of the most important countries in Latin America, within Infor&#039;s strategy. So much so that the company strengthens its Healthcare unit with the appointment of Dr. Bruno Toldo to the new position of Chief Medical Information Officer (CMIO), Latam.<\/p>\n<div id=\"attachment_30713\" style=\"width: 241px\" class=\"wp-caption alignleft\"><img loading=\"lazy\" decoding=\"async\" aria-describedby=\"caption-attachment-30713\" class=\"wp-image-30713\" src=\"https:\/\/abes.org.br\/wp-content\/uploads\/2021\/03\/Bruno-Toldo-INFOR-2.jpg\" alt=\"\" width=\"231\" height=\"231\" \/><p id=\"caption-attachment-30713\" class=\"wp-caption-text\">Bruno Toldo takes over as Chief Medical Information Officer (CMIO), Latam at Infor<\/p><\/div>\n<p>Dr. Bruno Toldo arrives at the company with the challenge of building an ecosystem of success and growth for business. The executive will be based in Brazil and will report to Joel Rydbeck, Director of Health at Infor, Latin America.<\/p>\n<p>\u201cIt is an honor to have Dr. Bruno integrated into the health team at Infor. His extensive experience and IT management skills in the medical field make him the ideal person for this position. Its objective will be to enable healthcare organizations in Latin America to carry out successful digital transformation projects, improving the user experience with Infor solutions \u201d, commented Rydbeck.<\/p>\n<p>For Dr Bruno Toldo, the demand for digital transformation among healthcare organizations has never been more important, and Infor&#039;s cloud and interoperability solutions have a mission to contribute to the challenges of the sector. \u201cI am thrilled to be part of Infor at such a crucial time. All sectors of society are striving to overcome the challenges of the pandemic and technological innovations in health have a fundamental role in halting the advancement of Covid-19 worldwide, \u201dsaid Toldo.<\/p>\n<p>Before joining Infor, the executive worked for 10 years at Hospital Alem\u00e3o Oswaldo Cruz, in S\u00e3o Paulo, and has worked at companies such as AMIL, Hospital Israelita Albert Einstein and Hospital das Cl\u00ednicas of the Faculty of Medicine in Brazil. Graduated in Medicine from the University of Santo Amaro, Toldo holds a master&#039;s degree in Business Administration with a focus on health from the Get\u00falio Vargas Foundation.<\/p>","protected":false},"excerpt":{"rendered":"<p>O executivo assume o cargo de Chief Medical Information Officer (CMIO) Latam e tem a miss\u00e3o de impulsionar a transforma\u00e7\u00e3o digital em companhias do setor O Brasil \u00e9 um dos pa\u00edses mais importantes da Am\u00e9rica Latina, dentro da estrat\u00e9gia da Infor. Tanto que a empresa fortalece sua unidade de Healthcare com a nomea\u00e7\u00e3o do Dr. [&hellip;]<\/p>\n","protected":false},"author":10,"featured_media":0,"comment_status":"closed","ping_status":"closed","sticky":false,"template":"","format":"standard","meta":{"_acf_changed":false,"_et_pb_use_builder":"","_et_pb_old_content":"","_et_gb_content_width":"","footnotes":""},"categories":[39,19],"tags":[1069,1067,1066,890,1068],"class_list":["post-30712","post","type-post","status-publish","format-standard","hentry","category-coluna-4","category-ultimas-noticias","tag-dr-bruno-toldo","tag-healthcare","tag-infor","tag-inovacoes-tecnologicas","tag-ti-na-area-medica"],"acf":[],"yoast_head":"<!-- This site is optimized with the Yoast SEO plugin v27.4 - https:\/\/yoast.com\/product\/yoast-seo-wordpress\/ -->\n<title>Infor anuncia Dr. Bruno Toldo como CMIO para a \u00e1rea de Healthcare - ABES<\/title>\n<meta name=\"robots\" content=\"index, follow, max-snippet:-1, max-image-preview:large, max-video-preview:-1\" \/>\n<link rel=\"canonical\" href=\"https:\/\/abes.org.br\/en\/infor-anuncia-dr-bruno-toldo-como-cmio-para-a-area-de-healthcare\/\" \/>\n<meta property=\"og:locale\" content=\"en_US\" \/>\n<meta property=\"og:type\" content=\"article\" \/>\n<meta property=\"og:title\" content=\"Infor anuncia Dr. Bruno Toldo como CMIO para a \u00e1rea de Healthcare - ABES\" \/>\n<meta property=\"og:description\" content=\"O executivo assume o cargo de Chief Medical Information Officer (CMIO) Latam e tem a miss\u00e3o de impulsionar a transforma\u00e7\u00e3o digital em companhias do setor O Brasil \u00e9 um dos pa\u00edses mais importantes da Am\u00e9rica Latina, dentro da estrat\u00e9gia da Infor. Tanto que a empresa fortalece sua unidade de Healthcare com a nomea\u00e7\u00e3o do Dr. [&hellip;]\" \/>\n<meta property=\"og:url\" content=\"https:\/\/abes.org.br\/en\/infor-anuncia-dr-bruno-toldo-como-cmio-para-a-area-de-healthcare\/\" \/>\n<meta property=\"og:site_name\" content=\"ABES\" \/>\n<meta property=\"article:publisher\" content=\"https:\/\/www.facebook.com\/ABES.software\" \/>\n<meta property=\"article:published_time\" content=\"2021-03-11T12:38:14+00:00\" \/>\n<meta property=\"og:image\" content=\"https:\/\/abes.org.br\/wp-content\/uploads\/2021\/03\/Bruno-Toldo-INFOR-2.jpg\" \/>\n<meta name=\"author\" content=\"Editor ABES\" \/>\n<meta name=\"twitter:card\" content=\"summary_large_image\" \/>\n<meta name=\"twitter:creator\" content=\"@ABES_SOFTWARE\" \/>\n<meta name=\"twitter:site\" content=\"@ABES_SOFTWARE\" \/>\n<meta name=\"twitter:label1\" content=\"Written by\" \/>\n\t<meta name=\"twitter:data1\" content=\"Editor ABES\" \/>\n\t<meta name=\"twitter:label2\" content=\"Est. reading time\" \/>\n\t<meta name=\"twitter:data2\" content=\"2 minutes\" \/>\n<script type=\"application\/ld+json\" class=\"yoast-schema-graph\">{\"@context\":\"https:\\\/\\\/schema.org\",\"@graph\":[{\"@type\":\"Article\",\"@id\":\"https:\\\/\\\/abes.org.br\\\/infor-anuncia-dr-bruno-toldo-como-cmio-para-a-area-de-healthcare\\\/#article\",\"isPartOf\":{\"@id\":\"https:\\\/\\\/abes.org.br\\\/infor-anuncia-dr-bruno-toldo-como-cmio-para-a-area-de-healthcare\\\/\"},\"author\":{\"name\":\"Editor ABES\",\"@id\":\"https:\\\/\\\/abes.org.br\\\/#\\\/schema\\\/person\\\/d65ed84c8883a123fe668129fd6a7ed3\"},\"headline\":\"Infor anuncia Dr. Bruno Toldo como CMIO para a \u00e1rea de Healthcare\",\"datePublished\":\"2021-03-11T12:38:14+00:00\",\"mainEntityOfPage\":{\"@id\":\"https:\\\/\\\/abes.org.br\\\/infor-anuncia-dr-bruno-toldo-como-cmio-para-a-area-de-healthcare\\\/\"},\"wordCount\":391,\"publisher\":{\"@id\":\"https:\\\/\\\/abes.org.br\\\/#organization\"},\"image\":{\"@id\":\"https:\\\/\\\/abes.org.br\\\/infor-anuncia-dr-bruno-toldo-como-cmio-para-a-area-de-healthcare\\\/#primaryimage\"},\"thumbnailUrl\":\"https:\\\/\\\/abes.org.br\\\/wp-content\\\/uploads\\\/2021\\\/03\\\/Bruno-Toldo-INFOR-2.jpg\",\"keywords\":[\"Dr. Bruno Toldo\",\"Healthcare\",\"Infor\",\"inova\u00e7\u00f5es tecnol\u00f3gicas\",\"TI na \u00e1rea m\u00e9dica\"],\"articleSection\":[\"-Coluna 4\",\"\u00daltimas not\u00edcias\"],\"inLanguage\":\"en-US\"},{\"@type\":\"WebPage\",\"@id\":\"https:\\\/\\\/abes.org.br\\\/infor-anuncia-dr-bruno-toldo-como-cmio-para-a-area-de-healthcare\\\/\",\"url\":\"https:\\\/\\\/abes.org.br\\\/infor-anuncia-dr-bruno-toldo-como-cmio-para-a-area-de-healthcare\\\/\",\"name\":\"Infor anuncia Dr. Bruno Toldo como CMIO para a \u00e1rea de Healthcare - ABES\",\"isPartOf\":{\"@id\":\"https:\\\/\\\/abes.org.br\\\/#website\"},\"primaryImageOfPage\":{\"@id\":\"https:\\\/\\\/abes.org.br\\\/infor-anuncia-dr-bruno-toldo-como-cmio-para-a-area-de-healthcare\\\/#primaryimage\"},\"image\":{\"@id\":\"https:\\\/\\\/abes.org.br\\\/infor-anuncia-dr-bruno-toldo-como-cmio-para-a-area-de-healthcare\\\/#primaryimage\"},\"thumbnailUrl\":\"https:\\\/\\\/abes.org.br\\\/wp-content\\\/uploads\\\/2021\\\/03\\\/Bruno-Toldo-INFOR-2.jpg\",\"datePublished\":\"2021-03-11T12:38:14+00:00\",\"breadcrumb\":{\"@id\":\"https:\\\/\\\/abes.org.br\\\/infor-anuncia-dr-bruno-toldo-como-cmio-para-a-area-de-healthcare\\\/#breadcrumb\"},\"inLanguage\":\"en-US\",\"potentialAction\":[{\"@type\":\"ReadAction\",\"target\":[\"https:\\\/\\\/abes.org.br\\\/infor-anuncia-dr-bruno-toldo-como-cmio-para-a-area-de-healthcare\\\/\"]}]},{\"@type\":\"ImageObject\",\"inLanguage\":\"en-US\",\"@id\":\"https:\\\/\\\/abes.org.br\\\/infor-anuncia-dr-bruno-toldo-como-cmio-para-a-area-de-healthcare\\\/#primaryimage\",\"url\":\"https:\\\/\\\/abes.org.br\\\/wp-content\\\/uploads\\\/2021\\\/03\\\/Bruno-Toldo-INFOR-2.jpg\",\"contentUrl\":\"https:\\\/\\\/abes.org.br\\\/wp-content\\\/uploads\\\/2021\\\/03\\\/Bruno-Toldo-INFOR-2.jpg\"},{\"@type\":\"BreadcrumbList\",\"@id\":\"https:\\\/\\\/abes.org.br\\\/infor-anuncia-dr-bruno-toldo-como-cmio-para-a-area-de-healthcare\\\/#breadcrumb\",\"itemListElement\":[{\"@type\":\"ListItem\",\"position\":1,\"name\":\"In\u00edcio\",\"item\":\"https:\\\/\\\/abes.org.br\\\/\"},{\"@type\":\"ListItem\",\"position\":2,\"name\":\"Infor anuncia Dr. Bruno Toldo como CMIO para a \u00e1rea de Healthcare\"}]},{\"@type\":\"WebSite\",\"@id\":\"https:\\\/\\\/abes.org.br\\\/#website\",\"url\":\"https:\\\/\\\/abes.org.br\\\/\",\"name\":\"ABES\",\"description\":\"Associa\u00e7\u00e3o Brasileira das Empresas de Software\",\"publisher\":{\"@id\":\"https:\\\/\\\/abes.org.br\\\/#organization\"},\"potentialAction\":[{\"@type\":\"SearchAction\",\"target\":{\"@type\":\"EntryPoint\",\"urlTemplate\":\"https:\\\/\\\/abes.org.br\\\/?s={search_term_string}\"},\"query-input\":{\"@type\":\"PropertyValueSpecification\",\"valueRequired\":true,\"valueName\":\"search_term_string\"}}],\"inLanguage\":\"en-US\"},{\"@type\":\"Organization\",\"@id\":\"https:\\\/\\\/abes.org.br\\\/#organization\",\"name\":\"Associa\u00e7\u00e3o Brasileira das Empresas de Software\",\"url\":\"https:\\\/\\\/abes.org.br\\\/\",\"logo\":{\"@type\":\"ImageObject\",\"inLanguage\":\"en-US\",\"@id\":\"https:\\\/\\\/abes.org.br\\\/#\\\/schema\\\/logo\\\/image\\\/\",\"url\":\"https:\\\/\\\/abes.org.br\\\/wp-content\\\/uploads\\\/2020\\\/09\\\/logo_abes_marca_d_tagline_horizontal_verde-amarelo_cmyk.png\",\"contentUrl\":\"https:\\\/\\\/abes.org.br\\\/wp-content\\\/uploads\\\/2020\\\/09\\\/logo_abes_marca_d_tagline_horizontal_verde-amarelo_cmyk.png\",\"width\":324,\"height\":70,\"caption\":\"Associa\u00e7\u00e3o Brasileira das Empresas de Software\"},\"image\":{\"@id\":\"https:\\\/\\\/abes.org.br\\\/#\\\/schema\\\/logo\\\/image\\\/\"},\"sameAs\":[\"https:\\\/\\\/www.facebook.com\\\/ABES.software\",\"https:\\\/\\\/x.com\\\/ABES_SOFTWARE\",\"https:\\\/\\\/www.linkedin.com\\\/company\\\/abes-software\\\/\",\"https:\\\/\\\/www.instagram.com\\\/abes_software\\\/\"]},{\"@type\":\"Person\",\"@id\":\"https:\\\/\\\/abes.org.br\\\/#\\\/schema\\\/person\\\/d65ed84c8883a123fe668129fd6a7ed3\",\"name\":\"Editor ABES\",\"image\":{\"@type\":\"ImageObject\",\"inLanguage\":\"en-US\",\"@id\":\"https:\\\/\\\/secure.gravatar.com\\\/avatar\\\/3b207abce016c5e2ad6bf38914af9ad16e277128bb9b06dabb05bc191f02d7fe?s=96&d=mm&r=g\",\"url\":\"https:\\\/\\\/secure.gravatar.com\\\/avatar\\\/3b207abce016c5e2ad6bf38914af9ad16e277128bb9b06dabb05bc191f02d7fe?s=96&d=mm&r=g\",\"contentUrl\":\"https:\\\/\\\/secure.gravatar.com\\\/avatar\\\/3b207abce016c5e2ad6bf38914af9ad16e277128bb9b06dabb05bc191f02d7fe?s=96&d=mm&r=g\",\"caption\":\"Editor ABES\"},\"url\":\"https:\\\/\\\/abes.org.br\\\/en\\\/author\\\/editor-abes\\\/\"}]}<\/script>\n<!-- \/ Yoast SEO plugin. -->","yoast_head_json":{"title":"Infor anuncia Dr. Bruno Toldo como CMIO para a \u00e1rea de Healthcare - ABES","robots":{"index":"index","follow":"follow","max-snippet":"max-snippet:-1","max-image-preview":"max-image-preview:large","max-video-preview":"max-video-preview:-1"},"canonical":"https:\/\/abes.org.br\/en\/infor-anuncia-dr-bruno-toldo-como-cmio-para-a-area-de-healthcare\/","og_locale":"en_US","og_type":"article","og_title":"Infor anuncia Dr. Bruno Toldo como CMIO para a \u00e1rea de Healthcare - ABES","og_description":"O executivo assume o cargo de Chief Medical Information Officer (CMIO) Latam e tem a miss\u00e3o de impulsionar a transforma\u00e7\u00e3o digital em companhias do setor O Brasil \u00e9 um dos pa\u00edses mais importantes da Am\u00e9rica Latina, dentro da estrat\u00e9gia da Infor. Tanto que a empresa fortalece sua unidade de Healthcare com a nomea\u00e7\u00e3o do Dr. [&hellip;]","og_url":"https:\/\/abes.org.br\/en\/infor-anuncia-dr-bruno-toldo-como-cmio-para-a-area-de-healthcare\/","og_site_name":"ABES","article_publisher":"https:\/\/www.facebook.com\/ABES.software","article_published_time":"2021-03-11T12:38:14+00:00","og_image":[{"url":"https:\/\/abes.org.br\/wp-content\/uploads\/2021\/03\/Bruno-Toldo-INFOR-2.jpg","type":"","width":"","height":""}],"author":"Editor ABES","twitter_card":"summary_large_image","twitter_creator":"@ABES_SOFTWARE","twitter_site":"@ABES_SOFTWARE","twitter_misc":{"Written by":"Editor ABES","Est. reading time":"2 minutes"},"schema":{"@context":"https:\/\/schema.org","@graph":[{"@type":"Article","@id":"https:\/\/abes.org.br\/infor-anuncia-dr-bruno-toldo-como-cmio-para-a-area-de-healthcare\/#article","isPartOf":{"@id":"https:\/\/abes.org.br\/infor-anuncia-dr-bruno-toldo-como-cmio-para-a-area-de-healthcare\/"},"author":{"name":"Editor ABES","@id":"https:\/\/abes.org.br\/#\/schema\/person\/d65ed84c8883a123fe668129fd6a7ed3"},"headline":"Infor anuncia Dr. Bruno Toldo como CMIO para a \u00e1rea de Healthcare","datePublished":"2021-03-11T12:38:14+00:00","mainEntityOfPage":{"@id":"https:\/\/abes.org.br\/infor-anuncia-dr-bruno-toldo-como-cmio-para-a-area-de-healthcare\/"},"wordCount":391,"publisher":{"@id":"https:\/\/abes.org.br\/#organization"},"image":{"@id":"https:\/\/abes.org.br\/infor-anuncia-dr-bruno-toldo-como-cmio-para-a-area-de-healthcare\/#primaryimage"},"thumbnailUrl":"https:\/\/abes.org.br\/wp-content\/uploads\/2021\/03\/Bruno-Toldo-INFOR-2.jpg","keywords":["Dr. Bruno Toldo","Healthcare","Infor","inova\u00e7\u00f5es tecnol\u00f3gicas","TI na \u00e1rea m\u00e9dica"],"articleSection":["-Coluna 4","\u00daltimas not\u00edcias"],"inLanguage":"en-US"},{"@type":"WebPage","@id":"https:\/\/abes.org.br\/infor-anuncia-dr-bruno-toldo-como-cmio-para-a-area-de-healthcare\/","url":"https:\/\/abes.org.br\/infor-anuncia-dr-bruno-toldo-como-cmio-para-a-area-de-healthcare\/","name":"Infor anuncia Dr. Bruno Toldo como CMIO para a \u00e1rea de Healthcare - ABES","isPartOf":{"@id":"https:\/\/abes.org.br\/#website"},"primaryImageOfPage":{"@id":"https:\/\/abes.org.br\/infor-anuncia-dr-bruno-toldo-como-cmio-para-a-area-de-healthcare\/#primaryimage"},"image":{"@id":"https:\/\/abes.org.br\/infor-anuncia-dr-bruno-toldo-como-cmio-para-a-area-de-healthcare\/#primaryimage"},"thumbnailUrl":"https:\/\/abes.org.br\/wp-content\/uploads\/2021\/03\/Bruno-Toldo-INFOR-2.jpg","datePublished":"2021-03-11T12:38:14+00:00","breadcrumb":{"@id":"https:\/\/abes.org.br\/infor-anuncia-dr-bruno-toldo-como-cmio-para-a-area-de-healthcare\/#breadcrumb"},"inLanguage":"en-US","potentialAction":[{"@type":"ReadAction","target":["https:\/\/abes.org.br\/infor-anuncia-dr-bruno-toldo-como-cmio-para-a-area-de-healthcare\/"]}]},{"@type":"ImageObject","inLanguage":"en-US","@id":"https:\/\/abes.org.br\/infor-anuncia-dr-bruno-toldo-como-cmio-para-a-area-de-healthcare\/#primaryimage","url":"https:\/\/abes.org.br\/wp-content\/uploads\/2021\/03\/Bruno-Toldo-INFOR-2.jpg","contentUrl":"https:\/\/abes.org.br\/wp-content\/uploads\/2021\/03\/Bruno-Toldo-INFOR-2.jpg"},{"@type":"BreadcrumbList","@id":"https:\/\/abes.org.br\/infor-anuncia-dr-bruno-toldo-como-cmio-para-a-area-de-healthcare\/#breadcrumb","itemListElement":[{"@type":"ListItem","position":1,"name":"In\u00edcio","item":"https:\/\/abes.org.br\/"},{"@type":"ListItem","position":2,"name":"Infor anuncia Dr. Bruno Toldo como CMIO para a \u00e1rea de Healthcare"}]},{"@type":"WebSite","@id":"https:\/\/abes.org.br\/#website","url":"https:\/\/abes.org.br\/","name":"ABES","description":"Brazilian Association of Software Companies","publisher":{"@id":"https:\/\/abes.org.br\/#organization"},"potentialAction":[{"@type":"SearchAction","target":{"@type":"EntryPoint","urlTemplate":"https:\/\/abes.org.br\/?s={search_term_string}"},"query-input":{"@type":"PropertyValueSpecification","valueRequired":true,"valueName":"search_term_string"}}],"inLanguage":"en-US"},{"@type":"Organization","@id":"https:\/\/abes.org.br\/#organization","name":"Brazilian Association of Software Companies","url":"https:\/\/abes.org.br\/","logo":{"@type":"ImageObject","inLanguage":"en-US","@id":"https:\/\/abes.org.br\/#\/schema\/logo\/image\/","url":"https:\/\/abes.org.br\/wp-content\/uploads\/2020\/09\/logo_abes_marca_d_tagline_horizontal_verde-amarelo_cmyk.png","contentUrl":"https:\/\/abes.org.br\/wp-content\/uploads\/2020\/09\/logo_abes_marca_d_tagline_horizontal_verde-amarelo_cmyk.png","width":324,"height":70,"caption":"Associa\u00e7\u00e3o Brasileira das Empresas de Software"},"image":{"@id":"https:\/\/abes.org.br\/#\/schema\/logo\/image\/"},"sameAs":["https:\/\/www.facebook.com\/ABES.software","https:\/\/x.com\/ABES_SOFTWARE","https:\/\/www.linkedin.com\/company\/abes-software\/","https:\/\/www.instagram.com\/abes_software\/"]},{"@type":"Person","@id":"https:\/\/abes.org.br\/#\/schema\/person\/d65ed84c8883a123fe668129fd6a7ed3","name":"ABES Editor","image":{"@type":"ImageObject","inLanguage":"en-US","@id":"https:\/\/secure.gravatar.com\/avatar\/3b207abce016c5e2ad6bf38914af9ad16e277128bb9b06dabb05bc191f02d7fe?s=96&d=mm&r=g","url":"https:\/\/secure.gravatar.com\/avatar\/3b207abce016c5e2ad6bf38914af9ad16e277128bb9b06dabb05bc191f02d7fe?s=96&d=mm&r=g","contentUrl":"https:\/\/secure.gravatar.com\/avatar\/3b207abce016c5e2ad6bf38914af9ad16e277128bb9b06dabb05bc191f02d7fe?s=96&d=mm&r=g","caption":"Editor ABES"},"url":"https:\/\/abes.org.br\/en\/author\/editor-abes\/"}]}},"publishpress_future_action":{"enabled":false,"date":"2026-05-04 13:10:54","action":"change-status","newStatus":"draft","terms":[],"taxonomy":"category","extraData":[]},"publishpress_future_workflow_manual_trigger":{"enabledWorkflows":[]},"_links":{"self":[{"href":"https:\/\/abes.org.br\/en\/wp-json\/wp\/v2\/posts\/30712","targetHints":{"allow":["GET"]}}],"collection":[{"href":"https:\/\/abes.org.br\/en\/wp-json\/wp\/v2\/posts"}],"about":[{"href":"https:\/\/abes.org.br\/en\/wp-json\/wp\/v2\/types\/post"}],"author":[{"embeddable":true,"href":"https:\/\/abes.org.br\/en\/wp-json\/wp\/v2\/users\/10"}],"replies":[{"embeddable":true,"href":"https:\/\/abes.org.br\/en\/wp-json\/wp\/v2\/comments?post=30712"}],"version-history":[{"count":3,"href":"https:\/\/abes.org.br\/en\/wp-json\/wp\/v2\/posts\/30712\/revisions"}],"predecessor-version":[{"id":30716,"href":"https:\/\/abes.org.br\/en\/wp-json\/wp\/v2\/posts\/30712\/revisions\/30716"}],"wp:attachment":[{"href":"https:\/\/abes.org.br\/en\/wp-json\/wp\/v2\/media?parent=30712"}],"wp:term":[{"taxonomy":"category","embeddable":true,"href":"https:\/\/abes.org.br\/en\/wp-json\/wp\/v2\/categories?post=30712"},{"taxonomy":"post_tag","embeddable":true,"href":"https:\/\/abes.org.br\/en\/wp-json\/wp\/v2\/tags?post=30712"}],"curies":[{"name":"wp","href":"https:\/\/api.w.org\/{rel}","templated":true}]}}