{"id":30571,"date":"2021-03-09T09:32:38","date_gmt":"2021-03-09T12:32:38","guid":{"rendered":"https:\/\/abes.org.br\/?p=30571"},"modified":"2021-03-04T18:56:30","modified_gmt":"2021-03-04T21:56:30","slug":"porto-digital-fecha-2020-com-crescimento-de-quase-22","status":"publish","type":"post","link":"https:\/\/abes.org.br\/en\/porto-digital-fecha-2020-com-crescimento-de-quase-22\/","title":{"rendered":"Porto Digital closes 2020 with growth of almost 22%"},"content":{"rendered":"<p style=\"font-weight: 400\">Porto Digital, one of the main technological parks and innovation environments in Brazil, closed the year 2020 with revenues almost 22% higher than the previous year, despite all the challenges imposed by the pandemic caused by the covid-19. The data is part of the balance sheet released, this Thursday (4th), by the president of Porto Digital, Pierre Lucena, and points to the continuous growth of companies in 2021 and the opening of more jobs.<\/p>\n<p style=\"font-weight: 400\">\u201cIn the beginning of 2020, the Porto Digital group of companies already pointed to a significant growth in the business carried out in the park - but then the pandemic came and all companies had to reevaluate their plans. Even so, despite the pandemic, organizations were able to overcome the challenges and maintain the pace of the previous year \u201d, informed Pierre Lucena.<\/p>\n<p style=\"font-weight: 400\">In 2020, the turnover of companies shipped to Porto Digital reached R$ 2.86 billion - a value of 21.7% higher than that recorded in the previous year, of R$ 2.35 billion, and 50.8% more than in the year 2001. 2018. Among the fastest growing are Speedmais, Insole and Consenso, which debuted in the TOP 3 this year.<\/p>\n<p style=\"font-weight: 400\">Among those with the highest revenues in 2020 are Accenture, Acqio, Avanade, Avantia, CESAR, Insole, Neurotech, Rede Globo, Sertell and Tempest. Already on the list of companies with the largest number of employees are currently Accenture, Avanade, Avantia, CESAR, EAD Nassau, Emprel, Pitang, Serttel, Speedmais and Tempest. In all, the park ended the year 2020 with 13,378 professional employees - up 14.7% - and 349 companies.<\/p>\n<p style=\"font-weight: 400\">Porto Digital&#039;s goal is, by 2025, to have around 20 thousand employees distributed between 500 to 600 companies in the park, with annual sales of R$ 3.5 billion. With the proposed expansion, the park will double in size compared to 2018 - when there were about 9,500 professionals in 300 companies, with annual sales of R$ 1.89 billion.<\/p>","protected":false},"excerpt":{"rendered":"<p>O Porto Digital, um dos principais parques tecnol\u00f3gicos e ambientes de inova\u00e7\u00e3o do Brasil, fechou o ano de 2020 com faturamento quase 22% maior do que no ano anterior, mesmo com todos os desafios impostos por conta da pandemia provocada pela covid-19. O dado \u00e9 parte do balan\u00e7o divulgado, nesta quinta-feira (04), pelo presidente do [&hellip;]<\/p>\n","protected":false},"author":10,"featured_media":0,"comment_status":"closed","ping_status":"closed","sticky":false,"template":"","format":"standard","meta":{"_acf_changed":false,"_et_pb_use_builder":"","_et_pb_old_content":"","_et_gb_content_width":"","footnotes":""},"categories":[39,19],"tags":[1028,1029,442,1027,1026],"class_list":["post-30571","post","type-post","status-publish","format-standard","hentry","category-coluna-4","category-ultimas-noticias","tag-ambientes-de-inovacao","tag-crescimento-de-faturamento","tag-desafios-tecnologicos","tag-parques-tecnologicos","tag-porto-digital"],"acf":[],"yoast_head":"<!-- This site is optimized with the Yoast SEO plugin v27.4 - https:\/\/yoast.com\/product\/yoast-seo-wordpress\/ -->\n<title>Porto Digital fecha 2020 com crescimento de quase 22% - ABES<\/title>\n<meta name=\"robots\" content=\"index, follow, max-snippet:-1, max-image-preview:large, max-video-preview:-1\" \/>\n<link rel=\"canonical\" href=\"https:\/\/abes.org.br\/en\/porto-digital-fecha-2020-com-crescimento-de-quase-22\/\" \/>\n<meta property=\"og:locale\" content=\"en_US\" \/>\n<meta property=\"og:type\" content=\"article\" \/>\n<meta property=\"og:title\" content=\"Porto Digital fecha 2020 com crescimento de quase 22% - ABES\" \/>\n<meta property=\"og:description\" content=\"O Porto Digital, um dos principais parques tecnol\u00f3gicos e ambientes de inova\u00e7\u00e3o do Brasil, fechou o ano de 2020 com faturamento quase 22% maior do que no ano anterior, mesmo com todos os desafios impostos por conta da pandemia provocada pela covid-19. O dado \u00e9 parte do balan\u00e7o divulgado, nesta quinta-feira (04), pelo presidente do [&hellip;]\" \/>\n<meta property=\"og:url\" content=\"https:\/\/abes.org.br\/en\/porto-digital-fecha-2020-com-crescimento-de-quase-22\/\" \/>\n<meta property=\"og:site_name\" content=\"ABES\" \/>\n<meta property=\"article:publisher\" content=\"https:\/\/www.facebook.com\/ABES.software\" \/>\n<meta property=\"article:published_time\" content=\"2021-03-09T12:32:38+00:00\" \/>\n<meta property=\"og:image\" content=\"https:\/\/abes.org.br\/wp-content\/uploads\/2021\/01\/logo_abes_marca_tagline_horizontal_colorido_rgb.png\" \/>\n\t<meta property=\"og:image:width\" content=\"3509\" \/>\n\t<meta property=\"og:image:height\" content=\"2482\" \/>\n\t<meta property=\"og:image:type\" content=\"image\/png\" \/>\n<meta name=\"author\" content=\"Editor ABES\" \/>\n<meta name=\"twitter:card\" content=\"summary_large_image\" \/>\n<meta name=\"twitter:creator\" content=\"@ABES_SOFTWARE\" \/>\n<meta name=\"twitter:site\" content=\"@ABES_SOFTWARE\" \/>\n<meta name=\"twitter:label1\" content=\"Written by\" \/>\n\t<meta name=\"twitter:data1\" content=\"Editor ABES\" \/>\n\t<meta name=\"twitter:label2\" content=\"Est. reading time\" \/>\n\t<meta name=\"twitter:data2\" content=\"2 minutes\" \/>\n<script type=\"application\/ld+json\" class=\"yoast-schema-graph\">{\"@context\":\"https:\\\/\\\/schema.org\",\"@graph\":[{\"@type\":\"Article\",\"@id\":\"https:\\\/\\\/abes.org.br\\\/porto-digital-fecha-2020-com-crescimento-de-quase-22\\\/#article\",\"isPartOf\":{\"@id\":\"https:\\\/\\\/abes.org.br\\\/porto-digital-fecha-2020-com-crescimento-de-quase-22\\\/\"},\"author\":{\"name\":\"Editor ABES\",\"@id\":\"https:\\\/\\\/abes.org.br\\\/#\\\/schema\\\/person\\\/d65ed84c8883a123fe668129fd6a7ed3\"},\"headline\":\"Porto Digital fecha 2020 com crescimento de quase 22%\",\"datePublished\":\"2021-03-09T12:32:38+00:00\",\"mainEntityOfPage\":{\"@id\":\"https:\\\/\\\/abes.org.br\\\/porto-digital-fecha-2020-com-crescimento-de-quase-22\\\/\"},\"wordCount\":318,\"publisher\":{\"@id\":\"https:\\\/\\\/abes.org.br\\\/#organization\"},\"keywords\":[\"ambientes de inova\u00e7\u00e3o\",\"crescimento de faturamento\",\"desafios tecnol\u00f3gicos\",\"parques tecnol\u00f3gicos\",\"Porto Digital\"],\"articleSection\":[\"-Coluna 4\",\"\u00daltimas not\u00edcias\"],\"inLanguage\":\"en-US\"},{\"@type\":\"WebPage\",\"@id\":\"https:\\\/\\\/abes.org.br\\\/porto-digital-fecha-2020-com-crescimento-de-quase-22\\\/\",\"url\":\"https:\\\/\\\/abes.org.br\\\/porto-digital-fecha-2020-com-crescimento-de-quase-22\\\/\",\"name\":\"Porto Digital fecha 2020 com crescimento de quase 22% - ABES\",\"isPartOf\":{\"@id\":\"https:\\\/\\\/abes.org.br\\\/#website\"},\"datePublished\":\"2021-03-09T12:32:38+00:00\",\"breadcrumb\":{\"@id\":\"https:\\\/\\\/abes.org.br\\\/porto-digital-fecha-2020-com-crescimento-de-quase-22\\\/#breadcrumb\"},\"inLanguage\":\"en-US\",\"potentialAction\":[{\"@type\":\"ReadAction\",\"target\":[\"https:\\\/\\\/abes.org.br\\\/porto-digital-fecha-2020-com-crescimento-de-quase-22\\\/\"]}]},{\"@type\":\"BreadcrumbList\",\"@id\":\"https:\\\/\\\/abes.org.br\\\/porto-digital-fecha-2020-com-crescimento-de-quase-22\\\/#breadcrumb\",\"itemListElement\":[{\"@type\":\"ListItem\",\"position\":1,\"name\":\"In\u00edcio\",\"item\":\"https:\\\/\\\/abes.org.br\\\/\"},{\"@type\":\"ListItem\",\"position\":2,\"name\":\"Porto Digital fecha 2020 com crescimento de quase 22%\"}]},{\"@type\":\"WebSite\",\"@id\":\"https:\\\/\\\/abes.org.br\\\/#website\",\"url\":\"https:\\\/\\\/abes.org.br\\\/\",\"name\":\"ABES\",\"description\":\"Associa\u00e7\u00e3o Brasileira das Empresas de Software\",\"publisher\":{\"@id\":\"https:\\\/\\\/abes.org.br\\\/#organization\"},\"potentialAction\":[{\"@type\":\"SearchAction\",\"target\":{\"@type\":\"EntryPoint\",\"urlTemplate\":\"https:\\\/\\\/abes.org.br\\\/?s={search_term_string}\"},\"query-input\":{\"@type\":\"PropertyValueSpecification\",\"valueRequired\":true,\"valueName\":\"search_term_string\"}}],\"inLanguage\":\"en-US\"},{\"@type\":\"Organization\",\"@id\":\"https:\\\/\\\/abes.org.br\\\/#organization\",\"name\":\"Associa\u00e7\u00e3o Brasileira das Empresas de Software\",\"url\":\"https:\\\/\\\/abes.org.br\\\/\",\"logo\":{\"@type\":\"ImageObject\",\"inLanguage\":\"en-US\",\"@id\":\"https:\\\/\\\/abes.org.br\\\/#\\\/schema\\\/logo\\\/image\\\/\",\"url\":\"https:\\\/\\\/abes.org.br\\\/wp-content\\\/uploads\\\/2020\\\/09\\\/logo_abes_marca_d_tagline_horizontal_verde-amarelo_cmyk.png\",\"contentUrl\":\"https:\\\/\\\/abes.org.br\\\/wp-content\\\/uploads\\\/2020\\\/09\\\/logo_abes_marca_d_tagline_horizontal_verde-amarelo_cmyk.png\",\"width\":324,\"height\":70,\"caption\":\"Associa\u00e7\u00e3o Brasileira das Empresas de Software\"},\"image\":{\"@id\":\"https:\\\/\\\/abes.org.br\\\/#\\\/schema\\\/logo\\\/image\\\/\"},\"sameAs\":[\"https:\\\/\\\/www.facebook.com\\\/ABES.software\",\"https:\\\/\\\/x.com\\\/ABES_SOFTWARE\",\"https:\\\/\\\/www.linkedin.com\\\/company\\\/abes-software\\\/\",\"https:\\\/\\\/www.instagram.com\\\/abes_software\\\/\"]},{\"@type\":\"Person\",\"@id\":\"https:\\\/\\\/abes.org.br\\\/#\\\/schema\\\/person\\\/d65ed84c8883a123fe668129fd6a7ed3\",\"name\":\"Editor ABES\",\"image\":{\"@type\":\"ImageObject\",\"inLanguage\":\"en-US\",\"@id\":\"https:\\\/\\\/secure.gravatar.com\\\/avatar\\\/3b207abce016c5e2ad6bf38914af9ad16e277128bb9b06dabb05bc191f02d7fe?s=96&d=mm&r=g\",\"url\":\"https:\\\/\\\/secure.gravatar.com\\\/avatar\\\/3b207abce016c5e2ad6bf38914af9ad16e277128bb9b06dabb05bc191f02d7fe?s=96&d=mm&r=g\",\"contentUrl\":\"https:\\\/\\\/secure.gravatar.com\\\/avatar\\\/3b207abce016c5e2ad6bf38914af9ad16e277128bb9b06dabb05bc191f02d7fe?s=96&d=mm&r=g\",\"caption\":\"Editor ABES\"},\"url\":\"https:\\\/\\\/abes.org.br\\\/en\\\/author\\\/editor-abes\\\/\"}]}<\/script>\n<!-- \/ Yoast SEO plugin. -->","yoast_head_json":{"title":"Porto Digital closes 2020 with growth of almost 22% - ABES","robots":{"index":"index","follow":"follow","max-snippet":"max-snippet:-1","max-image-preview":"max-image-preview:large","max-video-preview":"max-video-preview:-1"},"canonical":"https:\/\/abes.org.br\/en\/porto-digital-fecha-2020-com-crescimento-de-quase-22\/","og_locale":"en_US","og_type":"article","og_title":"Porto Digital fecha 2020 com crescimento de quase 22% - ABES","og_description":"O Porto Digital, um dos principais parques tecnol\u00f3gicos e ambientes de inova\u00e7\u00e3o do Brasil, fechou o ano de 2020 com faturamento quase 22% maior do que no ano anterior, mesmo com todos os desafios impostos por conta da pandemia provocada pela covid-19. O dado \u00e9 parte do balan\u00e7o divulgado, nesta quinta-feira (04), pelo presidente do [&hellip;]","og_url":"https:\/\/abes.org.br\/en\/porto-digital-fecha-2020-com-crescimento-de-quase-22\/","og_site_name":"ABES","article_publisher":"https:\/\/www.facebook.com\/ABES.software","article_published_time":"2021-03-09T12:32:38+00:00","og_image":[{"width":3509,"height":2482,"url":"https:\/\/abes.org.br\/wp-content\/uploads\/2021\/01\/logo_abes_marca_tagline_horizontal_colorido_rgb.png","type":"image\/png"}],"author":"Editor ABES","twitter_card":"summary_large_image","twitter_creator":"@ABES_SOFTWARE","twitter_site":"@ABES_SOFTWARE","twitter_misc":{"Written by":"Editor ABES","Est. reading time":"2 minutes"},"schema":{"@context":"https:\/\/schema.org","@graph":[{"@type":"Article","@id":"https:\/\/abes.org.br\/porto-digital-fecha-2020-com-crescimento-de-quase-22\/#article","isPartOf":{"@id":"https:\/\/abes.org.br\/porto-digital-fecha-2020-com-crescimento-de-quase-22\/"},"author":{"name":"Editor ABES","@id":"https:\/\/abes.org.br\/#\/schema\/person\/d65ed84c8883a123fe668129fd6a7ed3"},"headline":"Porto Digital fecha 2020 com crescimento de quase 22%","datePublished":"2021-03-09T12:32:38+00:00","mainEntityOfPage":{"@id":"https:\/\/abes.org.br\/porto-digital-fecha-2020-com-crescimento-de-quase-22\/"},"wordCount":318,"publisher":{"@id":"https:\/\/abes.org.br\/#organization"},"keywords":["ambientes de inova\u00e7\u00e3o","crescimento de faturamento","desafios tecnol\u00f3gicos","parques tecnol\u00f3gicos","Porto Digital"],"articleSection":["-Coluna 4","\u00daltimas not\u00edcias"],"inLanguage":"en-US"},{"@type":"WebPage","@id":"https:\/\/abes.org.br\/porto-digital-fecha-2020-com-crescimento-de-quase-22\/","url":"https:\/\/abes.org.br\/porto-digital-fecha-2020-com-crescimento-de-quase-22\/","name":"Porto Digital closes 2020 with growth of almost 22% - ABES","isPartOf":{"@id":"https:\/\/abes.org.br\/#website"},"datePublished":"2021-03-09T12:32:38+00:00","breadcrumb":{"@id":"https:\/\/abes.org.br\/porto-digital-fecha-2020-com-crescimento-de-quase-22\/#breadcrumb"},"inLanguage":"en-US","potentialAction":[{"@type":"ReadAction","target":["https:\/\/abes.org.br\/porto-digital-fecha-2020-com-crescimento-de-quase-22\/"]}]},{"@type":"BreadcrumbList","@id":"https:\/\/abes.org.br\/porto-digital-fecha-2020-com-crescimento-de-quase-22\/#breadcrumb","itemListElement":[{"@type":"ListItem","position":1,"name":"In\u00edcio","item":"https:\/\/abes.org.br\/"},{"@type":"ListItem","position":2,"name":"Porto Digital fecha 2020 com crescimento de quase 22%"}]},{"@type":"WebSite","@id":"https:\/\/abes.org.br\/#website","url":"https:\/\/abes.org.br\/","name":"ABES","description":"Brazilian Association of Software Companies","publisher":{"@id":"https:\/\/abes.org.br\/#organization"},"potentialAction":[{"@type":"SearchAction","target":{"@type":"EntryPoint","urlTemplate":"https:\/\/abes.org.br\/?s={search_term_string}"},"query-input":{"@type":"PropertyValueSpecification","valueRequired":true,"valueName":"search_term_string"}}],"inLanguage":"en-US"},{"@type":"Organization","@id":"https:\/\/abes.org.br\/#organization","name":"Brazilian Association of Software Companies","url":"https:\/\/abes.org.br\/","logo":{"@type":"ImageObject","inLanguage":"en-US","@id":"https:\/\/abes.org.br\/#\/schema\/logo\/image\/","url":"https:\/\/abes.org.br\/wp-content\/uploads\/2020\/09\/logo_abes_marca_d_tagline_horizontal_verde-amarelo_cmyk.png","contentUrl":"https:\/\/abes.org.br\/wp-content\/uploads\/2020\/09\/logo_abes_marca_d_tagline_horizontal_verde-amarelo_cmyk.png","width":324,"height":70,"caption":"Associa\u00e7\u00e3o Brasileira das Empresas de Software"},"image":{"@id":"https:\/\/abes.org.br\/#\/schema\/logo\/image\/"},"sameAs":["https:\/\/www.facebook.com\/ABES.software","https:\/\/x.com\/ABES_SOFTWARE","https:\/\/www.linkedin.com\/company\/abes-software\/","https:\/\/www.instagram.com\/abes_software\/"]},{"@type":"Person","@id":"https:\/\/abes.org.br\/#\/schema\/person\/d65ed84c8883a123fe668129fd6a7ed3","name":"ABES Editor","image":{"@type":"ImageObject","inLanguage":"en-US","@id":"https:\/\/secure.gravatar.com\/avatar\/3b207abce016c5e2ad6bf38914af9ad16e277128bb9b06dabb05bc191f02d7fe?s=96&d=mm&r=g","url":"https:\/\/secure.gravatar.com\/avatar\/3b207abce016c5e2ad6bf38914af9ad16e277128bb9b06dabb05bc191f02d7fe?s=96&d=mm&r=g","contentUrl":"https:\/\/secure.gravatar.com\/avatar\/3b207abce016c5e2ad6bf38914af9ad16e277128bb9b06dabb05bc191f02d7fe?s=96&d=mm&r=g","caption":"Editor ABES"},"url":"https:\/\/abes.org.br\/en\/author\/editor-abes\/"}]}},"publishpress_future_action":{"enabled":false,"date":"2026-05-04 13:10:02","action":"change-status","newStatus":"draft","terms":[],"taxonomy":"category","extraData":[]},"publishpress_future_workflow_manual_trigger":{"enabledWorkflows":[]},"_links":{"self":[{"href":"https:\/\/abes.org.br\/en\/wp-json\/wp\/v2\/posts\/30571","targetHints":{"allow":["GET"]}}],"collection":[{"href":"https:\/\/abes.org.br\/en\/wp-json\/wp\/v2\/posts"}],"about":[{"href":"https:\/\/abes.org.br\/en\/wp-json\/wp\/v2\/types\/post"}],"author":[{"embeddable":true,"href":"https:\/\/abes.org.br\/en\/wp-json\/wp\/v2\/users\/10"}],"replies":[{"embeddable":true,"href":"https:\/\/abes.org.br\/en\/wp-json\/wp\/v2\/comments?post=30571"}],"version-history":[{"count":1,"href":"https:\/\/abes.org.br\/en\/wp-json\/wp\/v2\/posts\/30571\/revisions"}],"predecessor-version":[{"id":30572,"href":"https:\/\/abes.org.br\/en\/wp-json\/wp\/v2\/posts\/30571\/revisions\/30572"}],"wp:attachment":[{"href":"https:\/\/abes.org.br\/en\/wp-json\/wp\/v2\/media?parent=30571"}],"wp:term":[{"taxonomy":"category","embeddable":true,"href":"https:\/\/abes.org.br\/en\/wp-json\/wp\/v2\/categories?post=30571"},{"taxonomy":"post_tag","embeddable":true,"href":"https:\/\/abes.org.br\/en\/wp-json\/wp\/v2\/tags?post=30571"}],"curies":[{"name":"wp","href":"https:\/\/api.w.org\/{rel}","templated":true}]}}