{"id":22983,"date":"2020-08-05T00:00:00","date_gmt":"2020-08-05T00:00:00","guid":{"rendered":"https:\/\/abes.org.br\/?p=10431"},"modified":"2023-07-17T16:06:12","modified_gmt":"2023-07-17T19:06:12","slug":"entidades-pedem-criacao-da-anpd-e-adiamento-da-entrada-em-vigor-da-lei-geral-de-protecao-de-dados","status":"publish","type":"post","link":"https:\/\/abes.org.br\/en\/entidades-pedem-criacao-da-anpd-e-adiamento-da-entrada-em-vigor-da-lei-geral-de-protecao-de-dados\/","title":{"rendered":"Entities ask for creation of ANPD and postponement of the entry into force of the General Data Protection Law"},"content":{"rendered":"<p> (updated 8\/13)<\/p>\n<div style=\"text-align: justify\">\n\tIn an open letter sent to the Presidency of the Republic, the Chamber of Deputies and the Federal Senate, covering all the authorities that are part of these bodies, ABES and 39 other entities claim more legal security for citizens and organizations with regard to the Law General Protection of Personal Data and Privacy in Brazil.<\/p>\n<p>\tThe claim involves the&nbsp;<strong>vote and approval of MP 959<\/strong>, which extends the entry into force of the LPGD to May 3, 2021, which must occur until August 26, since after that date the MP loses its validity;&nbsp;<strong>the creation of the National Personal Data Protection Authority<\/strong>, which awaits the presidential decree establishing the parameters of its structure and the appointment of 5 directors by the Presidency of the Republic to form its Directive Council; and the vote of<strong>&nbsp;Constitutional Amendment Proposal no. 17 of 2019, <\/strong>which elevates the protection of personal data to a Constitutional right and guarantee and establishes the Union&#039;s private competence to legislate on the subject. &nbsp;&nbsp;<\/p>\n<p>\tIn the letter, the representatives of these entities explain the current scenario of legal uncertainty and consider that: &quot;<em>LGPD is an opportunity to provide quality service and generate new business. Therefore, in order to have the protection of privacy in Brazil in balance with legal security, it is also essential to extend the entry into force of the LGPD. We understand that during this period the creation of the ANPD must take place, its internal structuring, the works around the regulatory pieces (which involve wide and unrestricted public consultation) and guidance and education of organizations and citizens around these rules &quot;<\/em>. Download <a href=\"\/wp-content\/uploads\/anterior\/Arquivos\/Carta%20aberta%20%C3%A0s%20autoridades_LGPD%20e%20Seguran%C3%A7a%20Jur%C3%ADdica_VF16.pdf\">here the full document.<\/a><\/p>\n<p>\tAs of the launch of this letter, the representatives of the entities hope to build a &quot;broad business front in Brazil and abroad to raise awareness among the authorities about the importance of legal security around privacy and data processing in Brazil. The action is open to the adhesion of new institutions that want to be part of this movement &quot;, explains Andriei Gutierrez, coordinator of the ABES Regulatory Committee.<\/p>\n<p>\tThe signatory entities of the manifest are:<\/p>\n<ul>\n<li>\n\t\t\tAmcham Brasil - American Chamber of Commerce for Brazil<\/li>\n<li>\n\t\t\tBrazilian Association of Communication Agencies - ABRACOM<\/li>\n<li>\n\t\t\tBrazilian Association of Software Companies - ABES<\/li>\n<li>\n\t\t\tBrazilian Association of Internet Hosting Infrastructure Companies - AbraHosting<\/li>\n<li>\n\t\t\tBrazilian Association of Information and Communication Technology Companies - BRASSCOM<\/li>\n<li>\n\t\t\tBrazilian Association of International Express Cargo Transport Companies - ABRAEC<\/li>\n<li>\n\t\t\tBrazilian Association of Company-Customer Relations - ABRAREC<\/li>\n<li>\n\t\t\tBrazilian Association of Advertising Agencies - ABAP<\/li>\n<li>\n\t\t\tBrazilian Association of Digital Agents - ABRADI<\/li>\n<li>\n\t\t\tBrazilian Association of Advertisers - ABA<\/li>\n<li>\n\t\t\tBrazilian Association of Radio and Television Broadcasters - ABERT<\/li>\n<li>\n\t\t\tBrazilian Association of Research Companies - ABEP<\/li>\n<li>\n\t\t\tBrazilian Association of Artificial Intelligence - ABRIA<\/li>\n<li>\n\t\t\tBrazilian Internet Association - ABRANET<\/li>\n<li>\n\t\t\tBrazilian Data Marketing Association - ABEMD<\/li>\n<li>\n\t\t\tBrazilian Association of Diagnostic Medicine - ABRAMED<\/li>\n<li>\n\t\t\tBrazilian Radio and Television Association - ABRATEL<\/li>\n<li>\n\t\t\tBrazilian Association of Shopping Centers - ABRASCE<\/li>\n<li>\n\t\t\tBrazilian Teleservice Association - ABT<\/li>\n<li>\n\t\t\tBrazilian Association of Waste Transporters - ABTR<\/li>\n<li>\n\t\t\tBrazilian Online to Offline Association - ABO2O2<\/li>\n<li>\n\t\t\tSanta Catarina Technology Association - ACATE<\/li>\n<li>\n\t\t\tAssociation of Real Estate and Condominium Management of S\u00e3o Paulo - AABIC<\/li>\n<li>\n\t\t\tAssociation of Brazilian Information Technology Companies and Startups - ASSESPRO-SP<\/li>\n<li>\n\t\t\tAssociation of Information and Communication Technology Companies of Western Paran\u00e1 - IGUASSU-IT<\/li>\n<li>\n\t\t\tAssociation of Information Technology Services Companies - ASSERTI<\/li>\n<li>\n\t\t\tAssociation of Advertising Professionals - APP BRASIL<\/li>\n<li>\n\t\t\tAssociation of Information Technology Professionals and Companies - APETI<\/li>\n<li>\n\t\t\tNational Association of Private Universities - ANUP<\/li>\n<li>\n\t\t\tNational Association of Digital Certification - ANCD<\/li>\n<li>\n\t\t\tNational Association of Magazine Editors - ANER<\/li>\n<li>\n\t\t\tNational Association of Private Hospitals - ANAHP<\/li>\n<li>\n\t\t\tNational Association of Newspapers - ANJ<\/li>\n<li>\n\t\t\tNational Credit Bureaus Association - ANBC<\/li>\n<li>\n\t\t\tNational Association of Information Bureaus - ANBI<\/li>\n<li>\n\t\t\tNational Association of Personal Data Privacy Professionals - ANPPD<\/li>\n<li>\n\t\t\tBSA - The Software Alliance<\/li>\n<li>\n\t\t\tBrazilian Chamber of Electronic Commerce - Camara-e.Net<\/li>\n<li>\n\t\t\tInternational Chamber of Commerce - ICC Brasil<\/li>\n<li>\n\t\t\tNational Confederation of Shopkeepers - CNDL<\/li>\n<li>\n\t\t\tFederation of Brazilian Information Technology Companies - ASSESPRO Nacional<\/li>\n<li>\n\t\t\tFederation of Commerce of Goods, Services and Tourism of the State of S\u00e3o Paulo - FECOMERCIO SP<\/li>\n<li>\n\t\t\tNational Federation of Advertising Agencies - FENAPRO<\/li>\n<li>\n\t\t\tNational Federation of Computer Companies - FENAINFO<\/li>\n<li>\n\t\t\tNational Federation of Stables. of Health Services - FENAESS<\/li>\n<li>\n\t\t\tFederation of Hospitals and Stab. of Serv. de Sa\u00fade do Est. do RJ - FEHERJ<\/li>\n<li>\n\t\t\tFederation of Hospitals and Stab. Serv. RS Health - FEHOSUL<\/li>\n<li>\n\t\t\tFederation of Hospitals, Laboratories, Image Clinics and Stab. of Serv. of Health of the State of Goi\u00e1s - FEHOESG<\/li>\n<li>\n\t\t\tBahia Health Federation, Hospitals, Establishments and Services - FEBASE<\/li>\n<li>\n\t\t\tFederation of Hospitals and Stab. Serv. Sa\u00fade do Est. PR - FEHOSPAR<\/li>\n<li>\n\t\t\tFederation of Hospitals and Stab. of Serv. of Health of Est. SC - FEHOESC<\/li>\n<li>\n\t\t\tFederation of Hospitals, Clinics and Laboratories of Est. SP - FEHOESP<\/li>\n<li>\n\t\t\tGlobal Data Alliance<\/li>\n<li>\n\t\t\tLIS BRASIL - Brazilian Association of Companies Developing Laboratory Information Systems<\/li>\n<li>\n\t\t\tCompetitive Brazil Movement - MBC<\/li>\n<li>\n\t\t\tPISO - Industrial Software Pole (Ribeir\u00e3o Preto)<\/li>\n<li>\n\t\t\tSOFTEX - N\u00facleo Campinas<\/li>\n<li>\n\t\t\tBrasiliense Union of Hospitals, Nursing Homes and Clinics - SBH<\/li>\n<li>\n\t\t\tTIC VALE - Information Technology Cluster - S\u00e3o Jos\u00e9 dos Campos<\/li>\n<li>\n\t\t\tUS Chamber of Commerce&#039;s Brazil US Business Council (BUSBC)<\/li>\n<\/ul>\n<\/div>\n<p><\/p>","protected":false},"excerpt":{"rendered":"<p>(atualizada em 13\/08) Em uma carta aberta que enviada &agrave; Presid&ecirc;ncia da Rep&uacute;blica, &agrave; C&acirc;mara dos Deputados e ao Senado Federal, abrangendo todas as autoridades que fazem parte destes &oacute;rg&atilde;os, a ABES e mais 39 entidades reivindicam mais seguran&ccedil;a jur&iacute;dica para cidad&atilde;os e organiza&ccedil;&otilde;es no que se refere &agrave; Lei Geral de Prote&ccedil;&atilde;o de Dados [&hellip;]<\/p>\n","protected":false},"author":2,"featured_media":0,"comment_status":"closed","ping_status":"open","sticky":false,"template":"","format":"standard","meta":{"_acf_changed":false,"_et_pb_use_builder":"","_et_pb_old_content":"","_et_gb_content_width":"","footnotes":""},"categories":[3867,19],"tags":[],"class_list":["post-22983","post","type-post","status-publish","format-standard","hentry","category-manifestos","category-ultimas-noticias"],"acf":[],"yoast_head":"<!-- This site is optimized with the Yoast SEO plugin v27.3 - https:\/\/yoast.com\/product\/yoast-seo-wordpress\/ -->\n<title>Entidades pedem cria\u00e7\u00e3o da ANPD e adiamento da entrada em vigor da Lei Geral de Prote\u00e7\u00e3o de Dados - ABES<\/title>\n<meta name=\"robots\" content=\"index, follow, max-snippet:-1, max-image-preview:large, max-video-preview:-1\" \/>\n<link rel=\"canonical\" href=\"https:\/\/abes.org.br\/en\/entidades-pedem-criacao-da-anpd-e-adiamento-da-entrada-em-vigor-da-lei-geral-de-protecao-de-dados\/\" \/>\n<meta property=\"og:locale\" content=\"en_US\" \/>\n<meta property=\"og:type\" content=\"article\" \/>\n<meta property=\"og:title\" content=\"Entidades pedem cria\u00e7\u00e3o da ANPD e adiamento da entrada em vigor da Lei Geral de Prote\u00e7\u00e3o de Dados - ABES\" \/>\n<meta property=\"og:description\" content=\"(atualizada em 13\/08) Em uma carta aberta que enviada &agrave; Presid&ecirc;ncia da Rep&uacute;blica, &agrave; C&acirc;mara dos Deputados e ao Senado Federal, abrangendo todas as autoridades que fazem parte destes &oacute;rg&atilde;os, a ABES e mais 39 entidades reivindicam mais seguran&ccedil;a jur&iacute;dica para cidad&atilde;os e organiza&ccedil;&otilde;es no que se refere &agrave; Lei Geral de Prote&ccedil;&atilde;o de Dados [&hellip;]\" \/>\n<meta property=\"og:url\" content=\"https:\/\/abes.org.br\/en\/entidades-pedem-criacao-da-anpd-e-adiamento-da-entrada-em-vigor-da-lei-geral-de-protecao-de-dados\/\" \/>\n<meta property=\"og:site_name\" content=\"ABES\" \/>\n<meta property=\"article:publisher\" content=\"https:\/\/www.facebook.com\/ABES.software\" \/>\n<meta property=\"article:published_time\" content=\"2020-08-05T00:00:00+00:00\" \/>\n<meta property=\"article:modified_time\" content=\"2023-07-17T19:06:12+00:00\" \/>\n<meta property=\"og:image\" content=\"https:\/\/abes.org.br\/wp-content\/uploads\/2021\/01\/logo_abes_marca_tagline_horizontal_colorido_rgb.png\" \/>\n\t<meta property=\"og:image:width\" content=\"3509\" \/>\n\t<meta property=\"og:image:height\" content=\"2482\" \/>\n\t<meta property=\"og:image:type\" content=\"image\/png\" \/>\n<meta name=\"author\" content=\"prima-dev\" \/>\n<meta name=\"twitter:card\" content=\"summary_large_image\" \/>\n<meta name=\"twitter:creator\" content=\"@ABES_SOFTWARE\" \/>\n<meta name=\"twitter:site\" content=\"@ABES_SOFTWARE\" \/>\n<meta name=\"twitter:label1\" content=\"Written by\" \/>\n\t<meta name=\"twitter:data1\" content=\"prima-dev\" \/>\n\t<meta name=\"twitter:label2\" content=\"Est. reading time\" \/>\n\t<meta name=\"twitter:data2\" content=\"7 minutes\" \/>\n<script type=\"application\/ld+json\" class=\"yoast-schema-graph\">{\"@context\":\"https:\\\/\\\/schema.org\",\"@graph\":[{\"@type\":\"Article\",\"@id\":\"https:\\\/\\\/abes.org.br\\\/entidades-pedem-criacao-da-anpd-e-adiamento-da-entrada-em-vigor-da-lei-geral-de-protecao-de-dados\\\/#article\",\"isPartOf\":{\"@id\":\"https:\\\/\\\/abes.org.br\\\/entidades-pedem-criacao-da-anpd-e-adiamento-da-entrada-em-vigor-da-lei-geral-de-protecao-de-dados\\\/\"},\"author\":{\"name\":\"prima-dev\",\"@id\":\"https:\\\/\\\/abes.org.br\\\/#\\\/schema\\\/person\\\/1bad6bff859e7d56ec5664b01968e27e\"},\"headline\":\"Entidades pedem cria\u00e7\u00e3o da ANPD e adiamento da entrada em vigor da Lei Geral de Prote\u00e7\u00e3o de Dados\",\"datePublished\":\"2020-08-05T00:00:00+00:00\",\"dateModified\":\"2023-07-17T19:06:12+00:00\",\"mainEntityOfPage\":{\"@id\":\"https:\\\/\\\/abes.org.br\\\/entidades-pedem-criacao-da-anpd-e-adiamento-da-entrada-em-vigor-da-lei-geral-de-protecao-de-dados\\\/\"},\"wordCount\":1351,\"publisher\":{\"@id\":\"https:\\\/\\\/abes.org.br\\\/#organization\"},\"articleSection\":[\"Manifestos\",\"\u00daltimas not\u00edcias\"],\"inLanguage\":\"en-US\"},{\"@type\":\"WebPage\",\"@id\":\"https:\\\/\\\/abes.org.br\\\/entidades-pedem-criacao-da-anpd-e-adiamento-da-entrada-em-vigor-da-lei-geral-de-protecao-de-dados\\\/\",\"url\":\"https:\\\/\\\/abes.org.br\\\/entidades-pedem-criacao-da-anpd-e-adiamento-da-entrada-em-vigor-da-lei-geral-de-protecao-de-dados\\\/\",\"name\":\"Entidades pedem cria\u00e7\u00e3o da ANPD e adiamento da entrada em vigor da Lei Geral de Prote\u00e7\u00e3o de Dados - ABES\",\"isPartOf\":{\"@id\":\"https:\\\/\\\/abes.org.br\\\/#website\"},\"datePublished\":\"2020-08-05T00:00:00+00:00\",\"dateModified\":\"2023-07-17T19:06:12+00:00\",\"breadcrumb\":{\"@id\":\"https:\\\/\\\/abes.org.br\\\/entidades-pedem-criacao-da-anpd-e-adiamento-da-entrada-em-vigor-da-lei-geral-de-protecao-de-dados\\\/#breadcrumb\"},\"inLanguage\":\"en-US\",\"potentialAction\":[{\"@type\":\"ReadAction\",\"target\":[\"https:\\\/\\\/abes.org.br\\\/entidades-pedem-criacao-da-anpd-e-adiamento-da-entrada-em-vigor-da-lei-geral-de-protecao-de-dados\\\/\"]}]},{\"@type\":\"BreadcrumbList\",\"@id\":\"https:\\\/\\\/abes.org.br\\\/entidades-pedem-criacao-da-anpd-e-adiamento-da-entrada-em-vigor-da-lei-geral-de-protecao-de-dados\\\/#breadcrumb\",\"itemListElement\":[{\"@type\":\"ListItem\",\"position\":1,\"name\":\"In\u00edcio\",\"item\":\"https:\\\/\\\/abes.org.br\\\/\"},{\"@type\":\"ListItem\",\"position\":2,\"name\":\"Entidades pedem cria\u00e7\u00e3o da ANPD e adiamento da entrada em vigor da Lei Geral de Prote\u00e7\u00e3o de Dados\"}]},{\"@type\":\"WebSite\",\"@id\":\"https:\\\/\\\/abes.org.br\\\/#website\",\"url\":\"https:\\\/\\\/abes.org.br\\\/\",\"name\":\"ABES\",\"description\":\"Associa\u00e7\u00e3o Brasileira das Empresas de Software\",\"publisher\":{\"@id\":\"https:\\\/\\\/abes.org.br\\\/#organization\"},\"potentialAction\":[{\"@type\":\"SearchAction\",\"target\":{\"@type\":\"EntryPoint\",\"urlTemplate\":\"https:\\\/\\\/abes.org.br\\\/?s={search_term_string}\"},\"query-input\":{\"@type\":\"PropertyValueSpecification\",\"valueRequired\":true,\"valueName\":\"search_term_string\"}}],\"inLanguage\":\"en-US\"},{\"@type\":\"Organization\",\"@id\":\"https:\\\/\\\/abes.org.br\\\/#organization\",\"name\":\"Associa\u00e7\u00e3o Brasileira das Empresas de Software\",\"url\":\"https:\\\/\\\/abes.org.br\\\/\",\"logo\":{\"@type\":\"ImageObject\",\"inLanguage\":\"en-US\",\"@id\":\"https:\\\/\\\/abes.org.br\\\/#\\\/schema\\\/logo\\\/image\\\/\",\"url\":\"https:\\\/\\\/abes.org.br\\\/wp-content\\\/uploads\\\/2020\\\/09\\\/logo_abes_marca_d_tagline_horizontal_verde-amarelo_cmyk.png\",\"contentUrl\":\"https:\\\/\\\/abes.org.br\\\/wp-content\\\/uploads\\\/2020\\\/09\\\/logo_abes_marca_d_tagline_horizontal_verde-amarelo_cmyk.png\",\"width\":324,\"height\":70,\"caption\":\"Associa\u00e7\u00e3o Brasileira das Empresas de Software\"},\"image\":{\"@id\":\"https:\\\/\\\/abes.org.br\\\/#\\\/schema\\\/logo\\\/image\\\/\"},\"sameAs\":[\"https:\\\/\\\/www.facebook.com\\\/ABES.software\",\"https:\\\/\\\/x.com\\\/ABES_SOFTWARE\",\"https:\\\/\\\/www.linkedin.com\\\/company\\\/abes-software\\\/\",\"https:\\\/\\\/www.instagram.com\\\/abes_software\\\/\"]},{\"@type\":\"Person\",\"@id\":\"https:\\\/\\\/abes.org.br\\\/#\\\/schema\\\/person\\\/1bad6bff859e7d56ec5664b01968e27e\",\"name\":\"prima-dev\",\"image\":{\"@type\":\"ImageObject\",\"inLanguage\":\"en-US\",\"@id\":\"https:\\\/\\\/secure.gravatar.com\\\/avatar\\\/039c6325210cecd393c57645bc755f7d13deed578fddf4dbfa87bc05dcbcfa4b?s=96&d=mm&r=g\",\"url\":\"https:\\\/\\\/secure.gravatar.com\\\/avatar\\\/039c6325210cecd393c57645bc755f7d13deed578fddf4dbfa87bc05dcbcfa4b?s=96&d=mm&r=g\",\"contentUrl\":\"https:\\\/\\\/secure.gravatar.com\\\/avatar\\\/039c6325210cecd393c57645bc755f7d13deed578fddf4dbfa87bc05dcbcfa4b?s=96&d=mm&r=g\",\"caption\":\"prima-dev\"},\"url\":\"https:\\\/\\\/abes.org.br\\\/en\\\/author\\\/prima-dev\\\/\"}]}<\/script>\n<!-- \/ Yoast SEO plugin. -->","yoast_head_json":{"title":"Entidades pedem cria\u00e7\u00e3o da ANPD e adiamento da entrada em vigor da Lei Geral de Prote\u00e7\u00e3o de Dados - ABES","robots":{"index":"index","follow":"follow","max-snippet":"max-snippet:-1","max-image-preview":"max-image-preview:large","max-video-preview":"max-video-preview:-1"},"canonical":"https:\/\/abes.org.br\/en\/entidades-pedem-criacao-da-anpd-e-adiamento-da-entrada-em-vigor-da-lei-geral-de-protecao-de-dados\/","og_locale":"en_US","og_type":"article","og_title":"Entidades pedem cria\u00e7\u00e3o da ANPD e adiamento da entrada em vigor da Lei Geral de Prote\u00e7\u00e3o de Dados - ABES","og_description":"(atualizada em 13\/08) Em uma carta aberta que enviada &agrave; Presid&ecirc;ncia da Rep&uacute;blica, &agrave; C&acirc;mara dos Deputados e ao Senado Federal, abrangendo todas as autoridades que fazem parte destes &oacute;rg&atilde;os, a ABES e mais 39 entidades reivindicam mais seguran&ccedil;a jur&iacute;dica para cidad&atilde;os e organiza&ccedil;&otilde;es no que se refere &agrave; Lei Geral de Prote&ccedil;&atilde;o de Dados [&hellip;]","og_url":"https:\/\/abes.org.br\/en\/entidades-pedem-criacao-da-anpd-e-adiamento-da-entrada-em-vigor-da-lei-geral-de-protecao-de-dados\/","og_site_name":"ABES","article_publisher":"https:\/\/www.facebook.com\/ABES.software","article_published_time":"2020-08-05T00:00:00+00:00","article_modified_time":"2023-07-17T19:06:12+00:00","og_image":[{"width":3509,"height":2482,"url":"https:\/\/abes.org.br\/wp-content\/uploads\/2021\/01\/logo_abes_marca_tagline_horizontal_colorido_rgb.png","type":"image\/png"}],"author":"prima-dev","twitter_card":"summary_large_image","twitter_creator":"@ABES_SOFTWARE","twitter_site":"@ABES_SOFTWARE","twitter_misc":{"Written by":"prima-dev","Est. reading time":"7 minutes"},"schema":{"@context":"https:\/\/schema.org","@graph":[{"@type":"Article","@id":"https:\/\/abes.org.br\/entidades-pedem-criacao-da-anpd-e-adiamento-da-entrada-em-vigor-da-lei-geral-de-protecao-de-dados\/#article","isPartOf":{"@id":"https:\/\/abes.org.br\/entidades-pedem-criacao-da-anpd-e-adiamento-da-entrada-em-vigor-da-lei-geral-de-protecao-de-dados\/"},"author":{"name":"prima-dev","@id":"https:\/\/abes.org.br\/#\/schema\/person\/1bad6bff859e7d56ec5664b01968e27e"},"headline":"Entidades pedem cria\u00e7\u00e3o da ANPD e adiamento da entrada em vigor da Lei Geral de Prote\u00e7\u00e3o de Dados","datePublished":"2020-08-05T00:00:00+00:00","dateModified":"2023-07-17T19:06:12+00:00","mainEntityOfPage":{"@id":"https:\/\/abes.org.br\/entidades-pedem-criacao-da-anpd-e-adiamento-da-entrada-em-vigor-da-lei-geral-de-protecao-de-dados\/"},"wordCount":1351,"publisher":{"@id":"https:\/\/abes.org.br\/#organization"},"articleSection":["Manifestos","\u00daltimas not\u00edcias"],"inLanguage":"en-US"},{"@type":"WebPage","@id":"https:\/\/abes.org.br\/entidades-pedem-criacao-da-anpd-e-adiamento-da-entrada-em-vigor-da-lei-geral-de-protecao-de-dados\/","url":"https:\/\/abes.org.br\/entidades-pedem-criacao-da-anpd-e-adiamento-da-entrada-em-vigor-da-lei-geral-de-protecao-de-dados\/","name":"Entidades pedem cria\u00e7\u00e3o da ANPD e adiamento da entrada em vigor da Lei Geral de Prote\u00e7\u00e3o de Dados - ABES","isPartOf":{"@id":"https:\/\/abes.org.br\/#website"},"datePublished":"2020-08-05T00:00:00+00:00","dateModified":"2023-07-17T19:06:12+00:00","breadcrumb":{"@id":"https:\/\/abes.org.br\/entidades-pedem-criacao-da-anpd-e-adiamento-da-entrada-em-vigor-da-lei-geral-de-protecao-de-dados\/#breadcrumb"},"inLanguage":"en-US","potentialAction":[{"@type":"ReadAction","target":["https:\/\/abes.org.br\/entidades-pedem-criacao-da-anpd-e-adiamento-da-entrada-em-vigor-da-lei-geral-de-protecao-de-dados\/"]}]},{"@type":"BreadcrumbList","@id":"https:\/\/abes.org.br\/entidades-pedem-criacao-da-anpd-e-adiamento-da-entrada-em-vigor-da-lei-geral-de-protecao-de-dados\/#breadcrumb","itemListElement":[{"@type":"ListItem","position":1,"name":"In\u00edcio","item":"https:\/\/abes.org.br\/"},{"@type":"ListItem","position":2,"name":"Entidades pedem cria\u00e7\u00e3o da ANPD e adiamento da entrada em vigor da Lei Geral de Prote\u00e7\u00e3o de Dados"}]},{"@type":"WebSite","@id":"https:\/\/abes.org.br\/#website","url":"https:\/\/abes.org.br\/","name":"ABES","description":"Brazilian Association of Software Companies","publisher":{"@id":"https:\/\/abes.org.br\/#organization"},"potentialAction":[{"@type":"SearchAction","target":{"@type":"EntryPoint","urlTemplate":"https:\/\/abes.org.br\/?s={search_term_string}"},"query-input":{"@type":"PropertyValueSpecification","valueRequired":true,"valueName":"search_term_string"}}],"inLanguage":"en-US"},{"@type":"Organization","@id":"https:\/\/abes.org.br\/#organization","name":"Brazilian Association of Software Companies","url":"https:\/\/abes.org.br\/","logo":{"@type":"ImageObject","inLanguage":"en-US","@id":"https:\/\/abes.org.br\/#\/schema\/logo\/image\/","url":"https:\/\/abes.org.br\/wp-content\/uploads\/2020\/09\/logo_abes_marca_d_tagline_horizontal_verde-amarelo_cmyk.png","contentUrl":"https:\/\/abes.org.br\/wp-content\/uploads\/2020\/09\/logo_abes_marca_d_tagline_horizontal_verde-amarelo_cmyk.png","width":324,"height":70,"caption":"Associa\u00e7\u00e3o Brasileira das Empresas de Software"},"image":{"@id":"https:\/\/abes.org.br\/#\/schema\/logo\/image\/"},"sameAs":["https:\/\/www.facebook.com\/ABES.software","https:\/\/x.com\/ABES_SOFTWARE","https:\/\/www.linkedin.com\/company\/abes-software\/","https:\/\/www.instagram.com\/abes_software\/"]},{"@type":"Person","@id":"https:\/\/abes.org.br\/#\/schema\/person\/1bad6bff859e7d56ec5664b01968e27e","name":"prima-dev","image":{"@type":"ImageObject","inLanguage":"en-US","@id":"https:\/\/secure.gravatar.com\/avatar\/039c6325210cecd393c57645bc755f7d13deed578fddf4dbfa87bc05dcbcfa4b?s=96&d=mm&r=g","url":"https:\/\/secure.gravatar.com\/avatar\/039c6325210cecd393c57645bc755f7d13deed578fddf4dbfa87bc05dcbcfa4b?s=96&d=mm&r=g","contentUrl":"https:\/\/secure.gravatar.com\/avatar\/039c6325210cecd393c57645bc755f7d13deed578fddf4dbfa87bc05dcbcfa4b?s=96&d=mm&r=g","caption":"prima-dev"},"url":"https:\/\/abes.org.br\/en\/author\/prima-dev\/"}]}},"publishpress_future_action":{"enabled":false,"date":"2026-05-03 05:03:05","action":"change-status","newStatus":"draft","terms":[],"taxonomy":"category","extraData":[]},"publishpress_future_workflow_manual_trigger":{"enabledWorkflows":[]},"_links":{"self":[{"href":"https:\/\/abes.org.br\/en\/wp-json\/wp\/v2\/posts\/22983","targetHints":{"allow":["GET"]}}],"collection":[{"href":"https:\/\/abes.org.br\/en\/wp-json\/wp\/v2\/posts"}],"about":[{"href":"https:\/\/abes.org.br\/en\/wp-json\/wp\/v2\/types\/post"}],"author":[{"embeddable":true,"href":"https:\/\/abes.org.br\/en\/wp-json\/wp\/v2\/users\/2"}],"replies":[{"embeddable":true,"href":"https:\/\/abes.org.br\/en\/wp-json\/wp\/v2\/comments?post=22983"}],"version-history":[{"count":1,"href":"https:\/\/abes.org.br\/en\/wp-json\/wp\/v2\/posts\/22983\/revisions"}],"predecessor-version":[{"id":64739,"href":"https:\/\/abes.org.br\/en\/wp-json\/wp\/v2\/posts\/22983\/revisions\/64739"}],"wp:attachment":[{"href":"https:\/\/abes.org.br\/en\/wp-json\/wp\/v2\/media?parent=22983"}],"wp:term":[{"taxonomy":"category","embeddable":true,"href":"https:\/\/abes.org.br\/en\/wp-json\/wp\/v2\/categories?post=22983"},{"taxonomy":"post_tag","embeddable":true,"href":"https:\/\/abes.org.br\/en\/wp-json\/wp\/v2\/tags?post=22983"}],"curies":[{"name":"wp","href":"https:\/\/api.w.org\/{rel}","templated":true}]}}