{"id":22975,"date":"2020-08-03T00:00:00","date_gmt":"2020-08-03T00:00:00","guid":{"rendered":"https:\/\/abes.org.br\/?p=10415"},"modified":"2020-08-03T00:00:00","modified_gmt":"2020-08-03T00:00:00","slug":"cio-uma-peca-chave-na-transformacao-digital","status":"publish","type":"post","link":"https:\/\/abes.org.br\/en\/cio-uma-peca-chave-na-transformacao-digital\/","title":{"rendered":"CIO: a key part in digital transformation"},"content":{"rendered":"<div style=\"text-align: justify;\">\n<p>\n\t<img decoding=\"async\" alt=\"\" src=\"\/wp-content\/uploads\/anterior\/Imagens\/Webinar%20A%20vis%C3%A3o%20dos%20CIOs%20-%20print2.PNG\" style=\"width: 360px; height: 159px;\" \/><\/p>\n<p>\tThe CIO&#039;s role has grown in importance in organizations due to the digital transformation and the strategic role that information and communication technologies play in business. This was the conclusion of the webinar <strong>ABES NEW TIMES: THE VISION OF CIOs<\/strong>, held on July 29th.&nbsp;<\/p>\n<p>\tIn addition to welcoming panelists and participants, Rodolfo F\u00fccher, president of ABES, said that the CIO has become a centerpiece of any organization. The executive also spoke about the free diagnostic tool regarding the General Data Protection Law, developed by ABES in partnership with the consultancy EY, available for entrepreneurs to assess the suitability of their companies to the LGPD standards.<\/p>\n<p>\tThe debate was moderated by Silvia Bassi, journalist and publisher of The Shift, who highlighted the importance of sharing the experience of the four invited professionals. The event was supported by the Movimento Brasil, Pa\u00eds Digital, Bertha Capital, BR Angels, Bossa Nova Invest, Kyvo Innovation and Startup Farm, partners of the ABES Startup Internshinp Program.<\/p>\n<p>\t<strong>Strategic role<\/strong><\/p>\n<p>\tTatiana Medina, CIO of Klabin, explained that due to the fact that the company operates in packaging, the pandemic did not affect the pace of production so much and that they had to intensify the means to guarantee the safety of employees in the factories, the communication with the medical team and put office staff in remote work.<\/p>\n<p>\tS\u00e9rgio A. Costantini, CIO at Aqua Capital, commented that the behavioral changes promoted by the pandemic led companies to see digital transformation as a necessity for business survival, aiming to automate, improve the efficiency of processes and increase productivity. Therefore, IT has an increasingly strategic role in companies and in decision-making. He also commented on the efforts of companies to strengthen the security of corporate networks for remote work and that the trend of maintaining the home office scheme will lead to the reduction of corporate spaces.<\/p>\n<p>\t<strong>Encouraging innovation<\/strong><\/p>\n<p>\tRafael Tobara, CIO Sapore, explained that the company, because it works with collective meals, cannot put all employees in remote work. Even with the reduction in the number of open corporate events and cafeterias, Sapore maintains service in hospitals, for example. \u201cThere are a lot of people trying to reinvent themselves. The point is that it is not as simple as everyone thinks \u201d, he warned. He spoke of the creation of Sapore Lab, which is focused on creating new digital products, looking for solutions to improve operational efficiency and investing in startups in the traction phase.<\/p>\n<p>\tCl\u00e1udio Soutto, KPMG&#039;s CIO Advisory for digital transformation, mentioned that, due to the pandemic, more than 80 thousand new virtual stores have appeared and online orders have increased by more than 50%. \u201cDoes a company, when bringing orders inside, have the capacity to deliver, does it have logistics? The backoffice area has to stop being an area that produces information about the past to be a provider of insights that allow decisions to be made \u201d, he pondered. He also pointed out that technology, nowadays, is spread throughout the company and should support growth.<\/p><\/div>\n<p><\/p>","protected":false},"excerpt":{"rendered":"<p>A atua&ccedil;&atilde;o do CIO tem crescido de import&acirc;ncia nas organiza&ccedil;&otilde;es em fun&ccedil;&atilde;o da transforma&ccedil;&atilde;o digital e do papel estrat&eacute;gico que as tecnologias de informa&ccedil;&atilde;o e comunica&ccedil;&atilde;o assumem nos neg&oacute;cios. Esta foi a conclus&atilde;o do webinar ABES NOVOS TEMPOS: A VIS&Atilde;O DOS CIOs, realizado no dia 29 de julho.&nbsp; Al&eacute;m de ter dado as boas-vindas aos [&hellip;]<\/p>\n","protected":false},"author":2,"featured_media":0,"comment_status":"closed","ping_status":"open","sticky":false,"template":"","format":"standard","meta":{"_acf_changed":false,"_et_pb_use_builder":"","_et_pb_old_content":"","_et_gb_content_width":"","footnotes":""},"categories":[19],"tags":[],"class_list":["post-22975","post","type-post","status-publish","format-standard","hentry","category-ultimas-noticias"],"acf":[],"yoast_head":"<!-- This site is optimized with the Yoast SEO plugin v27.3 - https:\/\/yoast.com\/product\/yoast-seo-wordpress\/ -->\n<title>CIO: uma pe\u00e7a-chave na transforma\u00e7\u00e3o digital - ABES<\/title>\n<meta name=\"robots\" content=\"index, follow, max-snippet:-1, max-image-preview:large, max-video-preview:-1\" \/>\n<link rel=\"canonical\" href=\"https:\/\/abes.org.br\/en\/cio-uma-peca-chave-na-transformacao-digital\/\" \/>\n<meta property=\"og:locale\" content=\"en_US\" \/>\n<meta property=\"og:type\" content=\"article\" \/>\n<meta property=\"og:title\" content=\"CIO: uma pe\u00e7a-chave na transforma\u00e7\u00e3o digital - ABES\" \/>\n<meta property=\"og:description\" content=\"A atua&ccedil;&atilde;o do CIO tem crescido de import&acirc;ncia nas organiza&ccedil;&otilde;es em fun&ccedil;&atilde;o da transforma&ccedil;&atilde;o digital e do papel estrat&eacute;gico que as tecnologias de informa&ccedil;&atilde;o e comunica&ccedil;&atilde;o assumem nos neg&oacute;cios. Esta foi a conclus&atilde;o do webinar ABES NOVOS TEMPOS: A VIS&Atilde;O DOS CIOs, realizado no dia 29 de julho.&nbsp; Al&eacute;m de ter dado as boas-vindas aos [&hellip;]\" \/>\n<meta property=\"og:url\" content=\"https:\/\/abes.org.br\/en\/cio-uma-peca-chave-na-transformacao-digital\/\" \/>\n<meta property=\"og:site_name\" content=\"ABES\" \/>\n<meta property=\"article:publisher\" content=\"https:\/\/www.facebook.com\/ABES.software\" \/>\n<meta property=\"article:published_time\" content=\"2020-08-03T00:00:00+00:00\" \/>\n<meta property=\"og:image\" content=\"https:\/\/abes.org.br\/wp-content\/uploads\/2021\/01\/logo_abes_marca_tagline_horizontal_colorido_rgb.png\" \/>\n\t<meta property=\"og:image:width\" content=\"3509\" \/>\n\t<meta property=\"og:image:height\" content=\"2482\" \/>\n\t<meta property=\"og:image:type\" content=\"image\/png\" \/>\n<meta name=\"author\" content=\"prima-dev\" \/>\n<meta name=\"twitter:card\" content=\"summary_large_image\" \/>\n<meta name=\"twitter:creator\" content=\"@ABES_SOFTWARE\" \/>\n<meta name=\"twitter:site\" content=\"@ABES_SOFTWARE\" \/>\n<meta name=\"twitter:label1\" content=\"Written by\" \/>\n\t<meta name=\"twitter:data1\" content=\"prima-dev\" \/>\n\t<meta name=\"twitter:label2\" content=\"Est. reading time\" \/>\n\t<meta name=\"twitter:data2\" content=\"3 minutes\" \/>\n<script type=\"application\/ld+json\" class=\"yoast-schema-graph\">{\"@context\":\"https:\\\/\\\/schema.org\",\"@graph\":[{\"@type\":\"Article\",\"@id\":\"https:\\\/\\\/abes.org.br\\\/cio-uma-peca-chave-na-transformacao-digital\\\/#article\",\"isPartOf\":{\"@id\":\"https:\\\/\\\/abes.org.br\\\/cio-uma-peca-chave-na-transformacao-digital\\\/\"},\"author\":{\"name\":\"prima-dev\",\"@id\":\"https:\\\/\\\/abes.org.br\\\/#\\\/schema\\\/person\\\/1bad6bff859e7d56ec5664b01968e27e\"},\"headline\":\"CIO: uma pe\u00e7a-chave na transforma\u00e7\u00e3o digital\",\"datePublished\":\"2020-08-03T00:00:00+00:00\",\"mainEntityOfPage\":{\"@id\":\"https:\\\/\\\/abes.org.br\\\/cio-uma-peca-chave-na-transformacao-digital\\\/\"},\"wordCount\":694,\"publisher\":{\"@id\":\"https:\\\/\\\/abes.org.br\\\/#organization\"},\"articleSection\":[\"\u00daltimas not\u00edcias\"],\"inLanguage\":\"en-US\"},{\"@type\":\"WebPage\",\"@id\":\"https:\\\/\\\/abes.org.br\\\/cio-uma-peca-chave-na-transformacao-digital\\\/\",\"url\":\"https:\\\/\\\/abes.org.br\\\/cio-uma-peca-chave-na-transformacao-digital\\\/\",\"name\":\"CIO: uma pe\u00e7a-chave na transforma\u00e7\u00e3o digital - ABES\",\"isPartOf\":{\"@id\":\"https:\\\/\\\/abes.org.br\\\/#website\"},\"datePublished\":\"2020-08-03T00:00:00+00:00\",\"breadcrumb\":{\"@id\":\"https:\\\/\\\/abes.org.br\\\/cio-uma-peca-chave-na-transformacao-digital\\\/#breadcrumb\"},\"inLanguage\":\"en-US\",\"potentialAction\":[{\"@type\":\"ReadAction\",\"target\":[\"https:\\\/\\\/abes.org.br\\\/cio-uma-peca-chave-na-transformacao-digital\\\/\"]}]},{\"@type\":\"BreadcrumbList\",\"@id\":\"https:\\\/\\\/abes.org.br\\\/cio-uma-peca-chave-na-transformacao-digital\\\/#breadcrumb\",\"itemListElement\":[{\"@type\":\"ListItem\",\"position\":1,\"name\":\"In\u00edcio\",\"item\":\"https:\\\/\\\/abes.org.br\\\/\"},{\"@type\":\"ListItem\",\"position\":2,\"name\":\"CIO: uma pe\u00e7a-chave na transforma\u00e7\u00e3o digital\"}]},{\"@type\":\"WebSite\",\"@id\":\"https:\\\/\\\/abes.org.br\\\/#website\",\"url\":\"https:\\\/\\\/abes.org.br\\\/\",\"name\":\"ABES\",\"description\":\"Associa\u00e7\u00e3o Brasileira das Empresas de Software\",\"publisher\":{\"@id\":\"https:\\\/\\\/abes.org.br\\\/#organization\"},\"potentialAction\":[{\"@type\":\"SearchAction\",\"target\":{\"@type\":\"EntryPoint\",\"urlTemplate\":\"https:\\\/\\\/abes.org.br\\\/?s={search_term_string}\"},\"query-input\":{\"@type\":\"PropertyValueSpecification\",\"valueRequired\":true,\"valueName\":\"search_term_string\"}}],\"inLanguage\":\"en-US\"},{\"@type\":\"Organization\",\"@id\":\"https:\\\/\\\/abes.org.br\\\/#organization\",\"name\":\"Associa\u00e7\u00e3o Brasileira das Empresas de Software\",\"url\":\"https:\\\/\\\/abes.org.br\\\/\",\"logo\":{\"@type\":\"ImageObject\",\"inLanguage\":\"en-US\",\"@id\":\"https:\\\/\\\/abes.org.br\\\/#\\\/schema\\\/logo\\\/image\\\/\",\"url\":\"https:\\\/\\\/abes.org.br\\\/wp-content\\\/uploads\\\/2020\\\/09\\\/logo_abes_marca_d_tagline_horizontal_verde-amarelo_cmyk.png\",\"contentUrl\":\"https:\\\/\\\/abes.org.br\\\/wp-content\\\/uploads\\\/2020\\\/09\\\/logo_abes_marca_d_tagline_horizontal_verde-amarelo_cmyk.png\",\"width\":324,\"height\":70,\"caption\":\"Associa\u00e7\u00e3o Brasileira das Empresas de Software\"},\"image\":{\"@id\":\"https:\\\/\\\/abes.org.br\\\/#\\\/schema\\\/logo\\\/image\\\/\"},\"sameAs\":[\"https:\\\/\\\/www.facebook.com\\\/ABES.software\",\"https:\\\/\\\/x.com\\\/ABES_SOFTWARE\",\"https:\\\/\\\/www.linkedin.com\\\/company\\\/abes-software\\\/\",\"https:\\\/\\\/www.instagram.com\\\/abes_software\\\/\"]},{\"@type\":\"Person\",\"@id\":\"https:\\\/\\\/abes.org.br\\\/#\\\/schema\\\/person\\\/1bad6bff859e7d56ec5664b01968e27e\",\"name\":\"prima-dev\",\"image\":{\"@type\":\"ImageObject\",\"inLanguage\":\"en-US\",\"@id\":\"https:\\\/\\\/secure.gravatar.com\\\/avatar\\\/039c6325210cecd393c57645bc755f7d13deed578fddf4dbfa87bc05dcbcfa4b?s=96&d=mm&r=g\",\"url\":\"https:\\\/\\\/secure.gravatar.com\\\/avatar\\\/039c6325210cecd393c57645bc755f7d13deed578fddf4dbfa87bc05dcbcfa4b?s=96&d=mm&r=g\",\"contentUrl\":\"https:\\\/\\\/secure.gravatar.com\\\/avatar\\\/039c6325210cecd393c57645bc755f7d13deed578fddf4dbfa87bc05dcbcfa4b?s=96&d=mm&r=g\",\"caption\":\"prima-dev\"},\"url\":\"https:\\\/\\\/abes.org.br\\\/en\\\/author\\\/prima-dev\\\/\"}]}<\/script>\n<!-- \/ Yoast SEO plugin. -->","yoast_head_json":{"title":"CIO: uma pe\u00e7a-chave na transforma\u00e7\u00e3o digital - ABES","robots":{"index":"index","follow":"follow","max-snippet":"max-snippet:-1","max-image-preview":"max-image-preview:large","max-video-preview":"max-video-preview:-1"},"canonical":"https:\/\/abes.org.br\/en\/cio-uma-peca-chave-na-transformacao-digital\/","og_locale":"en_US","og_type":"article","og_title":"CIO: uma pe\u00e7a-chave na transforma\u00e7\u00e3o digital - ABES","og_description":"A atua&ccedil;&atilde;o do CIO tem crescido de import&acirc;ncia nas organiza&ccedil;&otilde;es em fun&ccedil;&atilde;o da transforma&ccedil;&atilde;o digital e do papel estrat&eacute;gico que as tecnologias de informa&ccedil;&atilde;o e comunica&ccedil;&atilde;o assumem nos neg&oacute;cios. Esta foi a conclus&atilde;o do webinar ABES NOVOS TEMPOS: A VIS&Atilde;O DOS CIOs, realizado no dia 29 de julho.&nbsp; Al&eacute;m de ter dado as boas-vindas aos [&hellip;]","og_url":"https:\/\/abes.org.br\/en\/cio-uma-peca-chave-na-transformacao-digital\/","og_site_name":"ABES","article_publisher":"https:\/\/www.facebook.com\/ABES.software","article_published_time":"2020-08-03T00:00:00+00:00","og_image":[{"width":3509,"height":2482,"url":"https:\/\/abes.org.br\/wp-content\/uploads\/2021\/01\/logo_abes_marca_tagline_horizontal_colorido_rgb.png","type":"image\/png"}],"author":"prima-dev","twitter_card":"summary_large_image","twitter_creator":"@ABES_SOFTWARE","twitter_site":"@ABES_SOFTWARE","twitter_misc":{"Written by":"prima-dev","Est. reading time":"3 minutes"},"schema":{"@context":"https:\/\/schema.org","@graph":[{"@type":"Article","@id":"https:\/\/abes.org.br\/cio-uma-peca-chave-na-transformacao-digital\/#article","isPartOf":{"@id":"https:\/\/abes.org.br\/cio-uma-peca-chave-na-transformacao-digital\/"},"author":{"name":"prima-dev","@id":"https:\/\/abes.org.br\/#\/schema\/person\/1bad6bff859e7d56ec5664b01968e27e"},"headline":"CIO: uma pe\u00e7a-chave na transforma\u00e7\u00e3o digital","datePublished":"2020-08-03T00:00:00+00:00","mainEntityOfPage":{"@id":"https:\/\/abes.org.br\/cio-uma-peca-chave-na-transformacao-digital\/"},"wordCount":694,"publisher":{"@id":"https:\/\/abes.org.br\/#organization"},"articleSection":["\u00daltimas not\u00edcias"],"inLanguage":"en-US"},{"@type":"WebPage","@id":"https:\/\/abes.org.br\/cio-uma-peca-chave-na-transformacao-digital\/","url":"https:\/\/abes.org.br\/cio-uma-peca-chave-na-transformacao-digital\/","name":"CIO: uma pe\u00e7a-chave na transforma\u00e7\u00e3o digital - ABES","isPartOf":{"@id":"https:\/\/abes.org.br\/#website"},"datePublished":"2020-08-03T00:00:00+00:00","breadcrumb":{"@id":"https:\/\/abes.org.br\/cio-uma-peca-chave-na-transformacao-digital\/#breadcrumb"},"inLanguage":"en-US","potentialAction":[{"@type":"ReadAction","target":["https:\/\/abes.org.br\/cio-uma-peca-chave-na-transformacao-digital\/"]}]},{"@type":"BreadcrumbList","@id":"https:\/\/abes.org.br\/cio-uma-peca-chave-na-transformacao-digital\/#breadcrumb","itemListElement":[{"@type":"ListItem","position":1,"name":"In\u00edcio","item":"https:\/\/abes.org.br\/"},{"@type":"ListItem","position":2,"name":"CIO: uma pe\u00e7a-chave na transforma\u00e7\u00e3o digital"}]},{"@type":"WebSite","@id":"https:\/\/abes.org.br\/#website","url":"https:\/\/abes.org.br\/","name":"ABES","description":"Brazilian Association of Software Companies","publisher":{"@id":"https:\/\/abes.org.br\/#organization"},"potentialAction":[{"@type":"SearchAction","target":{"@type":"EntryPoint","urlTemplate":"https:\/\/abes.org.br\/?s={search_term_string}"},"query-input":{"@type":"PropertyValueSpecification","valueRequired":true,"valueName":"search_term_string"}}],"inLanguage":"en-US"},{"@type":"Organization","@id":"https:\/\/abes.org.br\/#organization","name":"Brazilian Association of Software Companies","url":"https:\/\/abes.org.br\/","logo":{"@type":"ImageObject","inLanguage":"en-US","@id":"https:\/\/abes.org.br\/#\/schema\/logo\/image\/","url":"https:\/\/abes.org.br\/wp-content\/uploads\/2020\/09\/logo_abes_marca_d_tagline_horizontal_verde-amarelo_cmyk.png","contentUrl":"https:\/\/abes.org.br\/wp-content\/uploads\/2020\/09\/logo_abes_marca_d_tagline_horizontal_verde-amarelo_cmyk.png","width":324,"height":70,"caption":"Associa\u00e7\u00e3o Brasileira das Empresas de Software"},"image":{"@id":"https:\/\/abes.org.br\/#\/schema\/logo\/image\/"},"sameAs":["https:\/\/www.facebook.com\/ABES.software","https:\/\/x.com\/ABES_SOFTWARE","https:\/\/www.linkedin.com\/company\/abes-software\/","https:\/\/www.instagram.com\/abes_software\/"]},{"@type":"Person","@id":"https:\/\/abes.org.br\/#\/schema\/person\/1bad6bff859e7d56ec5664b01968e27e","name":"prima-dev","image":{"@type":"ImageObject","inLanguage":"en-US","@id":"https:\/\/secure.gravatar.com\/avatar\/039c6325210cecd393c57645bc755f7d13deed578fddf4dbfa87bc05dcbcfa4b?s=96&d=mm&r=g","url":"https:\/\/secure.gravatar.com\/avatar\/039c6325210cecd393c57645bc755f7d13deed578fddf4dbfa87bc05dcbcfa4b?s=96&d=mm&r=g","contentUrl":"https:\/\/secure.gravatar.com\/avatar\/039c6325210cecd393c57645bc755f7d13deed578fddf4dbfa87bc05dcbcfa4b?s=96&d=mm&r=g","caption":"prima-dev"},"url":"https:\/\/abes.org.br\/en\/author\/prima-dev\/"}]}},"publishpress_future_action":{"enabled":false,"date":"2026-05-03 03:15:20","action":"change-status","newStatus":"draft","terms":[],"taxonomy":"category","extraData":[]},"publishpress_future_workflow_manual_trigger":{"enabledWorkflows":[]},"_links":{"self":[{"href":"https:\/\/abes.org.br\/en\/wp-json\/wp\/v2\/posts\/22975","targetHints":{"allow":["GET"]}}],"collection":[{"href":"https:\/\/abes.org.br\/en\/wp-json\/wp\/v2\/posts"}],"about":[{"href":"https:\/\/abes.org.br\/en\/wp-json\/wp\/v2\/types\/post"}],"author":[{"embeddable":true,"href":"https:\/\/abes.org.br\/en\/wp-json\/wp\/v2\/users\/2"}],"replies":[{"embeddable":true,"href":"https:\/\/abes.org.br\/en\/wp-json\/wp\/v2\/comments?post=22975"}],"version-history":[{"count":0,"href":"https:\/\/abes.org.br\/en\/wp-json\/wp\/v2\/posts\/22975\/revisions"}],"wp:attachment":[{"href":"https:\/\/abes.org.br\/en\/wp-json\/wp\/v2\/media?parent=22975"}],"wp:term":[{"taxonomy":"category","embeddable":true,"href":"https:\/\/abes.org.br\/en\/wp-json\/wp\/v2\/categories?post=22975"},{"taxonomy":"post_tag","embeddable":true,"href":"https:\/\/abes.org.br\/en\/wp-json\/wp\/v2\/tags?post=22975"}],"curies":[{"name":"wp","href":"https:\/\/api.w.org\/{rel}","templated":true}]}}