{"id":10607,"date":"2020-09-24T00:00:00","date_gmt":"2020-09-24T03:00:00","guid":{"rendered":"https:\/\/abes.org.br\/?p=10607"},"modified":"2020-09-28T13:29:06","modified_gmt":"2020-09-28T16:29:06","slug":"ipea-e-abdi-lancam-plataforma-virtual-voltada-as-politicas-de-inovacao","status":"publish","type":"post","link":"https:\/\/abes.org.br\/en\/ipea-e-abdi-lancam-plataforma-virtual-voltada-as-politicas-de-inovacao\/","title":{"rendered":"Ipea and ABDI launch virtual platform focused on innovation policies"},"content":{"rendered":"<div style=\"text-align: justify;\">\n<p>\n\tInitiative will be presented in a webinar this Wednesday (23) and aims to assist public managers<\/p>\n<p>\tThe Institute for Applied Economic Research (Ipea) and the Brazilian Agency for Industrial Development (ABDI) launched, on Wednesday (23), HUBTEC, a virtual platform dedicated to encouraging innovation policies. The project, which has the support of the British government, will offer a database with information on public procurement in the innovation sector - called technological orders.<\/p>\n<p>\tThe partnership arose from the elaboration of the <a href=\"https:\/\/www.ipea.gov.br\/portal\/index.php?option=com_content&amp;view=article&amp;id=34554&amp;catid=420&amp;Itemid=444\">good practice guide<\/a>&nbsp;on technological orders, recently published by Ipea. The institute will be responsible for producing studies and analyzes published on the platform, whose target audience is public and private sector managers. Among the topics to be addressed are legislation on technological orders, examples of good practices and technical content.<\/p>\n<p>\tIn the opinion of Andr\u00e9 Rauen, Director of Studies and Sectorial Policies for Innovation at Ipea, HUBTEC is an innovative, low-cost project that will have a positive impact on the performance of public and private sector managers. \u201cWe will translate our research into the real practice of planning, monitoring, executing and evaluating innovation policies\u201d, he observes.<\/p>\n<p>\tIn addition to informing, HUBTEC will have a community of experts with the capacity to answer questions, discuss cases and evaluate lessons learned. The objective is to help overcome the challenges in the design of projects with concrete technological risks.<\/p>\n<p>\tThe new platform was presented yesterday (23), in a webinar on Public Procurement of Innovation, open to the public through <a href=\"https:\/\/eu.eventscloud.com\/ereg\/newreg.php?eventid=200211972&amp;&amp;language=por\">subscription<\/a>. Organized by the British Government, ABDI and Connected Places Catapult (UK), an entity that operates in innovation and Public Procurement projects, the debate aimed to foster the exchange of experiences and a constructive dialogue between the United Kingdom and Brazil on the agenda of innovation policies.<\/p>\n<p>\t<a href=\"https:\/\/hubtec.abdi.com.br\/index.html\">Access the new platform here<\/a>.&nbsp;<\/div>","protected":false},"excerpt":{"rendered":"<p>Iniciativa ser&aacute; apresentada em webinar nesta quarta-feira (23) e tem como objetivo auxiliar gestores p&uacute;blicos O Instituto de Pesquisa Econ&ocirc;mica Aplicada (Ipea) e a Ag&ecirc;ncia Brasileira de Desenvolvimento Industrial (ABDI) lan&ccedil;aram, na quarta-feira (23), o HUBTEC, uma plataforma virtual dedicada ao incentivo &agrave;s pol&iacute;ticas de inova&ccedil;&atilde;o. O projeto, que tem o apoio do governo brit&acirc;nico, [&hellip;]<\/p>\n","protected":false},"author":2,"featured_media":0,"comment_status":"closed","ping_status":"open","sticky":false,"template":"","format":"standard","meta":{"_acf_changed":false,"_et_pb_use_builder":"","_et_pb_old_content":"","_et_gb_content_width":"","footnotes":""},"categories":[39,19],"tags":[],"class_list":["post-10607","post","type-post","status-publish","format-standard","hentry","category-coluna-4","category-ultimas-noticias"],"acf":[],"yoast_head":"<!-- This site is optimized with the Yoast SEO plugin v27.4 - https:\/\/yoast.com\/product\/yoast-seo-wordpress\/ -->\n<title>Ipea e ABDI lan\u00e7am plataforma virtual voltada \u00e0s pol\u00edticas de inova\u00e7\u00e3o - ABES<\/title>\n<meta name=\"robots\" content=\"index, follow, max-snippet:-1, max-image-preview:large, max-video-preview:-1\" \/>\n<link rel=\"canonical\" href=\"https:\/\/abes.org.br\/en\/ipea-e-abdi-lancam-plataforma-virtual-voltada-as-politicas-de-inovacao\/\" \/>\n<meta property=\"og:locale\" content=\"en_US\" \/>\n<meta property=\"og:type\" content=\"article\" \/>\n<meta property=\"og:title\" content=\"Ipea e ABDI lan\u00e7am plataforma virtual voltada \u00e0s pol\u00edticas de inova\u00e7\u00e3o - ABES\" \/>\n<meta property=\"og:description\" content=\"Iniciativa ser&aacute; apresentada em webinar nesta quarta-feira (23) e tem como objetivo auxiliar gestores p&uacute;blicos O Instituto de Pesquisa Econ&ocirc;mica Aplicada (Ipea) e a Ag&ecirc;ncia Brasileira de Desenvolvimento Industrial (ABDI) lan&ccedil;aram, na quarta-feira (23), o HUBTEC, uma plataforma virtual dedicada ao incentivo &agrave;s pol&iacute;ticas de inova&ccedil;&atilde;o. O projeto, que tem o apoio do governo brit&acirc;nico, [&hellip;]\" \/>\n<meta property=\"og:url\" content=\"https:\/\/abes.org.br\/en\/ipea-e-abdi-lancam-plataforma-virtual-voltada-as-politicas-de-inovacao\/\" \/>\n<meta property=\"og:site_name\" content=\"ABES\" \/>\n<meta property=\"article:publisher\" content=\"https:\/\/www.facebook.com\/ABES.software\" \/>\n<meta property=\"article:published_time\" content=\"2020-09-24T03:00:00+00:00\" \/>\n<meta property=\"article:modified_time\" content=\"2020-09-28T16:29:06+00:00\" \/>\n<meta property=\"og:image\" content=\"https:\/\/abes.org.br\/wp-content\/uploads\/2021\/01\/logo_abes_marca_tagline_horizontal_colorido_rgb.png\" \/>\n\t<meta property=\"og:image:width\" content=\"3509\" \/>\n\t<meta property=\"og:image:height\" content=\"2482\" \/>\n\t<meta property=\"og:image:type\" content=\"image\/png\" \/>\n<meta name=\"author\" content=\"prima-dev\" \/>\n<meta name=\"twitter:card\" content=\"summary_large_image\" \/>\n<meta name=\"twitter:creator\" content=\"@ABES_SOFTWARE\" \/>\n<meta name=\"twitter:site\" content=\"@ABES_SOFTWARE\" \/>\n<meta name=\"twitter:label1\" content=\"Written by\" \/>\n\t<meta name=\"twitter:data1\" content=\"prima-dev\" \/>\n\t<meta name=\"twitter:label2\" content=\"Est. reading time\" \/>\n\t<meta name=\"twitter:data2\" content=\"2 minutes\" \/>\n<script type=\"application\/ld+json\" class=\"yoast-schema-graph\">{\"@context\":\"https:\\\/\\\/schema.org\",\"@graph\":[{\"@type\":\"Article\",\"@id\":\"https:\\\/\\\/abes.org.br\\\/ipea-e-abdi-lancam-plataforma-virtual-voltada-as-politicas-de-inovacao\\\/#article\",\"isPartOf\":{\"@id\":\"https:\\\/\\\/abes.org.br\\\/ipea-e-abdi-lancam-plataforma-virtual-voltada-as-politicas-de-inovacao\\\/\"},\"author\":{\"name\":\"prima-dev\",\"@id\":\"https:\\\/\\\/abes.org.br\\\/#\\\/schema\\\/person\\\/1bad6bff859e7d56ec5664b01968e27e\"},\"headline\":\"Ipea e ABDI lan\u00e7am plataforma virtual voltada \u00e0s pol\u00edticas de inova\u00e7\u00e3o\",\"datePublished\":\"2020-09-24T03:00:00+00:00\",\"dateModified\":\"2020-09-28T16:29:06+00:00\",\"mainEntityOfPage\":{\"@id\":\"https:\\\/\\\/abes.org.br\\\/ipea-e-abdi-lancam-plataforma-virtual-voltada-as-politicas-de-inovacao\\\/\"},\"wordCount\":443,\"publisher\":{\"@id\":\"https:\\\/\\\/abes.org.br\\\/#organization\"},\"articleSection\":[\"-Coluna 4\",\"\u00daltimas not\u00edcias\"],\"inLanguage\":\"en-US\"},{\"@type\":\"WebPage\",\"@id\":\"https:\\\/\\\/abes.org.br\\\/ipea-e-abdi-lancam-plataforma-virtual-voltada-as-politicas-de-inovacao\\\/\",\"url\":\"https:\\\/\\\/abes.org.br\\\/ipea-e-abdi-lancam-plataforma-virtual-voltada-as-politicas-de-inovacao\\\/\",\"name\":\"Ipea e ABDI lan\u00e7am plataforma virtual voltada \u00e0s pol\u00edticas de inova\u00e7\u00e3o - ABES\",\"isPartOf\":{\"@id\":\"https:\\\/\\\/abes.org.br\\\/#website\"},\"datePublished\":\"2020-09-24T03:00:00+00:00\",\"dateModified\":\"2020-09-28T16:29:06+00:00\",\"breadcrumb\":{\"@id\":\"https:\\\/\\\/abes.org.br\\\/ipea-e-abdi-lancam-plataforma-virtual-voltada-as-politicas-de-inovacao\\\/#breadcrumb\"},\"inLanguage\":\"en-US\",\"potentialAction\":[{\"@type\":\"ReadAction\",\"target\":[\"https:\\\/\\\/abes.org.br\\\/ipea-e-abdi-lancam-plataforma-virtual-voltada-as-politicas-de-inovacao\\\/\"]}]},{\"@type\":\"BreadcrumbList\",\"@id\":\"https:\\\/\\\/abes.org.br\\\/ipea-e-abdi-lancam-plataforma-virtual-voltada-as-politicas-de-inovacao\\\/#breadcrumb\",\"itemListElement\":[{\"@type\":\"ListItem\",\"position\":1,\"name\":\"In\u00edcio\",\"item\":\"https:\\\/\\\/abes.org.br\\\/\"},{\"@type\":\"ListItem\",\"position\":2,\"name\":\"Ipea e ABDI lan\u00e7am plataforma virtual voltada \u00e0s pol\u00edticas de inova\u00e7\u00e3o\"}]},{\"@type\":\"WebSite\",\"@id\":\"https:\\\/\\\/abes.org.br\\\/#website\",\"url\":\"https:\\\/\\\/abes.org.br\\\/\",\"name\":\"ABES\",\"description\":\"Associa\u00e7\u00e3o Brasileira das Empresas de Software\",\"publisher\":{\"@id\":\"https:\\\/\\\/abes.org.br\\\/#organization\"},\"potentialAction\":[{\"@type\":\"SearchAction\",\"target\":{\"@type\":\"EntryPoint\",\"urlTemplate\":\"https:\\\/\\\/abes.org.br\\\/?s={search_term_string}\"},\"query-input\":{\"@type\":\"PropertyValueSpecification\",\"valueRequired\":true,\"valueName\":\"search_term_string\"}}],\"inLanguage\":\"en-US\"},{\"@type\":\"Organization\",\"@id\":\"https:\\\/\\\/abes.org.br\\\/#organization\",\"name\":\"Associa\u00e7\u00e3o Brasileira das Empresas de Software\",\"url\":\"https:\\\/\\\/abes.org.br\\\/\",\"logo\":{\"@type\":\"ImageObject\",\"inLanguage\":\"en-US\",\"@id\":\"https:\\\/\\\/abes.org.br\\\/#\\\/schema\\\/logo\\\/image\\\/\",\"url\":\"https:\\\/\\\/abes.org.br\\\/wp-content\\\/uploads\\\/2020\\\/09\\\/logo_abes_marca_d_tagline_horizontal_verde-amarelo_cmyk.png\",\"contentUrl\":\"https:\\\/\\\/abes.org.br\\\/wp-content\\\/uploads\\\/2020\\\/09\\\/logo_abes_marca_d_tagline_horizontal_verde-amarelo_cmyk.png\",\"width\":324,\"height\":70,\"caption\":\"Associa\u00e7\u00e3o Brasileira das Empresas de Software\"},\"image\":{\"@id\":\"https:\\\/\\\/abes.org.br\\\/#\\\/schema\\\/logo\\\/image\\\/\"},\"sameAs\":[\"https:\\\/\\\/www.facebook.com\\\/ABES.software\",\"https:\\\/\\\/x.com\\\/ABES_SOFTWARE\",\"https:\\\/\\\/www.linkedin.com\\\/company\\\/abes-software\\\/\",\"https:\\\/\\\/www.instagram.com\\\/abes_software\\\/\"]},{\"@type\":\"Person\",\"@id\":\"https:\\\/\\\/abes.org.br\\\/#\\\/schema\\\/person\\\/1bad6bff859e7d56ec5664b01968e27e\",\"name\":\"prima-dev\",\"image\":{\"@type\":\"ImageObject\",\"inLanguage\":\"en-US\",\"@id\":\"https:\\\/\\\/secure.gravatar.com\\\/avatar\\\/039c6325210cecd393c57645bc755f7d13deed578fddf4dbfa87bc05dcbcfa4b?s=96&d=mm&r=g\",\"url\":\"https:\\\/\\\/secure.gravatar.com\\\/avatar\\\/039c6325210cecd393c57645bc755f7d13deed578fddf4dbfa87bc05dcbcfa4b?s=96&d=mm&r=g\",\"contentUrl\":\"https:\\\/\\\/secure.gravatar.com\\\/avatar\\\/039c6325210cecd393c57645bc755f7d13deed578fddf4dbfa87bc05dcbcfa4b?s=96&d=mm&r=g\",\"caption\":\"prima-dev\"},\"url\":\"https:\\\/\\\/abes.org.br\\\/en\\\/author\\\/prima-dev\\\/\"}]}<\/script>\n<!-- \/ Yoast SEO plugin. -->","yoast_head_json":{"title":"Ipea e ABDI lan\u00e7am plataforma virtual voltada \u00e0s pol\u00edticas de inova\u00e7\u00e3o - ABES","robots":{"index":"index","follow":"follow","max-snippet":"max-snippet:-1","max-image-preview":"max-image-preview:large","max-video-preview":"max-video-preview:-1"},"canonical":"https:\/\/abes.org.br\/en\/ipea-e-abdi-lancam-plataforma-virtual-voltada-as-politicas-de-inovacao\/","og_locale":"en_US","og_type":"article","og_title":"Ipea e ABDI lan\u00e7am plataforma virtual voltada \u00e0s pol\u00edticas de inova\u00e7\u00e3o - ABES","og_description":"Iniciativa ser&aacute; apresentada em webinar nesta quarta-feira (23) e tem como objetivo auxiliar gestores p&uacute;blicos O Instituto de Pesquisa Econ&ocirc;mica Aplicada (Ipea) e a Ag&ecirc;ncia Brasileira de Desenvolvimento Industrial (ABDI) lan&ccedil;aram, na quarta-feira (23), o HUBTEC, uma plataforma virtual dedicada ao incentivo &agrave;s pol&iacute;ticas de inova&ccedil;&atilde;o. O projeto, que tem o apoio do governo brit&acirc;nico, [&hellip;]","og_url":"https:\/\/abes.org.br\/en\/ipea-e-abdi-lancam-plataforma-virtual-voltada-as-politicas-de-inovacao\/","og_site_name":"ABES","article_publisher":"https:\/\/www.facebook.com\/ABES.software","article_published_time":"2020-09-24T03:00:00+00:00","article_modified_time":"2020-09-28T16:29:06+00:00","og_image":[{"width":3509,"height":2482,"url":"https:\/\/abes.org.br\/wp-content\/uploads\/2021\/01\/logo_abes_marca_tagline_horizontal_colorido_rgb.png","type":"image\/png"}],"author":"prima-dev","twitter_card":"summary_large_image","twitter_creator":"@ABES_SOFTWARE","twitter_site":"@ABES_SOFTWARE","twitter_misc":{"Written by":"prima-dev","Est. reading time":"2 minutes"},"schema":{"@context":"https:\/\/schema.org","@graph":[{"@type":"Article","@id":"https:\/\/abes.org.br\/ipea-e-abdi-lancam-plataforma-virtual-voltada-as-politicas-de-inovacao\/#article","isPartOf":{"@id":"https:\/\/abes.org.br\/ipea-e-abdi-lancam-plataforma-virtual-voltada-as-politicas-de-inovacao\/"},"author":{"name":"prima-dev","@id":"https:\/\/abes.org.br\/#\/schema\/person\/1bad6bff859e7d56ec5664b01968e27e"},"headline":"Ipea e ABDI lan\u00e7am plataforma virtual voltada \u00e0s pol\u00edticas de inova\u00e7\u00e3o","datePublished":"2020-09-24T03:00:00+00:00","dateModified":"2020-09-28T16:29:06+00:00","mainEntityOfPage":{"@id":"https:\/\/abes.org.br\/ipea-e-abdi-lancam-plataforma-virtual-voltada-as-politicas-de-inovacao\/"},"wordCount":443,"publisher":{"@id":"https:\/\/abes.org.br\/#organization"},"articleSection":["-Coluna 4","\u00daltimas not\u00edcias"],"inLanguage":"en-US"},{"@type":"WebPage","@id":"https:\/\/abes.org.br\/ipea-e-abdi-lancam-plataforma-virtual-voltada-as-politicas-de-inovacao\/","url":"https:\/\/abes.org.br\/ipea-e-abdi-lancam-plataforma-virtual-voltada-as-politicas-de-inovacao\/","name":"Ipea e ABDI lan\u00e7am plataforma virtual voltada \u00e0s pol\u00edticas de inova\u00e7\u00e3o - ABES","isPartOf":{"@id":"https:\/\/abes.org.br\/#website"},"datePublished":"2020-09-24T03:00:00+00:00","dateModified":"2020-09-28T16:29:06+00:00","breadcrumb":{"@id":"https:\/\/abes.org.br\/ipea-e-abdi-lancam-plataforma-virtual-voltada-as-politicas-de-inovacao\/#breadcrumb"},"inLanguage":"en-US","potentialAction":[{"@type":"ReadAction","target":["https:\/\/abes.org.br\/ipea-e-abdi-lancam-plataforma-virtual-voltada-as-politicas-de-inovacao\/"]}]},{"@type":"BreadcrumbList","@id":"https:\/\/abes.org.br\/ipea-e-abdi-lancam-plataforma-virtual-voltada-as-politicas-de-inovacao\/#breadcrumb","itemListElement":[{"@type":"ListItem","position":1,"name":"In\u00edcio","item":"https:\/\/abes.org.br\/"},{"@type":"ListItem","position":2,"name":"Ipea e ABDI lan\u00e7am plataforma virtual voltada \u00e0s pol\u00edticas de inova\u00e7\u00e3o"}]},{"@type":"WebSite","@id":"https:\/\/abes.org.br\/#website","url":"https:\/\/abes.org.br\/","name":"ABES","description":"Brazilian Association of Software Companies","publisher":{"@id":"https:\/\/abes.org.br\/#organization"},"potentialAction":[{"@type":"SearchAction","target":{"@type":"EntryPoint","urlTemplate":"https:\/\/abes.org.br\/?s={search_term_string}"},"query-input":{"@type":"PropertyValueSpecification","valueRequired":true,"valueName":"search_term_string"}}],"inLanguage":"en-US"},{"@type":"Organization","@id":"https:\/\/abes.org.br\/#organization","name":"Brazilian Association of Software Companies","url":"https:\/\/abes.org.br\/","logo":{"@type":"ImageObject","inLanguage":"en-US","@id":"https:\/\/abes.org.br\/#\/schema\/logo\/image\/","url":"https:\/\/abes.org.br\/wp-content\/uploads\/2020\/09\/logo_abes_marca_d_tagline_horizontal_verde-amarelo_cmyk.png","contentUrl":"https:\/\/abes.org.br\/wp-content\/uploads\/2020\/09\/logo_abes_marca_d_tagline_horizontal_verde-amarelo_cmyk.png","width":324,"height":70,"caption":"Associa\u00e7\u00e3o Brasileira das Empresas de Software"},"image":{"@id":"https:\/\/abes.org.br\/#\/schema\/logo\/image\/"},"sameAs":["https:\/\/www.facebook.com\/ABES.software","https:\/\/x.com\/ABES_SOFTWARE","https:\/\/www.linkedin.com\/company\/abes-software\/","https:\/\/www.instagram.com\/abes_software\/"]},{"@type":"Person","@id":"https:\/\/abes.org.br\/#\/schema\/person\/1bad6bff859e7d56ec5664b01968e27e","name":"prima-dev","image":{"@type":"ImageObject","inLanguage":"en-US","@id":"https:\/\/secure.gravatar.com\/avatar\/039c6325210cecd393c57645bc755f7d13deed578fddf4dbfa87bc05dcbcfa4b?s=96&d=mm&r=g","url":"https:\/\/secure.gravatar.com\/avatar\/039c6325210cecd393c57645bc755f7d13deed578fddf4dbfa87bc05dcbcfa4b?s=96&d=mm&r=g","contentUrl":"https:\/\/secure.gravatar.com\/avatar\/039c6325210cecd393c57645bc755f7d13deed578fddf4dbfa87bc05dcbcfa4b?s=96&d=mm&r=g","caption":"prima-dev"},"url":"https:\/\/abes.org.br\/en\/author\/prima-dev\/"}]}},"publishpress_future_action":{"enabled":false,"date":"2026-05-04 12:43:12","action":"change-status","newStatus":"draft","terms":[],"taxonomy":"category","extraData":[]},"publishpress_future_workflow_manual_trigger":{"enabledWorkflows":[]},"_links":{"self":[{"href":"https:\/\/abes.org.br\/en\/wp-json\/wp\/v2\/posts\/10607","targetHints":{"allow":["GET"]}}],"collection":[{"href":"https:\/\/abes.org.br\/en\/wp-json\/wp\/v2\/posts"}],"about":[{"href":"https:\/\/abes.org.br\/en\/wp-json\/wp\/v2\/types\/post"}],"author":[{"embeddable":true,"href":"https:\/\/abes.org.br\/en\/wp-json\/wp\/v2\/users\/2"}],"replies":[{"embeddable":true,"href":"https:\/\/abes.org.br\/en\/wp-json\/wp\/v2\/comments?post=10607"}],"version-history":[{"count":1,"href":"https:\/\/abes.org.br\/en\/wp-json\/wp\/v2\/posts\/10607\/revisions"}],"predecessor-version":[{"id":23666,"href":"https:\/\/abes.org.br\/en\/wp-json\/wp\/v2\/posts\/10607\/revisions\/23666"}],"wp:attachment":[{"href":"https:\/\/abes.org.br\/en\/wp-json\/wp\/v2\/media?parent=10607"}],"wp:term":[{"taxonomy":"category","embeddable":true,"href":"https:\/\/abes.org.br\/en\/wp-json\/wp\/v2\/categories?post=10607"},{"taxonomy":"post_tag","embeddable":true,"href":"https:\/\/abes.org.br\/en\/wp-json\/wp\/v2\/tags?post=10607"}],"curies":[{"name":"wp","href":"https:\/\/api.w.org\/{rel}","templated":true}]}}