{"id":10603,"date":"2020-09-24T00:00:00","date_gmt":"2020-09-24T00:00:00","guid":{"rendered":"https:\/\/abes.org.br\/?p=10603"},"modified":"2020-09-24T00:00:00","modified_gmt":"2020-09-24T00:00:00","slug":"gartner-preve-que-75-dos-ceos-serao-responsabilizados-pessoalmente-por-incidentes-de-seguranca-ciberfisica","status":"publish","type":"post","link":"https:\/\/abes.org.br\/en\/gartner-preve-que-75-dos-ceos-serao-responsabilizados-pessoalmente-por-incidentes-de-seguranca-ciberfisica\/","title":{"rendered":"Gartner predicts that 75% of CEOs will be held personally responsible for cyber-physical security incidents"},"content":{"rendered":"<div style=\"text-align: justify;\">\n<p>\n\tFinancial impact of incidents on cyber-physical structures could generate losses of more than $ 50 billion worldwide<\/p>\n<p>\tResponsibility for cyber-physical security incidents will no longer be a purely corporate issue and become a personal issue for 75% of CEOs by 2024. This is one of the highlights of the most <a href=\"https:\/\/www.gartner.com\/en\">recent research released by Gartner, Inc<\/a>., a world leader in research and advice for companies.<\/p>\n<p>\tAccording to the survey, this will happen due to the nature and importance of cyber-physical systems (CPSs - Cyber-Physical Systems in English). According to Gartner, CPS are systems and resources designed to orchestrate the relationship and analysis of all digital interaction with the physical world (including humans), allowing the control, detection and scaling of potential events, as well as monitoring the consequences of this relationship. .&nbsp;<\/p>\n<p>\tIn other words, these solutions support all efforts to connect the IT environment with operational structures and Internet of Things (IoT) devices, in which security considerations span the cyber and physical worlds, such as critical and asset-intensive infrastructure and clinical health environments. As a consequence, all possible incidents related to cyber-physical infrastructure can cause a series of serious impacts, including physical damage to people, property or even causing environmental disasters.&nbsp;<\/p>\n<p>\tIn this scenario, Gartner analysts estimate that the number of incidents will increase rapidly in the coming years, due to the lack of focus on security and the lack of investments aligned with these assets.<\/p>\n<p>\t&quot;Regulatory bodies and governments will respond promptly to an increase in serious incidents caused by breaches of protection of CPSs, dramatically increasing the rules and regulations that govern them,&quot; says Katell Thielemann, Vice President of Research at Gartner. \u201cIn the United States, for example, the FBI, the NSA and the Infrastructure and Cyber Security Agency (CISA) have already expanded the frequency and details regarding threats to systems related to critical infrastructure, with the majority is owned by the private sector. Soon, CEOs will not be able to claim no knowledge or hide behind their insurance policies. \u201d<\/p>\n<p>\tGartner predicts that the financial impact of the PHC attacks resulting in fatal losses will reach about $ 50 billion by 2023. Even without considering the current value of human life in the equation, the costs to organizations in terms of compensation, litigation, insurance, regulatory fines and loss of reputation will be significant.<\/p>\n<p>\t&quot;Technology leaders need to help CEOs understand the risks that CPSs pose and the need to devote the organization&#039;s focus and budget to protecting them,&quot; says the Gartner analyst. &quot;The more connected CPSs there are, the more likely an incident is to occur.&quot;<\/p>\n<p>\tWith Operational Technology, smart buildings and cities, connected cars and autonomous vehicles, incidents in the digital world will have a much greater effect in the physical world, since there are now risks, threats and vulnerabilities in a two-way cyberphysical spectrum. However, many companies are not aware of the CPSs already deployed in their organizations, either by legacy systems connected to corporate networks by teams outside of IT or as a result of new investments in automation and modernization aimed at business.<\/p>\n<p>\t\u201cA focus on Operational Resilience Management (ORM) in addition to information-centric cyber security is extremely necessary,\u201d says Thielemann.<\/p><\/div>","protected":false},"excerpt":{"rendered":"<p>Impacto financeiro de incidentes nas estruturas ciberf&iacute;sicas poder&atilde;o gerar perdas de mais de 50 bilh&otilde;es de d&oacute;lares em todo o mundo A responsabilidade por incidentes de seguran&ccedil;a ciberf&iacute;sica deixar&aacute; de ser um tema simplesmente corporativo para se tornar uma quest&atilde;o pessoal para 75% dos CEOs at&eacute; 2024. Esse &eacute; um dos destaques da mais recente [&hellip;]<\/p>\n","protected":false},"author":2,"featured_media":0,"comment_status":"closed","ping_status":"open","sticky":false,"template":"","format":"standard","meta":{"_acf_changed":false,"_et_pb_use_builder":"","_et_pb_old_content":"","_et_gb_content_width":"","footnotes":""},"categories":[19],"tags":[],"class_list":["post-10603","post","type-post","status-publish","format-standard","hentry","category-ultimas-noticias"],"acf":[],"yoast_head":"<!-- This site is optimized with the Yoast SEO plugin v27.4 - https:\/\/yoast.com\/product\/yoast-seo-wordpress\/ -->\n<title>Gartner prev\u00ea que 75% dos CEOs ser\u00e3o responsabilizados pessoalmente por incidentes de seguran\u00e7a ciberf\u00edsica - ABES<\/title>\n<meta name=\"robots\" content=\"index, follow, max-snippet:-1, max-image-preview:large, max-video-preview:-1\" \/>\n<link rel=\"canonical\" href=\"https:\/\/abes.org.br\/en\/gartner-preve-que-75-dos-ceos-serao-responsabilizados-pessoalmente-por-incidentes-de-seguranca-ciberfisica\/\" \/>\n<meta property=\"og:locale\" content=\"en_US\" \/>\n<meta property=\"og:type\" content=\"article\" \/>\n<meta property=\"og:title\" content=\"Gartner prev\u00ea que 75% dos CEOs ser\u00e3o responsabilizados pessoalmente por incidentes de seguran\u00e7a ciberf\u00edsica - ABES\" \/>\n<meta property=\"og:description\" content=\"Impacto financeiro de incidentes nas estruturas ciberf&iacute;sicas poder&atilde;o gerar perdas de mais de 50 bilh&otilde;es de d&oacute;lares em todo o mundo A responsabilidade por incidentes de seguran&ccedil;a ciberf&iacute;sica deixar&aacute; de ser um tema simplesmente corporativo para se tornar uma quest&atilde;o pessoal para 75% dos CEOs at&eacute; 2024. Esse &eacute; um dos destaques da mais recente [&hellip;]\" \/>\n<meta property=\"og:url\" content=\"https:\/\/abes.org.br\/en\/gartner-preve-que-75-dos-ceos-serao-responsabilizados-pessoalmente-por-incidentes-de-seguranca-ciberfisica\/\" \/>\n<meta property=\"og:site_name\" content=\"ABES\" \/>\n<meta property=\"article:publisher\" content=\"https:\/\/www.facebook.com\/ABES.software\" \/>\n<meta property=\"article:published_time\" content=\"2020-09-24T00:00:00+00:00\" \/>\n<meta property=\"og:image\" content=\"https:\/\/abes.org.br\/wp-content\/uploads\/2021\/01\/logo_abes_marca_tagline_horizontal_colorido_rgb.png\" \/>\n\t<meta property=\"og:image:width\" content=\"3509\" \/>\n\t<meta property=\"og:image:height\" content=\"2482\" \/>\n\t<meta property=\"og:image:type\" content=\"image\/png\" \/>\n<meta name=\"author\" content=\"prima-dev\" \/>\n<meta name=\"twitter:card\" content=\"summary_large_image\" \/>\n<meta name=\"twitter:creator\" content=\"@ABES_SOFTWARE\" \/>\n<meta name=\"twitter:site\" content=\"@ABES_SOFTWARE\" \/>\n<meta name=\"twitter:label1\" content=\"Written by\" \/>\n\t<meta name=\"twitter:data1\" content=\"prima-dev\" \/>\n\t<meta name=\"twitter:label2\" content=\"Est. reading time\" \/>\n\t<meta name=\"twitter:data2\" content=\"4 minutes\" \/>\n<script type=\"application\/ld+json\" class=\"yoast-schema-graph\">{\"@context\":\"https:\\\/\\\/schema.org\",\"@graph\":[{\"@type\":\"Article\",\"@id\":\"https:\\\/\\\/abes.org.br\\\/gartner-preve-que-75-dos-ceos-serao-responsabilizados-pessoalmente-por-incidentes-de-seguranca-ciberfisica\\\/#article\",\"isPartOf\":{\"@id\":\"https:\\\/\\\/abes.org.br\\\/gartner-preve-que-75-dos-ceos-serao-responsabilizados-pessoalmente-por-incidentes-de-seguranca-ciberfisica\\\/\"},\"author\":{\"name\":\"prima-dev\",\"@id\":\"https:\\\/\\\/abes.org.br\\\/#\\\/schema\\\/person\\\/1bad6bff859e7d56ec5664b01968e27e\"},\"headline\":\"Gartner prev\u00ea que 75% dos CEOs ser\u00e3o responsabilizados pessoalmente por incidentes de seguran\u00e7a ciberf\u00edsica\",\"datePublished\":\"2020-09-24T00:00:00+00:00\",\"mainEntityOfPage\":{\"@id\":\"https:\\\/\\\/abes.org.br\\\/gartner-preve-que-75-dos-ceos-serao-responsabilizados-pessoalmente-por-incidentes-de-seguranca-ciberfisica\\\/\"},\"wordCount\":773,\"publisher\":{\"@id\":\"https:\\\/\\\/abes.org.br\\\/#organization\"},\"articleSection\":[\"\u00daltimas not\u00edcias\"],\"inLanguage\":\"en-US\"},{\"@type\":\"WebPage\",\"@id\":\"https:\\\/\\\/abes.org.br\\\/gartner-preve-que-75-dos-ceos-serao-responsabilizados-pessoalmente-por-incidentes-de-seguranca-ciberfisica\\\/\",\"url\":\"https:\\\/\\\/abes.org.br\\\/gartner-preve-que-75-dos-ceos-serao-responsabilizados-pessoalmente-por-incidentes-de-seguranca-ciberfisica\\\/\",\"name\":\"Gartner prev\u00ea que 75% dos CEOs ser\u00e3o responsabilizados pessoalmente por incidentes de seguran\u00e7a ciberf\u00edsica - ABES\",\"isPartOf\":{\"@id\":\"https:\\\/\\\/abes.org.br\\\/#website\"},\"datePublished\":\"2020-09-24T00:00:00+00:00\",\"breadcrumb\":{\"@id\":\"https:\\\/\\\/abes.org.br\\\/gartner-preve-que-75-dos-ceos-serao-responsabilizados-pessoalmente-por-incidentes-de-seguranca-ciberfisica\\\/#breadcrumb\"},\"inLanguage\":\"en-US\",\"potentialAction\":[{\"@type\":\"ReadAction\",\"target\":[\"https:\\\/\\\/abes.org.br\\\/gartner-preve-que-75-dos-ceos-serao-responsabilizados-pessoalmente-por-incidentes-de-seguranca-ciberfisica\\\/\"]}]},{\"@type\":\"BreadcrumbList\",\"@id\":\"https:\\\/\\\/abes.org.br\\\/gartner-preve-que-75-dos-ceos-serao-responsabilizados-pessoalmente-por-incidentes-de-seguranca-ciberfisica\\\/#breadcrumb\",\"itemListElement\":[{\"@type\":\"ListItem\",\"position\":1,\"name\":\"In\u00edcio\",\"item\":\"https:\\\/\\\/abes.org.br\\\/\"},{\"@type\":\"ListItem\",\"position\":2,\"name\":\"Gartner prev\u00ea que 75% dos CEOs ser\u00e3o responsabilizados pessoalmente por incidentes de seguran\u00e7a ciberf\u00edsica\"}]},{\"@type\":\"WebSite\",\"@id\":\"https:\\\/\\\/abes.org.br\\\/#website\",\"url\":\"https:\\\/\\\/abes.org.br\\\/\",\"name\":\"ABES\",\"description\":\"Associa\u00e7\u00e3o Brasileira das Empresas de Software\",\"publisher\":{\"@id\":\"https:\\\/\\\/abes.org.br\\\/#organization\"},\"potentialAction\":[{\"@type\":\"SearchAction\",\"target\":{\"@type\":\"EntryPoint\",\"urlTemplate\":\"https:\\\/\\\/abes.org.br\\\/?s={search_term_string}\"},\"query-input\":{\"@type\":\"PropertyValueSpecification\",\"valueRequired\":true,\"valueName\":\"search_term_string\"}}],\"inLanguage\":\"en-US\"},{\"@type\":\"Organization\",\"@id\":\"https:\\\/\\\/abes.org.br\\\/#organization\",\"name\":\"Associa\u00e7\u00e3o Brasileira das Empresas de Software\",\"url\":\"https:\\\/\\\/abes.org.br\\\/\",\"logo\":{\"@type\":\"ImageObject\",\"inLanguage\":\"en-US\",\"@id\":\"https:\\\/\\\/abes.org.br\\\/#\\\/schema\\\/logo\\\/image\\\/\",\"url\":\"https:\\\/\\\/abes.org.br\\\/wp-content\\\/uploads\\\/2020\\\/09\\\/logo_abes_marca_d_tagline_horizontal_verde-amarelo_cmyk.png\",\"contentUrl\":\"https:\\\/\\\/abes.org.br\\\/wp-content\\\/uploads\\\/2020\\\/09\\\/logo_abes_marca_d_tagline_horizontal_verde-amarelo_cmyk.png\",\"width\":324,\"height\":70,\"caption\":\"Associa\u00e7\u00e3o Brasileira das Empresas de Software\"},\"image\":{\"@id\":\"https:\\\/\\\/abes.org.br\\\/#\\\/schema\\\/logo\\\/image\\\/\"},\"sameAs\":[\"https:\\\/\\\/www.facebook.com\\\/ABES.software\",\"https:\\\/\\\/x.com\\\/ABES_SOFTWARE\",\"https:\\\/\\\/www.linkedin.com\\\/company\\\/abes-software\\\/\",\"https:\\\/\\\/www.instagram.com\\\/abes_software\\\/\"]},{\"@type\":\"Person\",\"@id\":\"https:\\\/\\\/abes.org.br\\\/#\\\/schema\\\/person\\\/1bad6bff859e7d56ec5664b01968e27e\",\"name\":\"prima-dev\",\"image\":{\"@type\":\"ImageObject\",\"inLanguage\":\"en-US\",\"@id\":\"https:\\\/\\\/secure.gravatar.com\\\/avatar\\\/039c6325210cecd393c57645bc755f7d13deed578fddf4dbfa87bc05dcbcfa4b?s=96&d=mm&r=g\",\"url\":\"https:\\\/\\\/secure.gravatar.com\\\/avatar\\\/039c6325210cecd393c57645bc755f7d13deed578fddf4dbfa87bc05dcbcfa4b?s=96&d=mm&r=g\",\"contentUrl\":\"https:\\\/\\\/secure.gravatar.com\\\/avatar\\\/039c6325210cecd393c57645bc755f7d13deed578fddf4dbfa87bc05dcbcfa4b?s=96&d=mm&r=g\",\"caption\":\"prima-dev\"},\"url\":\"https:\\\/\\\/abes.org.br\\\/en\\\/author\\\/prima-dev\\\/\"}]}<\/script>\n<!-- \/ Yoast SEO plugin. -->","yoast_head_json":{"title":"Gartner prev\u00ea que 75% dos CEOs ser\u00e3o responsabilizados pessoalmente por incidentes de seguran\u00e7a ciberf\u00edsica - ABES","robots":{"index":"index","follow":"follow","max-snippet":"max-snippet:-1","max-image-preview":"max-image-preview:large","max-video-preview":"max-video-preview:-1"},"canonical":"https:\/\/abes.org.br\/en\/gartner-preve-que-75-dos-ceos-serao-responsabilizados-pessoalmente-por-incidentes-de-seguranca-ciberfisica\/","og_locale":"en_US","og_type":"article","og_title":"Gartner prev\u00ea que 75% dos CEOs ser\u00e3o responsabilizados pessoalmente por incidentes de seguran\u00e7a ciberf\u00edsica - ABES","og_description":"Impacto financeiro de incidentes nas estruturas ciberf&iacute;sicas poder&atilde;o gerar perdas de mais de 50 bilh&otilde;es de d&oacute;lares em todo o mundo A responsabilidade por incidentes de seguran&ccedil;a ciberf&iacute;sica deixar&aacute; de ser um tema simplesmente corporativo para se tornar uma quest&atilde;o pessoal para 75% dos CEOs at&eacute; 2024. Esse &eacute; um dos destaques da mais recente [&hellip;]","og_url":"https:\/\/abes.org.br\/en\/gartner-preve-que-75-dos-ceos-serao-responsabilizados-pessoalmente-por-incidentes-de-seguranca-ciberfisica\/","og_site_name":"ABES","article_publisher":"https:\/\/www.facebook.com\/ABES.software","article_published_time":"2020-09-24T00:00:00+00:00","og_image":[{"width":3509,"height":2482,"url":"https:\/\/abes.org.br\/wp-content\/uploads\/2021\/01\/logo_abes_marca_tagline_horizontal_colorido_rgb.png","type":"image\/png"}],"author":"prima-dev","twitter_card":"summary_large_image","twitter_creator":"@ABES_SOFTWARE","twitter_site":"@ABES_SOFTWARE","twitter_misc":{"Written by":"prima-dev","Est. reading time":"4 minutes"},"schema":{"@context":"https:\/\/schema.org","@graph":[{"@type":"Article","@id":"https:\/\/abes.org.br\/gartner-preve-que-75-dos-ceos-serao-responsabilizados-pessoalmente-por-incidentes-de-seguranca-ciberfisica\/#article","isPartOf":{"@id":"https:\/\/abes.org.br\/gartner-preve-que-75-dos-ceos-serao-responsabilizados-pessoalmente-por-incidentes-de-seguranca-ciberfisica\/"},"author":{"name":"prima-dev","@id":"https:\/\/abes.org.br\/#\/schema\/person\/1bad6bff859e7d56ec5664b01968e27e"},"headline":"Gartner prev\u00ea que 75% dos CEOs ser\u00e3o responsabilizados pessoalmente por incidentes de seguran\u00e7a ciberf\u00edsica","datePublished":"2020-09-24T00:00:00+00:00","mainEntityOfPage":{"@id":"https:\/\/abes.org.br\/gartner-preve-que-75-dos-ceos-serao-responsabilizados-pessoalmente-por-incidentes-de-seguranca-ciberfisica\/"},"wordCount":773,"publisher":{"@id":"https:\/\/abes.org.br\/#organization"},"articleSection":["\u00daltimas not\u00edcias"],"inLanguage":"en-US"},{"@type":"WebPage","@id":"https:\/\/abes.org.br\/gartner-preve-que-75-dos-ceos-serao-responsabilizados-pessoalmente-por-incidentes-de-seguranca-ciberfisica\/","url":"https:\/\/abes.org.br\/gartner-preve-que-75-dos-ceos-serao-responsabilizados-pessoalmente-por-incidentes-de-seguranca-ciberfisica\/","name":"Gartner prev\u00ea que 75% dos CEOs ser\u00e3o responsabilizados pessoalmente por incidentes de seguran\u00e7a ciberf\u00edsica - ABES","isPartOf":{"@id":"https:\/\/abes.org.br\/#website"},"datePublished":"2020-09-24T00:00:00+00:00","breadcrumb":{"@id":"https:\/\/abes.org.br\/gartner-preve-que-75-dos-ceos-serao-responsabilizados-pessoalmente-por-incidentes-de-seguranca-ciberfisica\/#breadcrumb"},"inLanguage":"en-US","potentialAction":[{"@type":"ReadAction","target":["https:\/\/abes.org.br\/gartner-preve-que-75-dos-ceos-serao-responsabilizados-pessoalmente-por-incidentes-de-seguranca-ciberfisica\/"]}]},{"@type":"BreadcrumbList","@id":"https:\/\/abes.org.br\/gartner-preve-que-75-dos-ceos-serao-responsabilizados-pessoalmente-por-incidentes-de-seguranca-ciberfisica\/#breadcrumb","itemListElement":[{"@type":"ListItem","position":1,"name":"In\u00edcio","item":"https:\/\/abes.org.br\/"},{"@type":"ListItem","position":2,"name":"Gartner prev\u00ea que 75% dos CEOs ser\u00e3o responsabilizados pessoalmente por incidentes de seguran\u00e7a ciberf\u00edsica"}]},{"@type":"WebSite","@id":"https:\/\/abes.org.br\/#website","url":"https:\/\/abes.org.br\/","name":"ABES","description":"Brazilian Association of Software Companies","publisher":{"@id":"https:\/\/abes.org.br\/#organization"},"potentialAction":[{"@type":"SearchAction","target":{"@type":"EntryPoint","urlTemplate":"https:\/\/abes.org.br\/?s={search_term_string}"},"query-input":{"@type":"PropertyValueSpecification","valueRequired":true,"valueName":"search_term_string"}}],"inLanguage":"en-US"},{"@type":"Organization","@id":"https:\/\/abes.org.br\/#organization","name":"Brazilian Association of Software Companies","url":"https:\/\/abes.org.br\/","logo":{"@type":"ImageObject","inLanguage":"en-US","@id":"https:\/\/abes.org.br\/#\/schema\/logo\/image\/","url":"https:\/\/abes.org.br\/wp-content\/uploads\/2020\/09\/logo_abes_marca_d_tagline_horizontal_verde-amarelo_cmyk.png","contentUrl":"https:\/\/abes.org.br\/wp-content\/uploads\/2020\/09\/logo_abes_marca_d_tagline_horizontal_verde-amarelo_cmyk.png","width":324,"height":70,"caption":"Associa\u00e7\u00e3o Brasileira das Empresas de Software"},"image":{"@id":"https:\/\/abes.org.br\/#\/schema\/logo\/image\/"},"sameAs":["https:\/\/www.facebook.com\/ABES.software","https:\/\/x.com\/ABES_SOFTWARE","https:\/\/www.linkedin.com\/company\/abes-software\/","https:\/\/www.instagram.com\/abes_software\/"]},{"@type":"Person","@id":"https:\/\/abes.org.br\/#\/schema\/person\/1bad6bff859e7d56ec5664b01968e27e","name":"prima-dev","image":{"@type":"ImageObject","inLanguage":"en-US","@id":"https:\/\/secure.gravatar.com\/avatar\/039c6325210cecd393c57645bc755f7d13deed578fddf4dbfa87bc05dcbcfa4b?s=96&d=mm&r=g","url":"https:\/\/secure.gravatar.com\/avatar\/039c6325210cecd393c57645bc755f7d13deed578fddf4dbfa87bc05dcbcfa4b?s=96&d=mm&r=g","contentUrl":"https:\/\/secure.gravatar.com\/avatar\/039c6325210cecd393c57645bc755f7d13deed578fddf4dbfa87bc05dcbcfa4b?s=96&d=mm&r=g","caption":"prima-dev"},"url":"https:\/\/abes.org.br\/en\/author\/prima-dev\/"}]}},"publishpress_future_action":{"enabled":false,"date":"2026-05-04 12:25:32","action":"change-status","newStatus":"draft","terms":[],"taxonomy":"category","extraData":[]},"publishpress_future_workflow_manual_trigger":{"enabledWorkflows":[]},"_links":{"self":[{"href":"https:\/\/abes.org.br\/en\/wp-json\/wp\/v2\/posts\/10603","targetHints":{"allow":["GET"]}}],"collection":[{"href":"https:\/\/abes.org.br\/en\/wp-json\/wp\/v2\/posts"}],"about":[{"href":"https:\/\/abes.org.br\/en\/wp-json\/wp\/v2\/types\/post"}],"author":[{"embeddable":true,"href":"https:\/\/abes.org.br\/en\/wp-json\/wp\/v2\/users\/2"}],"replies":[{"embeddable":true,"href":"https:\/\/abes.org.br\/en\/wp-json\/wp\/v2\/comments?post=10603"}],"version-history":[{"count":0,"href":"https:\/\/abes.org.br\/en\/wp-json\/wp\/v2\/posts\/10603\/revisions"}],"wp:attachment":[{"href":"https:\/\/abes.org.br\/en\/wp-json\/wp\/v2\/media?parent=10603"}],"wp:term":[{"taxonomy":"category","embeddable":true,"href":"https:\/\/abes.org.br\/en\/wp-json\/wp\/v2\/categories?post=10603"},{"taxonomy":"post_tag","embeddable":true,"href":"https:\/\/abes.org.br\/en\/wp-json\/wp\/v2\/tags?post=10603"}],"curies":[{"name":"wp","href":"https:\/\/api.w.org\/{rel}","templated":true}]}}