{"id":10585,"date":"2020-09-18T00:00:00","date_gmt":"2020-09-18T00:00:00","guid":{"rendered":"https:\/\/abes.org.br\/?p=10585"},"modified":"2020-09-18T00:00:00","modified_gmt":"2020-09-18T00:00:00","slug":"abes-convida-para-reuniao-do-comite-de-desenvolvimento-de-negocios-em-2309","status":"publish","type":"post","link":"https:\/\/abes.org.br\/en\/abes-convida-para-reuniao-do-comite-de-desenvolvimento-de-negocios-em-2309\/","title":{"rendered":"ABES invites to Business Development committee meeting on 09\/23"},"content":{"rendered":"<div style=\"text-align: justify;\">\n<p>\n\tIn times of economic recovery, we believe that it is time to deepen the understanding of the market, to identify opportunities, to leverage business and establish partnerships. For this reason, ABES invites the representatives of its associates to the <strong>online meeting of the new Business Development Committee, scheduled for 09\/23, from 3 pm to 5 pm<\/strong>.<\/p>\n<p>\t<strong>Coordinated by Andr\u00e9 Elias Gon\u00e7alves<\/strong>, from the associated company IN Intelig\u00eancia de Neg\u00f3cios, the meeting already has several relevant issues on the agenda:<\/p>\n<p>\t\u2022 Research on Information Security: expectations and trends - Fernando Bittencourt (associate: Tempest);<br \/>\n\t\u2022 Perspectives on Business Resumption, based on Geolocation - Rafael Rossi (associate: InLoco \/ Incognia);<br \/>\n\t\u2022 Presentation of the survey results for future topics to be addressed in the committee.<\/p>\n<p>\t\u201cThis committee aims to promote business, boost partnerships, exchange experiences and articulate actions that value companies in the ICT sector, encouraging innovative management and entrepreneurship. It is a space for C-Levels and professionals from the Commercial, Marketing and Sales areas of the associated companies \u201d, explains Andr\u00e9 Elias.<\/p>\n<p>\tThe meeting is exclusive for members and will be held via Zoom. Anyone interested in participating should send an email with full name and company information (corporate name and CNPJ) to <strong>Carolina Marzano<\/strong> (<a href=\"http:\/\/carol.marzano@abes.org.br\/en\/\">carol.marzano@abes.org.br<\/a>), advisor to the committees.<\/p>\n<p>\t&quot;Faced with this challenging scenario that represents the Brazilian market, ABES comes to provide a forum for exchanging experiences, in order to help its associates to overcome the complexity of the conjuncture, in addition to working with the main stakeholders to improve the business environment. Therefore, the association is positioned as a platform, in which the most varied services and products are offered to members &quot;, highlights Rodolfo F\u00fccher, president of the entity.<\/p>\n<p>\tThe moment requires review of strategies and ABES committees provide great insights. Don&#039;t miss the opportunity!<\/p><\/div>","protected":false},"excerpt":{"rendered":"<p>Em tempos de retomada econ&ocirc;mica, n&oacute;s consideramos que &eacute; hora de aprofundar o entendimento sobre o mercado, de identificar oportunidades, de alavancar os neg&oacute;cios e estabelecer parcerias. Por isso, a ABES convida os representantes de suas associadas para a reuni&atilde;o on-line do novo Comit&ecirc; de Desenvolvimento de Neg&oacute;cios, marcada para o dia 23\/09, das 15 [&hellip;]<\/p>\n","protected":false},"author":2,"featured_media":0,"comment_status":"closed","ping_status":"open","sticky":false,"template":"","format":"standard","meta":{"_acf_changed":false,"_et_pb_use_builder":"","_et_pb_old_content":"","_et_gb_content_width":"","footnotes":""},"categories":[19],"tags":[],"class_list":["post-10585","post","type-post","status-publish","format-standard","hentry","category-ultimas-noticias"],"acf":[],"yoast_head":"<!-- This site is optimized with the Yoast SEO plugin v27.3 - https:\/\/yoast.com\/product\/yoast-seo-wordpress\/ -->\n<title>ABES convida para reuni\u00e3o do comit\u00ea de Desenvolvimento de Neg\u00f3cios em 23\/09 - ABES<\/title>\n<meta name=\"robots\" content=\"index, follow, max-snippet:-1, max-image-preview:large, max-video-preview:-1\" \/>\n<link rel=\"canonical\" href=\"https:\/\/abes.org.br\/en\/abes-convida-para-reuniao-do-comite-de-desenvolvimento-de-negocios-em-2309\/\" \/>\n<meta property=\"og:locale\" content=\"en_US\" \/>\n<meta property=\"og:type\" content=\"article\" \/>\n<meta property=\"og:title\" content=\"ABES convida para reuni\u00e3o do comit\u00ea de Desenvolvimento de Neg\u00f3cios em 23\/09 - ABES\" \/>\n<meta property=\"og:description\" content=\"Em tempos de retomada econ&ocirc;mica, n&oacute;s consideramos que &eacute; hora de aprofundar o entendimento sobre o mercado, de identificar oportunidades, de alavancar os neg&oacute;cios e estabelecer parcerias. Por isso, a ABES convida os representantes de suas associadas para a reuni&atilde;o on-line do novo Comit&ecirc; de Desenvolvimento de Neg&oacute;cios, marcada para o dia 23\/09, das 15 [&hellip;]\" \/>\n<meta property=\"og:url\" content=\"https:\/\/abes.org.br\/en\/abes-convida-para-reuniao-do-comite-de-desenvolvimento-de-negocios-em-2309\/\" \/>\n<meta property=\"og:site_name\" content=\"ABES\" \/>\n<meta property=\"article:publisher\" content=\"https:\/\/www.facebook.com\/ABES.software\" \/>\n<meta property=\"article:published_time\" content=\"2020-09-18T00:00:00+00:00\" \/>\n<meta property=\"og:image\" content=\"https:\/\/abes.org.br\/wp-content\/uploads\/2021\/01\/logo_abes_marca_tagline_horizontal_colorido_rgb.png\" \/>\n\t<meta property=\"og:image:width\" content=\"3509\" \/>\n\t<meta property=\"og:image:height\" content=\"2482\" \/>\n\t<meta property=\"og:image:type\" content=\"image\/png\" \/>\n<meta name=\"author\" content=\"prima-dev\" \/>\n<meta name=\"twitter:card\" content=\"summary_large_image\" \/>\n<meta name=\"twitter:creator\" content=\"@ABES_SOFTWARE\" \/>\n<meta name=\"twitter:site\" content=\"@ABES_SOFTWARE\" \/>\n<meta name=\"twitter:label1\" content=\"Written by\" \/>\n\t<meta name=\"twitter:data1\" content=\"prima-dev\" \/>\n\t<meta name=\"twitter:label2\" content=\"Est. reading time\" \/>\n\t<meta name=\"twitter:data2\" content=\"2 minutes\" \/>\n<script type=\"application\/ld+json\" class=\"yoast-schema-graph\">{\"@context\":\"https:\\\/\\\/schema.org\",\"@graph\":[{\"@type\":\"Article\",\"@id\":\"https:\\\/\\\/abes.org.br\\\/abes-convida-para-reuniao-do-comite-de-desenvolvimento-de-negocios-em-2309\\\/#article\",\"isPartOf\":{\"@id\":\"https:\\\/\\\/abes.org.br\\\/abes-convida-para-reuniao-do-comite-de-desenvolvimento-de-negocios-em-2309\\\/\"},\"author\":{\"name\":\"prima-dev\",\"@id\":\"https:\\\/\\\/abes.org.br\\\/#\\\/schema\\\/person\\\/1bad6bff859e7d56ec5664b01968e27e\"},\"headline\":\"ABES convida para reuni\u00e3o do comit\u00ea de Desenvolvimento de Neg\u00f3cios em 23\\\/09\",\"datePublished\":\"2020-09-18T00:00:00+00:00\",\"mainEntityOfPage\":{\"@id\":\"https:\\\/\\\/abes.org.br\\\/abes-convida-para-reuniao-do-comite-de-desenvolvimento-de-negocios-em-2309\\\/\"},\"wordCount\":409,\"publisher\":{\"@id\":\"https:\\\/\\\/abes.org.br\\\/#organization\"},\"articleSection\":[\"\u00daltimas not\u00edcias\"],\"inLanguage\":\"en-US\"},{\"@type\":\"WebPage\",\"@id\":\"https:\\\/\\\/abes.org.br\\\/abes-convida-para-reuniao-do-comite-de-desenvolvimento-de-negocios-em-2309\\\/\",\"url\":\"https:\\\/\\\/abes.org.br\\\/abes-convida-para-reuniao-do-comite-de-desenvolvimento-de-negocios-em-2309\\\/\",\"name\":\"ABES convida para reuni\u00e3o do comit\u00ea de Desenvolvimento de Neg\u00f3cios em 23\\\/09 - ABES\",\"isPartOf\":{\"@id\":\"https:\\\/\\\/abes.org.br\\\/#website\"},\"datePublished\":\"2020-09-18T00:00:00+00:00\",\"breadcrumb\":{\"@id\":\"https:\\\/\\\/abes.org.br\\\/abes-convida-para-reuniao-do-comite-de-desenvolvimento-de-negocios-em-2309\\\/#breadcrumb\"},\"inLanguage\":\"en-US\",\"potentialAction\":[{\"@type\":\"ReadAction\",\"target\":[\"https:\\\/\\\/abes.org.br\\\/abes-convida-para-reuniao-do-comite-de-desenvolvimento-de-negocios-em-2309\\\/\"]}]},{\"@type\":\"BreadcrumbList\",\"@id\":\"https:\\\/\\\/abes.org.br\\\/abes-convida-para-reuniao-do-comite-de-desenvolvimento-de-negocios-em-2309\\\/#breadcrumb\",\"itemListElement\":[{\"@type\":\"ListItem\",\"position\":1,\"name\":\"In\u00edcio\",\"item\":\"https:\\\/\\\/abes.org.br\\\/\"},{\"@type\":\"ListItem\",\"position\":2,\"name\":\"ABES convida para reuni\u00e3o do comit\u00ea de Desenvolvimento de Neg\u00f3cios em 23\\\/09\"}]},{\"@type\":\"WebSite\",\"@id\":\"https:\\\/\\\/abes.org.br\\\/#website\",\"url\":\"https:\\\/\\\/abes.org.br\\\/\",\"name\":\"ABES\",\"description\":\"Associa\u00e7\u00e3o Brasileira das Empresas de Software\",\"publisher\":{\"@id\":\"https:\\\/\\\/abes.org.br\\\/#organization\"},\"potentialAction\":[{\"@type\":\"SearchAction\",\"target\":{\"@type\":\"EntryPoint\",\"urlTemplate\":\"https:\\\/\\\/abes.org.br\\\/?s={search_term_string}\"},\"query-input\":{\"@type\":\"PropertyValueSpecification\",\"valueRequired\":true,\"valueName\":\"search_term_string\"}}],\"inLanguage\":\"en-US\"},{\"@type\":\"Organization\",\"@id\":\"https:\\\/\\\/abes.org.br\\\/#organization\",\"name\":\"Associa\u00e7\u00e3o Brasileira das Empresas de Software\",\"url\":\"https:\\\/\\\/abes.org.br\\\/\",\"logo\":{\"@type\":\"ImageObject\",\"inLanguage\":\"en-US\",\"@id\":\"https:\\\/\\\/abes.org.br\\\/#\\\/schema\\\/logo\\\/image\\\/\",\"url\":\"https:\\\/\\\/abes.org.br\\\/wp-content\\\/uploads\\\/2020\\\/09\\\/logo_abes_marca_d_tagline_horizontal_verde-amarelo_cmyk.png\",\"contentUrl\":\"https:\\\/\\\/abes.org.br\\\/wp-content\\\/uploads\\\/2020\\\/09\\\/logo_abes_marca_d_tagline_horizontal_verde-amarelo_cmyk.png\",\"width\":324,\"height\":70,\"caption\":\"Associa\u00e7\u00e3o Brasileira das Empresas de Software\"},\"image\":{\"@id\":\"https:\\\/\\\/abes.org.br\\\/#\\\/schema\\\/logo\\\/image\\\/\"},\"sameAs\":[\"https:\\\/\\\/www.facebook.com\\\/ABES.software\",\"https:\\\/\\\/x.com\\\/ABES_SOFTWARE\",\"https:\\\/\\\/www.linkedin.com\\\/company\\\/abes-software\\\/\",\"https:\\\/\\\/www.instagram.com\\\/abes_software\\\/\"]},{\"@type\":\"Person\",\"@id\":\"https:\\\/\\\/abes.org.br\\\/#\\\/schema\\\/person\\\/1bad6bff859e7d56ec5664b01968e27e\",\"name\":\"prima-dev\",\"image\":{\"@type\":\"ImageObject\",\"inLanguage\":\"en-US\",\"@id\":\"https:\\\/\\\/secure.gravatar.com\\\/avatar\\\/039c6325210cecd393c57645bc755f7d13deed578fddf4dbfa87bc05dcbcfa4b?s=96&d=mm&r=g\",\"url\":\"https:\\\/\\\/secure.gravatar.com\\\/avatar\\\/039c6325210cecd393c57645bc755f7d13deed578fddf4dbfa87bc05dcbcfa4b?s=96&d=mm&r=g\",\"contentUrl\":\"https:\\\/\\\/secure.gravatar.com\\\/avatar\\\/039c6325210cecd393c57645bc755f7d13deed578fddf4dbfa87bc05dcbcfa4b?s=96&d=mm&r=g\",\"caption\":\"prima-dev\"},\"url\":\"https:\\\/\\\/abes.org.br\\\/en\\\/author\\\/prima-dev\\\/\"}]}<\/script>\n<!-- \/ Yoast SEO plugin. -->","yoast_head_json":{"title":"ABES invites you to the Business Development Committee meeting on September 23rd - ABES","robots":{"index":"index","follow":"follow","max-snippet":"max-snippet:-1","max-image-preview":"max-image-preview:large","max-video-preview":"max-video-preview:-1"},"canonical":"https:\/\/abes.org.br\/en\/abes-convida-para-reuniao-do-comite-de-desenvolvimento-de-negocios-em-2309\/","og_locale":"en_US","og_type":"article","og_title":"ABES convida para reuni\u00e3o do comit\u00ea de Desenvolvimento de Neg\u00f3cios em 23\/09 - ABES","og_description":"Em tempos de retomada econ&ocirc;mica, n&oacute;s consideramos que &eacute; hora de aprofundar o entendimento sobre o mercado, de identificar oportunidades, de alavancar os neg&oacute;cios e estabelecer parcerias. Por isso, a ABES convida os representantes de suas associadas para a reuni&atilde;o on-line do novo Comit&ecirc; de Desenvolvimento de Neg&oacute;cios, marcada para o dia 23\/09, das 15 [&hellip;]","og_url":"https:\/\/abes.org.br\/en\/abes-convida-para-reuniao-do-comite-de-desenvolvimento-de-negocios-em-2309\/","og_site_name":"ABES","article_publisher":"https:\/\/www.facebook.com\/ABES.software","article_published_time":"2020-09-18T00:00:00+00:00","og_image":[{"width":3509,"height":2482,"url":"https:\/\/abes.org.br\/wp-content\/uploads\/2021\/01\/logo_abes_marca_tagline_horizontal_colorido_rgb.png","type":"image\/png"}],"author":"prima-dev","twitter_card":"summary_large_image","twitter_creator":"@ABES_SOFTWARE","twitter_site":"@ABES_SOFTWARE","twitter_misc":{"Written by":"prima-dev","Est. reading time":"2 minutes"},"schema":{"@context":"https:\/\/schema.org","@graph":[{"@type":"Article","@id":"https:\/\/abes.org.br\/abes-convida-para-reuniao-do-comite-de-desenvolvimento-de-negocios-em-2309\/#article","isPartOf":{"@id":"https:\/\/abes.org.br\/abes-convida-para-reuniao-do-comite-de-desenvolvimento-de-negocios-em-2309\/"},"author":{"name":"prima-dev","@id":"https:\/\/abes.org.br\/#\/schema\/person\/1bad6bff859e7d56ec5664b01968e27e"},"headline":"ABES convida para reuni\u00e3o do comit\u00ea de Desenvolvimento de Neg\u00f3cios em 23\/09","datePublished":"2020-09-18T00:00:00+00:00","mainEntityOfPage":{"@id":"https:\/\/abes.org.br\/abes-convida-para-reuniao-do-comite-de-desenvolvimento-de-negocios-em-2309\/"},"wordCount":409,"publisher":{"@id":"https:\/\/abes.org.br\/#organization"},"articleSection":["\u00daltimas not\u00edcias"],"inLanguage":"en-US"},{"@type":"WebPage","@id":"https:\/\/abes.org.br\/abes-convida-para-reuniao-do-comite-de-desenvolvimento-de-negocios-em-2309\/","url":"https:\/\/abes.org.br\/abes-convida-para-reuniao-do-comite-de-desenvolvimento-de-negocios-em-2309\/","name":"ABES invites you to the Business Development Committee meeting on September 23rd - ABES","isPartOf":{"@id":"https:\/\/abes.org.br\/#website"},"datePublished":"2020-09-18T00:00:00+00:00","breadcrumb":{"@id":"https:\/\/abes.org.br\/abes-convida-para-reuniao-do-comite-de-desenvolvimento-de-negocios-em-2309\/#breadcrumb"},"inLanguage":"en-US","potentialAction":[{"@type":"ReadAction","target":["https:\/\/abes.org.br\/abes-convida-para-reuniao-do-comite-de-desenvolvimento-de-negocios-em-2309\/"]}]},{"@type":"BreadcrumbList","@id":"https:\/\/abes.org.br\/abes-convida-para-reuniao-do-comite-de-desenvolvimento-de-negocios-em-2309\/#breadcrumb","itemListElement":[{"@type":"ListItem","position":1,"name":"In\u00edcio","item":"https:\/\/abes.org.br\/"},{"@type":"ListItem","position":2,"name":"ABES convida para reuni\u00e3o do comit\u00ea de Desenvolvimento de Neg\u00f3cios em 23\/09"}]},{"@type":"WebSite","@id":"https:\/\/abes.org.br\/#website","url":"https:\/\/abes.org.br\/","name":"ABES","description":"Brazilian Association of Software Companies","publisher":{"@id":"https:\/\/abes.org.br\/#organization"},"potentialAction":[{"@type":"SearchAction","target":{"@type":"EntryPoint","urlTemplate":"https:\/\/abes.org.br\/?s={search_term_string}"},"query-input":{"@type":"PropertyValueSpecification","valueRequired":true,"valueName":"search_term_string"}}],"inLanguage":"en-US"},{"@type":"Organization","@id":"https:\/\/abes.org.br\/#organization","name":"Brazilian Association of Software Companies","url":"https:\/\/abes.org.br\/","logo":{"@type":"ImageObject","inLanguage":"en-US","@id":"https:\/\/abes.org.br\/#\/schema\/logo\/image\/","url":"https:\/\/abes.org.br\/wp-content\/uploads\/2020\/09\/logo_abes_marca_d_tagline_horizontal_verde-amarelo_cmyk.png","contentUrl":"https:\/\/abes.org.br\/wp-content\/uploads\/2020\/09\/logo_abes_marca_d_tagline_horizontal_verde-amarelo_cmyk.png","width":324,"height":70,"caption":"Associa\u00e7\u00e3o Brasileira das Empresas de Software"},"image":{"@id":"https:\/\/abes.org.br\/#\/schema\/logo\/image\/"},"sameAs":["https:\/\/www.facebook.com\/ABES.software","https:\/\/x.com\/ABES_SOFTWARE","https:\/\/www.linkedin.com\/company\/abes-software\/","https:\/\/www.instagram.com\/abes_software\/"]},{"@type":"Person","@id":"https:\/\/abes.org.br\/#\/schema\/person\/1bad6bff859e7d56ec5664b01968e27e","name":"prima-dev","image":{"@type":"ImageObject","inLanguage":"en-US","@id":"https:\/\/secure.gravatar.com\/avatar\/039c6325210cecd393c57645bc755f7d13deed578fddf4dbfa87bc05dcbcfa4b?s=96&d=mm&r=g","url":"https:\/\/secure.gravatar.com\/avatar\/039c6325210cecd393c57645bc755f7d13deed578fddf4dbfa87bc05dcbcfa4b?s=96&d=mm&r=g","contentUrl":"https:\/\/secure.gravatar.com\/avatar\/039c6325210cecd393c57645bc755f7d13deed578fddf4dbfa87bc05dcbcfa4b?s=96&d=mm&r=g","caption":"prima-dev"},"url":"https:\/\/abes.org.br\/en\/author\/prima-dev\/"}]}},"publishpress_future_action":{"enabled":false,"date":"2026-05-04 09:08:50","action":"change-status","newStatus":"draft","terms":[],"taxonomy":"category","extraData":[]},"publishpress_future_workflow_manual_trigger":{"enabledWorkflows":[]},"_links":{"self":[{"href":"https:\/\/abes.org.br\/en\/wp-json\/wp\/v2\/posts\/10585","targetHints":{"allow":["GET"]}}],"collection":[{"href":"https:\/\/abes.org.br\/en\/wp-json\/wp\/v2\/posts"}],"about":[{"href":"https:\/\/abes.org.br\/en\/wp-json\/wp\/v2\/types\/post"}],"author":[{"embeddable":true,"href":"https:\/\/abes.org.br\/en\/wp-json\/wp\/v2\/users\/2"}],"replies":[{"embeddable":true,"href":"https:\/\/abes.org.br\/en\/wp-json\/wp\/v2\/comments?post=10585"}],"version-history":[{"count":0,"href":"https:\/\/abes.org.br\/en\/wp-json\/wp\/v2\/posts\/10585\/revisions"}],"wp:attachment":[{"href":"https:\/\/abes.org.br\/en\/wp-json\/wp\/v2\/media?parent=10585"}],"wp:term":[{"taxonomy":"category","embeddable":true,"href":"https:\/\/abes.org.br\/en\/wp-json\/wp\/v2\/categories?post=10585"},{"taxonomy":"post_tag","embeddable":true,"href":"https:\/\/abes.org.br\/en\/wp-json\/wp\/v2\/tags?post=10585"}],"curies":[{"name":"wp","href":"https:\/\/api.w.org\/{rel}","templated":true}]}}