{"id":10573,"date":"2020-09-15T00:00:00","date_gmt":"2020-09-15T00:00:00","guid":{"rendered":"https:\/\/abes.org.br\/?p=10573"},"modified":"2020-09-15T00:00:00","modified_gmt":"2020-09-15T00:00:00","slug":"frente-lgpd-realiza-debate-sobre-a-anpd-e-a-pec-17-com-representantes-do-executivo-do-legislativo-e-de-entidades","status":"publish","type":"post","link":"https:\/\/abes.org.br\/en\/frente-lgpd-realiza-debate-sobre-a-anpd-e-a-pec-17-com-representantes-do-executivo-do-legislativo-e-de-entidades\/","title":{"rendered":"Frente LGPD holds debate on ANPD and PEC 17 with representatives of the Executive, Legislative and entities"},"content":{"rendered":"<div style=\"text-align: justify;\">\n<p>\n\t<img decoding=\"async\" alt=\"\" src=\"\/wp-content\/uploads\/anterior\/Imagens\/print%20tela.PNG\" style=\"width: 360px; height: 234px;\" \/><\/p>\n<p>\tTHE <a href=\"http:\/\/www.abessoftware.com.br\/frentelgpd\/\">Business Front in Defense of the General Data Protection and Legal Security Law<\/a>, of which ABES is one of the main articulators, promoted on Monday (14\/09) the launch of a new open letter on the theme and the webinar \u201c<a href=\"https:\/\/www.youtube.com\/watch?v=o5YVKt_yPc0&amp;t=78s\">Economic Development and the Future of LGPD<\/a>\u201d. The moderation of the event was carried out by Andriei Gutierrez, coordinator of the Regulatory Committee of ABES.&nbsp;<\/p>\n<p>\tLaunched in August 2020, the front has among its pillars: the effective creation of the National Data Protection Authority (ANPD), with the indication of names with the appropriate technicality; the vote on PEC 17\/2019, which establishes the protection of personal data as a citizen&#039;s right, establishing the Union&#039;s private competence to legislate on the subject.<\/p>\n<p>\tThe new letter in defense of the General Data Protection Law and for legal security highlights: \u201cThe regulation of the protection of personal data is an issue that affects the entire Brazilian society and, in particular, all economic sectors in the country, be it handling personal data of customers, business partners or labor management. The institutionalization and constitutionalization of the theme is urgent through the effective creation of the ANPD and the approval of the PEC 17 \u201d. Check the full document here.<\/p>\n<p>\t<strong>The future of LGDP<\/strong><\/p>\n<p>\tThe launch included the webinar \u201cEconomic Development and the Future of LGPD\u201d, in which important authorities participated: Senator Eduardo Gomes, author of PEC 17; Congressman Orlando Silva; rapporteur of LGPD and PEC 17 in the Chamber of Deputies; Arthur Pereira Sabbat, Director of the Information Security Department at the Institutional Security Office of the Presidency of the Republic (GSI); Daniela Ferreira Marques, Special Adviser to the Sub-Sofia for Legal Affairs of the General Secretariat at the Presidency of the Republic (SGPR); and Marcos Pinto, Deputy Deputy Chief of Economic Policy of the Civil House.<\/p>\n<p>\tRepresentatives of the signatory entities of the charter in the areas of technology, education, health, education, commerce and telecommunications had the opportunity to talk about the claims in relation to the data protection law and the lack of definitions in the ANPD: Rodolfo F\u00fccher (ABES) and S\u00e9rgio Paulo Gallindo (Brasscom); Sandra Martinelli (ABA) and Vitor Morais de Andrade (Coalition of Communication); Elizabeth Guedes (ANUP); Marcos Ferrari (SindiTeleBrasil); Marcos Ottoni (CNSa\u00fade) and Rog\u00e9ria Cruz (ANAHP); and Dr. Rony Vainzof (Fecom\u00e9rcio-SP). Watch <a href=\"https:\/\/www.youtube.com\/watch?v=o5YVKt_yPc0&amp;t=78s\">on here<\/a> to the webinar in full.<\/div>","protected":false},"excerpt":{"rendered":"<p>A Frente Empresarial em Defesa da Lei Geral de Prote&ccedil;&atilde;o de Dados e da Seguran&ccedil;a Jur&iacute;dica, da qual a ABES &eacute; uma das principais articuladoras, promoveu nesta segunda (14\/09) o lan&ccedil;amento de nova carta aberta sobre o tema e o webinar &ldquo;Desenvolvimento Econ&ocirc;mico e o Futuro da LGPD&rdquo;. A modera&ccedil;&atilde;o do evento foi realizada por [&hellip;]<\/p>\n","protected":false},"author":2,"featured_media":0,"comment_status":"closed","ping_status":"open","sticky":false,"template":"","format":"standard","meta":{"_acf_changed":false,"_et_pb_use_builder":"","_et_pb_old_content":"","_et_gb_content_width":"","footnotes":""},"categories":[19],"tags":[],"class_list":["post-10573","post","type-post","status-publish","format-standard","hentry","category-ultimas-noticias"],"acf":[],"yoast_head":"<!-- This site is optimized with the Yoast SEO plugin v27.3 - https:\/\/yoast.com\/product\/yoast-seo-wordpress\/ -->\n<title>Frente LGPD realiza debate sobre a ANPD e a PEC 17 com representantes do Executivo, do Legislativo e de entidades - ABES<\/title>\n<meta name=\"robots\" content=\"index, follow, max-snippet:-1, max-image-preview:large, max-video-preview:-1\" \/>\n<link rel=\"canonical\" href=\"https:\/\/abes.org.br\/en\/frente-lgpd-realiza-debate-sobre-a-anpd-e-a-pec-17-com-representantes-do-executivo-do-legislativo-e-de-entidades\/\" \/>\n<meta property=\"og:locale\" content=\"en_US\" \/>\n<meta property=\"og:type\" content=\"article\" \/>\n<meta property=\"og:title\" content=\"Frente LGPD realiza debate sobre a ANPD e a PEC 17 com representantes do Executivo, do Legislativo e de entidades - ABES\" \/>\n<meta property=\"og:description\" content=\"A Frente Empresarial em Defesa da Lei Geral de Prote&ccedil;&atilde;o de Dados e da Seguran&ccedil;a Jur&iacute;dica, da qual a ABES &eacute; uma das principais articuladoras, promoveu nesta segunda (14\/09) o lan&ccedil;amento de nova carta aberta sobre o tema e o webinar &ldquo;Desenvolvimento Econ&ocirc;mico e o Futuro da LGPD&rdquo;. A modera&ccedil;&atilde;o do evento foi realizada por [&hellip;]\" \/>\n<meta property=\"og:url\" content=\"https:\/\/abes.org.br\/en\/frente-lgpd-realiza-debate-sobre-a-anpd-e-a-pec-17-com-representantes-do-executivo-do-legislativo-e-de-entidades\/\" \/>\n<meta property=\"og:site_name\" content=\"ABES\" \/>\n<meta property=\"article:publisher\" content=\"https:\/\/www.facebook.com\/ABES.software\" \/>\n<meta property=\"article:published_time\" content=\"2020-09-15T00:00:00+00:00\" \/>\n<meta property=\"og:image\" content=\"https:\/\/abes.org.br\/wp-content\/uploads\/2021\/01\/logo_abes_marca_tagline_horizontal_colorido_rgb.png\" \/>\n\t<meta property=\"og:image:width\" content=\"3509\" \/>\n\t<meta property=\"og:image:height\" content=\"2482\" \/>\n\t<meta property=\"og:image:type\" content=\"image\/png\" \/>\n<meta name=\"author\" content=\"prima-dev\" \/>\n<meta name=\"twitter:card\" content=\"summary_large_image\" \/>\n<meta name=\"twitter:creator\" content=\"@ABES_SOFTWARE\" \/>\n<meta name=\"twitter:site\" content=\"@ABES_SOFTWARE\" \/>\n<meta name=\"twitter:label1\" content=\"Written by\" \/>\n\t<meta name=\"twitter:data1\" content=\"prima-dev\" \/>\n\t<meta name=\"twitter:label2\" content=\"Est. reading time\" \/>\n\t<meta name=\"twitter:data2\" content=\"3 minutes\" \/>\n<script type=\"application\/ld+json\" class=\"yoast-schema-graph\">{\"@context\":\"https:\\\/\\\/schema.org\",\"@graph\":[{\"@type\":\"Article\",\"@id\":\"https:\\\/\\\/abes.org.br\\\/en\\\/frente-lgpd-realiza-debate-sobre-a-anpd-e-a-pec-17-com-representantes-do-executivo-do-legislativo-e-de-entidades\\\/#article\",\"isPartOf\":{\"@id\":\"https:\\\/\\\/abes.org.br\\\/en\\\/frente-lgpd-realiza-debate-sobre-a-anpd-e-a-pec-17-com-representantes-do-executivo-do-legislativo-e-de-entidades\\\/\"},\"author\":{\"name\":\"prima-dev\",\"@id\":\"https:\\\/\\\/abes.org.br\\\/#\\\/schema\\\/person\\\/1bad6bff859e7d56ec5664b01968e27e\"},\"headline\":\"Frente LGPD realiza debate sobre a ANPD e a PEC 17 com representantes do Executivo, do Legislativo e de entidades\",\"datePublished\":\"2020-09-15T00:00:00+00:00\",\"mainEntityOfPage\":{\"@id\":\"https:\\\/\\\/abes.org.br\\\/en\\\/frente-lgpd-realiza-debate-sobre-a-anpd-e-a-pec-17-com-representantes-do-executivo-do-legislativo-e-de-entidades\\\/\"},\"wordCount\":555,\"publisher\":{\"@id\":\"https:\\\/\\\/abes.org.br\\\/#organization\"},\"articleSection\":[\"\u00daltimas not\u00edcias\"],\"inLanguage\":\"en-US\"},{\"@type\":\"WebPage\",\"@id\":\"https:\\\/\\\/abes.org.br\\\/en\\\/frente-lgpd-realiza-debate-sobre-a-anpd-e-a-pec-17-com-representantes-do-executivo-do-legislativo-e-de-entidades\\\/\",\"url\":\"https:\\\/\\\/abes.org.br\\\/en\\\/frente-lgpd-realiza-debate-sobre-a-anpd-e-a-pec-17-com-representantes-do-executivo-do-legislativo-e-de-entidades\\\/\",\"name\":\"Frente LGPD realiza debate sobre a ANPD e a PEC 17 com representantes do Executivo, do Legislativo e de entidades - ABES\",\"isPartOf\":{\"@id\":\"https:\\\/\\\/abes.org.br\\\/#website\"},\"datePublished\":\"2020-09-15T00:00:00+00:00\",\"breadcrumb\":{\"@id\":\"https:\\\/\\\/abes.org.br\\\/en\\\/frente-lgpd-realiza-debate-sobre-a-anpd-e-a-pec-17-com-representantes-do-executivo-do-legislativo-e-de-entidades\\\/#breadcrumb\"},\"inLanguage\":\"en-US\",\"potentialAction\":[{\"@type\":\"ReadAction\",\"target\":[\"https:\\\/\\\/abes.org.br\\\/en\\\/frente-lgpd-realiza-debate-sobre-a-anpd-e-a-pec-17-com-representantes-do-executivo-do-legislativo-e-de-entidades\\\/\"]}]},{\"@type\":\"BreadcrumbList\",\"@id\":\"https:\\\/\\\/abes.org.br\\\/en\\\/frente-lgpd-realiza-debate-sobre-a-anpd-e-a-pec-17-com-representantes-do-executivo-do-legislativo-e-de-entidades\\\/#breadcrumb\",\"itemListElement\":[{\"@type\":\"ListItem\",\"position\":1,\"name\":\"In\u00edcio\",\"item\":\"https:\\\/\\\/abes.org.br\\\/\"},{\"@type\":\"ListItem\",\"position\":2,\"name\":\"Frente LGPD realiza debate sobre a ANPD e a PEC 17 com representantes do Executivo, do Legislativo e de entidades\"}]},{\"@type\":\"WebSite\",\"@id\":\"https:\\\/\\\/abes.org.br\\\/#website\",\"url\":\"https:\\\/\\\/abes.org.br\\\/\",\"name\":\"ABES\",\"description\":\"Associa\u00e7\u00e3o Brasileira das Empresas de Software\",\"publisher\":{\"@id\":\"https:\\\/\\\/abes.org.br\\\/#organization\"},\"potentialAction\":[{\"@type\":\"SearchAction\",\"target\":{\"@type\":\"EntryPoint\",\"urlTemplate\":\"https:\\\/\\\/abes.org.br\\\/?s={search_term_string}\"},\"query-input\":{\"@type\":\"PropertyValueSpecification\",\"valueRequired\":true,\"valueName\":\"search_term_string\"}}],\"inLanguage\":\"en-US\"},{\"@type\":\"Organization\",\"@id\":\"https:\\\/\\\/abes.org.br\\\/#organization\",\"name\":\"Associa\u00e7\u00e3o Brasileira das Empresas de Software\",\"url\":\"https:\\\/\\\/abes.org.br\\\/\",\"logo\":{\"@type\":\"ImageObject\",\"inLanguage\":\"en-US\",\"@id\":\"https:\\\/\\\/abes.org.br\\\/#\\\/schema\\\/logo\\\/image\\\/\",\"url\":\"https:\\\/\\\/abes.org.br\\\/wp-content\\\/uploads\\\/2020\\\/09\\\/logo_abes_marca_d_tagline_horizontal_verde-amarelo_cmyk.png\",\"contentUrl\":\"https:\\\/\\\/abes.org.br\\\/wp-content\\\/uploads\\\/2020\\\/09\\\/logo_abes_marca_d_tagline_horizontal_verde-amarelo_cmyk.png\",\"width\":324,\"height\":70,\"caption\":\"Associa\u00e7\u00e3o Brasileira das Empresas de Software\"},\"image\":{\"@id\":\"https:\\\/\\\/abes.org.br\\\/#\\\/schema\\\/logo\\\/image\\\/\"},\"sameAs\":[\"https:\\\/\\\/www.facebook.com\\\/ABES.software\",\"https:\\\/\\\/x.com\\\/ABES_SOFTWARE\",\"https:\\\/\\\/www.linkedin.com\\\/company\\\/abes-software\\\/\",\"https:\\\/\\\/www.instagram.com\\\/abes_software\\\/\"]},{\"@type\":\"Person\",\"@id\":\"https:\\\/\\\/abes.org.br\\\/#\\\/schema\\\/person\\\/1bad6bff859e7d56ec5664b01968e27e\",\"name\":\"prima-dev\",\"image\":{\"@type\":\"ImageObject\",\"inLanguage\":\"en-US\",\"@id\":\"https:\\\/\\\/secure.gravatar.com\\\/avatar\\\/039c6325210cecd393c57645bc755f7d13deed578fddf4dbfa87bc05dcbcfa4b?s=96&d=mm&r=g\",\"url\":\"https:\\\/\\\/secure.gravatar.com\\\/avatar\\\/039c6325210cecd393c57645bc755f7d13deed578fddf4dbfa87bc05dcbcfa4b?s=96&d=mm&r=g\",\"contentUrl\":\"https:\\\/\\\/secure.gravatar.com\\\/avatar\\\/039c6325210cecd393c57645bc755f7d13deed578fddf4dbfa87bc05dcbcfa4b?s=96&d=mm&r=g\",\"caption\":\"prima-dev\"},\"url\":\"https:\\\/\\\/abes.org.br\\\/en\\\/author\\\/prima-dev\\\/\"}]}<\/script>\n<!-- \/ Yoast SEO plugin. -->","yoast_head_json":{"title":"Frente LGPD realiza debate sobre a ANPD e a PEC 17 com representantes do Executivo, do Legislativo e de entidades - ABES","robots":{"index":"index","follow":"follow","max-snippet":"max-snippet:-1","max-image-preview":"max-image-preview:large","max-video-preview":"max-video-preview:-1"},"canonical":"https:\/\/abes.org.br\/en\/frente-lgpd-realiza-debate-sobre-a-anpd-e-a-pec-17-com-representantes-do-executivo-do-legislativo-e-de-entidades\/","og_locale":"en_US","og_type":"article","og_title":"Frente LGPD realiza debate sobre a ANPD e a PEC 17 com representantes do Executivo, do Legislativo e de entidades - ABES","og_description":"A Frente Empresarial em Defesa da Lei Geral de Prote&ccedil;&atilde;o de Dados e da Seguran&ccedil;a Jur&iacute;dica, da qual a ABES &eacute; uma das principais articuladoras, promoveu nesta segunda (14\/09) o lan&ccedil;amento de nova carta aberta sobre o tema e o webinar &ldquo;Desenvolvimento Econ&ocirc;mico e o Futuro da LGPD&rdquo;. A modera&ccedil;&atilde;o do evento foi realizada por [&hellip;]","og_url":"https:\/\/abes.org.br\/en\/frente-lgpd-realiza-debate-sobre-a-anpd-e-a-pec-17-com-representantes-do-executivo-do-legislativo-e-de-entidades\/","og_site_name":"ABES","article_publisher":"https:\/\/www.facebook.com\/ABES.software","article_published_time":"2020-09-15T00:00:00+00:00","og_image":[{"width":3509,"height":2482,"url":"https:\/\/abes.org.br\/wp-content\/uploads\/2021\/01\/logo_abes_marca_tagline_horizontal_colorido_rgb.png","type":"image\/png"}],"author":"prima-dev","twitter_card":"summary_large_image","twitter_creator":"@ABES_SOFTWARE","twitter_site":"@ABES_SOFTWARE","twitter_misc":{"Written by":"prima-dev","Est. reading time":"3 minutes"},"schema":{"@context":"https:\/\/schema.org","@graph":[{"@type":"Article","@id":"https:\/\/abes.org.br\/en\/frente-lgpd-realiza-debate-sobre-a-anpd-e-a-pec-17-com-representantes-do-executivo-do-legislativo-e-de-entidades\/#article","isPartOf":{"@id":"https:\/\/abes.org.br\/en\/frente-lgpd-realiza-debate-sobre-a-anpd-e-a-pec-17-com-representantes-do-executivo-do-legislativo-e-de-entidades\/"},"author":{"name":"prima-dev","@id":"https:\/\/abes.org.br\/#\/schema\/person\/1bad6bff859e7d56ec5664b01968e27e"},"headline":"Frente LGPD realiza debate sobre a ANPD e a PEC 17 com representantes do Executivo, do Legislativo e de entidades","datePublished":"2020-09-15T00:00:00+00:00","mainEntityOfPage":{"@id":"https:\/\/abes.org.br\/en\/frente-lgpd-realiza-debate-sobre-a-anpd-e-a-pec-17-com-representantes-do-executivo-do-legislativo-e-de-entidades\/"},"wordCount":555,"publisher":{"@id":"https:\/\/abes.org.br\/#organization"},"articleSection":["\u00daltimas not\u00edcias"],"inLanguage":"en-US"},{"@type":"WebPage","@id":"https:\/\/abes.org.br\/en\/frente-lgpd-realiza-debate-sobre-a-anpd-e-a-pec-17-com-representantes-do-executivo-do-legislativo-e-de-entidades\/","url":"https:\/\/abes.org.br\/en\/frente-lgpd-realiza-debate-sobre-a-anpd-e-a-pec-17-com-representantes-do-executivo-do-legislativo-e-de-entidades\/","name":"Frente LGPD realiza debate sobre a ANPD e a PEC 17 com representantes do Executivo, do Legislativo e de entidades - ABES","isPartOf":{"@id":"https:\/\/abes.org.br\/#website"},"datePublished":"2020-09-15T00:00:00+00:00","breadcrumb":{"@id":"https:\/\/abes.org.br\/en\/frente-lgpd-realiza-debate-sobre-a-anpd-e-a-pec-17-com-representantes-do-executivo-do-legislativo-e-de-entidades\/#breadcrumb"},"inLanguage":"en-US","potentialAction":[{"@type":"ReadAction","target":["https:\/\/abes.org.br\/en\/frente-lgpd-realiza-debate-sobre-a-anpd-e-a-pec-17-com-representantes-do-executivo-do-legislativo-e-de-entidades\/"]}]},{"@type":"BreadcrumbList","@id":"https:\/\/abes.org.br\/en\/frente-lgpd-realiza-debate-sobre-a-anpd-e-a-pec-17-com-representantes-do-executivo-do-legislativo-e-de-entidades\/#breadcrumb","itemListElement":[{"@type":"ListItem","position":1,"name":"In\u00edcio","item":"https:\/\/abes.org.br\/"},{"@type":"ListItem","position":2,"name":"Frente LGPD realiza debate sobre a ANPD e a PEC 17 com representantes do Executivo, do Legislativo e de entidades"}]},{"@type":"WebSite","@id":"https:\/\/abes.org.br\/#website","url":"https:\/\/abes.org.br\/","name":"ABES","description":"Brazilian Association of Software Companies","publisher":{"@id":"https:\/\/abes.org.br\/#organization"},"potentialAction":[{"@type":"SearchAction","target":{"@type":"EntryPoint","urlTemplate":"https:\/\/abes.org.br\/?s={search_term_string}"},"query-input":{"@type":"PropertyValueSpecification","valueRequired":true,"valueName":"search_term_string"}}],"inLanguage":"en-US"},{"@type":"Organization","@id":"https:\/\/abes.org.br\/#organization","name":"Brazilian Association of Software Companies","url":"https:\/\/abes.org.br\/","logo":{"@type":"ImageObject","inLanguage":"en-US","@id":"https:\/\/abes.org.br\/#\/schema\/logo\/image\/","url":"https:\/\/abes.org.br\/wp-content\/uploads\/2020\/09\/logo_abes_marca_d_tagline_horizontal_verde-amarelo_cmyk.png","contentUrl":"https:\/\/abes.org.br\/wp-content\/uploads\/2020\/09\/logo_abes_marca_d_tagline_horizontal_verde-amarelo_cmyk.png","width":324,"height":70,"caption":"Associa\u00e7\u00e3o Brasileira das Empresas de Software"},"image":{"@id":"https:\/\/abes.org.br\/#\/schema\/logo\/image\/"},"sameAs":["https:\/\/www.facebook.com\/ABES.software","https:\/\/x.com\/ABES_SOFTWARE","https:\/\/www.linkedin.com\/company\/abes-software\/","https:\/\/www.instagram.com\/abes_software\/"]},{"@type":"Person","@id":"https:\/\/abes.org.br\/#\/schema\/person\/1bad6bff859e7d56ec5664b01968e27e","name":"prima-dev","image":{"@type":"ImageObject","inLanguage":"en-US","@id":"https:\/\/secure.gravatar.com\/avatar\/039c6325210cecd393c57645bc755f7d13deed578fddf4dbfa87bc05dcbcfa4b?s=96&d=mm&r=g","url":"https:\/\/secure.gravatar.com\/avatar\/039c6325210cecd393c57645bc755f7d13deed578fddf4dbfa87bc05dcbcfa4b?s=96&d=mm&r=g","contentUrl":"https:\/\/secure.gravatar.com\/avatar\/039c6325210cecd393c57645bc755f7d13deed578fddf4dbfa87bc05dcbcfa4b?s=96&d=mm&r=g","caption":"prima-dev"},"url":"https:\/\/abes.org.br\/en\/author\/prima-dev\/"}]}},"publishpress_future_action":{"enabled":false,"date":"2026-05-04 07:29:52","action":"change-status","newStatus":"draft","terms":[],"taxonomy":"category","extraData":[]},"publishpress_future_workflow_manual_trigger":{"enabledWorkflows":[]},"_links":{"self":[{"href":"https:\/\/abes.org.br\/en\/wp-json\/wp\/v2\/posts\/10573","targetHints":{"allow":["GET"]}}],"collection":[{"href":"https:\/\/abes.org.br\/en\/wp-json\/wp\/v2\/posts"}],"about":[{"href":"https:\/\/abes.org.br\/en\/wp-json\/wp\/v2\/types\/post"}],"author":[{"embeddable":true,"href":"https:\/\/abes.org.br\/en\/wp-json\/wp\/v2\/users\/2"}],"replies":[{"embeddable":true,"href":"https:\/\/abes.org.br\/en\/wp-json\/wp\/v2\/comments?post=10573"}],"version-history":[{"count":0,"href":"https:\/\/abes.org.br\/en\/wp-json\/wp\/v2\/posts\/10573\/revisions"}],"wp:attachment":[{"href":"https:\/\/abes.org.br\/en\/wp-json\/wp\/v2\/media?parent=10573"}],"wp:term":[{"taxonomy":"category","embeddable":true,"href":"https:\/\/abes.org.br\/en\/wp-json\/wp\/v2\/categories?post=10573"},{"taxonomy":"post_tag","embeddable":true,"href":"https:\/\/abes.org.br\/en\/wp-json\/wp\/v2\/tags?post=10573"}],"curies":[{"name":"wp","href":"https:\/\/api.w.org\/{rel}","templated":true}]}}