{"id":10564,"date":"2020-09-10T00:00:00","date_gmt":"2020-09-10T00:00:00","guid":{"rendered":"https:\/\/abes.org.br\/?p=10564"},"modified":"2020-09-10T00:00:00","modified_gmt":"2020-09-10T00:00:00","slug":"abes-leva-intel-logicallis-cisco-e-ibm-para-connected-smart-cities","status":"publish","type":"post","link":"https:\/\/abes.org.br\/en\/abes-leva-intel-logicallis-cisco-e-ibm-para-connected-smart-cities\/","title":{"rendered":"ABES takes Intel, Logicallis, Cisco and IBM to Connected Smart Cities"},"content":{"rendered":"<div style=\"text-align: justify;\">\n\tAssociated companies will debate on urban management and improvements to public services, integrated IoT solutions, artificial intelligence and big data<\/p>\n<p>\t<strong>S\u00e3o Paulo, September 9, 2020<\/strong> - Connected Smart Cities had to adapt for this year, due to the Covid-19 pandemic, and so it will be completely digital. To support this experience, ABES - Brazilian Association of Software Companies, one of the event&#039;s institutional sponsors, opens space for its associates Intel, Logicallis, Cisco and IBM, to participate in the Connected Cities panel, in the ABES Partner Strategic Agenda, at next September 10th, at 9am. Entries must be made <a href=\"https:\/\/www.sympla.com.br\/connected-smart-cities--mobility-dx__772138?d=csc20_inst_abes100\">on here<\/a> .<\/p>\n<p>\tThe 6th edition of the event will be marked by themes related to sustainable urbanism in cities such as the environment, energy and mobility. With this in mind, ABES will bring together executives from associated companies to address urban management and improvements in public services, integrated IoT solutions, artificial intelligence and big data.<\/p>\n<p>\tTo speak about environmental monitoring, urban mobility, public lighting, waste management, public safety and health services for smart cities, ABES invited Fabiano Sabatini, Intel IoT Specialist; F\u00e1bio Jardim, Technology Manager at Logicallis; Jos\u00e9 Maria Cesario, IBM Cloud Solutions Architect, and Ricardo Mucci, Cisco Sales Director, to participate in this panel.<\/p>\n<p>\t&quot;Technology is one of the fundamental pieces for the construction of the cities of the future. The possibilities that we see today are still only the tip of the iceberg that is to come. The debate with visions and applications of technology to cities, promoted by this event, is extremely important for the advancement of society &quot;, reinforces F\u00e1bio Jardim, Logicallis Technology Manager.<\/p>\n<p>\tFaced with the debate, experts will also assess the prospects for a smart city to be more inclusive, in addition to demanding the entry of new businesses.<\/p>\n<p>\t&quot;Intel&#039;s purpose is to create technologies capable of transforming the world and enriching the lives of every person on Earth. That is why we are accelerating innovation in IoT, allowing the diverse ecosystem of partners and developers to create new solutions quickly. Discuss the impacts and applicability of IoT in Smart Cities is extremely important towards an increasingly connected and intelligent future &quot;, explains Fabiano Sabatini, Intel IoT Specialist.<\/p>\n<p>\tFor the director of Public Sector at Cisco do Brasil, Ricardo Mucci, it is important to discuss how cities are preparing themselves and what are the challenges and opportunities to meet and connect with a citizen who is increasingly digital. &quot;At Cisco, we believe that technology has the potential to create opportunities for everyone and with connectivity we can build a more digital and inclusive future. And that goes through the digitalization of cities&quot;.<\/p>\n<p>\tAccording to Jos\u00e9 Maria Ces\u00e1rio, Cloud Solutions Architect at IBM, the scenario of smart cities is composed of several technological solutions, from legacy solutions and systems already existing in cities to new technologies such as IoT, Big Data and Artificial Intelligence. New frontiers such as 5G technology will bring all these elements closer together and cloud computing and Edge Computing will be the foundation to support this model.<\/p>\n<p>\t&quot;IBM believes and supports all elements of this technological model, where integration is fundamental and this occurs in an open, transparent and secure way. The convergence of these technologies will help the public authorities and the population to have more aware and active cities in the sectors of environment, safety, transport, health and several other areas that depend on the integration between the action of the human being, which is fundamental, and the technology &quot;, concludes the spokesman.<\/p>\n<p>\t<strong>SERVICE: Connected Smart Cities - Connected Cities Panel Strategic Agenda ABES Partner<\/strong><br \/>\n\t<strong>Date:<\/strong> September 10th<br \/>\n\t<strong>Hour: <\/strong>9 am<br \/>\n\t<strong>Registrations:<\/strong> <a href=\"https:\/\/www.sympla.com.br\/connected-smart-cities--mobility-dx__772138?d=csc20_inst_abes100\">http:\/\/www.sympla.com.br\/connected-smart-cities&#8211;mobility-dx__772138?d=csc20_inst_abes100<\/a><\/p>\n<p>\t<strong>Guests<\/strong><\/p>\n<p>\t<strong>Fabiano Jardim<\/strong> - Technology manager specialized in the development of Internet of Things (IoT) solutions, at Logicalis. For over 16 years at the company, F\u00e1bio has worked as a systems engineer, telecommunications engineer and is currently a technology manager, responsible for Logicalis&#039; hardware and software development team for IoT solutions. F\u00e1bio graduated in Electrical Engineering with an emphasis on Computers from the Faculty of Industrial Engineering (FEI) and is certified in Internet of Things: Roadmap to a Connected World by MIT Professional Education Digital Programs.<\/p>\n<p>\t<strong>Jos\u00e9 Maria Cesario<\/strong> - Has 23 years of experience in the information technology area, specializing in architecture of cloud and IoT solutions. He has worked at IBM for 20 years and has also been a university professor for 12 years. Graduated in Systems Analysis and Post-Graduated in Information Technology at UNIMEP (Piracicaba Methodist), MBA in Project Management at FGV, Post-Graduated in Industrial Automation and Master in Innovation and Technology at UNICAMP.<\/p>\n<p>\t<strong>Fabiano Sabatini<\/strong> - Technical Manager and IoT Specialist at Intel Brasil. Electronic Engineer trained by FEI and MBA in Strategic IT Management by FGV and MBA in BigData \/ Data Science by FIAP, he is one of those responsible for identifying opportunities and developing AIoT solutions using the latest technologies from Intel. He knows the technical and marketing aspects of solutions for public security, channel, retail, industry, smart cities and is one of Intel&#039;s IoT, Big Data and AI specialists.<\/p>\n<p>\t<strong>Ricardo Mucci<\/strong> - Director of the Public Sector and responsible for the Energy and Oil &amp; Gas segment at Cisco Brasil. With more than 20 years of experience in the technology and communication sector (ICT), the executive has long experience in developing transformational projects for the Government, leading large projects in the areas of Public Health Management, Public Security, Education, Finance, among others . Before joining Cisco, he was director of sales for the Public Sector at Oracle and also worked at IBM and Telefonica. Ricardo Mucci has a degree in Systems Analysis from Universidade Paulista, an MBA from Funda\u00e7\u00e3o Dom Cabral and a post MBA from Kellogg School of Business, as well as other training from Funda\u00e7\u00e3o Get\u00falio Vargas with a focus on Public Policy Management, Telecommunications and Banking.<\/p>\n<p>\t<strong>About ABES<\/strong><\/p>\n<p>\tABES, Brazilian Association of Software Companies, aims to contribute to the construction of a more digital and less unequal Brazil, in which information technology plays a fundamental role in the democratization of knowledge and the creation of new opportunities for all. In this sense, it aims to ensure a business environment conducive to innovation, ethical, dynamic and globally competitive, always aligned with its mission of connecting, guiding, protecting and developing the Brazilian information technology market.<\/p>\n<p>\tSince its foundation in September 1986, ABES has sought to be relevant to its associates and a national and international reference in the technology sector. Currently, the entity represents approximately 2 thousand companies, which total about 85% of the revenue of the software and services segment in Brazil, distributed in 22 Brazilian states and the Federal District, responsible for the generation of more than 208 thousand direct jobs and an annual revenue around 63.7 billion in 2019.<\/p>\n<p>\t<strong>Access the ABES Portal<\/strong> \u2013 <a href=\"https:\/\/abes.org.br\/en\/\">http:\/\/www.abes.org.br<\/a> or contact the Relationship Center: +55 (11) 2161-2833.<\/p>\n<p>\t<strong>ABES - Press contacts:<\/strong><br \/>\n\tWeber Shandwick Brasil - <a href=\"http:\/\/abes@webershandwick.com\">abes@webershandwick.com<\/a><\/div>\n<p><\/p>","protected":false},"excerpt":{"rendered":"<p>As empresas associadas debater&atilde;o sobre gest&atilde;o urbana e melhorias dos servi&ccedil;os p&uacute;blicos, solu&ccedil;&otilde;es integradas de IoT, intelig&ecirc;ncia artificial e big data S&atilde;o Paulo, 9 de setembro de 2020 &#8211; O Connected Smart Cities teve de se adaptar para este ano, devido &agrave; pandemia de Covid-19, e por isso ser&aacute; totalmente digital. Para apoiar essa experi&ecirc;ncia, [&hellip;]<\/p>\n","protected":false},"author":2,"featured_media":0,"comment_status":"closed","ping_status":"open","sticky":false,"template":"","format":"standard","meta":{"_acf_changed":false,"_et_pb_use_builder":"","_et_pb_old_content":"","_et_gb_content_width":"","footnotes":""},"categories":[40],"tags":[],"class_list":["post-10564","post","type-post","status-publish","format-standard","hentry","category-press-releases"],"acf":[],"yoast_head":"<!-- This site is optimized with the Yoast SEO plugin v27.3 - https:\/\/yoast.com\/product\/yoast-seo-wordpress\/ -->\n<title>ABES leva Intel, Logicallis, Cisco e IBM para Connected Smart Cities - ABES<\/title>\n<meta name=\"robots\" content=\"index, follow, max-snippet:-1, max-image-preview:large, max-video-preview:-1\" \/>\n<link rel=\"canonical\" href=\"https:\/\/abes.org.br\/en\/abes-leva-intel-logicallis-cisco-e-ibm-para-connected-smart-cities\/\" \/>\n<meta property=\"og:locale\" content=\"en_US\" \/>\n<meta property=\"og:type\" content=\"article\" \/>\n<meta property=\"og:title\" content=\"ABES leva Intel, Logicallis, Cisco e IBM para Connected Smart Cities - ABES\" \/>\n<meta property=\"og:description\" content=\"As empresas associadas debater&atilde;o sobre gest&atilde;o urbana e melhorias dos servi&ccedil;os p&uacute;blicos, solu&ccedil;&otilde;es integradas de IoT, intelig&ecirc;ncia artificial e big data S&atilde;o Paulo, 9 de setembro de 2020 &#8211; O Connected Smart Cities teve de se adaptar para este ano, devido &agrave; pandemia de Covid-19, e por isso ser&aacute; totalmente digital. Para apoiar essa experi&ecirc;ncia, [&hellip;]\" \/>\n<meta property=\"og:url\" content=\"https:\/\/abes.org.br\/en\/abes-leva-intel-logicallis-cisco-e-ibm-para-connected-smart-cities\/\" \/>\n<meta property=\"og:site_name\" content=\"ABES\" \/>\n<meta property=\"article:publisher\" content=\"https:\/\/www.facebook.com\/ABES.software\" \/>\n<meta property=\"article:published_time\" content=\"2020-09-10T00:00:00+00:00\" \/>\n<meta property=\"og:image\" content=\"https:\/\/abes.org.br\/wp-content\/uploads\/2021\/01\/logo_abes_marca_tagline_horizontal_colorido_rgb.png\" \/>\n\t<meta property=\"og:image:width\" content=\"3509\" \/>\n\t<meta property=\"og:image:height\" content=\"2482\" \/>\n\t<meta property=\"og:image:type\" content=\"image\/png\" \/>\n<meta name=\"author\" content=\"prima-dev\" \/>\n<meta name=\"twitter:card\" content=\"summary_large_image\" \/>\n<meta name=\"twitter:creator\" content=\"@ABES_SOFTWARE\" \/>\n<meta name=\"twitter:site\" content=\"@ABES_SOFTWARE\" \/>\n<meta name=\"twitter:label1\" content=\"Written by\" \/>\n\t<meta name=\"twitter:data1\" content=\"prima-dev\" \/>\n\t<meta name=\"twitter:label2\" content=\"Est. reading time\" \/>\n\t<meta name=\"twitter:data2\" content=\"8 minutes\" \/>\n<script type=\"application\/ld+json\" class=\"yoast-schema-graph\">{\"@context\":\"https:\\\/\\\/schema.org\",\"@graph\":[{\"@type\":\"Article\",\"@id\":\"https:\\\/\\\/abes.org.br\\\/abes-leva-intel-logicallis-cisco-e-ibm-para-connected-smart-cities\\\/#article\",\"isPartOf\":{\"@id\":\"https:\\\/\\\/abes.org.br\\\/abes-leva-intel-logicallis-cisco-e-ibm-para-connected-smart-cities\\\/\"},\"author\":{\"name\":\"prima-dev\",\"@id\":\"https:\\\/\\\/abes.org.br\\\/#\\\/schema\\\/person\\\/1bad6bff859e7d56ec5664b01968e27e\"},\"headline\":\"ABES leva Intel, Logicallis, Cisco e IBM para Connected Smart Cities\",\"datePublished\":\"2020-09-10T00:00:00+00:00\",\"mainEntityOfPage\":{\"@id\":\"https:\\\/\\\/abes.org.br\\\/abes-leva-intel-logicallis-cisco-e-ibm-para-connected-smart-cities\\\/\"},\"wordCount\":1575,\"publisher\":{\"@id\":\"https:\\\/\\\/abes.org.br\\\/#organization\"},\"articleSection\":[\"Press releases\"],\"inLanguage\":\"en-US\"},{\"@type\":\"WebPage\",\"@id\":\"https:\\\/\\\/abes.org.br\\\/abes-leva-intel-logicallis-cisco-e-ibm-para-connected-smart-cities\\\/\",\"url\":\"https:\\\/\\\/abes.org.br\\\/abes-leva-intel-logicallis-cisco-e-ibm-para-connected-smart-cities\\\/\",\"name\":\"ABES leva Intel, Logicallis, Cisco e IBM para Connected Smart Cities - ABES\",\"isPartOf\":{\"@id\":\"https:\\\/\\\/abes.org.br\\\/#website\"},\"datePublished\":\"2020-09-10T00:00:00+00:00\",\"breadcrumb\":{\"@id\":\"https:\\\/\\\/abes.org.br\\\/abes-leva-intel-logicallis-cisco-e-ibm-para-connected-smart-cities\\\/#breadcrumb\"},\"inLanguage\":\"en-US\",\"potentialAction\":[{\"@type\":\"ReadAction\",\"target\":[\"https:\\\/\\\/abes.org.br\\\/abes-leva-intel-logicallis-cisco-e-ibm-para-connected-smart-cities\\\/\"]}]},{\"@type\":\"BreadcrumbList\",\"@id\":\"https:\\\/\\\/abes.org.br\\\/abes-leva-intel-logicallis-cisco-e-ibm-para-connected-smart-cities\\\/#breadcrumb\",\"itemListElement\":[{\"@type\":\"ListItem\",\"position\":1,\"name\":\"In\u00edcio\",\"item\":\"https:\\\/\\\/abes.org.br\\\/\"},{\"@type\":\"ListItem\",\"position\":2,\"name\":\"ABES leva Intel, Logicallis, Cisco e IBM para Connected Smart Cities\"}]},{\"@type\":\"WebSite\",\"@id\":\"https:\\\/\\\/abes.org.br\\\/#website\",\"url\":\"https:\\\/\\\/abes.org.br\\\/\",\"name\":\"ABES\",\"description\":\"Associa\u00e7\u00e3o Brasileira das Empresas de Software\",\"publisher\":{\"@id\":\"https:\\\/\\\/abes.org.br\\\/#organization\"},\"potentialAction\":[{\"@type\":\"SearchAction\",\"target\":{\"@type\":\"EntryPoint\",\"urlTemplate\":\"https:\\\/\\\/abes.org.br\\\/?s={search_term_string}\"},\"query-input\":{\"@type\":\"PropertyValueSpecification\",\"valueRequired\":true,\"valueName\":\"search_term_string\"}}],\"inLanguage\":\"en-US\"},{\"@type\":\"Organization\",\"@id\":\"https:\\\/\\\/abes.org.br\\\/#organization\",\"name\":\"Associa\u00e7\u00e3o Brasileira das Empresas de Software\",\"url\":\"https:\\\/\\\/abes.org.br\\\/\",\"logo\":{\"@type\":\"ImageObject\",\"inLanguage\":\"en-US\",\"@id\":\"https:\\\/\\\/abes.org.br\\\/#\\\/schema\\\/logo\\\/image\\\/\",\"url\":\"https:\\\/\\\/abes.org.br\\\/wp-content\\\/uploads\\\/2020\\\/09\\\/logo_abes_marca_d_tagline_horizontal_verde-amarelo_cmyk.png\",\"contentUrl\":\"https:\\\/\\\/abes.org.br\\\/wp-content\\\/uploads\\\/2020\\\/09\\\/logo_abes_marca_d_tagline_horizontal_verde-amarelo_cmyk.png\",\"width\":324,\"height\":70,\"caption\":\"Associa\u00e7\u00e3o Brasileira das Empresas de Software\"},\"image\":{\"@id\":\"https:\\\/\\\/abes.org.br\\\/#\\\/schema\\\/logo\\\/image\\\/\"},\"sameAs\":[\"https:\\\/\\\/www.facebook.com\\\/ABES.software\",\"https:\\\/\\\/x.com\\\/ABES_SOFTWARE\",\"https:\\\/\\\/www.linkedin.com\\\/company\\\/abes-software\\\/\",\"https:\\\/\\\/www.instagram.com\\\/abes_software\\\/\"]},{\"@type\":\"Person\",\"@id\":\"https:\\\/\\\/abes.org.br\\\/#\\\/schema\\\/person\\\/1bad6bff859e7d56ec5664b01968e27e\",\"name\":\"prima-dev\",\"image\":{\"@type\":\"ImageObject\",\"inLanguage\":\"en-US\",\"@id\":\"https:\\\/\\\/secure.gravatar.com\\\/avatar\\\/039c6325210cecd393c57645bc755f7d13deed578fddf4dbfa87bc05dcbcfa4b?s=96&d=mm&r=g\",\"url\":\"https:\\\/\\\/secure.gravatar.com\\\/avatar\\\/039c6325210cecd393c57645bc755f7d13deed578fddf4dbfa87bc05dcbcfa4b?s=96&d=mm&r=g\",\"contentUrl\":\"https:\\\/\\\/secure.gravatar.com\\\/avatar\\\/039c6325210cecd393c57645bc755f7d13deed578fddf4dbfa87bc05dcbcfa4b?s=96&d=mm&r=g\",\"caption\":\"prima-dev\"},\"url\":\"https:\\\/\\\/abes.org.br\\\/en\\\/author\\\/prima-dev\\\/\"}]}<\/script>\n<!-- \/ Yoast SEO plugin. -->","yoast_head_json":{"title":"ABES leva Intel, Logicallis, Cisco e IBM para Connected Smart Cities - ABES","robots":{"index":"index","follow":"follow","max-snippet":"max-snippet:-1","max-image-preview":"max-image-preview:large","max-video-preview":"max-video-preview:-1"},"canonical":"https:\/\/abes.org.br\/en\/abes-leva-intel-logicallis-cisco-e-ibm-para-connected-smart-cities\/","og_locale":"en_US","og_type":"article","og_title":"ABES leva Intel, Logicallis, Cisco e IBM para Connected Smart Cities - ABES","og_description":"As empresas associadas debater&atilde;o sobre gest&atilde;o urbana e melhorias dos servi&ccedil;os p&uacute;blicos, solu&ccedil;&otilde;es integradas de IoT, intelig&ecirc;ncia artificial e big data S&atilde;o Paulo, 9 de setembro de 2020 &#8211; O Connected Smart Cities teve de se adaptar para este ano, devido &agrave; pandemia de Covid-19, e por isso ser&aacute; totalmente digital. Para apoiar essa experi&ecirc;ncia, [&hellip;]","og_url":"https:\/\/abes.org.br\/en\/abes-leva-intel-logicallis-cisco-e-ibm-para-connected-smart-cities\/","og_site_name":"ABES","article_publisher":"https:\/\/www.facebook.com\/ABES.software","article_published_time":"2020-09-10T00:00:00+00:00","og_image":[{"width":3509,"height":2482,"url":"https:\/\/abes.org.br\/wp-content\/uploads\/2021\/01\/logo_abes_marca_tagline_horizontal_colorido_rgb.png","type":"image\/png"}],"author":"prima-dev","twitter_card":"summary_large_image","twitter_creator":"@ABES_SOFTWARE","twitter_site":"@ABES_SOFTWARE","twitter_misc":{"Written by":"prima-dev","Est. reading time":"8 minutes"},"schema":{"@context":"https:\/\/schema.org","@graph":[{"@type":"Article","@id":"https:\/\/abes.org.br\/abes-leva-intel-logicallis-cisco-e-ibm-para-connected-smart-cities\/#article","isPartOf":{"@id":"https:\/\/abes.org.br\/abes-leva-intel-logicallis-cisco-e-ibm-para-connected-smart-cities\/"},"author":{"name":"prima-dev","@id":"https:\/\/abes.org.br\/#\/schema\/person\/1bad6bff859e7d56ec5664b01968e27e"},"headline":"ABES leva Intel, Logicallis, Cisco e IBM para Connected Smart Cities","datePublished":"2020-09-10T00:00:00+00:00","mainEntityOfPage":{"@id":"https:\/\/abes.org.br\/abes-leva-intel-logicallis-cisco-e-ibm-para-connected-smart-cities\/"},"wordCount":1575,"publisher":{"@id":"https:\/\/abes.org.br\/#organization"},"articleSection":["Press releases"],"inLanguage":"en-US"},{"@type":"WebPage","@id":"https:\/\/abes.org.br\/abes-leva-intel-logicallis-cisco-e-ibm-para-connected-smart-cities\/","url":"https:\/\/abes.org.br\/abes-leva-intel-logicallis-cisco-e-ibm-para-connected-smart-cities\/","name":"ABES leva Intel, Logicallis, Cisco e IBM para Connected Smart Cities - ABES","isPartOf":{"@id":"https:\/\/abes.org.br\/#website"},"datePublished":"2020-09-10T00:00:00+00:00","breadcrumb":{"@id":"https:\/\/abes.org.br\/abes-leva-intel-logicallis-cisco-e-ibm-para-connected-smart-cities\/#breadcrumb"},"inLanguage":"en-US","potentialAction":[{"@type":"ReadAction","target":["https:\/\/abes.org.br\/abes-leva-intel-logicallis-cisco-e-ibm-para-connected-smart-cities\/"]}]},{"@type":"BreadcrumbList","@id":"https:\/\/abes.org.br\/abes-leva-intel-logicallis-cisco-e-ibm-para-connected-smart-cities\/#breadcrumb","itemListElement":[{"@type":"ListItem","position":1,"name":"In\u00edcio","item":"https:\/\/abes.org.br\/"},{"@type":"ListItem","position":2,"name":"ABES leva Intel, Logicallis, Cisco e IBM para Connected Smart Cities"}]},{"@type":"WebSite","@id":"https:\/\/abes.org.br\/#website","url":"https:\/\/abes.org.br\/","name":"ABES","description":"Brazilian Association of Software Companies","publisher":{"@id":"https:\/\/abes.org.br\/#organization"},"potentialAction":[{"@type":"SearchAction","target":{"@type":"EntryPoint","urlTemplate":"https:\/\/abes.org.br\/?s={search_term_string}"},"query-input":{"@type":"PropertyValueSpecification","valueRequired":true,"valueName":"search_term_string"}}],"inLanguage":"en-US"},{"@type":"Organization","@id":"https:\/\/abes.org.br\/#organization","name":"Brazilian Association of Software Companies","url":"https:\/\/abes.org.br\/","logo":{"@type":"ImageObject","inLanguage":"en-US","@id":"https:\/\/abes.org.br\/#\/schema\/logo\/image\/","url":"https:\/\/abes.org.br\/wp-content\/uploads\/2020\/09\/logo_abes_marca_d_tagline_horizontal_verde-amarelo_cmyk.png","contentUrl":"https:\/\/abes.org.br\/wp-content\/uploads\/2020\/09\/logo_abes_marca_d_tagline_horizontal_verde-amarelo_cmyk.png","width":324,"height":70,"caption":"Associa\u00e7\u00e3o Brasileira das Empresas de Software"},"image":{"@id":"https:\/\/abes.org.br\/#\/schema\/logo\/image\/"},"sameAs":["https:\/\/www.facebook.com\/ABES.software","https:\/\/x.com\/ABES_SOFTWARE","https:\/\/www.linkedin.com\/company\/abes-software\/","https:\/\/www.instagram.com\/abes_software\/"]},{"@type":"Person","@id":"https:\/\/abes.org.br\/#\/schema\/person\/1bad6bff859e7d56ec5664b01968e27e","name":"prima-dev","image":{"@type":"ImageObject","inLanguage":"en-US","@id":"https:\/\/secure.gravatar.com\/avatar\/039c6325210cecd393c57645bc755f7d13deed578fddf4dbfa87bc05dcbcfa4b?s=96&d=mm&r=g","url":"https:\/\/secure.gravatar.com\/avatar\/039c6325210cecd393c57645bc755f7d13deed578fddf4dbfa87bc05dcbcfa4b?s=96&d=mm&r=g","contentUrl":"https:\/\/secure.gravatar.com\/avatar\/039c6325210cecd393c57645bc755f7d13deed578fddf4dbfa87bc05dcbcfa4b?s=96&d=mm&r=g","caption":"prima-dev"},"url":"https:\/\/abes.org.br\/en\/author\/prima-dev\/"}]}},"publishpress_future_action":{"enabled":false,"date":"2026-05-04 04:09:50","action":"change-status","newStatus":"draft","terms":[],"taxonomy":"category","extraData":[]},"publishpress_future_workflow_manual_trigger":{"enabledWorkflows":[]},"_links":{"self":[{"href":"https:\/\/abes.org.br\/en\/wp-json\/wp\/v2\/posts\/10564","targetHints":{"allow":["GET"]}}],"collection":[{"href":"https:\/\/abes.org.br\/en\/wp-json\/wp\/v2\/posts"}],"about":[{"href":"https:\/\/abes.org.br\/en\/wp-json\/wp\/v2\/types\/post"}],"author":[{"embeddable":true,"href":"https:\/\/abes.org.br\/en\/wp-json\/wp\/v2\/users\/2"}],"replies":[{"embeddable":true,"href":"https:\/\/abes.org.br\/en\/wp-json\/wp\/v2\/comments?post=10564"}],"version-history":[{"count":0,"href":"https:\/\/abes.org.br\/en\/wp-json\/wp\/v2\/posts\/10564\/revisions"}],"wp:attachment":[{"href":"https:\/\/abes.org.br\/en\/wp-json\/wp\/v2\/media?parent=10564"}],"wp:term":[{"taxonomy":"category","embeddable":true,"href":"https:\/\/abes.org.br\/en\/wp-json\/wp\/v2\/categories?post=10564"},{"taxonomy":"post_tag","embeddable":true,"href":"https:\/\/abes.org.br\/en\/wp-json\/wp\/v2\/tags?post=10564"}],"curies":[{"name":"wp","href":"https:\/\/api.w.org\/{rel}","templated":true}]}}