{"id":10549,"date":"2020-09-08T00:00:00","date_gmt":"2020-09-08T00:00:00","guid":{"rendered":"https:\/\/abes.org.br\/?p=10549"},"modified":"2020-09-24T14:38:24","modified_gmt":"2020-09-24T17:38:24","slug":"global-retail-show-vai-reunir-lideres-do-varejo-e-consumo-no-mundo","status":"publish","type":"post","link":"https:\/\/abes.org.br\/en\/global-retail-show-vai-reunir-lideres-do-varejo-e-consumo-no-mundo\/","title":{"rendered":"Global Retail Show to bring together retail and consumer leaders in the world"},"content":{"rendered":"<div style=\"text-align: justify;\">\n<p>For seven days, around ten thousand leaders in 30 countries are expected to participate in the event that wants to contribute to the strategic transformations in retail and consumption in the post-Covid world 19<\/p>\n<p>In its first edition, the <a href=\"https:\/\/globalretailshow.com\/?utm_source=search&amp;utm_medium=cpc&amp;utm_campaign=considera%C3%A7ao&amp;utm_content=08\/07-00\/00_branding_resultado-de-pesquisa_interessados_texto&amp;gclid=CjwKCAjw19z6BRAYEiwAmo64LaDa6Kk7uZ63XOkFGjJ91GYzt9KoVFY9DqPPvkw2JayeLoJlh1A_QBoCbaQQAvD_BwE\"><strong>GLOBAL RETAIL SHOW<\/strong><\/a> happen simultaneously between the days <strong>September 13 and 19<\/strong> in countries on different continents in real time and online to discuss the resumption of retail and the future of consumption from a global perspective, taking content from relevant markets. Approximately ten thousand people are expected in the event&#039;s plenary sessions and thematic sessions, which will be distributed in 65 panels with more than 270 national and international speakers. The event has institutional support from ABES - use the code ABES10 and get 10% off the registration fee.<\/p>\n<p>The event will have relevant names from the world to debate the most important trends in the reinvention of business and will have lectures, discussions, in sessions with themes distributed in 19 knowledge tracks and curated by 14 countries in the content, including technology, finance, big data, digital, marketing, shopping center, franchising, foodservice, e-commerce, startup, logistics, people, among others.<\/p>\n<p>In addition to the qualified content, the virtual marathon will also feature the presentation of exclusive surveys, one on the Consumer of Tomorrow held in 14 countries; and another on the Future of Retail in the Vision of those who do Retail in Brazil, this is carried out in partnership with the Center for Excellence in Retail at FGV \/ EAESP.<\/p>\n<p>For Marcos Gouv\u00eaa de Souza, general director of the GS &amp; Gouv\u00eaa de Souza Group, the <a href=\"https:\/\/globalretailshow.com\/?utm_source=search&amp;utm_medium=cpc&amp;utm_campaign=considera%C3%A7ao&amp;utm_content=08\/07-00\/00_branding_resultado-de-pesquisa_interessados_texto&amp;gclid=CjwKCAjw19z6BRAYEiwAmo64LaDa6Kk7uZ63XOkFGjJ91GYzt9KoVFY9DqPPvkw2JayeLoJlh1A_QBoCbaQQAvD_BwE\">GLOBAL RETAIL SHOW<\/a> was born as a platform for discussion and debate to integrate retailers and consumer companies, to maximize collaboration between entrepreneurs, executives, governments, companies and society. \u201cIn the same way that the global dissemination of Covid-19 impacted everyone, regardless of geography or level of development, it is time to be inspired to spread what can be done in a positive way and the knowledge acquired in the crisis, to accelerate the resumption and expansion of business and reduce inequality in the world \u201d, comments the businessman.<\/p>\n<p>The national lectures will have the experience of leaders from companies such as Atacad\u00e3o, Adidas, Amaro, Amazon, BFFC (Bob&#039;s and KFC), Carrefour, Caedu, C&amp;A, Dalben Supermercados, EBIT \/ NIELSEN, Audiolar Group, Botic\u00e1rio Group, Ita\u00fa Unibanco, Kimberly -Clark, Magazine Luiza, Mondelez, Mundo Verde, McDonald&#039;s, Nestl\u00e9, Netshoes, OQVestir \/ Noda \/ Fashion Code, Petz, Procter &amp; Gamble, Rappi, Ri Happy \/ PBKids, RD - Raia Drogasil, Telhanorte-Tumelero, Via Varejo, Vitacon , among others. The international program of the event is confirmed by Peter Diamandis, founder and chairman of the XPRIZE Foundation and also co-founder and executive director of Singularity University.<\/p>\n<p>In addition to the content that will be presented during the seven days, the event will have a special honoree every year. In this first edition, businessman Abilio Diniz was nominated as the personality of the GLOBAL RETAIL SHOW 2020, as he is the most global of Brazilian retail and consumer entrepreneurs.<\/p>\n<p>This first edition of the GLOBAL RETAIL SHOW has, so far, with the support of 30 national and international entities and associations related to retail and consumption, among them: ABES (Brazilian Association of Software Companies), Institute for the Development of Retail (IDV) ), Foodservice Brasil Institute (IFB), Brazilian Association of Advertisers (ABA), Brazilian Association of Advertising Agencies (ABAP), Brazilian Association of Direct Sales Companies (ABEVD), Brazilian Franchising Association (ABF), Brazilian Association of Industries Opticians (ABIOPTICA), Brazilian Association of Strip Malls (ABMALLS), Brazilian Association of Private Brands (ABMAPRO), Brazilian Association of Representative Entities and Authorized Service Companies in Electronics (ABRASA), Brazilian Association of Packaging (ABRE), Brazilian Association of Textile Retail (ABVTEX), National Association of Building Material Traders (ANAMACO), National Confederation of Leaders L ojistas (CNDL). Global partners include Ebeltoft Group, China Chain Store &amp; Franchise Association (CCFA) and RDI - Retail Design Institute.<\/p>\n<p><a href=\"https:\/\/globalretailshow.com\/?utm_source=search&amp;utm_medium=cpc&amp;utm_campaign=considera%C3%A7ao&amp;utm_content=08\/07-00\/00_branding_resultado-de-pesquisa_interessados_texto&amp;gclid=CjwKCAjw19z6BRAYEiwAmo64LaDa6Kk7uZ63XOkFGjJ91GYzt9KoVFY9DqPPvkw2JayeLoJlh1A_QBoCbaQQAvD_BwE\" target=\"_blank\" rel=\"noopener noreferrer\">www.globalretailshow.com.br<\/a><\/p>\n<p>&nbsp;<\/p>\n<\/div>","protected":false},"excerpt":{"rendered":"<p>Durante sete dias, cerca de dez mil l\u00edderes em 30 pa\u00edses devem participar do evento que quer contribuir com as transforma\u00e7\u00f5es estrat\u00e9gicas no varejo e consumo do mundo p\u00f3s-Covid 19 Em sua primeira edi\u00e7\u00e3o, o GLOBAL RETAIL SHOW acontecer\u00e1 simultaneamente entre os dias 13 e 19 de setembro em pa\u00edses de diversos continentes em tempo [&hellip;]<\/p>\n","protected":false},"author":2,"featured_media":18108,"comment_status":"closed","ping_status":"open","sticky":false,"template":"","format":"standard","meta":{"_acf_changed":false,"_et_pb_use_builder":"","_et_pb_old_content":"","_et_gb_content_width":"","footnotes":""},"categories":[38,19],"tags":[],"class_list":["post-10549","post","type-post","status-publish","format-standard","has-post-thumbnail","hentry","category-coluna-3","category-ultimas-noticias"],"acf":[],"yoast_head":"<!-- This site is optimized with the Yoast SEO plugin v27.3 - https:\/\/yoast.com\/product\/yoast-seo-wordpress\/ -->\n<title>Global Retail Show vai reunir l\u00edderes do varejo e consumo no mundo - ABES<\/title>\n<meta name=\"robots\" content=\"index, follow, max-snippet:-1, max-image-preview:large, max-video-preview:-1\" \/>\n<link rel=\"canonical\" href=\"https:\/\/abes.org.br\/en\/global-retail-show-vai-reunir-lideres-do-varejo-e-consumo-no-mundo\/\" \/>\n<meta property=\"og:locale\" content=\"en_US\" \/>\n<meta property=\"og:type\" content=\"article\" \/>\n<meta property=\"og:title\" content=\"Global Retail Show vai reunir l\u00edderes do varejo e consumo no mundo - ABES\" \/>\n<meta property=\"og:description\" content=\"Durante sete dias, cerca de dez mil l\u00edderes em 30 pa\u00edses devem participar do evento que quer contribuir com as transforma\u00e7\u00f5es estrat\u00e9gicas no varejo e consumo do mundo p\u00f3s-Covid 19 Em sua primeira edi\u00e7\u00e3o, o GLOBAL RETAIL SHOW acontecer\u00e1 simultaneamente entre os dias 13 e 19 de setembro em pa\u00edses de diversos continentes em tempo [&hellip;]\" \/>\n<meta property=\"og:url\" content=\"https:\/\/abes.org.br\/en\/global-retail-show-vai-reunir-lideres-do-varejo-e-consumo-no-mundo\/\" \/>\n<meta property=\"og:site_name\" content=\"ABES\" \/>\n<meta property=\"article:publisher\" content=\"https:\/\/www.facebook.com\/ABES.software\" \/>\n<meta property=\"article:published_time\" content=\"2020-09-08T00:00:00+00:00\" \/>\n<meta property=\"article:modified_time\" content=\"2020-09-24T17:38:24+00:00\" \/>\n<meta property=\"og:image\" content=\"https:\/\/abes.org.br\/wp-content\/uploads\/2020\/09\/globa-retail-show-2020.jpg\" \/>\n\t<meta property=\"og:image:width\" content=\"1229\" \/>\n\t<meta property=\"og:image:height\" content=\"691\" \/>\n\t<meta property=\"og:image:type\" content=\"image\/jpeg\" \/>\n<meta name=\"author\" content=\"prima-dev\" \/>\n<meta name=\"twitter:card\" content=\"summary_large_image\" \/>\n<meta name=\"twitter:creator\" content=\"@ABES_SOFTWARE\" \/>\n<meta name=\"twitter:site\" content=\"@ABES_SOFTWARE\" \/>\n<meta name=\"twitter:label1\" content=\"Written by\" \/>\n\t<meta name=\"twitter:data1\" content=\"prima-dev\" \/>\n\t<meta name=\"twitter:label2\" content=\"Est. reading time\" \/>\n\t<meta name=\"twitter:data2\" content=\"4 minutes\" \/>\n<script type=\"application\/ld+json\" class=\"yoast-schema-graph\">{\"@context\":\"https:\\\/\\\/schema.org\",\"@graph\":[{\"@type\":\"Article\",\"@id\":\"https:\\\/\\\/abes.org.br\\\/global-retail-show-vai-reunir-lideres-do-varejo-e-consumo-no-mundo\\\/#article\",\"isPartOf\":{\"@id\":\"https:\\\/\\\/abes.org.br\\\/global-retail-show-vai-reunir-lideres-do-varejo-e-consumo-no-mundo\\\/\"},\"author\":{\"name\":\"prima-dev\",\"@id\":\"https:\\\/\\\/abes.org.br\\\/#\\\/schema\\\/person\\\/1bad6bff859e7d56ec5664b01968e27e\"},\"headline\":\"Global Retail Show vai reunir l\u00edderes do varejo e consumo no mundo\",\"datePublished\":\"2020-09-08T00:00:00+00:00\",\"dateModified\":\"2020-09-24T17:38:24+00:00\",\"mainEntityOfPage\":{\"@id\":\"https:\\\/\\\/abes.org.br\\\/global-retail-show-vai-reunir-lideres-do-varejo-e-consumo-no-mundo\\\/\"},\"wordCount\":713,\"publisher\":{\"@id\":\"https:\\\/\\\/abes.org.br\\\/#organization\"},\"image\":{\"@id\":\"https:\\\/\\\/abes.org.br\\\/global-retail-show-vai-reunir-lideres-do-varejo-e-consumo-no-mundo\\\/#primaryimage\"},\"thumbnailUrl\":\"https:\\\/\\\/abes.org.br\\\/wp-content\\\/uploads\\\/2020\\\/09\\\/globa-retail-show-2020.jpg\",\"articleSection\":[\"-Coluna 3\",\"\u00daltimas not\u00edcias\"],\"inLanguage\":\"en-US\"},{\"@type\":\"WebPage\",\"@id\":\"https:\\\/\\\/abes.org.br\\\/global-retail-show-vai-reunir-lideres-do-varejo-e-consumo-no-mundo\\\/\",\"url\":\"https:\\\/\\\/abes.org.br\\\/global-retail-show-vai-reunir-lideres-do-varejo-e-consumo-no-mundo\\\/\",\"name\":\"Global Retail Show vai reunir l\u00edderes do varejo e consumo no mundo - ABES\",\"isPartOf\":{\"@id\":\"https:\\\/\\\/abes.org.br\\\/#website\"},\"primaryImageOfPage\":{\"@id\":\"https:\\\/\\\/abes.org.br\\\/global-retail-show-vai-reunir-lideres-do-varejo-e-consumo-no-mundo\\\/#primaryimage\"},\"image\":{\"@id\":\"https:\\\/\\\/abes.org.br\\\/global-retail-show-vai-reunir-lideres-do-varejo-e-consumo-no-mundo\\\/#primaryimage\"},\"thumbnailUrl\":\"https:\\\/\\\/abes.org.br\\\/wp-content\\\/uploads\\\/2020\\\/09\\\/globa-retail-show-2020.jpg\",\"datePublished\":\"2020-09-08T00:00:00+00:00\",\"dateModified\":\"2020-09-24T17:38:24+00:00\",\"breadcrumb\":{\"@id\":\"https:\\\/\\\/abes.org.br\\\/global-retail-show-vai-reunir-lideres-do-varejo-e-consumo-no-mundo\\\/#breadcrumb\"},\"inLanguage\":\"en-US\",\"potentialAction\":[{\"@type\":\"ReadAction\",\"target\":[\"https:\\\/\\\/abes.org.br\\\/global-retail-show-vai-reunir-lideres-do-varejo-e-consumo-no-mundo\\\/\"]}]},{\"@type\":\"ImageObject\",\"inLanguage\":\"en-US\",\"@id\":\"https:\\\/\\\/abes.org.br\\\/global-retail-show-vai-reunir-lideres-do-varejo-e-consumo-no-mundo\\\/#primaryimage\",\"url\":\"https:\\\/\\\/abes.org.br\\\/wp-content\\\/uploads\\\/2020\\\/09\\\/globa-retail-show-2020.jpg\",\"contentUrl\":\"https:\\\/\\\/abes.org.br\\\/wp-content\\\/uploads\\\/2020\\\/09\\\/globa-retail-show-2020.jpg\",\"width\":1229,\"height\":691},{\"@type\":\"BreadcrumbList\",\"@id\":\"https:\\\/\\\/abes.org.br\\\/global-retail-show-vai-reunir-lideres-do-varejo-e-consumo-no-mundo\\\/#breadcrumb\",\"itemListElement\":[{\"@type\":\"ListItem\",\"position\":1,\"name\":\"In\u00edcio\",\"item\":\"https:\\\/\\\/abes.org.br\\\/\"},{\"@type\":\"ListItem\",\"position\":2,\"name\":\"Global Retail Show vai reunir l\u00edderes do varejo e consumo no mundo\"}]},{\"@type\":\"WebSite\",\"@id\":\"https:\\\/\\\/abes.org.br\\\/#website\",\"url\":\"https:\\\/\\\/abes.org.br\\\/\",\"name\":\"ABES\",\"description\":\"Associa\u00e7\u00e3o Brasileira das Empresas de Software\",\"publisher\":{\"@id\":\"https:\\\/\\\/abes.org.br\\\/#organization\"},\"potentialAction\":[{\"@type\":\"SearchAction\",\"target\":{\"@type\":\"EntryPoint\",\"urlTemplate\":\"https:\\\/\\\/abes.org.br\\\/?s={search_term_string}\"},\"query-input\":{\"@type\":\"PropertyValueSpecification\",\"valueRequired\":true,\"valueName\":\"search_term_string\"}}],\"inLanguage\":\"en-US\"},{\"@type\":\"Organization\",\"@id\":\"https:\\\/\\\/abes.org.br\\\/#organization\",\"name\":\"Associa\u00e7\u00e3o Brasileira das Empresas de Software\",\"url\":\"https:\\\/\\\/abes.org.br\\\/\",\"logo\":{\"@type\":\"ImageObject\",\"inLanguage\":\"en-US\",\"@id\":\"https:\\\/\\\/abes.org.br\\\/#\\\/schema\\\/logo\\\/image\\\/\",\"url\":\"https:\\\/\\\/abes.org.br\\\/wp-content\\\/uploads\\\/2020\\\/09\\\/logo_abes_marca_d_tagline_horizontal_verde-amarelo_cmyk.png\",\"contentUrl\":\"https:\\\/\\\/abes.org.br\\\/wp-content\\\/uploads\\\/2020\\\/09\\\/logo_abes_marca_d_tagline_horizontal_verde-amarelo_cmyk.png\",\"width\":324,\"height\":70,\"caption\":\"Associa\u00e7\u00e3o Brasileira das Empresas de Software\"},\"image\":{\"@id\":\"https:\\\/\\\/abes.org.br\\\/#\\\/schema\\\/logo\\\/image\\\/\"},\"sameAs\":[\"https:\\\/\\\/www.facebook.com\\\/ABES.software\",\"https:\\\/\\\/x.com\\\/ABES_SOFTWARE\",\"https:\\\/\\\/www.linkedin.com\\\/company\\\/abes-software\\\/\",\"https:\\\/\\\/www.instagram.com\\\/abes_software\\\/\"]},{\"@type\":\"Person\",\"@id\":\"https:\\\/\\\/abes.org.br\\\/#\\\/schema\\\/person\\\/1bad6bff859e7d56ec5664b01968e27e\",\"name\":\"prima-dev\",\"image\":{\"@type\":\"ImageObject\",\"inLanguage\":\"en-US\",\"@id\":\"https:\\\/\\\/secure.gravatar.com\\\/avatar\\\/039c6325210cecd393c57645bc755f7d13deed578fddf4dbfa87bc05dcbcfa4b?s=96&d=mm&r=g\",\"url\":\"https:\\\/\\\/secure.gravatar.com\\\/avatar\\\/039c6325210cecd393c57645bc755f7d13deed578fddf4dbfa87bc05dcbcfa4b?s=96&d=mm&r=g\",\"contentUrl\":\"https:\\\/\\\/secure.gravatar.com\\\/avatar\\\/039c6325210cecd393c57645bc755f7d13deed578fddf4dbfa87bc05dcbcfa4b?s=96&d=mm&r=g\",\"caption\":\"prima-dev\"},\"url\":\"https:\\\/\\\/abes.org.br\\\/en\\\/author\\\/prima-dev\\\/\"}]}<\/script>\n<!-- \/ Yoast SEO plugin. -->","yoast_head_json":{"title":"Global Retail Show will bring together retail and consumer leaders from around the world - ABES","robots":{"index":"index","follow":"follow","max-snippet":"max-snippet:-1","max-image-preview":"max-image-preview:large","max-video-preview":"max-video-preview:-1"},"canonical":"https:\/\/abes.org.br\/en\/global-retail-show-vai-reunir-lideres-do-varejo-e-consumo-no-mundo\/","og_locale":"en_US","og_type":"article","og_title":"Global Retail Show vai reunir l\u00edderes do varejo e consumo no mundo - ABES","og_description":"Durante sete dias, cerca de dez mil l\u00edderes em 30 pa\u00edses devem participar do evento que quer contribuir com as transforma\u00e7\u00f5es estrat\u00e9gicas no varejo e consumo do mundo p\u00f3s-Covid 19 Em sua primeira edi\u00e7\u00e3o, o GLOBAL RETAIL SHOW acontecer\u00e1 simultaneamente entre os dias 13 e 19 de setembro em pa\u00edses de diversos continentes em tempo [&hellip;]","og_url":"https:\/\/abes.org.br\/en\/global-retail-show-vai-reunir-lideres-do-varejo-e-consumo-no-mundo\/","og_site_name":"ABES","article_publisher":"https:\/\/www.facebook.com\/ABES.software","article_published_time":"2020-09-08T00:00:00+00:00","article_modified_time":"2020-09-24T17:38:24+00:00","og_image":[{"width":1229,"height":691,"url":"https:\/\/abes.org.br\/wp-content\/uploads\/2020\/09\/globa-retail-show-2020.jpg","type":"image\/jpeg"}],"author":"prima-dev","twitter_card":"summary_large_image","twitter_creator":"@ABES_SOFTWARE","twitter_site":"@ABES_SOFTWARE","twitter_misc":{"Written by":"prima-dev","Est. reading time":"4 minutes"},"schema":{"@context":"https:\/\/schema.org","@graph":[{"@type":"Article","@id":"https:\/\/abes.org.br\/global-retail-show-vai-reunir-lideres-do-varejo-e-consumo-no-mundo\/#article","isPartOf":{"@id":"https:\/\/abes.org.br\/global-retail-show-vai-reunir-lideres-do-varejo-e-consumo-no-mundo\/"},"author":{"name":"prima-dev","@id":"https:\/\/abes.org.br\/#\/schema\/person\/1bad6bff859e7d56ec5664b01968e27e"},"headline":"Global Retail Show vai reunir l\u00edderes do varejo e consumo no mundo","datePublished":"2020-09-08T00:00:00+00:00","dateModified":"2020-09-24T17:38:24+00:00","mainEntityOfPage":{"@id":"https:\/\/abes.org.br\/global-retail-show-vai-reunir-lideres-do-varejo-e-consumo-no-mundo\/"},"wordCount":713,"publisher":{"@id":"https:\/\/abes.org.br\/#organization"},"image":{"@id":"https:\/\/abes.org.br\/global-retail-show-vai-reunir-lideres-do-varejo-e-consumo-no-mundo\/#primaryimage"},"thumbnailUrl":"https:\/\/abes.org.br\/wp-content\/uploads\/2020\/09\/globa-retail-show-2020.jpg","articleSection":["-Coluna 3","\u00daltimas not\u00edcias"],"inLanguage":"en-US"},{"@type":"WebPage","@id":"https:\/\/abes.org.br\/global-retail-show-vai-reunir-lideres-do-varejo-e-consumo-no-mundo\/","url":"https:\/\/abes.org.br\/global-retail-show-vai-reunir-lideres-do-varejo-e-consumo-no-mundo\/","name":"Global Retail Show will bring together retail and consumer leaders from around the world - ABES","isPartOf":{"@id":"https:\/\/abes.org.br\/#website"},"primaryImageOfPage":{"@id":"https:\/\/abes.org.br\/global-retail-show-vai-reunir-lideres-do-varejo-e-consumo-no-mundo\/#primaryimage"},"image":{"@id":"https:\/\/abes.org.br\/global-retail-show-vai-reunir-lideres-do-varejo-e-consumo-no-mundo\/#primaryimage"},"thumbnailUrl":"https:\/\/abes.org.br\/wp-content\/uploads\/2020\/09\/globa-retail-show-2020.jpg","datePublished":"2020-09-08T00:00:00+00:00","dateModified":"2020-09-24T17:38:24+00:00","breadcrumb":{"@id":"https:\/\/abes.org.br\/global-retail-show-vai-reunir-lideres-do-varejo-e-consumo-no-mundo\/#breadcrumb"},"inLanguage":"en-US","potentialAction":[{"@type":"ReadAction","target":["https:\/\/abes.org.br\/global-retail-show-vai-reunir-lideres-do-varejo-e-consumo-no-mundo\/"]}]},{"@type":"ImageObject","inLanguage":"en-US","@id":"https:\/\/abes.org.br\/global-retail-show-vai-reunir-lideres-do-varejo-e-consumo-no-mundo\/#primaryimage","url":"https:\/\/abes.org.br\/wp-content\/uploads\/2020\/09\/globa-retail-show-2020.jpg","contentUrl":"https:\/\/abes.org.br\/wp-content\/uploads\/2020\/09\/globa-retail-show-2020.jpg","width":1229,"height":691},{"@type":"BreadcrumbList","@id":"https:\/\/abes.org.br\/global-retail-show-vai-reunir-lideres-do-varejo-e-consumo-no-mundo\/#breadcrumb","itemListElement":[{"@type":"ListItem","position":1,"name":"In\u00edcio","item":"https:\/\/abes.org.br\/"},{"@type":"ListItem","position":2,"name":"Global Retail Show vai reunir l\u00edderes do varejo e consumo no mundo"}]},{"@type":"WebSite","@id":"https:\/\/abes.org.br\/#website","url":"https:\/\/abes.org.br\/","name":"ABES","description":"Brazilian Association of Software Companies","publisher":{"@id":"https:\/\/abes.org.br\/#organization"},"potentialAction":[{"@type":"SearchAction","target":{"@type":"EntryPoint","urlTemplate":"https:\/\/abes.org.br\/?s={search_term_string}"},"query-input":{"@type":"PropertyValueSpecification","valueRequired":true,"valueName":"search_term_string"}}],"inLanguage":"en-US"},{"@type":"Organization","@id":"https:\/\/abes.org.br\/#organization","name":"Brazilian Association of Software Companies","url":"https:\/\/abes.org.br\/","logo":{"@type":"ImageObject","inLanguage":"en-US","@id":"https:\/\/abes.org.br\/#\/schema\/logo\/image\/","url":"https:\/\/abes.org.br\/wp-content\/uploads\/2020\/09\/logo_abes_marca_d_tagline_horizontal_verde-amarelo_cmyk.png","contentUrl":"https:\/\/abes.org.br\/wp-content\/uploads\/2020\/09\/logo_abes_marca_d_tagline_horizontal_verde-amarelo_cmyk.png","width":324,"height":70,"caption":"Associa\u00e7\u00e3o Brasileira das Empresas de Software"},"image":{"@id":"https:\/\/abes.org.br\/#\/schema\/logo\/image\/"},"sameAs":["https:\/\/www.facebook.com\/ABES.software","https:\/\/x.com\/ABES_SOFTWARE","https:\/\/www.linkedin.com\/company\/abes-software\/","https:\/\/www.instagram.com\/abes_software\/"]},{"@type":"Person","@id":"https:\/\/abes.org.br\/#\/schema\/person\/1bad6bff859e7d56ec5664b01968e27e","name":"prima-dev","image":{"@type":"ImageObject","inLanguage":"en-US","@id":"https:\/\/secure.gravatar.com\/avatar\/039c6325210cecd393c57645bc755f7d13deed578fddf4dbfa87bc05dcbcfa4b?s=96&d=mm&r=g","url":"https:\/\/secure.gravatar.com\/avatar\/039c6325210cecd393c57645bc755f7d13deed578fddf4dbfa87bc05dcbcfa4b?s=96&d=mm&r=g","contentUrl":"https:\/\/secure.gravatar.com\/avatar\/039c6325210cecd393c57645bc755f7d13deed578fddf4dbfa87bc05dcbcfa4b?s=96&d=mm&r=g","caption":"prima-dev"},"url":"https:\/\/abes.org.br\/en\/author\/prima-dev\/"}]}},"publishpress_future_action":{"enabled":false,"date":"2026-05-04 02:41:22","action":"change-status","newStatus":"draft","terms":[],"taxonomy":"category","extraData":[]},"publishpress_future_workflow_manual_trigger":{"enabledWorkflows":[]},"_links":{"self":[{"href":"https:\/\/abes.org.br\/en\/wp-json\/wp\/v2\/posts\/10549","targetHints":{"allow":["GET"]}}],"collection":[{"href":"https:\/\/abes.org.br\/en\/wp-json\/wp\/v2\/posts"}],"about":[{"href":"https:\/\/abes.org.br\/en\/wp-json\/wp\/v2\/types\/post"}],"author":[{"embeddable":true,"href":"https:\/\/abes.org.br\/en\/wp-json\/wp\/v2\/users\/2"}],"replies":[{"embeddable":true,"href":"https:\/\/abes.org.br\/en\/wp-json\/wp\/v2\/comments?post=10549"}],"version-history":[{"count":1,"href":"https:\/\/abes.org.br\/en\/wp-json\/wp\/v2\/posts\/10549\/revisions"}],"predecessor-version":[{"id":23132,"href":"https:\/\/abes.org.br\/en\/wp-json\/wp\/v2\/posts\/10549\/revisions\/23132"}],"wp:featuredmedia":[{"embeddable":true,"href":"https:\/\/abes.org.br\/en\/wp-json\/wp\/v2\/media\/18108"}],"wp:attachment":[{"href":"https:\/\/abes.org.br\/en\/wp-json\/wp\/v2\/media?parent=10549"}],"wp:term":[{"taxonomy":"category","embeddable":true,"href":"https:\/\/abes.org.br\/en\/wp-json\/wp\/v2\/categories?post=10549"},{"taxonomy":"post_tag","embeddable":true,"href":"https:\/\/abes.org.br\/en\/wp-json\/wp\/v2\/tags?post=10549"}],"curies":[{"name":"wp","href":"https:\/\/api.w.org\/{rel}","templated":true}]}}