{"id":10543,"date":"2020-09-04T00:00:00","date_gmt":"2020-09-04T00:00:00","guid":{"rendered":"https:\/\/abes.org.br\/?p=10543"},"modified":"2020-09-04T00:00:00","modified_gmt":"2020-09-04T00:00:00","slug":"um-programa-para-dentro-e-para-fora-da-porteira","status":"publish","type":"post","link":"https:\/\/abes.org.br\/en\/um-programa-para-dentro-e-para-fora-da-porteira\/","title":{"rendered":"ABDI&#039;s Agro 4.0 program notice will receive applications until 09\/26"},"content":{"rendered":"<div style=\"text-align: justify;\">\n<p>\n\t<img decoding=\"async\" alt=\"\" src=\"\/wp-content\/uploads\/anterior\/Imagens\/ABDI%20-%20Agro%204_0.PNG\" style=\"width: 350px; height: 140px;\" \/><\/p>\n<p>\tThe Agro 4.0 program, launched by ABDI in partnership with MAPA, MCTI and ME, covers the entire Brazilian agribusiness ecosystem in the dissemination and adoption of digital technologies.<\/p>\n<p>\tThere are no barriers to technology in agribusiness and it is the digital transformation that unites the system, connecting retail, industry and agriculture. The program <a href=\"https:\/\/agro40.abdi.com.br\/SitePages\/Layout\/index.aspx\">Agro 4.0<\/a> promotes the adoption of digital technologies in the field. The launch of the program took place this Thursday (3\/9) with a webinar, bringing together representatives of the partners (<a href=\"https:\/\/www.gov.br\/agricultura\/pt-br\">MAP<\/a>, <a href=\"https:\/\/www.gov.br\/mcti\/pt-br\">MCTI<\/a>, <a href=\"https:\/\/www.gov.br\/economia\/pt-br\">ME<\/a> and ABDI) and the Parliamentary Front for Agriculture. <strong>The notice for the Agro 4.0 program is now available and will receive entries until the 26th of September<\/strong>. R$ 4.8 million will be invested in 14 pilot projects for the adoption and diffusion of 4.0 technologies.<\/p>\n<p>\tThe Agro 4.0 launch event was attended by federal deputy Alceu Moreira (MDB-RS), president of the Parliamentary Front for Agriculture; Cleber Soares, Director of Innovation at the Ministry of Agriculture, Livestock and Supply (MAPA); Gustavo Ene, Secretary of Development, Industry, Trade and Innovation, Ministry of Economy; Paulo Alvim, Secretary of Entrepreneurship and Innovation at the Ministry of Science, Technology and Innovation (MCTI); and the president of the Brazilian Agency for Industrial Development (ABDI), Igor Calvet, as well as the manager of the Agency&#039;s Technology Diffusion Unit, Bruno Jorge.<\/p>\n<p>\t\u201cAgro 4.0 symbolizes the beginning of a program that has everything to be successful. First, because it touches on an important problem in our economy, which is the increasing productivity gain in our agriculture; and then because it is an important joint exercise between several actors, bringing together several ministries and ABDI\u201d, highlighted Igor Calvet, president of ABDI.<\/p>\n<p>\tFor deputy Alceu Moreira, it is necessary to think of the field as a whole. \u201cAgriculture does not begin and end at the gate, but on the factory floor, when equipment for mechanized agriculture is made, and continues on the factory floor when we talk about agroindustry,\u201d he said.<\/p>\n<p>\tThe challenge of connectivity, productivity, sustainability and qualification of rural workers permeated the debate. According to the Innovation director at MAPA, Cleber Soares, rural people need technological know-how and it is necessary to promote distance learning (EaD) for the countryside. \u201cAgro 4.0 is the first concrete program to leverage digital agriculture for Brazil,\u201d he said.<\/p>\n<p>\tFor the Secretary of the MCTI, Paulo Alvim, it is also necessary to &quot;strengthen the state research network, which is closer to the field, adapting the universities to the field&#039;s needs.&quot; And all this goes through greater connectivity. \u201cConnectivity brings challenges since the cost is very competitive and productivity is very high inside the country, and there is still a lot to be developed outside the country,\u201d said Secretary Gustavo Ene, from the Ministry of Economy.<\/p>\n<p>\tBruno Jorge, from ABDI, recalled that Agro 4.0 works with producers, agribusiness and the platform layer \u201cthat provide an integrated vision of the agribusiness chain. The notice will bring visibility to the digitization movement that is already happening in the field\u201d, he said.<\/p>\n<p>\tfull webinar <a href=\"https:\/\/www.abdi.com.br\/postagem\/um-programa-para-dentro-e-para-fora-da-porteira\">on here<\/a>.<\/p>\n<p>\t<em>Source: ABES Portal with ABDI<\/em><br \/>\n\t&nbsp;<\/div>","protected":false},"excerpt":{"rendered":"<p>O programa Agro 4.0, lan&ccedil;ado pela ABDI em parceria com o MAPA, MCTI e ME, abrange todo o ecossistema do agroneg&oacute;cio brasileiro na difus&atilde;o e ado&ccedil;&atilde;o de tecnologias digitais. N&atilde;o existem porteiras para a tecnologia no agroneg&oacute;cio e &eacute; a transforma&ccedil;&atilde;o digital que une o sistema, conectando varejo, ind&uacute;stria e agricultura. O programa Agro 4.0 [&hellip;]<\/p>\n","protected":false},"author":2,"featured_media":0,"comment_status":"closed","ping_status":"open","sticky":false,"template":"","format":"standard","meta":{"_acf_changed":false,"_et_pb_use_builder":"","_et_pb_old_content":"","_et_gb_content_width":"","footnotes":""},"categories":[19],"tags":[],"class_list":["post-10543","post","type-post","status-publish","format-standard","hentry","category-ultimas-noticias"],"acf":[],"yoast_head":"<!-- This site is optimized with the Yoast SEO plugin v27.3 - https:\/\/yoast.com\/product\/yoast-seo-wordpress\/ -->\n<title>Edital do programa Agro 4.0, da ABDI, receber\u00e1 inscri\u00e7\u00f5es at\u00e9 26\/09 - ABES<\/title>\n<meta name=\"robots\" content=\"index, follow, max-snippet:-1, max-image-preview:large, max-video-preview:-1\" \/>\n<link rel=\"canonical\" href=\"https:\/\/abes.org.br\/en\/um-programa-para-dentro-e-para-fora-da-porteira\/\" \/>\n<meta property=\"og:locale\" content=\"en_US\" \/>\n<meta property=\"og:type\" content=\"article\" \/>\n<meta property=\"og:title\" content=\"Edital do programa Agro 4.0, da ABDI, receber\u00e1 inscri\u00e7\u00f5es at\u00e9 26\/09 - ABES\" \/>\n<meta property=\"og:description\" content=\"O programa Agro 4.0, lan&ccedil;ado pela ABDI em parceria com o MAPA, MCTI e ME, abrange todo o ecossistema do agroneg&oacute;cio brasileiro na difus&atilde;o e ado&ccedil;&atilde;o de tecnologias digitais. N&atilde;o existem porteiras para a tecnologia no agroneg&oacute;cio e &eacute; a transforma&ccedil;&atilde;o digital que une o sistema, conectando varejo, ind&uacute;stria e agricultura. O programa Agro 4.0 [&hellip;]\" \/>\n<meta property=\"og:url\" content=\"https:\/\/abes.org.br\/en\/um-programa-para-dentro-e-para-fora-da-porteira\/\" \/>\n<meta property=\"og:site_name\" content=\"ABES\" \/>\n<meta property=\"article:publisher\" content=\"https:\/\/www.facebook.com\/ABES.software\" \/>\n<meta property=\"article:published_time\" content=\"2020-09-04T00:00:00+00:00\" \/>\n<meta property=\"og:image\" content=\"https:\/\/abes.org.br\/wp-content\/uploads\/2021\/01\/logo_abes_marca_tagline_horizontal_colorido_rgb.png\" \/>\n\t<meta property=\"og:image:width\" content=\"3509\" \/>\n\t<meta property=\"og:image:height\" content=\"2482\" \/>\n\t<meta property=\"og:image:type\" content=\"image\/png\" \/>\n<meta name=\"author\" content=\"prima-dev\" \/>\n<meta name=\"twitter:card\" content=\"summary_large_image\" \/>\n<meta name=\"twitter:creator\" content=\"@ABES_SOFTWARE\" \/>\n<meta name=\"twitter:site\" content=\"@ABES_SOFTWARE\" \/>\n<meta name=\"twitter:label1\" content=\"Written by\" \/>\n\t<meta name=\"twitter:data1\" content=\"prima-dev\" \/>\n\t<meta name=\"twitter:label2\" content=\"Est. reading time\" \/>\n\t<meta name=\"twitter:data2\" content=\"3 minutes\" \/>\n<script type=\"application\/ld+json\" class=\"yoast-schema-graph\">{\"@context\":\"https:\\\/\\\/schema.org\",\"@graph\":[{\"@type\":\"Article\",\"@id\":\"https:\\\/\\\/abes.org.br\\\/en\\\/um-programa-para-dentro-e-para-fora-da-porteira\\\/#article\",\"isPartOf\":{\"@id\":\"https:\\\/\\\/abes.org.br\\\/en\\\/um-programa-para-dentro-e-para-fora-da-porteira\\\/\"},\"author\":{\"name\":\"prima-dev\",\"@id\":\"https:\\\/\\\/abes.org.br\\\/#\\\/schema\\\/person\\\/1bad6bff859e7d56ec5664b01968e27e\"},\"headline\":\"Edital do programa Agro 4.0, da ABDI, receber\u00e1 inscri\u00e7\u00f5es at\u00e9 26\\\/09\",\"datePublished\":\"2020-09-04T00:00:00+00:00\",\"mainEntityOfPage\":{\"@id\":\"https:\\\/\\\/abes.org.br\\\/en\\\/um-programa-para-dentro-e-para-fora-da-porteira\\\/\"},\"wordCount\":676,\"publisher\":{\"@id\":\"https:\\\/\\\/abes.org.br\\\/#organization\"},\"articleSection\":[\"\u00daltimas not\u00edcias\"],\"inLanguage\":\"en-US\"},{\"@type\":\"WebPage\",\"@id\":\"https:\\\/\\\/abes.org.br\\\/en\\\/um-programa-para-dentro-e-para-fora-da-porteira\\\/\",\"url\":\"https:\\\/\\\/abes.org.br\\\/en\\\/um-programa-para-dentro-e-para-fora-da-porteira\\\/\",\"name\":\"Edital do programa Agro 4.0, da ABDI, receber\u00e1 inscri\u00e7\u00f5es at\u00e9 26\\\/09 - ABES\",\"isPartOf\":{\"@id\":\"https:\\\/\\\/abes.org.br\\\/#website\"},\"datePublished\":\"2020-09-04T00:00:00+00:00\",\"breadcrumb\":{\"@id\":\"https:\\\/\\\/abes.org.br\\\/en\\\/um-programa-para-dentro-e-para-fora-da-porteira\\\/#breadcrumb\"},\"inLanguage\":\"en-US\",\"potentialAction\":[{\"@type\":\"ReadAction\",\"target\":[\"https:\\\/\\\/abes.org.br\\\/en\\\/um-programa-para-dentro-e-para-fora-da-porteira\\\/\"]}]},{\"@type\":\"BreadcrumbList\",\"@id\":\"https:\\\/\\\/abes.org.br\\\/en\\\/um-programa-para-dentro-e-para-fora-da-porteira\\\/#breadcrumb\",\"itemListElement\":[{\"@type\":\"ListItem\",\"position\":1,\"name\":\"In\u00edcio\",\"item\":\"https:\\\/\\\/abes.org.br\\\/\"},{\"@type\":\"ListItem\",\"position\":2,\"name\":\"Edital do programa Agro 4.0, da ABDI, receber\u00e1 inscri\u00e7\u00f5es at\u00e9 26\\\/09\"}]},{\"@type\":\"WebSite\",\"@id\":\"https:\\\/\\\/abes.org.br\\\/#website\",\"url\":\"https:\\\/\\\/abes.org.br\\\/\",\"name\":\"ABES\",\"description\":\"Associa\u00e7\u00e3o Brasileira das Empresas de Software\",\"publisher\":{\"@id\":\"https:\\\/\\\/abes.org.br\\\/#organization\"},\"potentialAction\":[{\"@type\":\"SearchAction\",\"target\":{\"@type\":\"EntryPoint\",\"urlTemplate\":\"https:\\\/\\\/abes.org.br\\\/?s={search_term_string}\"},\"query-input\":{\"@type\":\"PropertyValueSpecification\",\"valueRequired\":true,\"valueName\":\"search_term_string\"}}],\"inLanguage\":\"en-US\"},{\"@type\":\"Organization\",\"@id\":\"https:\\\/\\\/abes.org.br\\\/#organization\",\"name\":\"Associa\u00e7\u00e3o Brasileira das Empresas de Software\",\"url\":\"https:\\\/\\\/abes.org.br\\\/\",\"logo\":{\"@type\":\"ImageObject\",\"inLanguage\":\"en-US\",\"@id\":\"https:\\\/\\\/abes.org.br\\\/#\\\/schema\\\/logo\\\/image\\\/\",\"url\":\"https:\\\/\\\/abes.org.br\\\/wp-content\\\/uploads\\\/2020\\\/09\\\/logo_abes_marca_d_tagline_horizontal_verde-amarelo_cmyk.png\",\"contentUrl\":\"https:\\\/\\\/abes.org.br\\\/wp-content\\\/uploads\\\/2020\\\/09\\\/logo_abes_marca_d_tagline_horizontal_verde-amarelo_cmyk.png\",\"width\":324,\"height\":70,\"caption\":\"Associa\u00e7\u00e3o Brasileira das Empresas de Software\"},\"image\":{\"@id\":\"https:\\\/\\\/abes.org.br\\\/#\\\/schema\\\/logo\\\/image\\\/\"},\"sameAs\":[\"https:\\\/\\\/www.facebook.com\\\/ABES.software\",\"https:\\\/\\\/x.com\\\/ABES_SOFTWARE\",\"https:\\\/\\\/www.linkedin.com\\\/company\\\/abes-software\\\/\",\"https:\\\/\\\/www.instagram.com\\\/abes_software\\\/\"]},{\"@type\":\"Person\",\"@id\":\"https:\\\/\\\/abes.org.br\\\/#\\\/schema\\\/person\\\/1bad6bff859e7d56ec5664b01968e27e\",\"name\":\"prima-dev\",\"image\":{\"@type\":\"ImageObject\",\"inLanguage\":\"en-US\",\"@id\":\"https:\\\/\\\/secure.gravatar.com\\\/avatar\\\/039c6325210cecd393c57645bc755f7d13deed578fddf4dbfa87bc05dcbcfa4b?s=96&d=mm&r=g\",\"url\":\"https:\\\/\\\/secure.gravatar.com\\\/avatar\\\/039c6325210cecd393c57645bc755f7d13deed578fddf4dbfa87bc05dcbcfa4b?s=96&d=mm&r=g\",\"contentUrl\":\"https:\\\/\\\/secure.gravatar.com\\\/avatar\\\/039c6325210cecd393c57645bc755f7d13deed578fddf4dbfa87bc05dcbcfa4b?s=96&d=mm&r=g\",\"caption\":\"prima-dev\"},\"url\":\"https:\\\/\\\/abes.org.br\\\/en\\\/author\\\/prima-dev\\\/\"}]}<\/script>\n<!-- \/ Yoast SEO plugin. -->","yoast_head_json":{"title":"Edital do programa Agro 4.0, da ABDI, receber\u00e1 inscri\u00e7\u00f5es at\u00e9 26\/09 - ABES","robots":{"index":"index","follow":"follow","max-snippet":"max-snippet:-1","max-image-preview":"max-image-preview:large","max-video-preview":"max-video-preview:-1"},"canonical":"https:\/\/abes.org.br\/en\/um-programa-para-dentro-e-para-fora-da-porteira\/","og_locale":"en_US","og_type":"article","og_title":"Edital do programa Agro 4.0, da ABDI, receber\u00e1 inscri\u00e7\u00f5es at\u00e9 26\/09 - ABES","og_description":"O programa Agro 4.0, lan&ccedil;ado pela ABDI em parceria com o MAPA, MCTI e ME, abrange todo o ecossistema do agroneg&oacute;cio brasileiro na difus&atilde;o e ado&ccedil;&atilde;o de tecnologias digitais. N&atilde;o existem porteiras para a tecnologia no agroneg&oacute;cio e &eacute; a transforma&ccedil;&atilde;o digital que une o sistema, conectando varejo, ind&uacute;stria e agricultura. O programa Agro 4.0 [&hellip;]","og_url":"https:\/\/abes.org.br\/en\/um-programa-para-dentro-e-para-fora-da-porteira\/","og_site_name":"ABES","article_publisher":"https:\/\/www.facebook.com\/ABES.software","article_published_time":"2020-09-04T00:00:00+00:00","og_image":[{"width":3509,"height":2482,"url":"https:\/\/abes.org.br\/wp-content\/uploads\/2021\/01\/logo_abes_marca_tagline_horizontal_colorido_rgb.png","type":"image\/png"}],"author":"prima-dev","twitter_card":"summary_large_image","twitter_creator":"@ABES_SOFTWARE","twitter_site":"@ABES_SOFTWARE","twitter_misc":{"Written by":"prima-dev","Est. reading time":"3 minutes"},"schema":{"@context":"https:\/\/schema.org","@graph":[{"@type":"Article","@id":"https:\/\/abes.org.br\/en\/um-programa-para-dentro-e-para-fora-da-porteira\/#article","isPartOf":{"@id":"https:\/\/abes.org.br\/en\/um-programa-para-dentro-e-para-fora-da-porteira\/"},"author":{"name":"prima-dev","@id":"https:\/\/abes.org.br\/#\/schema\/person\/1bad6bff859e7d56ec5664b01968e27e"},"headline":"Edital do programa Agro 4.0, da ABDI, receber\u00e1 inscri\u00e7\u00f5es at\u00e9 26\/09","datePublished":"2020-09-04T00:00:00+00:00","mainEntityOfPage":{"@id":"https:\/\/abes.org.br\/en\/um-programa-para-dentro-e-para-fora-da-porteira\/"},"wordCount":676,"publisher":{"@id":"https:\/\/abes.org.br\/#organization"},"articleSection":["\u00daltimas not\u00edcias"],"inLanguage":"en-US"},{"@type":"WebPage","@id":"https:\/\/abes.org.br\/en\/um-programa-para-dentro-e-para-fora-da-porteira\/","url":"https:\/\/abes.org.br\/en\/um-programa-para-dentro-e-para-fora-da-porteira\/","name":"Edital do programa Agro 4.0, da ABDI, receber\u00e1 inscri\u00e7\u00f5es at\u00e9 26\/09 - ABES","isPartOf":{"@id":"https:\/\/abes.org.br\/#website"},"datePublished":"2020-09-04T00:00:00+00:00","breadcrumb":{"@id":"https:\/\/abes.org.br\/en\/um-programa-para-dentro-e-para-fora-da-porteira\/#breadcrumb"},"inLanguage":"en-US","potentialAction":[{"@type":"ReadAction","target":["https:\/\/abes.org.br\/en\/um-programa-para-dentro-e-para-fora-da-porteira\/"]}]},{"@type":"BreadcrumbList","@id":"https:\/\/abes.org.br\/en\/um-programa-para-dentro-e-para-fora-da-porteira\/#breadcrumb","itemListElement":[{"@type":"ListItem","position":1,"name":"In\u00edcio","item":"https:\/\/abes.org.br\/"},{"@type":"ListItem","position":2,"name":"Edital do programa Agro 4.0, da ABDI, receber\u00e1 inscri\u00e7\u00f5es at\u00e9 26\/09"}]},{"@type":"WebSite","@id":"https:\/\/abes.org.br\/#website","url":"https:\/\/abes.org.br\/","name":"ABES","description":"Brazilian Association of Software Companies","publisher":{"@id":"https:\/\/abes.org.br\/#organization"},"potentialAction":[{"@type":"SearchAction","target":{"@type":"EntryPoint","urlTemplate":"https:\/\/abes.org.br\/?s={search_term_string}"},"query-input":{"@type":"PropertyValueSpecification","valueRequired":true,"valueName":"search_term_string"}}],"inLanguage":"en-US"},{"@type":"Organization","@id":"https:\/\/abes.org.br\/#organization","name":"Brazilian Association of Software Companies","url":"https:\/\/abes.org.br\/","logo":{"@type":"ImageObject","inLanguage":"en-US","@id":"https:\/\/abes.org.br\/#\/schema\/logo\/image\/","url":"https:\/\/abes.org.br\/wp-content\/uploads\/2020\/09\/logo_abes_marca_d_tagline_horizontal_verde-amarelo_cmyk.png","contentUrl":"https:\/\/abes.org.br\/wp-content\/uploads\/2020\/09\/logo_abes_marca_d_tagline_horizontal_verde-amarelo_cmyk.png","width":324,"height":70,"caption":"Associa\u00e7\u00e3o Brasileira das Empresas de Software"},"image":{"@id":"https:\/\/abes.org.br\/#\/schema\/logo\/image\/"},"sameAs":["https:\/\/www.facebook.com\/ABES.software","https:\/\/x.com\/ABES_SOFTWARE","https:\/\/www.linkedin.com\/company\/abes-software\/","https:\/\/www.instagram.com\/abes_software\/"]},{"@type":"Person","@id":"https:\/\/abes.org.br\/#\/schema\/person\/1bad6bff859e7d56ec5664b01968e27e","name":"prima-dev","image":{"@type":"ImageObject","inLanguage":"en-US","@id":"https:\/\/secure.gravatar.com\/avatar\/039c6325210cecd393c57645bc755f7d13deed578fddf4dbfa87bc05dcbcfa4b?s=96&d=mm&r=g","url":"https:\/\/secure.gravatar.com\/avatar\/039c6325210cecd393c57645bc755f7d13deed578fddf4dbfa87bc05dcbcfa4b?s=96&d=mm&r=g","contentUrl":"https:\/\/secure.gravatar.com\/avatar\/039c6325210cecd393c57645bc755f7d13deed578fddf4dbfa87bc05dcbcfa4b?s=96&d=mm&r=g","caption":"prima-dev"},"url":"https:\/\/abes.org.br\/en\/author\/prima-dev\/"}]}},"publishpress_future_action":{"enabled":false,"date":"2026-05-04 02:14:37","action":"change-status","newStatus":"draft","terms":[],"taxonomy":"category","extraData":[]},"publishpress_future_workflow_manual_trigger":{"enabledWorkflows":[]},"_links":{"self":[{"href":"https:\/\/abes.org.br\/en\/wp-json\/wp\/v2\/posts\/10543","targetHints":{"allow":["GET"]}}],"collection":[{"href":"https:\/\/abes.org.br\/en\/wp-json\/wp\/v2\/posts"}],"about":[{"href":"https:\/\/abes.org.br\/en\/wp-json\/wp\/v2\/types\/post"}],"author":[{"embeddable":true,"href":"https:\/\/abes.org.br\/en\/wp-json\/wp\/v2\/users\/2"}],"replies":[{"embeddable":true,"href":"https:\/\/abes.org.br\/en\/wp-json\/wp\/v2\/comments?post=10543"}],"version-history":[{"count":0,"href":"https:\/\/abes.org.br\/en\/wp-json\/wp\/v2\/posts\/10543\/revisions"}],"wp:attachment":[{"href":"https:\/\/abes.org.br\/en\/wp-json\/wp\/v2\/media?parent=10543"}],"wp:term":[{"taxonomy":"category","embeddable":true,"href":"https:\/\/abes.org.br\/en\/wp-json\/wp\/v2\/categories?post=10543"},{"taxonomy":"post_tag","embeddable":true,"href":"https:\/\/abes.org.br\/en\/wp-json\/wp\/v2\/tags?post=10543"}],"curies":[{"name":"wp","href":"https:\/\/api.w.org\/{rel}","templated":true}]}}