{"id":10533,"date":"2020-09-02T00:00:00","date_gmt":"2020-09-02T00:00:00","guid":{"rendered":"https:\/\/abes.org.br\/?p=10533"},"modified":"2020-09-24T14:42:58","modified_gmt":"2020-09-24T17:42:58","slug":"nao-e-o-momento-de-se-fazer-uma-reforma-tributaria-avalia-everardo-maciel","status":"publish","type":"post","link":"https:\/\/abes.org.br\/en\/nao-e-o-momento-de-se-fazer-uma-reforma-tributaria-avalia-everardo-maciel\/","title":{"rendered":"This is not the time to do tax reform, says Everardo Maciel"},"content":{"rendered":"<div style=\"text-align: justify;\">\n<p><img decoding=\"async\" style=\"width: 360px; height: 204px;\" src=\"\/wp-content\/uploads\/anterior\/Imagens\/reforma.PNG\" alt=\"\" \/><\/p>\n<p>On 08\/31, ABES promoted the webinar <a href=\"https:\/\/www.youtube.com\/watch?v=_ecmUrLM6Pw&amp;list=PL2X1JJqBpAkOvAJ7KS25L7wFzIUUQHMih\"><strong>ABES NOVOS TEMPOS: How is the competitiveness of the Brazilian software sector with the new tax reform?<\/strong><\/a>, which had the support of the Movimento Brasil, Pa\u00eds Digital; in addition to the companies Bertha Capital, BR Angels, Bossa Nova Investimentos, Kyvo and Startup Farm - partners of the ABES Startup Internship Program.<\/p>\n<p>Economist Everardo Maciel was the main panelist. He has a career dedicated to studies in the area, having been Secretary of the Federal Revenue (1995-2002). He is currently a tax consultant and professor at the Brasiliense Institute of Public Law - IDP and the TRF-1 School of Magistrates, in addition to being a member of the International Academy of Law and Economics and the Advisory Council of the CNJ - National Council of Justice. The moderation was carried out by Leonardo Barreto, political scientist, doctor at UnB and director of Vector An\u00e1lise.<\/p>\n<p>The participants were welcomed by Francisco Camargo, president of ABES&#039;s deliberative council, who said that all tax reform proposals have a profound impact on the IT services sector. On the other hand, he recalled that the sector is fundamental to guarantee Brazilian competitiveness now and in the future, and it is necessary to prevent Brazil from losing the \u201ctram of history\u201d.<\/p>\n<p>When talking about the Tax Reform, Everardo commented that there is a huge degree of ignorance and the terms are used as if they represent a \u201cmagic potion\u201d. He also said that tax systems everywhere in the world are political-cultural constructions, marked by conflicts of interest, naturally complex, subject to different interpretations over time and surrounded by some myths. It is up to tax administrators to make these systems operable.<\/p>\n<p>In his assessment, the reform proposals need to be accompanied by studies, and it is also necessary to delve into the hidden agendas behind the suggestions, such as the idea of the union of the PIS \/ Confins collection, which are basically the same taxes, but are distinguished for the destination of the collected resources.<\/p>\n<p>Everardo considers that it is not the time to carry out a Tax Reform, in view of the pandemic, it is important to first resolve the problems generated by the economic crisis. He cited as an example the postponement of the collection of federal taxes in the period, which affected the Union&#039;s cash, but it is not yet known whether companies will have money when this period ends.<\/p>\n<p>The economist also discussed the concept of fiscal war vs. fiscal competition; on the judicialization of tax issues and how to reduce litigation; the impacts of bureaucratism; about the complexities in the ICMS rates, among other issues.<\/p>\n<p>Watch the full webinar at this link: <a href=\"https:\/\/www.youtube.com\/watch?v=_ecmUrLM6Pw&amp;list=PL2X1JJqBpAkOvAJ7KS25L7wFzIUUQHMih\">https:\/\/www.youtube.com\/watch?v=_ecmUrLM6Pw&amp;list=PL2X1JJqBpAkOvAJ7KS25L7wFzIUUQHMih<\/a><\/p>\n<\/div>","protected":false},"excerpt":{"rendered":"<p>No dia 31\/08, a ABES promoveu o webinar ABES NOVOS TEMPOS: Como fica a competitividade do setor de software brasileiro com a nova reforma tribut\u00e1ria?, que contou com o apoio do Movimento Brasil, Pa\u00eds Digital; al\u00e9m das empresas Bertha Capital, BR Angels, Bossa Nova Investimentos, Kyvo e Startup Farm &#8211; parceiras do ABES Startup Internship [&hellip;]<\/p>\n","protected":false},"author":2,"featured_media":0,"comment_status":"closed","ping_status":"open","sticky":false,"template":"","format":"standard","meta":{"_acf_changed":false,"_et_pb_use_builder":"","_et_pb_old_content":"","_et_gb_content_width":"","footnotes":""},"categories":[39,19],"tags":[],"class_list":["post-10533","post","type-post","status-publish","format-standard","hentry","category-coluna-4","category-ultimas-noticias"],"acf":[],"yoast_head":"<!-- This site is optimized with the Yoast SEO plugin v27.3 - https:\/\/yoast.com\/product\/yoast-seo-wordpress\/ -->\n<title>N\u00e3o \u00e9 o momento de se fazer uma reforma tribut\u00e1ria, avalia Everardo Maciel - ABES<\/title>\n<meta name=\"robots\" content=\"index, follow, max-snippet:-1, max-image-preview:large, max-video-preview:-1\" \/>\n<link rel=\"canonical\" href=\"https:\/\/abes.org.br\/en\/nao-e-o-momento-de-se-fazer-uma-reforma-tributaria-avalia-everardo-maciel\/\" \/>\n<meta property=\"og:locale\" content=\"en_US\" \/>\n<meta property=\"og:type\" content=\"article\" \/>\n<meta property=\"og:title\" content=\"N\u00e3o \u00e9 o momento de se fazer uma reforma tribut\u00e1ria, avalia Everardo Maciel - ABES\" \/>\n<meta property=\"og:description\" content=\"No dia 31\/08, a ABES promoveu o webinar ABES NOVOS TEMPOS: Como fica a competitividade do setor de software brasileiro com a nova reforma tribut\u00e1ria?, que contou com o apoio do Movimento Brasil, Pa\u00eds Digital; al\u00e9m das empresas Bertha Capital, BR Angels, Bossa Nova Investimentos, Kyvo e Startup Farm &#8211; parceiras do ABES Startup Internship [&hellip;]\" \/>\n<meta property=\"og:url\" content=\"https:\/\/abes.org.br\/en\/nao-e-o-momento-de-se-fazer-uma-reforma-tributaria-avalia-everardo-maciel\/\" \/>\n<meta property=\"og:site_name\" content=\"ABES\" \/>\n<meta property=\"article:publisher\" content=\"https:\/\/www.facebook.com\/ABES.software\" \/>\n<meta property=\"article:published_time\" content=\"2020-09-02T00:00:00+00:00\" \/>\n<meta property=\"article:modified_time\" content=\"2020-09-24T17:42:58+00:00\" \/>\n<meta property=\"og:image\" content=\"https:\/\/abes.org.br\/wp-content\/uploads\/2021\/01\/logo_abes_marca_tagline_horizontal_colorido_rgb.png\" \/>\n\t<meta property=\"og:image:width\" content=\"3509\" \/>\n\t<meta property=\"og:image:height\" content=\"2482\" \/>\n\t<meta property=\"og:image:type\" content=\"image\/png\" \/>\n<meta name=\"author\" content=\"prima-dev\" \/>\n<meta name=\"twitter:card\" content=\"summary_large_image\" \/>\n<meta name=\"twitter:creator\" content=\"@ABES_SOFTWARE\" \/>\n<meta name=\"twitter:site\" content=\"@ABES_SOFTWARE\" \/>\n<meta name=\"twitter:label1\" content=\"Written by\" \/>\n\t<meta name=\"twitter:data1\" content=\"prima-dev\" \/>\n\t<meta name=\"twitter:label2\" content=\"Est. reading time\" \/>\n\t<meta name=\"twitter:data2\" content=\"2 minutes\" \/>\n<script type=\"application\/ld+json\" class=\"yoast-schema-graph\">{\"@context\":\"https:\\\/\\\/schema.org\",\"@graph\":[{\"@type\":\"Article\",\"@id\":\"https:\\\/\\\/abes.org.br\\\/nao-e-o-momento-de-se-fazer-uma-reforma-tributaria-avalia-everardo-maciel\\\/#article\",\"isPartOf\":{\"@id\":\"https:\\\/\\\/abes.org.br\\\/nao-e-o-momento-de-se-fazer-uma-reforma-tributaria-avalia-everardo-maciel\\\/\"},\"author\":{\"name\":\"prima-dev\",\"@id\":\"https:\\\/\\\/abes.org.br\\\/#\\\/schema\\\/person\\\/1bad6bff859e7d56ec5664b01968e27e\"},\"headline\":\"N\u00e3o \u00e9 o momento de se fazer uma reforma tribut\u00e1ria, avalia Everardo Maciel\",\"datePublished\":\"2020-09-02T00:00:00+00:00\",\"dateModified\":\"2020-09-24T17:42:58+00:00\",\"mainEntityOfPage\":{\"@id\":\"https:\\\/\\\/abes.org.br\\\/nao-e-o-momento-de-se-fazer-uma-reforma-tributaria-avalia-everardo-maciel\\\/\"},\"wordCount\":502,\"publisher\":{\"@id\":\"https:\\\/\\\/abes.org.br\\\/#organization\"},\"articleSection\":[\"-Coluna 4\",\"\u00daltimas not\u00edcias\"],\"inLanguage\":\"en-US\"},{\"@type\":\"WebPage\",\"@id\":\"https:\\\/\\\/abes.org.br\\\/nao-e-o-momento-de-se-fazer-uma-reforma-tributaria-avalia-everardo-maciel\\\/\",\"url\":\"https:\\\/\\\/abes.org.br\\\/nao-e-o-momento-de-se-fazer-uma-reforma-tributaria-avalia-everardo-maciel\\\/\",\"name\":\"N\u00e3o \u00e9 o momento de se fazer uma reforma tribut\u00e1ria, avalia Everardo Maciel - ABES\",\"isPartOf\":{\"@id\":\"https:\\\/\\\/abes.org.br\\\/#website\"},\"datePublished\":\"2020-09-02T00:00:00+00:00\",\"dateModified\":\"2020-09-24T17:42:58+00:00\",\"breadcrumb\":{\"@id\":\"https:\\\/\\\/abes.org.br\\\/nao-e-o-momento-de-se-fazer-uma-reforma-tributaria-avalia-everardo-maciel\\\/#breadcrumb\"},\"inLanguage\":\"en-US\",\"potentialAction\":[{\"@type\":\"ReadAction\",\"target\":[\"https:\\\/\\\/abes.org.br\\\/nao-e-o-momento-de-se-fazer-uma-reforma-tributaria-avalia-everardo-maciel\\\/\"]}]},{\"@type\":\"BreadcrumbList\",\"@id\":\"https:\\\/\\\/abes.org.br\\\/nao-e-o-momento-de-se-fazer-uma-reforma-tributaria-avalia-everardo-maciel\\\/#breadcrumb\",\"itemListElement\":[{\"@type\":\"ListItem\",\"position\":1,\"name\":\"In\u00edcio\",\"item\":\"https:\\\/\\\/abes.org.br\\\/\"},{\"@type\":\"ListItem\",\"position\":2,\"name\":\"N\u00e3o \u00e9 o momento de se fazer uma reforma tribut\u00e1ria, avalia Everardo Maciel\"}]},{\"@type\":\"WebSite\",\"@id\":\"https:\\\/\\\/abes.org.br\\\/#website\",\"url\":\"https:\\\/\\\/abes.org.br\\\/\",\"name\":\"ABES\",\"description\":\"Associa\u00e7\u00e3o Brasileira das Empresas de Software\",\"publisher\":{\"@id\":\"https:\\\/\\\/abes.org.br\\\/#organization\"},\"potentialAction\":[{\"@type\":\"SearchAction\",\"target\":{\"@type\":\"EntryPoint\",\"urlTemplate\":\"https:\\\/\\\/abes.org.br\\\/?s={search_term_string}\"},\"query-input\":{\"@type\":\"PropertyValueSpecification\",\"valueRequired\":true,\"valueName\":\"search_term_string\"}}],\"inLanguage\":\"en-US\"},{\"@type\":\"Organization\",\"@id\":\"https:\\\/\\\/abes.org.br\\\/#organization\",\"name\":\"Associa\u00e7\u00e3o Brasileira das Empresas de Software\",\"url\":\"https:\\\/\\\/abes.org.br\\\/\",\"logo\":{\"@type\":\"ImageObject\",\"inLanguage\":\"en-US\",\"@id\":\"https:\\\/\\\/abes.org.br\\\/#\\\/schema\\\/logo\\\/image\\\/\",\"url\":\"https:\\\/\\\/abes.org.br\\\/wp-content\\\/uploads\\\/2020\\\/09\\\/logo_abes_marca_d_tagline_horizontal_verde-amarelo_cmyk.png\",\"contentUrl\":\"https:\\\/\\\/abes.org.br\\\/wp-content\\\/uploads\\\/2020\\\/09\\\/logo_abes_marca_d_tagline_horizontal_verde-amarelo_cmyk.png\",\"width\":324,\"height\":70,\"caption\":\"Associa\u00e7\u00e3o Brasileira das Empresas de Software\"},\"image\":{\"@id\":\"https:\\\/\\\/abes.org.br\\\/#\\\/schema\\\/logo\\\/image\\\/\"},\"sameAs\":[\"https:\\\/\\\/www.facebook.com\\\/ABES.software\",\"https:\\\/\\\/x.com\\\/ABES_SOFTWARE\",\"https:\\\/\\\/www.linkedin.com\\\/company\\\/abes-software\\\/\",\"https:\\\/\\\/www.instagram.com\\\/abes_software\\\/\"]},{\"@type\":\"Person\",\"@id\":\"https:\\\/\\\/abes.org.br\\\/#\\\/schema\\\/person\\\/1bad6bff859e7d56ec5664b01968e27e\",\"name\":\"prima-dev\",\"image\":{\"@type\":\"ImageObject\",\"inLanguage\":\"en-US\",\"@id\":\"https:\\\/\\\/secure.gravatar.com\\\/avatar\\\/039c6325210cecd393c57645bc755f7d13deed578fddf4dbfa87bc05dcbcfa4b?s=96&d=mm&r=g\",\"url\":\"https:\\\/\\\/secure.gravatar.com\\\/avatar\\\/039c6325210cecd393c57645bc755f7d13deed578fddf4dbfa87bc05dcbcfa4b?s=96&d=mm&r=g\",\"contentUrl\":\"https:\\\/\\\/secure.gravatar.com\\\/avatar\\\/039c6325210cecd393c57645bc755f7d13deed578fddf4dbfa87bc05dcbcfa4b?s=96&d=mm&r=g\",\"caption\":\"prima-dev\"},\"url\":\"https:\\\/\\\/abes.org.br\\\/en\\\/author\\\/prima-dev\\\/\"}]}<\/script>\n<!-- \/ Yoast SEO plugin. -->","yoast_head_json":{"title":"N\u00e3o \u00e9 o momento de se fazer uma reforma tribut\u00e1ria, avalia Everardo Maciel - ABES","robots":{"index":"index","follow":"follow","max-snippet":"max-snippet:-1","max-image-preview":"max-image-preview:large","max-video-preview":"max-video-preview:-1"},"canonical":"https:\/\/abes.org.br\/en\/nao-e-o-momento-de-se-fazer-uma-reforma-tributaria-avalia-everardo-maciel\/","og_locale":"en_US","og_type":"article","og_title":"N\u00e3o \u00e9 o momento de se fazer uma reforma tribut\u00e1ria, avalia Everardo Maciel - ABES","og_description":"No dia 31\/08, a ABES promoveu o webinar ABES NOVOS TEMPOS: Como fica a competitividade do setor de software brasileiro com a nova reforma tribut\u00e1ria?, que contou com o apoio do Movimento Brasil, Pa\u00eds Digital; al\u00e9m das empresas Bertha Capital, BR Angels, Bossa Nova Investimentos, Kyvo e Startup Farm &#8211; parceiras do ABES Startup Internship [&hellip;]","og_url":"https:\/\/abes.org.br\/en\/nao-e-o-momento-de-se-fazer-uma-reforma-tributaria-avalia-everardo-maciel\/","og_site_name":"ABES","article_publisher":"https:\/\/www.facebook.com\/ABES.software","article_published_time":"2020-09-02T00:00:00+00:00","article_modified_time":"2020-09-24T17:42:58+00:00","og_image":[{"width":3509,"height":2482,"url":"https:\/\/abes.org.br\/wp-content\/uploads\/2021\/01\/logo_abes_marca_tagline_horizontal_colorido_rgb.png","type":"image\/png"}],"author":"prima-dev","twitter_card":"summary_large_image","twitter_creator":"@ABES_SOFTWARE","twitter_site":"@ABES_SOFTWARE","twitter_misc":{"Written by":"prima-dev","Est. reading time":"2 minutes"},"schema":{"@context":"https:\/\/schema.org","@graph":[{"@type":"Article","@id":"https:\/\/abes.org.br\/nao-e-o-momento-de-se-fazer-uma-reforma-tributaria-avalia-everardo-maciel\/#article","isPartOf":{"@id":"https:\/\/abes.org.br\/nao-e-o-momento-de-se-fazer-uma-reforma-tributaria-avalia-everardo-maciel\/"},"author":{"name":"prima-dev","@id":"https:\/\/abes.org.br\/#\/schema\/person\/1bad6bff859e7d56ec5664b01968e27e"},"headline":"N\u00e3o \u00e9 o momento de se fazer uma reforma tribut\u00e1ria, avalia Everardo Maciel","datePublished":"2020-09-02T00:00:00+00:00","dateModified":"2020-09-24T17:42:58+00:00","mainEntityOfPage":{"@id":"https:\/\/abes.org.br\/nao-e-o-momento-de-se-fazer-uma-reforma-tributaria-avalia-everardo-maciel\/"},"wordCount":502,"publisher":{"@id":"https:\/\/abes.org.br\/#organization"},"articleSection":["-Coluna 4","\u00daltimas not\u00edcias"],"inLanguage":"en-US"},{"@type":"WebPage","@id":"https:\/\/abes.org.br\/nao-e-o-momento-de-se-fazer-uma-reforma-tributaria-avalia-everardo-maciel\/","url":"https:\/\/abes.org.br\/nao-e-o-momento-de-se-fazer-uma-reforma-tributaria-avalia-everardo-maciel\/","name":"N\u00e3o \u00e9 o momento de se fazer uma reforma tribut\u00e1ria, avalia Everardo Maciel - ABES","isPartOf":{"@id":"https:\/\/abes.org.br\/#website"},"datePublished":"2020-09-02T00:00:00+00:00","dateModified":"2020-09-24T17:42:58+00:00","breadcrumb":{"@id":"https:\/\/abes.org.br\/nao-e-o-momento-de-se-fazer-uma-reforma-tributaria-avalia-everardo-maciel\/#breadcrumb"},"inLanguage":"en-US","potentialAction":[{"@type":"ReadAction","target":["https:\/\/abes.org.br\/nao-e-o-momento-de-se-fazer-uma-reforma-tributaria-avalia-everardo-maciel\/"]}]},{"@type":"BreadcrumbList","@id":"https:\/\/abes.org.br\/nao-e-o-momento-de-se-fazer-uma-reforma-tributaria-avalia-everardo-maciel\/#breadcrumb","itemListElement":[{"@type":"ListItem","position":1,"name":"In\u00edcio","item":"https:\/\/abes.org.br\/"},{"@type":"ListItem","position":2,"name":"N\u00e3o \u00e9 o momento de se fazer uma reforma tribut\u00e1ria, avalia Everardo Maciel"}]},{"@type":"WebSite","@id":"https:\/\/abes.org.br\/#website","url":"https:\/\/abes.org.br\/","name":"ABES","description":"Brazilian Association of Software Companies","publisher":{"@id":"https:\/\/abes.org.br\/#organization"},"potentialAction":[{"@type":"SearchAction","target":{"@type":"EntryPoint","urlTemplate":"https:\/\/abes.org.br\/?s={search_term_string}"},"query-input":{"@type":"PropertyValueSpecification","valueRequired":true,"valueName":"search_term_string"}}],"inLanguage":"en-US"},{"@type":"Organization","@id":"https:\/\/abes.org.br\/#organization","name":"Brazilian Association of Software Companies","url":"https:\/\/abes.org.br\/","logo":{"@type":"ImageObject","inLanguage":"en-US","@id":"https:\/\/abes.org.br\/#\/schema\/logo\/image\/","url":"https:\/\/abes.org.br\/wp-content\/uploads\/2020\/09\/logo_abes_marca_d_tagline_horizontal_verde-amarelo_cmyk.png","contentUrl":"https:\/\/abes.org.br\/wp-content\/uploads\/2020\/09\/logo_abes_marca_d_tagline_horizontal_verde-amarelo_cmyk.png","width":324,"height":70,"caption":"Associa\u00e7\u00e3o Brasileira das Empresas de Software"},"image":{"@id":"https:\/\/abes.org.br\/#\/schema\/logo\/image\/"},"sameAs":["https:\/\/www.facebook.com\/ABES.software","https:\/\/x.com\/ABES_SOFTWARE","https:\/\/www.linkedin.com\/company\/abes-software\/","https:\/\/www.instagram.com\/abes_software\/"]},{"@type":"Person","@id":"https:\/\/abes.org.br\/#\/schema\/person\/1bad6bff859e7d56ec5664b01968e27e","name":"prima-dev","image":{"@type":"ImageObject","inLanguage":"en-US","@id":"https:\/\/secure.gravatar.com\/avatar\/039c6325210cecd393c57645bc755f7d13deed578fddf4dbfa87bc05dcbcfa4b?s=96&d=mm&r=g","url":"https:\/\/secure.gravatar.com\/avatar\/039c6325210cecd393c57645bc755f7d13deed578fddf4dbfa87bc05dcbcfa4b?s=96&d=mm&r=g","contentUrl":"https:\/\/secure.gravatar.com\/avatar\/039c6325210cecd393c57645bc755f7d13deed578fddf4dbfa87bc05dcbcfa4b?s=96&d=mm&r=g","caption":"prima-dev"},"url":"https:\/\/abes.org.br\/en\/author\/prima-dev\/"}]}},"publishpress_future_action":{"enabled":false,"date":"2026-05-03 23:14:17","action":"change-status","newStatus":"draft","terms":[],"taxonomy":"category","extraData":[]},"publishpress_future_workflow_manual_trigger":{"enabledWorkflows":[]},"_links":{"self":[{"href":"https:\/\/abes.org.br\/en\/wp-json\/wp\/v2\/posts\/10533","targetHints":{"allow":["GET"]}}],"collection":[{"href":"https:\/\/abes.org.br\/en\/wp-json\/wp\/v2\/posts"}],"about":[{"href":"https:\/\/abes.org.br\/en\/wp-json\/wp\/v2\/types\/post"}],"author":[{"embeddable":true,"href":"https:\/\/abes.org.br\/en\/wp-json\/wp\/v2\/users\/2"}],"replies":[{"embeddable":true,"href":"https:\/\/abes.org.br\/en\/wp-json\/wp\/v2\/comments?post=10533"}],"version-history":[{"count":1,"href":"https:\/\/abes.org.br\/en\/wp-json\/wp\/v2\/posts\/10533\/revisions"}],"predecessor-version":[{"id":23142,"href":"https:\/\/abes.org.br\/en\/wp-json\/wp\/v2\/posts\/10533\/revisions\/23142"}],"wp:attachment":[{"href":"https:\/\/abes.org.br\/en\/wp-json\/wp\/v2\/media?parent=10533"}],"wp:term":[{"taxonomy":"category","embeddable":true,"href":"https:\/\/abes.org.br\/en\/wp-json\/wp\/v2\/categories?post=10533"},{"taxonomy":"post_tag","embeddable":true,"href":"https:\/\/abes.org.br\/en\/wp-json\/wp\/v2\/tags?post=10533"}],"curies":[{"name":"wp","href":"https:\/\/api.w.org\/{rel}","templated":true}]}}