{"id":10528,"date":"2020-09-01T00:00:00","date_gmt":"2020-09-01T00:00:00","guid":{"rendered":"https:\/\/abes.org.br\/?p=10528"},"modified":"2020-09-24T14:43:02","modified_gmt":"2020-09-24T17:43:02","slug":"conexao-amazonia-evento-apresenta-regiao-norte-como-polo-de-ti-para-startups-e-empreendedores-digitais","status":"publish","type":"post","link":"https:\/\/abes.org.br\/en\/conexao-amazonia-evento-apresenta-regiao-norte-como-polo-de-ti-para-startups-e-empreendedores-digitais\/","title":{"rendered":"Conex\u00e3o Amaz\u00f4nia: event presents the North region as an IT hub for startups and digital entrepreneurs"},"content":{"rendered":"<div style=\"text-align: justify;\">\n<p>Free program includes lectures with experts, analysis of success cases and virtual matchmaking event with investors<\/p>\n<p>THE <strong>Softex Amaz\u00f4nia will promote between September 2nd and October 6th the \u201cConnection Amazon<\/strong>\u201d, A series of free events for companies and entrepreneurs interested in learning about the Priority Program for Innovative Entrepreneurship (PPEI) * and the benefits offered to companies and startups interested in operating in the technology ecosystem of the Western Amazon.<\/p>\n<p>\u201cIt will be an opportunity for a better understanding of the immense potential of the North region as a generator of new innovative businesses, as well as for the exchange of experiences and networking\u201d, explains Ana Pires, project manager at Softex Amaz\u00f4nia.<\/p>\n<p>With startups, technology companies and the entrepreneurial community as target audiences, the \u201cConex\u00e3o Amaz\u00f4nia\u201d programming will present in detail the scope of the PPEI, the roadmap for accessing investments, success stories of startups and companies benefited by the program, the ICTs and training programs available.<\/p>\n<p>Among the speakers, among other specialists, are Leopoldo Montenegro, coordinator of Articulation and Monitoring of Technological Policy at the Superintendence of the Manaus Free Trade Zone (SUFRAMA), Marcos Bregantin, senior manager of new business development at Flex Brasil; Paulo Melo, senior new business manager at Sidia, a Research and Development institute based in Manaus; Andre\u00b4 Nunes, COO &amp; Director of Beta-i Brasi Programs; Fredson Encarna\u00e7\u00e3o, CEO of the accelerator FabriQ; as well as executives from Fox Manager, Hidreo and eMercado startups.<\/p>\n<p>In the program, we highlight the free meeting \u201cConex\u00e3o Amaz\u00f4nia\u201d, to be held virtually next Wednesday, 09\/16, starting at 10 am (Bras\u00edlia time). Among the confirmed speakers are Geraldo Feitoza, CEO of the Technological Development Institute of Manaus (INDT); Camila Borges, Training Manager at Huawei in Brazil; Celso de Azevedo co-founder of I2A2 (Institute of Applied Artificial Intelligence) and Vera Cabral head of education at Microsoft Brazil.<\/p>\n<p>In the opportunity, Huawei will announce the details of its free professional training program. \u201cWe know that this is fundamental everywhere and, especially, in regions like the Amazon. Technology, innovation and professional training of the population are essential to provide a better life for people and preserve nature \u201d, points out Camila Borges, training manager at Huawei in Brazil.<\/p>\n<p>On September 30, as part of the schedule, Conex\u00e3o Neg\u00f3cios will be held, a matchmaking activity between Softex Amaz\u00f4nia&#039;s portfolio, digital projects and startups of major investors.<\/p>\n<p>\u201cThis event is another important step to contribute to the economic development of the Amazon and to the generation of a new technological pole capable of offering innovative products and services\u201d, concludes Ana Pires.<\/p>\n<p>Detailed information and registration at the address <a href=\"https:\/\/conexaoamazonia.softexamazonia.com.br\/\">https:\/\/conexaoamazonia.softexamazonia.com.br\/<\/a><\/p>\n<p>* PPEI is an initiative of the Committee for Research and Development Activities in the Amazon, inserted in the R&amp;D area of the Manaus Free Trade Zone Superintendence (SUFRAMA), linked to the Ministry of Economy. Responsible for the policies to strengthen the Manaus Industrial Pole (PIM) and to stimulate the development of its area of operation, SUFRAMA identifies regional potentialities and creates conditions to transform them into business opportunities.<\/p>\n<\/div>","protected":false},"excerpt":{"rendered":"<p>Programa\u00e7\u00e3o gratuita inclui palestras com especialistas, an\u00e1lise de casos de sucesso e evento virtual de matchmaking com investidores A Softex Amaz\u00f4nia promover\u00e1 entre os dias 2 de setembro e 6 de outubro o \u201cConex\u00e3o Amaz\u00f4nia\u201d, uma s\u00e9rie de eventos gratuitos para empresas e empreendedores interessados em conhecer o Programa Priorit\u00e1rio de Empreendedorismo Inovador (PPEI)* e [&hellip;]<\/p>\n","protected":false},"author":2,"featured_media":0,"comment_status":"closed","ping_status":"open","sticky":false,"template":"","format":"standard","meta":{"_acf_changed":false,"_et_pb_use_builder":"","_et_pb_old_content":"","_et_gb_content_width":"","footnotes":""},"categories":[39,19],"tags":[],"class_list":["post-10528","post","type-post","status-publish","format-standard","hentry","category-coluna-4","category-ultimas-noticias"],"acf":[],"yoast_head":"<!-- This site is optimized with the Yoast SEO plugin v27.3 - https:\/\/yoast.com\/product\/yoast-seo-wordpress\/ -->\n<title>Conex\u00e3o Amaz\u00f4nia: evento apresenta regi\u00e3o Norte como polo de TI para startups e empreendedores digitais - ABES<\/title>\n<meta name=\"robots\" content=\"index, follow, max-snippet:-1, max-image-preview:large, max-video-preview:-1\" \/>\n<link rel=\"canonical\" href=\"https:\/\/abes.org.br\/en\/conexao-amazonia-evento-apresenta-regiao-norte-como-polo-de-ti-para-startups-e-empreendedores-digitais\/\" \/>\n<meta property=\"og:locale\" content=\"en_US\" \/>\n<meta property=\"og:type\" content=\"article\" \/>\n<meta property=\"og:title\" content=\"Conex\u00e3o Amaz\u00f4nia: evento apresenta regi\u00e3o Norte como polo de TI para startups e empreendedores digitais - ABES\" \/>\n<meta property=\"og:description\" content=\"Programa\u00e7\u00e3o gratuita inclui palestras com especialistas, an\u00e1lise de casos de sucesso e evento virtual de matchmaking com investidores A Softex Amaz\u00f4nia promover\u00e1 entre os dias 2 de setembro e 6 de outubro o \u201cConex\u00e3o Amaz\u00f4nia\u201d, uma s\u00e9rie de eventos gratuitos para empresas e empreendedores interessados em conhecer o Programa Priorit\u00e1rio de Empreendedorismo Inovador (PPEI)* e [&hellip;]\" \/>\n<meta property=\"og:url\" content=\"https:\/\/abes.org.br\/en\/conexao-amazonia-evento-apresenta-regiao-norte-como-polo-de-ti-para-startups-e-empreendedores-digitais\/\" \/>\n<meta property=\"og:site_name\" content=\"ABES\" \/>\n<meta property=\"article:publisher\" content=\"https:\/\/www.facebook.com\/ABES.software\" \/>\n<meta property=\"article:published_time\" content=\"2020-09-01T00:00:00+00:00\" \/>\n<meta property=\"article:modified_time\" content=\"2020-09-24T17:43:02+00:00\" \/>\n<meta property=\"og:image\" content=\"https:\/\/abes.org.br\/wp-content\/uploads\/2021\/01\/logo_abes_marca_tagline_horizontal_colorido_rgb.png\" \/>\n\t<meta property=\"og:image:width\" content=\"3509\" \/>\n\t<meta property=\"og:image:height\" content=\"2482\" \/>\n\t<meta property=\"og:image:type\" content=\"image\/png\" \/>\n<meta name=\"author\" content=\"prima-dev\" \/>\n<meta name=\"twitter:card\" content=\"summary_large_image\" \/>\n<meta name=\"twitter:creator\" content=\"@ABES_SOFTWARE\" \/>\n<meta name=\"twitter:site\" content=\"@ABES_SOFTWARE\" \/>\n<meta name=\"twitter:label1\" content=\"Written by\" \/>\n\t<meta name=\"twitter:data1\" content=\"prima-dev\" \/>\n\t<meta name=\"twitter:label2\" content=\"Est. reading time\" \/>\n\t<meta name=\"twitter:data2\" content=\"3 minutes\" \/>\n<script type=\"application\/ld+json\" class=\"yoast-schema-graph\">{\"@context\":\"https:\\\/\\\/schema.org\",\"@graph\":[{\"@type\":\"Article\",\"@id\":\"https:\\\/\\\/abes.org.br\\\/conexao-amazonia-evento-apresenta-regiao-norte-como-polo-de-ti-para-startups-e-empreendedores-digitais\\\/#article\",\"isPartOf\":{\"@id\":\"https:\\\/\\\/abes.org.br\\\/conexao-amazonia-evento-apresenta-regiao-norte-como-polo-de-ti-para-startups-e-empreendedores-digitais\\\/\"},\"author\":{\"name\":\"prima-dev\",\"@id\":\"https:\\\/\\\/abes.org.br\\\/#\\\/schema\\\/person\\\/1bad6bff859e7d56ec5664b01968e27e\"},\"headline\":\"Conex\u00e3o Amaz\u00f4nia: evento apresenta regi\u00e3o Norte como polo de TI para startups e empreendedores digitais\",\"datePublished\":\"2020-09-01T00:00:00+00:00\",\"dateModified\":\"2020-09-24T17:43:02+00:00\",\"mainEntityOfPage\":{\"@id\":\"https:\\\/\\\/abes.org.br\\\/conexao-amazonia-evento-apresenta-regiao-norte-como-polo-de-ti-para-startups-e-empreendedores-digitais\\\/\"},\"wordCount\":600,\"publisher\":{\"@id\":\"https:\\\/\\\/abes.org.br\\\/#organization\"},\"articleSection\":[\"-Coluna 4\",\"\u00daltimas not\u00edcias\"],\"inLanguage\":\"en-US\"},{\"@type\":\"WebPage\",\"@id\":\"https:\\\/\\\/abes.org.br\\\/conexao-amazonia-evento-apresenta-regiao-norte-como-polo-de-ti-para-startups-e-empreendedores-digitais\\\/\",\"url\":\"https:\\\/\\\/abes.org.br\\\/conexao-amazonia-evento-apresenta-regiao-norte-como-polo-de-ti-para-startups-e-empreendedores-digitais\\\/\",\"name\":\"Conex\u00e3o Amaz\u00f4nia: evento apresenta regi\u00e3o Norte como polo de TI para startups e empreendedores digitais - ABES\",\"isPartOf\":{\"@id\":\"https:\\\/\\\/abes.org.br\\\/#website\"},\"datePublished\":\"2020-09-01T00:00:00+00:00\",\"dateModified\":\"2020-09-24T17:43:02+00:00\",\"breadcrumb\":{\"@id\":\"https:\\\/\\\/abes.org.br\\\/conexao-amazonia-evento-apresenta-regiao-norte-como-polo-de-ti-para-startups-e-empreendedores-digitais\\\/#breadcrumb\"},\"inLanguage\":\"en-US\",\"potentialAction\":[{\"@type\":\"ReadAction\",\"target\":[\"https:\\\/\\\/abes.org.br\\\/conexao-amazonia-evento-apresenta-regiao-norte-como-polo-de-ti-para-startups-e-empreendedores-digitais\\\/\"]}]},{\"@type\":\"BreadcrumbList\",\"@id\":\"https:\\\/\\\/abes.org.br\\\/conexao-amazonia-evento-apresenta-regiao-norte-como-polo-de-ti-para-startups-e-empreendedores-digitais\\\/#breadcrumb\",\"itemListElement\":[{\"@type\":\"ListItem\",\"position\":1,\"name\":\"In\u00edcio\",\"item\":\"https:\\\/\\\/abes.org.br\\\/\"},{\"@type\":\"ListItem\",\"position\":2,\"name\":\"Conex\u00e3o Amaz\u00f4nia: evento apresenta regi\u00e3o Norte como polo de TI para startups e empreendedores digitais\"}]},{\"@type\":\"WebSite\",\"@id\":\"https:\\\/\\\/abes.org.br\\\/#website\",\"url\":\"https:\\\/\\\/abes.org.br\\\/\",\"name\":\"ABES\",\"description\":\"Associa\u00e7\u00e3o Brasileira das Empresas de Software\",\"publisher\":{\"@id\":\"https:\\\/\\\/abes.org.br\\\/#organization\"},\"potentialAction\":[{\"@type\":\"SearchAction\",\"target\":{\"@type\":\"EntryPoint\",\"urlTemplate\":\"https:\\\/\\\/abes.org.br\\\/?s={search_term_string}\"},\"query-input\":{\"@type\":\"PropertyValueSpecification\",\"valueRequired\":true,\"valueName\":\"search_term_string\"}}],\"inLanguage\":\"en-US\"},{\"@type\":\"Organization\",\"@id\":\"https:\\\/\\\/abes.org.br\\\/#organization\",\"name\":\"Associa\u00e7\u00e3o Brasileira das Empresas de Software\",\"url\":\"https:\\\/\\\/abes.org.br\\\/\",\"logo\":{\"@type\":\"ImageObject\",\"inLanguage\":\"en-US\",\"@id\":\"https:\\\/\\\/abes.org.br\\\/#\\\/schema\\\/logo\\\/image\\\/\",\"url\":\"https:\\\/\\\/abes.org.br\\\/wp-content\\\/uploads\\\/2020\\\/09\\\/logo_abes_marca_d_tagline_horizontal_verde-amarelo_cmyk.png\",\"contentUrl\":\"https:\\\/\\\/abes.org.br\\\/wp-content\\\/uploads\\\/2020\\\/09\\\/logo_abes_marca_d_tagline_horizontal_verde-amarelo_cmyk.png\",\"width\":324,\"height\":70,\"caption\":\"Associa\u00e7\u00e3o Brasileira das Empresas de Software\"},\"image\":{\"@id\":\"https:\\\/\\\/abes.org.br\\\/#\\\/schema\\\/logo\\\/image\\\/\"},\"sameAs\":[\"https:\\\/\\\/www.facebook.com\\\/ABES.software\",\"https:\\\/\\\/x.com\\\/ABES_SOFTWARE\",\"https:\\\/\\\/www.linkedin.com\\\/company\\\/abes-software\\\/\",\"https:\\\/\\\/www.instagram.com\\\/abes_software\\\/\"]},{\"@type\":\"Person\",\"@id\":\"https:\\\/\\\/abes.org.br\\\/#\\\/schema\\\/person\\\/1bad6bff859e7d56ec5664b01968e27e\",\"name\":\"prima-dev\",\"image\":{\"@type\":\"ImageObject\",\"inLanguage\":\"en-US\",\"@id\":\"https:\\\/\\\/secure.gravatar.com\\\/avatar\\\/039c6325210cecd393c57645bc755f7d13deed578fddf4dbfa87bc05dcbcfa4b?s=96&d=mm&r=g\",\"url\":\"https:\\\/\\\/secure.gravatar.com\\\/avatar\\\/039c6325210cecd393c57645bc755f7d13deed578fddf4dbfa87bc05dcbcfa4b?s=96&d=mm&r=g\",\"contentUrl\":\"https:\\\/\\\/secure.gravatar.com\\\/avatar\\\/039c6325210cecd393c57645bc755f7d13deed578fddf4dbfa87bc05dcbcfa4b?s=96&d=mm&r=g\",\"caption\":\"prima-dev\"},\"url\":\"https:\\\/\\\/abes.org.br\\\/en\\\/author\\\/prima-dev\\\/\"}]}<\/script>\n<!-- \/ Yoast SEO plugin. -->","yoast_head_json":{"title":"Conex\u00e3o Amaz\u00f4nia: evento apresenta regi\u00e3o Norte como polo de TI para startups e empreendedores digitais - ABES","robots":{"index":"index","follow":"follow","max-snippet":"max-snippet:-1","max-image-preview":"max-image-preview:large","max-video-preview":"max-video-preview:-1"},"canonical":"https:\/\/abes.org.br\/en\/conexao-amazonia-evento-apresenta-regiao-norte-como-polo-de-ti-para-startups-e-empreendedores-digitais\/","og_locale":"en_US","og_type":"article","og_title":"Conex\u00e3o Amaz\u00f4nia: evento apresenta regi\u00e3o Norte como polo de TI para startups e empreendedores digitais - ABES","og_description":"Programa\u00e7\u00e3o gratuita inclui palestras com especialistas, an\u00e1lise de casos de sucesso e evento virtual de matchmaking com investidores A Softex Amaz\u00f4nia promover\u00e1 entre os dias 2 de setembro e 6 de outubro o \u201cConex\u00e3o Amaz\u00f4nia\u201d, uma s\u00e9rie de eventos gratuitos para empresas e empreendedores interessados em conhecer o Programa Priorit\u00e1rio de Empreendedorismo Inovador (PPEI)* e [&hellip;]","og_url":"https:\/\/abes.org.br\/en\/conexao-amazonia-evento-apresenta-regiao-norte-como-polo-de-ti-para-startups-e-empreendedores-digitais\/","og_site_name":"ABES","article_publisher":"https:\/\/www.facebook.com\/ABES.software","article_published_time":"2020-09-01T00:00:00+00:00","article_modified_time":"2020-09-24T17:43:02+00:00","og_image":[{"width":3509,"height":2482,"url":"https:\/\/abes.org.br\/wp-content\/uploads\/2021\/01\/logo_abes_marca_tagline_horizontal_colorido_rgb.png","type":"image\/png"}],"author":"prima-dev","twitter_card":"summary_large_image","twitter_creator":"@ABES_SOFTWARE","twitter_site":"@ABES_SOFTWARE","twitter_misc":{"Written by":"prima-dev","Est. reading time":"3 minutes"},"schema":{"@context":"https:\/\/schema.org","@graph":[{"@type":"Article","@id":"https:\/\/abes.org.br\/conexao-amazonia-evento-apresenta-regiao-norte-como-polo-de-ti-para-startups-e-empreendedores-digitais\/#article","isPartOf":{"@id":"https:\/\/abes.org.br\/conexao-amazonia-evento-apresenta-regiao-norte-como-polo-de-ti-para-startups-e-empreendedores-digitais\/"},"author":{"name":"prima-dev","@id":"https:\/\/abes.org.br\/#\/schema\/person\/1bad6bff859e7d56ec5664b01968e27e"},"headline":"Conex\u00e3o Amaz\u00f4nia: evento apresenta regi\u00e3o Norte como polo de TI para startups e empreendedores digitais","datePublished":"2020-09-01T00:00:00+00:00","dateModified":"2020-09-24T17:43:02+00:00","mainEntityOfPage":{"@id":"https:\/\/abes.org.br\/conexao-amazonia-evento-apresenta-regiao-norte-como-polo-de-ti-para-startups-e-empreendedores-digitais\/"},"wordCount":600,"publisher":{"@id":"https:\/\/abes.org.br\/#organization"},"articleSection":["-Coluna 4","\u00daltimas not\u00edcias"],"inLanguage":"en-US"},{"@type":"WebPage","@id":"https:\/\/abes.org.br\/conexao-amazonia-evento-apresenta-regiao-norte-como-polo-de-ti-para-startups-e-empreendedores-digitais\/","url":"https:\/\/abes.org.br\/conexao-amazonia-evento-apresenta-regiao-norte-como-polo-de-ti-para-startups-e-empreendedores-digitais\/","name":"Conex\u00e3o Amaz\u00f4nia: evento apresenta regi\u00e3o Norte como polo de TI para startups e empreendedores digitais - ABES","isPartOf":{"@id":"https:\/\/abes.org.br\/#website"},"datePublished":"2020-09-01T00:00:00+00:00","dateModified":"2020-09-24T17:43:02+00:00","breadcrumb":{"@id":"https:\/\/abes.org.br\/conexao-amazonia-evento-apresenta-regiao-norte-como-polo-de-ti-para-startups-e-empreendedores-digitais\/#breadcrumb"},"inLanguage":"en-US","potentialAction":[{"@type":"ReadAction","target":["https:\/\/abes.org.br\/conexao-amazonia-evento-apresenta-regiao-norte-como-polo-de-ti-para-startups-e-empreendedores-digitais\/"]}]},{"@type":"BreadcrumbList","@id":"https:\/\/abes.org.br\/conexao-amazonia-evento-apresenta-regiao-norte-como-polo-de-ti-para-startups-e-empreendedores-digitais\/#breadcrumb","itemListElement":[{"@type":"ListItem","position":1,"name":"In\u00edcio","item":"https:\/\/abes.org.br\/"},{"@type":"ListItem","position":2,"name":"Conex\u00e3o Amaz\u00f4nia: evento apresenta regi\u00e3o Norte como polo de TI para startups e empreendedores digitais"}]},{"@type":"WebSite","@id":"https:\/\/abes.org.br\/#website","url":"https:\/\/abes.org.br\/","name":"ABES","description":"Brazilian Association of Software Companies","publisher":{"@id":"https:\/\/abes.org.br\/#organization"},"potentialAction":[{"@type":"SearchAction","target":{"@type":"EntryPoint","urlTemplate":"https:\/\/abes.org.br\/?s={search_term_string}"},"query-input":{"@type":"PropertyValueSpecification","valueRequired":true,"valueName":"search_term_string"}}],"inLanguage":"en-US"},{"@type":"Organization","@id":"https:\/\/abes.org.br\/#organization","name":"Brazilian Association of Software Companies","url":"https:\/\/abes.org.br\/","logo":{"@type":"ImageObject","inLanguage":"en-US","@id":"https:\/\/abes.org.br\/#\/schema\/logo\/image\/","url":"https:\/\/abes.org.br\/wp-content\/uploads\/2020\/09\/logo_abes_marca_d_tagline_horizontal_verde-amarelo_cmyk.png","contentUrl":"https:\/\/abes.org.br\/wp-content\/uploads\/2020\/09\/logo_abes_marca_d_tagline_horizontal_verde-amarelo_cmyk.png","width":324,"height":70,"caption":"Associa\u00e7\u00e3o Brasileira das Empresas de Software"},"image":{"@id":"https:\/\/abes.org.br\/#\/schema\/logo\/image\/"},"sameAs":["https:\/\/www.facebook.com\/ABES.software","https:\/\/x.com\/ABES_SOFTWARE","https:\/\/www.linkedin.com\/company\/abes-software\/","https:\/\/www.instagram.com\/abes_software\/"]},{"@type":"Person","@id":"https:\/\/abes.org.br\/#\/schema\/person\/1bad6bff859e7d56ec5664b01968e27e","name":"prima-dev","image":{"@type":"ImageObject","inLanguage":"en-US","@id":"https:\/\/secure.gravatar.com\/avatar\/039c6325210cecd393c57645bc755f7d13deed578fddf4dbfa87bc05dcbcfa4b?s=96&d=mm&r=g","url":"https:\/\/secure.gravatar.com\/avatar\/039c6325210cecd393c57645bc755f7d13deed578fddf4dbfa87bc05dcbcfa4b?s=96&d=mm&r=g","contentUrl":"https:\/\/secure.gravatar.com\/avatar\/039c6325210cecd393c57645bc755f7d13deed578fddf4dbfa87bc05dcbcfa4b?s=96&d=mm&r=g","caption":"prima-dev"},"url":"https:\/\/abes.org.br\/en\/author\/prima-dev\/"}]}},"publishpress_future_action":{"enabled":false,"date":"2026-05-03 23:13:02","action":"change-status","newStatus":"draft","terms":[],"taxonomy":"category","extraData":[]},"publishpress_future_workflow_manual_trigger":{"enabledWorkflows":[]},"_links":{"self":[{"href":"https:\/\/abes.org.br\/en\/wp-json\/wp\/v2\/posts\/10528","targetHints":{"allow":["GET"]}}],"collection":[{"href":"https:\/\/abes.org.br\/en\/wp-json\/wp\/v2\/posts"}],"about":[{"href":"https:\/\/abes.org.br\/en\/wp-json\/wp\/v2\/types\/post"}],"author":[{"embeddable":true,"href":"https:\/\/abes.org.br\/en\/wp-json\/wp\/v2\/users\/2"}],"replies":[{"embeddable":true,"href":"https:\/\/abes.org.br\/en\/wp-json\/wp\/v2\/comments?post=10528"}],"version-history":[{"count":1,"href":"https:\/\/abes.org.br\/en\/wp-json\/wp\/v2\/posts\/10528\/revisions"}],"predecessor-version":[{"id":23143,"href":"https:\/\/abes.org.br\/en\/wp-json\/wp\/v2\/posts\/10528\/revisions\/23143"}],"wp:attachment":[{"href":"https:\/\/abes.org.br\/en\/wp-json\/wp\/v2\/media?parent=10528"}],"wp:term":[{"taxonomy":"category","embeddable":true,"href":"https:\/\/abes.org.br\/en\/wp-json\/wp\/v2\/categories?post=10528"},{"taxonomy":"post_tag","embeddable":true,"href":"https:\/\/abes.org.br\/en\/wp-json\/wp\/v2\/tags?post=10528"}],"curies":[{"name":"wp","href":"https:\/\/api.w.org\/{rel}","templated":true}]}}