{"id":10520,"date":"2020-08-31T00:00:00","date_gmt":"2020-08-31T00:00:00","guid":{"rendered":"https:\/\/abes.org.br\/?p=10520"},"modified":"2020-08-31T00:00:00","modified_gmt":"2020-08-31T00:00:00","slug":"qlik-assina-acordo-de-precos-com-governo-federal-para-aquisicao-de-produtos-de-ti","status":"publish","type":"post","link":"https:\/\/abes.org.br\/en\/qlik-assina-acordo-de-precos-com-governo-federal-para-aquisicao-de-produtos-de-ti\/","title":{"rendered":"Qlik signs a price agreement with the Federal Government for the acquisition of IT products"},"content":{"rendered":"<div style=\"text-align: justify;\">\n<p>\n\tDocument published in the Official Gazette of the Union should generate a minimum savings of 10,87% in the costs of acquiring licenses and technical support for 22 products of the multinational reference in data analytics<\/p>\n<p>\tThe Digital Government Secretariat (SGD) of the Ministry of Economy and Qlik, a multinational reference in solutions for data analysis and integration, signed a price agreement to be charged to the federal government in the bidding for Information and Communication Technology (ICT) products . The expectation of the corporate agreement is to generate a minimum savings of 10,87% in the costs of acquiring licenses and technical support for the multinational&#039;s products.<\/p>\n<p>\tThe objective of the initiative is to standardize government procurement, reducing costs and simplifying processes for the Federal Public Administration. The average discount stipulated is based on the ratio of the highest prices contracted by the government in the last three years. In 2020, the total estimated savings with the establishment of agreements and catalogs with the main ICT suppliers is R$ 112 million.<\/p>\n<p>\tThe catalogs with price limits for purchased products are already published on the Digital Government portal. Thus, public agencies can only purchase products from Qlik and other companies that signed the agreement following the maximum values stipulated in the list. The catalog signed with Qlik includes 22 items, including the acquisition of licenses for products on the Qlik platform, such as Qlik Sense. Negotiation can also serve as a parameter for legislative and judicial bodies.<\/p>\n<p>\t&quot;This procedure is part of our commitment to optimize the hiring of solutions from major software manufacturers. It is also important to note that the practices are aligned with the guidelines of the Federal Court of Accounts (TCU)&quot;, says Luis Felipe Monteiro, Secretary of Government Digital. &quot;Thus, we give more transparency and speed to the process, rationalizing resources for the State&quot;, he completes.<\/p>\n<p>\tFor Eduardo Kfouri, vice president and general manager of Qlik for Latin America, the agreement is a milestone in the form of technology acquisition by the government. &quot;This is a model that reinforces a tendency to reduce bureaucracy and austerity, which should standardize the processes for acquiring technologies for digital transformation in more than 200 public agencies&quot;, he says. &quot;The agreement reaffirms Qlik&#039;s commitment to providing the government with the most modern technology for analyzing and integrating data and making decisions, at a fair price&quot;, he concludes.<\/p><\/div>","protected":false},"excerpt":{"rendered":"<p>Documento publicado no Di&aacute;rio Oficial da Uni&atilde;o deve gerar economia m&iacute;nima de 10,87% nos custos de aquisi&ccedil;&atilde;o de licen&ccedil;as e suporte t&eacute;cnico de 22 produtos da multinacional refer&ecirc;ncia em data analytics A Secretaria de Governo Digital (SGD) do Minist&eacute;rio da Economia e a Qlik, multinacional refer&ecirc;ncia em solu&ccedil;&otilde;es para an&aacute;lise e integra&ccedil;&atilde;o de dados, assinaram [&hellip;]<\/p>\n","protected":false},"author":2,"featured_media":0,"comment_status":"closed","ping_status":"open","sticky":false,"template":"","format":"standard","meta":{"_acf_changed":false,"_et_pb_use_builder":"","_et_pb_old_content":"","_et_gb_content_width":"","footnotes":""},"categories":[19],"tags":[],"class_list":["post-10520","post","type-post","status-publish","format-standard","hentry","category-ultimas-noticias"],"acf":[],"yoast_head":"<!-- This site is optimized with the Yoast SEO plugin v27.3 - https:\/\/yoast.com\/product\/yoast-seo-wordpress\/ -->\n<title>Qlik assina acordo de pre\u00e7os com Governo Federal para aquisi\u00e7\u00e3o de produtos de TI - ABES<\/title>\n<meta name=\"robots\" content=\"index, follow, max-snippet:-1, max-image-preview:large, max-video-preview:-1\" \/>\n<link rel=\"canonical\" href=\"https:\/\/abes.org.br\/en\/qlik-assina-acordo-de-precos-com-governo-federal-para-aquisicao-de-produtos-de-ti\/\" \/>\n<meta property=\"og:locale\" content=\"en_US\" \/>\n<meta property=\"og:type\" content=\"article\" \/>\n<meta property=\"og:title\" content=\"Qlik assina acordo de pre\u00e7os com Governo Federal para aquisi\u00e7\u00e3o de produtos de TI - ABES\" \/>\n<meta property=\"og:description\" content=\"Documento publicado no Di&aacute;rio Oficial da Uni&atilde;o deve gerar economia m&iacute;nima de 10,87% nos custos de aquisi&ccedil;&atilde;o de licen&ccedil;as e suporte t&eacute;cnico de 22 produtos da multinacional refer&ecirc;ncia em data analytics A Secretaria de Governo Digital (SGD) do Minist&eacute;rio da Economia e a Qlik, multinacional refer&ecirc;ncia em solu&ccedil;&otilde;es para an&aacute;lise e integra&ccedil;&atilde;o de dados, assinaram [&hellip;]\" \/>\n<meta property=\"og:url\" content=\"https:\/\/abes.org.br\/en\/qlik-assina-acordo-de-precos-com-governo-federal-para-aquisicao-de-produtos-de-ti\/\" \/>\n<meta property=\"og:site_name\" content=\"ABES\" \/>\n<meta property=\"article:publisher\" content=\"https:\/\/www.facebook.com\/ABES.software\" \/>\n<meta property=\"article:published_time\" content=\"2020-08-31T00:00:00+00:00\" \/>\n<meta property=\"og:image\" content=\"https:\/\/abes.org.br\/wp-content\/uploads\/2021\/01\/logo_abes_marca_tagline_horizontal_colorido_rgb.png\" \/>\n\t<meta property=\"og:image:width\" content=\"3509\" \/>\n\t<meta property=\"og:image:height\" content=\"2482\" \/>\n\t<meta property=\"og:image:type\" content=\"image\/png\" \/>\n<meta name=\"author\" content=\"prima-dev\" \/>\n<meta name=\"twitter:card\" content=\"summary_large_image\" \/>\n<meta name=\"twitter:creator\" content=\"@ABES_SOFTWARE\" \/>\n<meta name=\"twitter:site\" content=\"@ABES_SOFTWARE\" \/>\n<meta name=\"twitter:label1\" content=\"Written by\" \/>\n\t<meta name=\"twitter:data1\" content=\"prima-dev\" \/>\n\t<meta name=\"twitter:label2\" content=\"Est. reading time\" \/>\n\t<meta name=\"twitter:data2\" content=\"3 minutes\" \/>\n<script type=\"application\/ld+json\" class=\"yoast-schema-graph\">{\"@context\":\"https:\\\/\\\/schema.org\",\"@graph\":[{\"@type\":\"Article\",\"@id\":\"https:\\\/\\\/abes.org.br\\\/en\\\/qlik-assina-acordo-de-precos-com-governo-federal-para-aquisicao-de-produtos-de-ti\\\/#article\",\"isPartOf\":{\"@id\":\"https:\\\/\\\/abes.org.br\\\/en\\\/qlik-assina-acordo-de-precos-com-governo-federal-para-aquisicao-de-produtos-de-ti\\\/\"},\"author\":{\"name\":\"prima-dev\",\"@id\":\"https:\\\/\\\/abes.org.br\\\/#\\\/schema\\\/person\\\/1bad6bff859e7d56ec5664b01968e27e\"},\"headline\":\"Qlik assina acordo de pre\u00e7os com Governo Federal para aquisi\u00e7\u00e3o de produtos de TI\",\"datePublished\":\"2020-08-31T00:00:00+00:00\",\"mainEntityOfPage\":{\"@id\":\"https:\\\/\\\/abes.org.br\\\/en\\\/qlik-assina-acordo-de-precos-com-governo-federal-para-aquisicao-de-produtos-de-ti\\\/\"},\"wordCount\":578,\"publisher\":{\"@id\":\"https:\\\/\\\/abes.org.br\\\/#organization\"},\"articleSection\":[\"\u00daltimas not\u00edcias\"],\"inLanguage\":\"en-US\"},{\"@type\":\"WebPage\",\"@id\":\"https:\\\/\\\/abes.org.br\\\/en\\\/qlik-assina-acordo-de-precos-com-governo-federal-para-aquisicao-de-produtos-de-ti\\\/\",\"url\":\"https:\\\/\\\/abes.org.br\\\/en\\\/qlik-assina-acordo-de-precos-com-governo-federal-para-aquisicao-de-produtos-de-ti\\\/\",\"name\":\"Qlik assina acordo de pre\u00e7os com Governo Federal para aquisi\u00e7\u00e3o de produtos de TI - ABES\",\"isPartOf\":{\"@id\":\"https:\\\/\\\/abes.org.br\\\/#website\"},\"datePublished\":\"2020-08-31T00:00:00+00:00\",\"breadcrumb\":{\"@id\":\"https:\\\/\\\/abes.org.br\\\/en\\\/qlik-assina-acordo-de-precos-com-governo-federal-para-aquisicao-de-produtos-de-ti\\\/#breadcrumb\"},\"inLanguage\":\"en-US\",\"potentialAction\":[{\"@type\":\"ReadAction\",\"target\":[\"https:\\\/\\\/abes.org.br\\\/en\\\/qlik-assina-acordo-de-precos-com-governo-federal-para-aquisicao-de-produtos-de-ti\\\/\"]}]},{\"@type\":\"BreadcrumbList\",\"@id\":\"https:\\\/\\\/abes.org.br\\\/en\\\/qlik-assina-acordo-de-precos-com-governo-federal-para-aquisicao-de-produtos-de-ti\\\/#breadcrumb\",\"itemListElement\":[{\"@type\":\"ListItem\",\"position\":1,\"name\":\"In\u00edcio\",\"item\":\"https:\\\/\\\/abes.org.br\\\/\"},{\"@type\":\"ListItem\",\"position\":2,\"name\":\"Qlik assina acordo de pre\u00e7os com Governo Federal para aquisi\u00e7\u00e3o de produtos de TI\"}]},{\"@type\":\"WebSite\",\"@id\":\"https:\\\/\\\/abes.org.br\\\/#website\",\"url\":\"https:\\\/\\\/abes.org.br\\\/\",\"name\":\"ABES\",\"description\":\"Associa\u00e7\u00e3o Brasileira das Empresas de Software\",\"publisher\":{\"@id\":\"https:\\\/\\\/abes.org.br\\\/#organization\"},\"potentialAction\":[{\"@type\":\"SearchAction\",\"target\":{\"@type\":\"EntryPoint\",\"urlTemplate\":\"https:\\\/\\\/abes.org.br\\\/?s={search_term_string}\"},\"query-input\":{\"@type\":\"PropertyValueSpecification\",\"valueRequired\":true,\"valueName\":\"search_term_string\"}}],\"inLanguage\":\"en-US\"},{\"@type\":\"Organization\",\"@id\":\"https:\\\/\\\/abes.org.br\\\/#organization\",\"name\":\"Associa\u00e7\u00e3o Brasileira das Empresas de Software\",\"url\":\"https:\\\/\\\/abes.org.br\\\/\",\"logo\":{\"@type\":\"ImageObject\",\"inLanguage\":\"en-US\",\"@id\":\"https:\\\/\\\/abes.org.br\\\/#\\\/schema\\\/logo\\\/image\\\/\",\"url\":\"https:\\\/\\\/abes.org.br\\\/wp-content\\\/uploads\\\/2020\\\/09\\\/logo_abes_marca_d_tagline_horizontal_verde-amarelo_cmyk.png\",\"contentUrl\":\"https:\\\/\\\/abes.org.br\\\/wp-content\\\/uploads\\\/2020\\\/09\\\/logo_abes_marca_d_tagline_horizontal_verde-amarelo_cmyk.png\",\"width\":324,\"height\":70,\"caption\":\"Associa\u00e7\u00e3o Brasileira das Empresas de Software\"},\"image\":{\"@id\":\"https:\\\/\\\/abes.org.br\\\/#\\\/schema\\\/logo\\\/image\\\/\"},\"sameAs\":[\"https:\\\/\\\/www.facebook.com\\\/ABES.software\",\"https:\\\/\\\/x.com\\\/ABES_SOFTWARE\",\"https:\\\/\\\/www.linkedin.com\\\/company\\\/abes-software\\\/\",\"https:\\\/\\\/www.instagram.com\\\/abes_software\\\/\"]},{\"@type\":\"Person\",\"@id\":\"https:\\\/\\\/abes.org.br\\\/#\\\/schema\\\/person\\\/1bad6bff859e7d56ec5664b01968e27e\",\"name\":\"prima-dev\",\"image\":{\"@type\":\"ImageObject\",\"inLanguage\":\"en-US\",\"@id\":\"https:\\\/\\\/secure.gravatar.com\\\/avatar\\\/039c6325210cecd393c57645bc755f7d13deed578fddf4dbfa87bc05dcbcfa4b?s=96&d=mm&r=g\",\"url\":\"https:\\\/\\\/secure.gravatar.com\\\/avatar\\\/039c6325210cecd393c57645bc755f7d13deed578fddf4dbfa87bc05dcbcfa4b?s=96&d=mm&r=g\",\"contentUrl\":\"https:\\\/\\\/secure.gravatar.com\\\/avatar\\\/039c6325210cecd393c57645bc755f7d13deed578fddf4dbfa87bc05dcbcfa4b?s=96&d=mm&r=g\",\"caption\":\"prima-dev\"},\"url\":\"https:\\\/\\\/abes.org.br\\\/en\\\/author\\\/prima-dev\\\/\"}]}<\/script>\n<!-- \/ Yoast SEO plugin. -->","yoast_head_json":{"title":"Qlik assina acordo de pre\u00e7os com Governo Federal para aquisi\u00e7\u00e3o de produtos de TI - ABES","robots":{"index":"index","follow":"follow","max-snippet":"max-snippet:-1","max-image-preview":"max-image-preview:large","max-video-preview":"max-video-preview:-1"},"canonical":"https:\/\/abes.org.br\/en\/qlik-assina-acordo-de-precos-com-governo-federal-para-aquisicao-de-produtos-de-ti\/","og_locale":"en_US","og_type":"article","og_title":"Qlik assina acordo de pre\u00e7os com Governo Federal para aquisi\u00e7\u00e3o de produtos de TI - ABES","og_description":"Documento publicado no Di&aacute;rio Oficial da Uni&atilde;o deve gerar economia m&iacute;nima de 10,87% nos custos de aquisi&ccedil;&atilde;o de licen&ccedil;as e suporte t&eacute;cnico de 22 produtos da multinacional refer&ecirc;ncia em data analytics A Secretaria de Governo Digital (SGD) do Minist&eacute;rio da Economia e a Qlik, multinacional refer&ecirc;ncia em solu&ccedil;&otilde;es para an&aacute;lise e integra&ccedil;&atilde;o de dados, assinaram [&hellip;]","og_url":"https:\/\/abes.org.br\/en\/qlik-assina-acordo-de-precos-com-governo-federal-para-aquisicao-de-produtos-de-ti\/","og_site_name":"ABES","article_publisher":"https:\/\/www.facebook.com\/ABES.software","article_published_time":"2020-08-31T00:00:00+00:00","og_image":[{"width":3509,"height":2482,"url":"https:\/\/abes.org.br\/wp-content\/uploads\/2021\/01\/logo_abes_marca_tagline_horizontal_colorido_rgb.png","type":"image\/png"}],"author":"prima-dev","twitter_card":"summary_large_image","twitter_creator":"@ABES_SOFTWARE","twitter_site":"@ABES_SOFTWARE","twitter_misc":{"Written by":"prima-dev","Est. reading time":"3 minutes"},"schema":{"@context":"https:\/\/schema.org","@graph":[{"@type":"Article","@id":"https:\/\/abes.org.br\/en\/qlik-assina-acordo-de-precos-com-governo-federal-para-aquisicao-de-produtos-de-ti\/#article","isPartOf":{"@id":"https:\/\/abes.org.br\/en\/qlik-assina-acordo-de-precos-com-governo-federal-para-aquisicao-de-produtos-de-ti\/"},"author":{"name":"prima-dev","@id":"https:\/\/abes.org.br\/#\/schema\/person\/1bad6bff859e7d56ec5664b01968e27e"},"headline":"Qlik assina acordo de pre\u00e7os com Governo Federal para aquisi\u00e7\u00e3o de produtos de TI","datePublished":"2020-08-31T00:00:00+00:00","mainEntityOfPage":{"@id":"https:\/\/abes.org.br\/en\/qlik-assina-acordo-de-precos-com-governo-federal-para-aquisicao-de-produtos-de-ti\/"},"wordCount":578,"publisher":{"@id":"https:\/\/abes.org.br\/#organization"},"articleSection":["\u00daltimas not\u00edcias"],"inLanguage":"en-US"},{"@type":"WebPage","@id":"https:\/\/abes.org.br\/en\/qlik-assina-acordo-de-precos-com-governo-federal-para-aquisicao-de-produtos-de-ti\/","url":"https:\/\/abes.org.br\/en\/qlik-assina-acordo-de-precos-com-governo-federal-para-aquisicao-de-produtos-de-ti\/","name":"Qlik assina acordo de pre\u00e7os com Governo Federal para aquisi\u00e7\u00e3o de produtos de TI - ABES","isPartOf":{"@id":"https:\/\/abes.org.br\/#website"},"datePublished":"2020-08-31T00:00:00+00:00","breadcrumb":{"@id":"https:\/\/abes.org.br\/en\/qlik-assina-acordo-de-precos-com-governo-federal-para-aquisicao-de-produtos-de-ti\/#breadcrumb"},"inLanguage":"en-US","potentialAction":[{"@type":"ReadAction","target":["https:\/\/abes.org.br\/en\/qlik-assina-acordo-de-precos-com-governo-federal-para-aquisicao-de-produtos-de-ti\/"]}]},{"@type":"BreadcrumbList","@id":"https:\/\/abes.org.br\/en\/qlik-assina-acordo-de-precos-com-governo-federal-para-aquisicao-de-produtos-de-ti\/#breadcrumb","itemListElement":[{"@type":"ListItem","position":1,"name":"In\u00edcio","item":"https:\/\/abes.org.br\/"},{"@type":"ListItem","position":2,"name":"Qlik assina acordo de pre\u00e7os com Governo Federal para aquisi\u00e7\u00e3o de produtos de TI"}]},{"@type":"WebSite","@id":"https:\/\/abes.org.br\/#website","url":"https:\/\/abes.org.br\/","name":"ABES","description":"Brazilian Association of Software Companies","publisher":{"@id":"https:\/\/abes.org.br\/#organization"},"potentialAction":[{"@type":"SearchAction","target":{"@type":"EntryPoint","urlTemplate":"https:\/\/abes.org.br\/?s={search_term_string}"},"query-input":{"@type":"PropertyValueSpecification","valueRequired":true,"valueName":"search_term_string"}}],"inLanguage":"en-US"},{"@type":"Organization","@id":"https:\/\/abes.org.br\/#organization","name":"Brazilian Association of Software Companies","url":"https:\/\/abes.org.br\/","logo":{"@type":"ImageObject","inLanguage":"en-US","@id":"https:\/\/abes.org.br\/#\/schema\/logo\/image\/","url":"https:\/\/abes.org.br\/wp-content\/uploads\/2020\/09\/logo_abes_marca_d_tagline_horizontal_verde-amarelo_cmyk.png","contentUrl":"https:\/\/abes.org.br\/wp-content\/uploads\/2020\/09\/logo_abes_marca_d_tagline_horizontal_verde-amarelo_cmyk.png","width":324,"height":70,"caption":"Associa\u00e7\u00e3o Brasileira das Empresas de Software"},"image":{"@id":"https:\/\/abes.org.br\/#\/schema\/logo\/image\/"},"sameAs":["https:\/\/www.facebook.com\/ABES.software","https:\/\/x.com\/ABES_SOFTWARE","https:\/\/www.linkedin.com\/company\/abes-software\/","https:\/\/www.instagram.com\/abes_software\/"]},{"@type":"Person","@id":"https:\/\/abes.org.br\/#\/schema\/person\/1bad6bff859e7d56ec5664b01968e27e","name":"prima-dev","image":{"@type":"ImageObject","inLanguage":"en-US","@id":"https:\/\/secure.gravatar.com\/avatar\/039c6325210cecd393c57645bc755f7d13deed578fddf4dbfa87bc05dcbcfa4b?s=96&d=mm&r=g","url":"https:\/\/secure.gravatar.com\/avatar\/039c6325210cecd393c57645bc755f7d13deed578fddf4dbfa87bc05dcbcfa4b?s=96&d=mm&r=g","contentUrl":"https:\/\/secure.gravatar.com\/avatar\/039c6325210cecd393c57645bc755f7d13deed578fddf4dbfa87bc05dcbcfa4b?s=96&d=mm&r=g","caption":"prima-dev"},"url":"https:\/\/abes.org.br\/en\/author\/prima-dev\/"}]}},"publishpress_future_action":{"enabled":false,"date":"2026-05-03 22:03:15","action":"change-status","newStatus":"draft","terms":[],"taxonomy":"category","extraData":[]},"publishpress_future_workflow_manual_trigger":{"enabledWorkflows":[]},"_links":{"self":[{"href":"https:\/\/abes.org.br\/en\/wp-json\/wp\/v2\/posts\/10520","targetHints":{"allow":["GET"]}}],"collection":[{"href":"https:\/\/abes.org.br\/en\/wp-json\/wp\/v2\/posts"}],"about":[{"href":"https:\/\/abes.org.br\/en\/wp-json\/wp\/v2\/types\/post"}],"author":[{"embeddable":true,"href":"https:\/\/abes.org.br\/en\/wp-json\/wp\/v2\/users\/2"}],"replies":[{"embeddable":true,"href":"https:\/\/abes.org.br\/en\/wp-json\/wp\/v2\/comments?post=10520"}],"version-history":[{"count":0,"href":"https:\/\/abes.org.br\/en\/wp-json\/wp\/v2\/posts\/10520\/revisions"}],"wp:attachment":[{"href":"https:\/\/abes.org.br\/en\/wp-json\/wp\/v2\/media?parent=10520"}],"wp:term":[{"taxonomy":"category","embeddable":true,"href":"https:\/\/abes.org.br\/en\/wp-json\/wp\/v2\/categories?post=10520"},{"taxonomy":"post_tag","embeddable":true,"href":"https:\/\/abes.org.br\/en\/wp-json\/wp\/v2\/tags?post=10520"}],"curies":[{"name":"wp","href":"https:\/\/api.w.org\/{rel}","templated":true}]}}