{"id":10517,"date":"2020-08-31T00:00:00","date_gmt":"2020-08-31T00:00:00","guid":{"rendered":"https:\/\/abes.org.br\/?p=10517"},"modified":"2020-08-31T00:00:00","modified_gmt":"2020-08-31T00:00:00","slug":"abes-novos-tempos-como-o-brasil-e-a-estonia-estao-se-preparando-para-uma-sociedade-mais-virtual","status":"publish","type":"post","link":"https:\/\/abes.org.br\/en\/abes-novos-tempos-como-o-brasil-e-a-estonia-estao-se-preparando-para-uma-sociedade-mais-virtual\/","title":{"rendered":"ABES Novos Tempos: How are Brazil and Estonia preparing for a more virtual society?"},"content":{"rendered":"<div style=\"text-align: justify;\">\n\tA digital government strategy needs to focus on the citizen, providing access to public services over the web, simplifying processes, streamlining service, contributing data for planning and implementing public policies. At the same time, a strategy must recognize the reality of each location in which it is implemented with its challenges.<\/p>\n<p>\tIn the context of Sociedade 5.0 and the VUCA world, ABES will bring together experts in the international webinar <a href=\"https:\/\/www.sympla.com.br\/abes-novos-tempos-como-o-brasil-e-a-estonia-estao-se-preparando-para-uma-sociedade-mais-virtual__959327\"><strong>ABES Novos Tempos: How are Brazil and Estonia preparing for a more virtual society?<\/strong><\/a>, scheduled for 09\/04, at 2 pm, to discuss different perspectives of Digital Government strategies with the presence of Florian Marcus, digital transformation advisor from Estonia, a country that is a global reference on the topic; Ciro Avelino, Deputy Secretary of Digital Government of the Ministry of Economy; Juan Quir\u00f3s, Municipal Secretary of Innovation and Technology of the Municipality of S\u00e3o Paulo; and Daniel Annenberg, Councilor of S\u00e3o Paulo and former superintendent of Poupatempo and Detran. The event will have simultaneous translation.<\/p>\n<p>\t<strong>Florian Marcus<\/strong><br \/>\n\tDigital Transformation Adviser at the e-Estonia Briefing Center.&nbsp;<br \/>\n\tIt welcomes government representatives, business managers and academic researchers to talk about the lessons Estonia has learned on its digitalization path and where this journey will take you in the future. He holds two master&#039;s degrees in political science and security studies in the United Kingdom and Estonia. He has served in the Estonian Government Office in his efforts around the Estonian Presidency of the Council of the European Union and has also worked in the area of cybersecurity in the private sector.<\/p>\n<p>\t<strong>Ciro Avelino<\/strong><br \/>\n\tDeputy Secretary of Digital Government of the Ministry of Economy. Specialist in Strategy, People and Information Technology, Ciro has a solid background in public service and is a co-founder of movements such as GovHackers and IGOVNights, pioneer of networks such as INOVAGOV and facilitator of schools, such as Perestoika and Echos - Escola de Design Thinking .<\/p>\n<p>\t<strong>Daniel Annenberg<\/strong><br \/>\n\tCouncilor of the Municipality of S\u00e3o Paulo, elected in 2016. He is the author of the bill that instituted the Municipal Policy for Simple Language - Le 17.316 \/ 2020 - and the bill that creates the Municipal Day of Service to Citizens. From 2017 to 2019, he led the Secretariat of Innovation and Technology (SMIT), where he expanded the digital inclusion programs, improved the area of information technology and fostered the area of innovation in government. Between 2011 and 2016, he was superintendent of Detran-SP, the largest transit agency in Latin America, in addition to being one of the creators and the first superintendent of the Poupatempo program, between 1996 and 2006.<\/p>\n<p>\t<strong>Juan Quir\u00f3s<\/strong><br \/>\n\tMunicipal Secretary of Innovation and Technology of the Municipality of S\u00e3o Paulo. Graduated in Industrial Engineering from the University of Miami (USA), with a postgraduate degree in Business Administration from FGV-SP. With a solid track record, Juan Quir\u00f3s was President of the Brazilian Export and Investment Promotion Agency (Apex-Brasil), of the Investment and Competitiveness Promotion Agency of the State of S\u00e3o Paulo (Investe SP), in addition to being a member of the BNDES Board of Directors \/ BNDESPar, and the Deliberative Council of the National and State Sebrae of SP.<\/p>\n<p>\t<strong>Registrations:<\/strong>&nbsp;<a href=\"https:\/\/www.sympla.com.br\/abes-novos-tempos-como-o-brasil-e-a-estonia-estao-se-preparando-para-uma-sociedade-mais-virtual__959327\">https:\/\/www.sympla.com.br\/abes-novos-tempos-como-o-brasil-e-a-estonia-estao-se-preparando-para-uma-sociedade-mais-virtual__959327<\/a><\/div>\n<p><\/p>","protected":false},"excerpt":{"rendered":"<p>Uma estrat&eacute;gia de governo digital precisa ter o foco no cidad&atilde;o, disponibilizando o acesso a servi&ccedil;os p&uacute;blicos pela web, simplificando processos, agilizando o atendimento, contribuindo com dados para planejamento e implementa&ccedil;&atilde;o de pol&iacute;ticas p&uacute;blicas. Ao mesmo tempo, uma estrat&eacute;gia deve reconhecer a realidade de cada localidade na qual &eacute; implantada com seus desafios. No contexto [&hellip;]<\/p>\n","protected":false},"author":2,"featured_media":0,"comment_status":"closed","ping_status":"open","sticky":false,"template":"","format":"standard","meta":{"_acf_changed":false,"_et_pb_use_builder":"","_et_pb_old_content":"","_et_gb_content_width":"","footnotes":""},"categories":[19],"tags":[],"class_list":["post-10517","post","type-post","status-publish","format-standard","hentry","category-ultimas-noticias"],"acf":[],"yoast_head":"<!-- This site is optimized with the Yoast SEO plugin v27.3 - https:\/\/yoast.com\/product\/yoast-seo-wordpress\/ -->\n<title>ABES Novos Tempos: Como o Brasil e a Est\u00f4nia est\u00e3o se preparando para uma sociedade mais virtual? - ABES<\/title>\n<meta name=\"robots\" content=\"index, follow, max-snippet:-1, max-image-preview:large, max-video-preview:-1\" \/>\n<link rel=\"canonical\" href=\"https:\/\/abes.org.br\/en\/abes-novos-tempos-como-o-brasil-e-a-estonia-estao-se-preparando-para-uma-sociedade-mais-virtual\/\" \/>\n<meta property=\"og:locale\" content=\"en_US\" \/>\n<meta property=\"og:type\" content=\"article\" \/>\n<meta property=\"og:title\" content=\"ABES Novos Tempos: Como o Brasil e a Est\u00f4nia est\u00e3o se preparando para uma sociedade mais virtual? - ABES\" \/>\n<meta property=\"og:description\" content=\"Uma estrat&eacute;gia de governo digital precisa ter o foco no cidad&atilde;o, disponibilizando o acesso a servi&ccedil;os p&uacute;blicos pela web, simplificando processos, agilizando o atendimento, contribuindo com dados para planejamento e implementa&ccedil;&atilde;o de pol&iacute;ticas p&uacute;blicas. Ao mesmo tempo, uma estrat&eacute;gia deve reconhecer a realidade de cada localidade na qual &eacute; implantada com seus desafios. No contexto [&hellip;]\" \/>\n<meta property=\"og:url\" content=\"https:\/\/abes.org.br\/en\/abes-novos-tempos-como-o-brasil-e-a-estonia-estao-se-preparando-para-uma-sociedade-mais-virtual\/\" \/>\n<meta property=\"og:site_name\" content=\"ABES\" \/>\n<meta property=\"article:publisher\" content=\"https:\/\/www.facebook.com\/ABES.software\" \/>\n<meta property=\"article:published_time\" content=\"2020-08-31T00:00:00+00:00\" \/>\n<meta property=\"og:image\" content=\"https:\/\/abes.org.br\/wp-content\/uploads\/2021\/01\/logo_abes_marca_tagline_horizontal_colorido_rgb.png\" \/>\n\t<meta property=\"og:image:width\" content=\"3509\" \/>\n\t<meta property=\"og:image:height\" content=\"2482\" \/>\n\t<meta property=\"og:image:type\" content=\"image\/png\" \/>\n<meta name=\"author\" content=\"prima-dev\" \/>\n<meta name=\"twitter:card\" content=\"summary_large_image\" \/>\n<meta name=\"twitter:creator\" content=\"@ABES_SOFTWARE\" \/>\n<meta name=\"twitter:site\" content=\"@ABES_SOFTWARE\" \/>\n<meta name=\"twitter:label1\" content=\"Written by\" \/>\n\t<meta name=\"twitter:data1\" content=\"prima-dev\" \/>\n\t<meta name=\"twitter:label2\" content=\"Est. reading time\" \/>\n\t<meta name=\"twitter:data2\" content=\"4 minutes\" \/>\n<script type=\"application\/ld+json\" class=\"yoast-schema-graph\">{\"@context\":\"https:\\\/\\\/schema.org\",\"@graph\":[{\"@type\":\"Article\",\"@id\":\"https:\\\/\\\/abes.org.br\\\/en\\\/abes-novos-tempos-como-o-brasil-e-a-estonia-estao-se-preparando-para-uma-sociedade-mais-virtual\\\/#article\",\"isPartOf\":{\"@id\":\"https:\\\/\\\/abes.org.br\\\/en\\\/abes-novos-tempos-como-o-brasil-e-a-estonia-estao-se-preparando-para-uma-sociedade-mais-virtual\\\/\"},\"author\":{\"name\":\"prima-dev\",\"@id\":\"https:\\\/\\\/abes.org.br\\\/#\\\/schema\\\/person\\\/1bad6bff859e7d56ec5664b01968e27e\"},\"headline\":\"ABES Novos Tempos: Como o Brasil e a Est\u00f4nia est\u00e3o se preparando para uma sociedade mais virtual?\",\"datePublished\":\"2020-08-31T00:00:00+00:00\",\"mainEntityOfPage\":{\"@id\":\"https:\\\/\\\/abes.org.br\\\/en\\\/abes-novos-tempos-como-o-brasil-e-a-estonia-estao-se-preparando-para-uma-sociedade-mais-virtual\\\/\"},\"wordCount\":720,\"publisher\":{\"@id\":\"https:\\\/\\\/abes.org.br\\\/#organization\"},\"articleSection\":[\"\u00daltimas not\u00edcias\"],\"inLanguage\":\"en-US\"},{\"@type\":\"WebPage\",\"@id\":\"https:\\\/\\\/abes.org.br\\\/en\\\/abes-novos-tempos-como-o-brasil-e-a-estonia-estao-se-preparando-para-uma-sociedade-mais-virtual\\\/\",\"url\":\"https:\\\/\\\/abes.org.br\\\/en\\\/abes-novos-tempos-como-o-brasil-e-a-estonia-estao-se-preparando-para-uma-sociedade-mais-virtual\\\/\",\"name\":\"ABES Novos Tempos: Como o Brasil e a Est\u00f4nia est\u00e3o se preparando para uma sociedade mais virtual? - ABES\",\"isPartOf\":{\"@id\":\"https:\\\/\\\/abes.org.br\\\/#website\"},\"datePublished\":\"2020-08-31T00:00:00+00:00\",\"breadcrumb\":{\"@id\":\"https:\\\/\\\/abes.org.br\\\/en\\\/abes-novos-tempos-como-o-brasil-e-a-estonia-estao-se-preparando-para-uma-sociedade-mais-virtual\\\/#breadcrumb\"},\"inLanguage\":\"en-US\",\"potentialAction\":[{\"@type\":\"ReadAction\",\"target\":[\"https:\\\/\\\/abes.org.br\\\/en\\\/abes-novos-tempos-como-o-brasil-e-a-estonia-estao-se-preparando-para-uma-sociedade-mais-virtual\\\/\"]}]},{\"@type\":\"BreadcrumbList\",\"@id\":\"https:\\\/\\\/abes.org.br\\\/en\\\/abes-novos-tempos-como-o-brasil-e-a-estonia-estao-se-preparando-para-uma-sociedade-mais-virtual\\\/#breadcrumb\",\"itemListElement\":[{\"@type\":\"ListItem\",\"position\":1,\"name\":\"In\u00edcio\",\"item\":\"https:\\\/\\\/abes.org.br\\\/\"},{\"@type\":\"ListItem\",\"position\":2,\"name\":\"ABES Novos Tempos: Como o Brasil e a Est\u00f4nia est\u00e3o se preparando para uma sociedade mais virtual?\"}]},{\"@type\":\"WebSite\",\"@id\":\"https:\\\/\\\/abes.org.br\\\/#website\",\"url\":\"https:\\\/\\\/abes.org.br\\\/\",\"name\":\"ABES\",\"description\":\"Associa\u00e7\u00e3o Brasileira das Empresas de Software\",\"publisher\":{\"@id\":\"https:\\\/\\\/abes.org.br\\\/#organization\"},\"potentialAction\":[{\"@type\":\"SearchAction\",\"target\":{\"@type\":\"EntryPoint\",\"urlTemplate\":\"https:\\\/\\\/abes.org.br\\\/?s={search_term_string}\"},\"query-input\":{\"@type\":\"PropertyValueSpecification\",\"valueRequired\":true,\"valueName\":\"search_term_string\"}}],\"inLanguage\":\"en-US\"},{\"@type\":\"Organization\",\"@id\":\"https:\\\/\\\/abes.org.br\\\/#organization\",\"name\":\"Associa\u00e7\u00e3o Brasileira das Empresas de Software\",\"url\":\"https:\\\/\\\/abes.org.br\\\/\",\"logo\":{\"@type\":\"ImageObject\",\"inLanguage\":\"en-US\",\"@id\":\"https:\\\/\\\/abes.org.br\\\/#\\\/schema\\\/logo\\\/image\\\/\",\"url\":\"https:\\\/\\\/abes.org.br\\\/wp-content\\\/uploads\\\/2020\\\/09\\\/logo_abes_marca_d_tagline_horizontal_verde-amarelo_cmyk.png\",\"contentUrl\":\"https:\\\/\\\/abes.org.br\\\/wp-content\\\/uploads\\\/2020\\\/09\\\/logo_abes_marca_d_tagline_horizontal_verde-amarelo_cmyk.png\",\"width\":324,\"height\":70,\"caption\":\"Associa\u00e7\u00e3o Brasileira das Empresas de Software\"},\"image\":{\"@id\":\"https:\\\/\\\/abes.org.br\\\/#\\\/schema\\\/logo\\\/image\\\/\"},\"sameAs\":[\"https:\\\/\\\/www.facebook.com\\\/ABES.software\",\"https:\\\/\\\/x.com\\\/ABES_SOFTWARE\",\"https:\\\/\\\/www.linkedin.com\\\/company\\\/abes-software\\\/\",\"https:\\\/\\\/www.instagram.com\\\/abes_software\\\/\"]},{\"@type\":\"Person\",\"@id\":\"https:\\\/\\\/abes.org.br\\\/#\\\/schema\\\/person\\\/1bad6bff859e7d56ec5664b01968e27e\",\"name\":\"prima-dev\",\"image\":{\"@type\":\"ImageObject\",\"inLanguage\":\"en-US\",\"@id\":\"https:\\\/\\\/secure.gravatar.com\\\/avatar\\\/039c6325210cecd393c57645bc755f7d13deed578fddf4dbfa87bc05dcbcfa4b?s=96&d=mm&r=g\",\"url\":\"https:\\\/\\\/secure.gravatar.com\\\/avatar\\\/039c6325210cecd393c57645bc755f7d13deed578fddf4dbfa87bc05dcbcfa4b?s=96&d=mm&r=g\",\"contentUrl\":\"https:\\\/\\\/secure.gravatar.com\\\/avatar\\\/039c6325210cecd393c57645bc755f7d13deed578fddf4dbfa87bc05dcbcfa4b?s=96&d=mm&r=g\",\"caption\":\"prima-dev\"},\"url\":\"https:\\\/\\\/abes.org.br\\\/en\\\/author\\\/prima-dev\\\/\"}]}<\/script>\n<!-- \/ Yoast SEO plugin. -->","yoast_head_json":{"title":"ABES Novos Tempos: Como o Brasil e a Est\u00f4nia est\u00e3o se preparando para uma sociedade mais virtual? - ABES","robots":{"index":"index","follow":"follow","max-snippet":"max-snippet:-1","max-image-preview":"max-image-preview:large","max-video-preview":"max-video-preview:-1"},"canonical":"https:\/\/abes.org.br\/en\/abes-novos-tempos-como-o-brasil-e-a-estonia-estao-se-preparando-para-uma-sociedade-mais-virtual\/","og_locale":"en_US","og_type":"article","og_title":"ABES Novos Tempos: Como o Brasil e a Est\u00f4nia est\u00e3o se preparando para uma sociedade mais virtual? - ABES","og_description":"Uma estrat&eacute;gia de governo digital precisa ter o foco no cidad&atilde;o, disponibilizando o acesso a servi&ccedil;os p&uacute;blicos pela web, simplificando processos, agilizando o atendimento, contribuindo com dados para planejamento e implementa&ccedil;&atilde;o de pol&iacute;ticas p&uacute;blicas. Ao mesmo tempo, uma estrat&eacute;gia deve reconhecer a realidade de cada localidade na qual &eacute; implantada com seus desafios. No contexto [&hellip;]","og_url":"https:\/\/abes.org.br\/en\/abes-novos-tempos-como-o-brasil-e-a-estonia-estao-se-preparando-para-uma-sociedade-mais-virtual\/","og_site_name":"ABES","article_publisher":"https:\/\/www.facebook.com\/ABES.software","article_published_time":"2020-08-31T00:00:00+00:00","og_image":[{"width":3509,"height":2482,"url":"https:\/\/abes.org.br\/wp-content\/uploads\/2021\/01\/logo_abes_marca_tagline_horizontal_colorido_rgb.png","type":"image\/png"}],"author":"prima-dev","twitter_card":"summary_large_image","twitter_creator":"@ABES_SOFTWARE","twitter_site":"@ABES_SOFTWARE","twitter_misc":{"Written by":"prima-dev","Est. reading time":"4 minutes"},"schema":{"@context":"https:\/\/schema.org","@graph":[{"@type":"Article","@id":"https:\/\/abes.org.br\/en\/abes-novos-tempos-como-o-brasil-e-a-estonia-estao-se-preparando-para-uma-sociedade-mais-virtual\/#article","isPartOf":{"@id":"https:\/\/abes.org.br\/en\/abes-novos-tempos-como-o-brasil-e-a-estonia-estao-se-preparando-para-uma-sociedade-mais-virtual\/"},"author":{"name":"prima-dev","@id":"https:\/\/abes.org.br\/#\/schema\/person\/1bad6bff859e7d56ec5664b01968e27e"},"headline":"ABES Novos Tempos: Como o Brasil e a Est\u00f4nia est\u00e3o se preparando para uma sociedade mais virtual?","datePublished":"2020-08-31T00:00:00+00:00","mainEntityOfPage":{"@id":"https:\/\/abes.org.br\/en\/abes-novos-tempos-como-o-brasil-e-a-estonia-estao-se-preparando-para-uma-sociedade-mais-virtual\/"},"wordCount":720,"publisher":{"@id":"https:\/\/abes.org.br\/#organization"},"articleSection":["\u00daltimas not\u00edcias"],"inLanguage":"en-US"},{"@type":"WebPage","@id":"https:\/\/abes.org.br\/en\/abes-novos-tempos-como-o-brasil-e-a-estonia-estao-se-preparando-para-uma-sociedade-mais-virtual\/","url":"https:\/\/abes.org.br\/en\/abes-novos-tempos-como-o-brasil-e-a-estonia-estao-se-preparando-para-uma-sociedade-mais-virtual\/","name":"ABES Novos Tempos: Como o Brasil e a Est\u00f4nia est\u00e3o se preparando para uma sociedade mais virtual? - ABES","isPartOf":{"@id":"https:\/\/abes.org.br\/#website"},"datePublished":"2020-08-31T00:00:00+00:00","breadcrumb":{"@id":"https:\/\/abes.org.br\/en\/abes-novos-tempos-como-o-brasil-e-a-estonia-estao-se-preparando-para-uma-sociedade-mais-virtual\/#breadcrumb"},"inLanguage":"en-US","potentialAction":[{"@type":"ReadAction","target":["https:\/\/abes.org.br\/en\/abes-novos-tempos-como-o-brasil-e-a-estonia-estao-se-preparando-para-uma-sociedade-mais-virtual\/"]}]},{"@type":"BreadcrumbList","@id":"https:\/\/abes.org.br\/en\/abes-novos-tempos-como-o-brasil-e-a-estonia-estao-se-preparando-para-uma-sociedade-mais-virtual\/#breadcrumb","itemListElement":[{"@type":"ListItem","position":1,"name":"In\u00edcio","item":"https:\/\/abes.org.br\/"},{"@type":"ListItem","position":2,"name":"ABES Novos Tempos: Como o Brasil e a Est\u00f4nia est\u00e3o se preparando para uma sociedade mais virtual?"}]},{"@type":"WebSite","@id":"https:\/\/abes.org.br\/#website","url":"https:\/\/abes.org.br\/","name":"ABES","description":"Brazilian Association of Software Companies","publisher":{"@id":"https:\/\/abes.org.br\/#organization"},"potentialAction":[{"@type":"SearchAction","target":{"@type":"EntryPoint","urlTemplate":"https:\/\/abes.org.br\/?s={search_term_string}"},"query-input":{"@type":"PropertyValueSpecification","valueRequired":true,"valueName":"search_term_string"}}],"inLanguage":"en-US"},{"@type":"Organization","@id":"https:\/\/abes.org.br\/#organization","name":"Brazilian Association of Software Companies","url":"https:\/\/abes.org.br\/","logo":{"@type":"ImageObject","inLanguage":"en-US","@id":"https:\/\/abes.org.br\/#\/schema\/logo\/image\/","url":"https:\/\/abes.org.br\/wp-content\/uploads\/2020\/09\/logo_abes_marca_d_tagline_horizontal_verde-amarelo_cmyk.png","contentUrl":"https:\/\/abes.org.br\/wp-content\/uploads\/2020\/09\/logo_abes_marca_d_tagline_horizontal_verde-amarelo_cmyk.png","width":324,"height":70,"caption":"Associa\u00e7\u00e3o Brasileira das Empresas de Software"},"image":{"@id":"https:\/\/abes.org.br\/#\/schema\/logo\/image\/"},"sameAs":["https:\/\/www.facebook.com\/ABES.software","https:\/\/x.com\/ABES_SOFTWARE","https:\/\/www.linkedin.com\/company\/abes-software\/","https:\/\/www.instagram.com\/abes_software\/"]},{"@type":"Person","@id":"https:\/\/abes.org.br\/#\/schema\/person\/1bad6bff859e7d56ec5664b01968e27e","name":"prima-dev","image":{"@type":"ImageObject","inLanguage":"en-US","@id":"https:\/\/secure.gravatar.com\/avatar\/039c6325210cecd393c57645bc755f7d13deed578fddf4dbfa87bc05dcbcfa4b?s=96&d=mm&r=g","url":"https:\/\/secure.gravatar.com\/avatar\/039c6325210cecd393c57645bc755f7d13deed578fddf4dbfa87bc05dcbcfa4b?s=96&d=mm&r=g","contentUrl":"https:\/\/secure.gravatar.com\/avatar\/039c6325210cecd393c57645bc755f7d13deed578fddf4dbfa87bc05dcbcfa4b?s=96&d=mm&r=g","caption":"prima-dev"},"url":"https:\/\/abes.org.br\/en\/author\/prima-dev\/"}]}},"publishpress_future_action":{"enabled":false,"date":"2026-05-03 21:49:01","action":"change-status","newStatus":"draft","terms":[],"taxonomy":"category","extraData":[]},"publishpress_future_workflow_manual_trigger":{"enabledWorkflows":[]},"_links":{"self":[{"href":"https:\/\/abes.org.br\/en\/wp-json\/wp\/v2\/posts\/10517","targetHints":{"allow":["GET"]}}],"collection":[{"href":"https:\/\/abes.org.br\/en\/wp-json\/wp\/v2\/posts"}],"about":[{"href":"https:\/\/abes.org.br\/en\/wp-json\/wp\/v2\/types\/post"}],"author":[{"embeddable":true,"href":"https:\/\/abes.org.br\/en\/wp-json\/wp\/v2\/users\/2"}],"replies":[{"embeddable":true,"href":"https:\/\/abes.org.br\/en\/wp-json\/wp\/v2\/comments?post=10517"}],"version-history":[{"count":0,"href":"https:\/\/abes.org.br\/en\/wp-json\/wp\/v2\/posts\/10517\/revisions"}],"wp:attachment":[{"href":"https:\/\/abes.org.br\/en\/wp-json\/wp\/v2\/media?parent=10517"}],"wp:term":[{"taxonomy":"category","embeddable":true,"href":"https:\/\/abes.org.br\/en\/wp-json\/wp\/v2\/categories?post=10517"},{"taxonomy":"post_tag","embeddable":true,"href":"https:\/\/abes.org.br\/en\/wp-json\/wp\/v2\/tags?post=10517"}],"curies":[{"name":"wp","href":"https:\/\/api.w.org\/{rel}","templated":true}]}}