{"id":10515,"date":"2020-08-30T00:00:00","date_gmt":"2020-08-30T00:00:00","guid":{"rendered":"https:\/\/abes.org.br\/?p=10515"},"modified":"2020-08-30T00:00:00","modified_gmt":"2020-08-30T00:00:00","slug":"governo-prorroga-por-mais-dois-meses-programa-que-permite-reducao-de-jornada-e-salario","status":"publish","type":"post","link":"https:\/\/abes.org.br\/en\/governo-prorroga-por-mais-dois-meses-programa-que-permite-reducao-de-jornada-e-salario\/","title":{"rendered":"Government extends for another two months a program that allows for a reduction in working hours and wages"},"content":{"rendered":"<div style=\"text-align: justify;\">\n<p>\n\tThe Federal Government decided to extend the program that allows companies to suspend employment contracts or reduce employees&#039; wages and working hours for another two months. Created due to the Covid-19 pandemic, the program provides that the government will recompose part of the employees&#039; income through financial aid, calculated within a percentage of what the employee would receive from unemployment insurance related to the drop in income, deposited directly into the workers&#039; account.<\/p>\n<p>\tThe Minister of Economy, Paulo Guedes, had already signaled that the Executive would extend the program. With the extension, the agreements will be able to be concluded for up to 180 days. The government&#039;s expectation is that approximately 10 million jobs will be preserved throughout the national territory.<\/p>\n<p>\tThe decree published in the Federal Official Gazette provides that the employee with an intermittent employment contract formalized until April 1 of this year will be able to receive emergency assistance, in the amount of R$ 600, for an additional period of two months. The measure allows these workers to receive a total of six installments of the benefit.<\/p>\n<p>\tThe lawyer specialized in Labor Law, Jana\u00edna Fernandes, explains that the suspension of the employment contract does not imply the loss of workers&#039; rights. Fernandes points out, however, that the suspension affects the receipt of the 13th salary.<\/p>\n<p>\t\u201cDuring the period of reduction or suspension of the employment contract, employees will be entitled to all the benefits they received during the employment contract, such as medical plan, dental plan, childcare allowance, funeral assistance, private pension. Transportation vouchers, in cases of suspension, will not exist because there is no work. In reductions, it will be granted on those days when the employee actually goes to work \u201d, says the lawyer.<\/p>\n<p>\t\u201cThose months when the employee is suspended will not be counted for the purposes of 13th salary. For example, if the employee was suspended for two months, when calculating the 13th, 10 months will be calculated and not 12 months for payment of the amount \u201d, he adds.<\/p>\n<p>\t<strong>Provisional Measure<\/strong><\/p>\n<p>\tIn April, the government published a provisional measure that allowed the reduction of the workday with cut of wages of up to 70% in a period of up to three months. The article, which also allowed the employment contract to be suspended for two months, aimed to try to prevent further job losses during the pandemic period. The MP was sanctioned in early July and made into law.<\/p>\n<p>\tThe Emergency Employment and Income Maintenance Program provides that the worker remains employed for the duration of the agreements and for the same period after the agreement ends. \u201cWe have here 16 million contracts signed, preserving jobs. This month&#039;s Caged was positive and the economy is starting to recover a lot thanks to this program \u201d, affirmed the special secretary for Social Security and Labor, Bruno Bianco.<\/p>\n<p>\tAccording to the General Register of Employed and Unemployed (Caged), in the beginning of the second half of August, Brazil generated 131 thousand jobs more than layoffs.<\/p>\n<p>\t<em>Source: ABES Portal with Brasil61<\/em><\/div>","protected":false},"excerpt":{"rendered":"<p>O Governo Federal decidiu prorrogar por mais dois meses o programa que permite empresas a suspender contratos de trabalho ou reduzir o sal&aacute;rio e a jornada de funcion&aacute;rios. Criado em raz&atilde;o da pandemia da Covid-19, o programa prev&ecirc; que o governo recomponha parte da renda dos funcion&aacute;rios por meio de um aux&iacute;lio financeiro, calculado dentro [&hellip;]<\/p>\n","protected":false},"author":2,"featured_media":0,"comment_status":"closed","ping_status":"open","sticky":false,"template":"","format":"standard","meta":{"_acf_changed":false,"_et_pb_use_builder":"","_et_pb_old_content":"","_et_gb_content_width":"","footnotes":""},"categories":[19],"tags":[],"class_list":["post-10515","post","type-post","status-publish","format-standard","hentry","category-ultimas-noticias"],"acf":[],"yoast_head":"<!-- This site is optimized with the Yoast SEO plugin v27.3 - https:\/\/yoast.com\/product\/yoast-seo-wordpress\/ -->\n<title>Governo prorroga por mais dois meses programa que permite redu\u00e7\u00e3o de jornada e sal\u00e1rio - ABES<\/title>\n<meta name=\"robots\" content=\"index, follow, max-snippet:-1, max-image-preview:large, max-video-preview:-1\" \/>\n<link rel=\"canonical\" href=\"https:\/\/abes.org.br\/en\/governo-prorroga-por-mais-dois-meses-programa-que-permite-reducao-de-jornada-e-salario\/\" \/>\n<meta property=\"og:locale\" content=\"en_US\" \/>\n<meta property=\"og:type\" content=\"article\" \/>\n<meta property=\"og:title\" content=\"Governo prorroga por mais dois meses programa que permite redu\u00e7\u00e3o de jornada e sal\u00e1rio - ABES\" \/>\n<meta property=\"og:description\" content=\"O Governo Federal decidiu prorrogar por mais dois meses o programa que permite empresas a suspender contratos de trabalho ou reduzir o sal&aacute;rio e a jornada de funcion&aacute;rios. Criado em raz&atilde;o da pandemia da Covid-19, o programa prev&ecirc; que o governo recomponha parte da renda dos funcion&aacute;rios por meio de um aux&iacute;lio financeiro, calculado dentro [&hellip;]\" \/>\n<meta property=\"og:url\" content=\"https:\/\/abes.org.br\/en\/governo-prorroga-por-mais-dois-meses-programa-que-permite-reducao-de-jornada-e-salario\/\" \/>\n<meta property=\"og:site_name\" content=\"ABES\" \/>\n<meta property=\"article:publisher\" content=\"https:\/\/www.facebook.com\/ABES.software\" \/>\n<meta property=\"article:published_time\" content=\"2020-08-30T00:00:00+00:00\" \/>\n<meta property=\"og:image\" content=\"https:\/\/abes.org.br\/wp-content\/uploads\/2021\/01\/logo_abes_marca_tagline_horizontal_colorido_rgb.png\" \/>\n\t<meta property=\"og:image:width\" content=\"3509\" \/>\n\t<meta property=\"og:image:height\" content=\"2482\" \/>\n\t<meta property=\"og:image:type\" content=\"image\/png\" \/>\n<meta name=\"author\" content=\"prima-dev\" \/>\n<meta name=\"twitter:card\" content=\"summary_large_image\" \/>\n<meta name=\"twitter:creator\" content=\"@ABES_SOFTWARE\" \/>\n<meta name=\"twitter:site\" content=\"@ABES_SOFTWARE\" \/>\n<meta name=\"twitter:label1\" content=\"Written by\" \/>\n\t<meta name=\"twitter:data1\" content=\"prima-dev\" \/>\n\t<meta name=\"twitter:label2\" content=\"Est. reading time\" \/>\n\t<meta name=\"twitter:data2\" content=\"3 minutes\" \/>\n<script type=\"application\/ld+json\" class=\"yoast-schema-graph\">{\"@context\":\"https:\\\/\\\/schema.org\",\"@graph\":[{\"@type\":\"Article\",\"@id\":\"https:\\\/\\\/abes.org.br\\\/governo-prorroga-por-mais-dois-meses-programa-que-permite-reducao-de-jornada-e-salario\\\/#article\",\"isPartOf\":{\"@id\":\"https:\\\/\\\/abes.org.br\\\/governo-prorroga-por-mais-dois-meses-programa-que-permite-reducao-de-jornada-e-salario\\\/\"},\"author\":{\"name\":\"prima-dev\",\"@id\":\"https:\\\/\\\/abes.org.br\\\/#\\\/schema\\\/person\\\/1bad6bff859e7d56ec5664b01968e27e\"},\"headline\":\"Governo prorroga por mais dois meses programa que permite redu\u00e7\u00e3o de jornada e sal\u00e1rio\",\"datePublished\":\"2020-08-30T00:00:00+00:00\",\"mainEntityOfPage\":{\"@id\":\"https:\\\/\\\/abes.org.br\\\/governo-prorroga-por-mais-dois-meses-programa-que-permite-reducao-de-jornada-e-salario\\\/\"},\"wordCount\":653,\"publisher\":{\"@id\":\"https:\\\/\\\/abes.org.br\\\/#organization\"},\"articleSection\":[\"\u00daltimas not\u00edcias\"],\"inLanguage\":\"en-US\"},{\"@type\":\"WebPage\",\"@id\":\"https:\\\/\\\/abes.org.br\\\/governo-prorroga-por-mais-dois-meses-programa-que-permite-reducao-de-jornada-e-salario\\\/\",\"url\":\"https:\\\/\\\/abes.org.br\\\/governo-prorroga-por-mais-dois-meses-programa-que-permite-reducao-de-jornada-e-salario\\\/\",\"name\":\"Governo prorroga por mais dois meses programa que permite redu\u00e7\u00e3o de jornada e sal\u00e1rio - ABES\",\"isPartOf\":{\"@id\":\"https:\\\/\\\/abes.org.br\\\/#website\"},\"datePublished\":\"2020-08-30T00:00:00+00:00\",\"breadcrumb\":{\"@id\":\"https:\\\/\\\/abes.org.br\\\/governo-prorroga-por-mais-dois-meses-programa-que-permite-reducao-de-jornada-e-salario\\\/#breadcrumb\"},\"inLanguage\":\"en-US\",\"potentialAction\":[{\"@type\":\"ReadAction\",\"target\":[\"https:\\\/\\\/abes.org.br\\\/governo-prorroga-por-mais-dois-meses-programa-que-permite-reducao-de-jornada-e-salario\\\/\"]}]},{\"@type\":\"BreadcrumbList\",\"@id\":\"https:\\\/\\\/abes.org.br\\\/governo-prorroga-por-mais-dois-meses-programa-que-permite-reducao-de-jornada-e-salario\\\/#breadcrumb\",\"itemListElement\":[{\"@type\":\"ListItem\",\"position\":1,\"name\":\"In\u00edcio\",\"item\":\"https:\\\/\\\/abes.org.br\\\/\"},{\"@type\":\"ListItem\",\"position\":2,\"name\":\"Governo prorroga por mais dois meses programa que permite redu\u00e7\u00e3o de jornada e sal\u00e1rio\"}]},{\"@type\":\"WebSite\",\"@id\":\"https:\\\/\\\/abes.org.br\\\/#website\",\"url\":\"https:\\\/\\\/abes.org.br\\\/\",\"name\":\"ABES\",\"description\":\"Associa\u00e7\u00e3o Brasileira das Empresas de Software\",\"publisher\":{\"@id\":\"https:\\\/\\\/abes.org.br\\\/#organization\"},\"potentialAction\":[{\"@type\":\"SearchAction\",\"target\":{\"@type\":\"EntryPoint\",\"urlTemplate\":\"https:\\\/\\\/abes.org.br\\\/?s={search_term_string}\"},\"query-input\":{\"@type\":\"PropertyValueSpecification\",\"valueRequired\":true,\"valueName\":\"search_term_string\"}}],\"inLanguage\":\"en-US\"},{\"@type\":\"Organization\",\"@id\":\"https:\\\/\\\/abes.org.br\\\/#organization\",\"name\":\"Associa\u00e7\u00e3o Brasileira das Empresas de Software\",\"url\":\"https:\\\/\\\/abes.org.br\\\/\",\"logo\":{\"@type\":\"ImageObject\",\"inLanguage\":\"en-US\",\"@id\":\"https:\\\/\\\/abes.org.br\\\/#\\\/schema\\\/logo\\\/image\\\/\",\"url\":\"https:\\\/\\\/abes.org.br\\\/wp-content\\\/uploads\\\/2020\\\/09\\\/logo_abes_marca_d_tagline_horizontal_verde-amarelo_cmyk.png\",\"contentUrl\":\"https:\\\/\\\/abes.org.br\\\/wp-content\\\/uploads\\\/2020\\\/09\\\/logo_abes_marca_d_tagline_horizontal_verde-amarelo_cmyk.png\",\"width\":324,\"height\":70,\"caption\":\"Associa\u00e7\u00e3o Brasileira das Empresas de Software\"},\"image\":{\"@id\":\"https:\\\/\\\/abes.org.br\\\/#\\\/schema\\\/logo\\\/image\\\/\"},\"sameAs\":[\"https:\\\/\\\/www.facebook.com\\\/ABES.software\",\"https:\\\/\\\/x.com\\\/ABES_SOFTWARE\",\"https:\\\/\\\/www.linkedin.com\\\/company\\\/abes-software\\\/\",\"https:\\\/\\\/www.instagram.com\\\/abes_software\\\/\"]},{\"@type\":\"Person\",\"@id\":\"https:\\\/\\\/abes.org.br\\\/#\\\/schema\\\/person\\\/1bad6bff859e7d56ec5664b01968e27e\",\"name\":\"prima-dev\",\"image\":{\"@type\":\"ImageObject\",\"inLanguage\":\"en-US\",\"@id\":\"https:\\\/\\\/secure.gravatar.com\\\/avatar\\\/039c6325210cecd393c57645bc755f7d13deed578fddf4dbfa87bc05dcbcfa4b?s=96&d=mm&r=g\",\"url\":\"https:\\\/\\\/secure.gravatar.com\\\/avatar\\\/039c6325210cecd393c57645bc755f7d13deed578fddf4dbfa87bc05dcbcfa4b?s=96&d=mm&r=g\",\"contentUrl\":\"https:\\\/\\\/secure.gravatar.com\\\/avatar\\\/039c6325210cecd393c57645bc755f7d13deed578fddf4dbfa87bc05dcbcfa4b?s=96&d=mm&r=g\",\"caption\":\"prima-dev\"},\"url\":\"https:\\\/\\\/abes.org.br\\\/en\\\/author\\\/prima-dev\\\/\"}]}<\/script>\n<!-- \/ Yoast SEO plugin. -->","yoast_head_json":{"title":"Governo prorroga por mais dois meses programa que permite redu\u00e7\u00e3o de jornada e sal\u00e1rio - ABES","robots":{"index":"index","follow":"follow","max-snippet":"max-snippet:-1","max-image-preview":"max-image-preview:large","max-video-preview":"max-video-preview:-1"},"canonical":"https:\/\/abes.org.br\/en\/governo-prorroga-por-mais-dois-meses-programa-que-permite-reducao-de-jornada-e-salario\/","og_locale":"en_US","og_type":"article","og_title":"Governo prorroga por mais dois meses programa que permite redu\u00e7\u00e3o de jornada e sal\u00e1rio - ABES","og_description":"O Governo Federal decidiu prorrogar por mais dois meses o programa que permite empresas a suspender contratos de trabalho ou reduzir o sal&aacute;rio e a jornada de funcion&aacute;rios. Criado em raz&atilde;o da pandemia da Covid-19, o programa prev&ecirc; que o governo recomponha parte da renda dos funcion&aacute;rios por meio de um aux&iacute;lio financeiro, calculado dentro [&hellip;]","og_url":"https:\/\/abes.org.br\/en\/governo-prorroga-por-mais-dois-meses-programa-que-permite-reducao-de-jornada-e-salario\/","og_site_name":"ABES","article_publisher":"https:\/\/www.facebook.com\/ABES.software","article_published_time":"2020-08-30T00:00:00+00:00","og_image":[{"width":3509,"height":2482,"url":"https:\/\/abes.org.br\/wp-content\/uploads\/2021\/01\/logo_abes_marca_tagline_horizontal_colorido_rgb.png","type":"image\/png"}],"author":"prima-dev","twitter_card":"summary_large_image","twitter_creator":"@ABES_SOFTWARE","twitter_site":"@ABES_SOFTWARE","twitter_misc":{"Written by":"prima-dev","Est. reading time":"3 minutes"},"schema":{"@context":"https:\/\/schema.org","@graph":[{"@type":"Article","@id":"https:\/\/abes.org.br\/governo-prorroga-por-mais-dois-meses-programa-que-permite-reducao-de-jornada-e-salario\/#article","isPartOf":{"@id":"https:\/\/abes.org.br\/governo-prorroga-por-mais-dois-meses-programa-que-permite-reducao-de-jornada-e-salario\/"},"author":{"name":"prima-dev","@id":"https:\/\/abes.org.br\/#\/schema\/person\/1bad6bff859e7d56ec5664b01968e27e"},"headline":"Governo prorroga por mais dois meses programa que permite redu\u00e7\u00e3o de jornada e sal\u00e1rio","datePublished":"2020-08-30T00:00:00+00:00","mainEntityOfPage":{"@id":"https:\/\/abes.org.br\/governo-prorroga-por-mais-dois-meses-programa-que-permite-reducao-de-jornada-e-salario\/"},"wordCount":653,"publisher":{"@id":"https:\/\/abes.org.br\/#organization"},"articleSection":["\u00daltimas not\u00edcias"],"inLanguage":"en-US"},{"@type":"WebPage","@id":"https:\/\/abes.org.br\/governo-prorroga-por-mais-dois-meses-programa-que-permite-reducao-de-jornada-e-salario\/","url":"https:\/\/abes.org.br\/governo-prorroga-por-mais-dois-meses-programa-que-permite-reducao-de-jornada-e-salario\/","name":"Governo prorroga por mais dois meses programa que permite redu\u00e7\u00e3o de jornada e sal\u00e1rio - ABES","isPartOf":{"@id":"https:\/\/abes.org.br\/#website"},"datePublished":"2020-08-30T00:00:00+00:00","breadcrumb":{"@id":"https:\/\/abes.org.br\/governo-prorroga-por-mais-dois-meses-programa-que-permite-reducao-de-jornada-e-salario\/#breadcrumb"},"inLanguage":"en-US","potentialAction":[{"@type":"ReadAction","target":["https:\/\/abes.org.br\/governo-prorroga-por-mais-dois-meses-programa-que-permite-reducao-de-jornada-e-salario\/"]}]},{"@type":"BreadcrumbList","@id":"https:\/\/abes.org.br\/governo-prorroga-por-mais-dois-meses-programa-que-permite-reducao-de-jornada-e-salario\/#breadcrumb","itemListElement":[{"@type":"ListItem","position":1,"name":"In\u00edcio","item":"https:\/\/abes.org.br\/"},{"@type":"ListItem","position":2,"name":"Governo prorroga por mais dois meses programa que permite redu\u00e7\u00e3o de jornada e sal\u00e1rio"}]},{"@type":"WebSite","@id":"https:\/\/abes.org.br\/#website","url":"https:\/\/abes.org.br\/","name":"ABES","description":"Brazilian Association of Software Companies","publisher":{"@id":"https:\/\/abes.org.br\/#organization"},"potentialAction":[{"@type":"SearchAction","target":{"@type":"EntryPoint","urlTemplate":"https:\/\/abes.org.br\/?s={search_term_string}"},"query-input":{"@type":"PropertyValueSpecification","valueRequired":true,"valueName":"search_term_string"}}],"inLanguage":"en-US"},{"@type":"Organization","@id":"https:\/\/abes.org.br\/#organization","name":"Brazilian Association of Software Companies","url":"https:\/\/abes.org.br\/","logo":{"@type":"ImageObject","inLanguage":"en-US","@id":"https:\/\/abes.org.br\/#\/schema\/logo\/image\/","url":"https:\/\/abes.org.br\/wp-content\/uploads\/2020\/09\/logo_abes_marca_d_tagline_horizontal_verde-amarelo_cmyk.png","contentUrl":"https:\/\/abes.org.br\/wp-content\/uploads\/2020\/09\/logo_abes_marca_d_tagline_horizontal_verde-amarelo_cmyk.png","width":324,"height":70,"caption":"Associa\u00e7\u00e3o Brasileira das Empresas de Software"},"image":{"@id":"https:\/\/abes.org.br\/#\/schema\/logo\/image\/"},"sameAs":["https:\/\/www.facebook.com\/ABES.software","https:\/\/x.com\/ABES_SOFTWARE","https:\/\/www.linkedin.com\/company\/abes-software\/","https:\/\/www.instagram.com\/abes_software\/"]},{"@type":"Person","@id":"https:\/\/abes.org.br\/#\/schema\/person\/1bad6bff859e7d56ec5664b01968e27e","name":"prima-dev","image":{"@type":"ImageObject","inLanguage":"en-US","@id":"https:\/\/secure.gravatar.com\/avatar\/039c6325210cecd393c57645bc755f7d13deed578fddf4dbfa87bc05dcbcfa4b?s=96&d=mm&r=g","url":"https:\/\/secure.gravatar.com\/avatar\/039c6325210cecd393c57645bc755f7d13deed578fddf4dbfa87bc05dcbcfa4b?s=96&d=mm&r=g","contentUrl":"https:\/\/secure.gravatar.com\/avatar\/039c6325210cecd393c57645bc755f7d13deed578fddf4dbfa87bc05dcbcfa4b?s=96&d=mm&r=g","caption":"prima-dev"},"url":"https:\/\/abes.org.br\/en\/author\/prima-dev\/"}]}},"publishpress_future_action":{"enabled":false,"date":"2026-05-03 20:13:47","action":"change-status","newStatus":"draft","terms":[],"taxonomy":"category","extraData":[]},"publishpress_future_workflow_manual_trigger":{"enabledWorkflows":[]},"_links":{"self":[{"href":"https:\/\/abes.org.br\/en\/wp-json\/wp\/v2\/posts\/10515","targetHints":{"allow":["GET"]}}],"collection":[{"href":"https:\/\/abes.org.br\/en\/wp-json\/wp\/v2\/posts"}],"about":[{"href":"https:\/\/abes.org.br\/en\/wp-json\/wp\/v2\/types\/post"}],"author":[{"embeddable":true,"href":"https:\/\/abes.org.br\/en\/wp-json\/wp\/v2\/users\/2"}],"replies":[{"embeddable":true,"href":"https:\/\/abes.org.br\/en\/wp-json\/wp\/v2\/comments?post=10515"}],"version-history":[{"count":0,"href":"https:\/\/abes.org.br\/en\/wp-json\/wp\/v2\/posts\/10515\/revisions"}],"wp:attachment":[{"href":"https:\/\/abes.org.br\/en\/wp-json\/wp\/v2\/media?parent=10515"}],"wp:term":[{"taxonomy":"category","embeddable":true,"href":"https:\/\/abes.org.br\/en\/wp-json\/wp\/v2\/categories?post=10515"},{"taxonomy":"post_tag","embeddable":true,"href":"https:\/\/abes.org.br\/en\/wp-json\/wp\/v2\/tags?post=10515"}],"curies":[{"name":"wp","href":"https:\/\/api.w.org\/{rel}","templated":true}]}}