{"id":10505,"date":"2020-08-26T00:00:00","date_gmt":"2020-08-26T00:00:00","guid":{"rendered":"https:\/\/abes.org.br\/?p=10505"},"modified":"2020-08-26T00:00:00","modified_gmt":"2020-08-26T00:00:00","slug":"protecao-de-dados-demanda-abordagem-multifuncional-trabalho-conjunto-e-conscientizacao","status":"publish","type":"post","link":"https:\/\/abes.org.br\/en\/protecao-de-dados-demanda-abordagem-multifuncional-trabalho-conjunto-e-conscientizacao\/","title":{"rendered":"Data protection requires a multifunctional approach, joint work and awareness"},"content":{"rendered":"<div style=\"text-align: justify;\">\n<p>\n\t<img decoding=\"async\" alt=\"\" src=\"\/wp-content\/uploads\/anterior\/Imagens\/print8.PNG\" style=\"width: 360px; height: 147px;\" \/><\/p>\n<p>\n\tOn August 19, the webinar \u201c<a href=\"https:\/\/www.youtube.com\/watch?v=wa-KhGoI9MQ\"><strong>ABES NEW TIMES: How GDPR is affecting business in Europe and what we can learn for LGPD<\/strong><\/a>? \u201d, Which brought together a group of international experts to discuss data protection and privacy laws. The event was supported by Pontus Vision and Movimento Brasil, Pa\u00eds Digital; in addition to the companies Bertha Capital, BR Angels, Bossa Nova Investimentos, Kyvo Innovation and Startup Farm - partners of the ABES Startup Internship Program.<\/p>\n<p>\tThe moderation was carried out by Andriei Gutierrez, Coordinator of the Regulatory Committee and of the Movimento Brasil, Pa\u00eds Digital, both maintained by ABES. At the opening, Rodolfo F\u00fccher, president of the organization, highlighted the diagnostic tool that assesses the adequacy of companies. of any segment, in relation to the rules of the General Data Protection Law, developed in partnership with the consultancy EY.&nbsp;<\/p>\n<p>\t<strong>Risk of judicialization<\/strong><\/p>\n<p>\tThe first to speak was Dr. Viviane N\u00f3brega Maldonado, Data Protection Expert (CIPP \/ E), Judge of Law of the TJSP (1993\/2018) and Master of Comparative Law (MCL) by Stanford University (USA). Viviane commented that, even recognizing that GDPR and LGPD have a common structure, they have different points. \u201cIn Brazil, we are already facing a certain difficulty, because we do not yet have the National Data Protection Authority. In Europe, companies have always been very concerned with the imposition of sanctions due to security incidents, leaks, that is, more technical aspects \u201d, he commented. She also noted that if the LGPD goes into effect without the ANPD, associations or professionals are expected to go to court with questions about the rights of data subjects already knowing that companies are not prepared to meet these requests, reinforcing judicialization, which marks the national market.<\/p>\n<p>\t<strong>More awareness<\/strong><\/p>\n<p>\tFollowing, Punam Tiwari, Head of Legal UK, Europe and South Africa and Data Protection Officer at EXL Service. Oxford Institute of Legal Practice, spoke about the complexity of structuring data protection tools in a small company, in a large company or in a public organization. Fines and penalties are recorded in the United Kingdom and in the countries of the European Union, but there are still questions about data sharing between companies in different locations, for example, with partners located in the United States. Punam considers that there is still a need to expand awareness actions focusing on the importance of protecting personal data.<\/p>\n<p>\t<strong>Multifunctional approach<\/strong><\/p>\n<p>\tDaniel Rolles, Director of Data Analytics at EXL Service. Executive MBA at London Business School, said that the protection of personal data needs a multifunctional approach, on the importance of risk management, control processes and compliance metrics, in order to promote an active management of customer data, including governance, cybersecurity, people training and internal audits.<br \/>\n\t.<br \/>\n\t<strong>Organize the data<\/strong><\/p>\n<p>\tLeonardo Martins, Founder and CTO of Pontus Vision, an Anglo-Brazilian company that offers open source data protection tools. Executive MBA at London Business School, said the company came to work in Brazil to share some lessons learned in Europe, adjusting them to cultural differences. He noted that the implementation of GDPR took place in a more mature market, as several countries already had legislation. In Brazil, what is seen is that most companies have not yet started to adapt and that they are still discovering the sources of data within the companies. So, an initial approach to this type of scenario is to start with the data systems already known, such as CRM and HR. Another suggestion is to have a very close performance between the technology, legal and consulting partners, if one has been hired, to promote the organization of data and documentation together.<\/p>\n<p>\tTo watch the full content of this webinar, click <a href=\"https:\/\/www.youtube.com\/watch?v=wa-KhGoI9MQ\">on here<\/a>.<\/div>","protected":false},"excerpt":{"rendered":"<p>No dia 19\/08, aconteceu o webinar &ldquo;ABES NOVOS TEMPOS: Como o GDPR est&aacute; afetando os neg&oacute;cios na Europa e o que podemos aprender para a LGPD?&rdquo;, que reuniu um grupo de especialistas internacionais para debater sobre as leis de prote&ccedil;&atilde;o de dados e privacidade.&nbsp; O evento teve o apoio da Pontus Vision e do Movimento [&hellip;]<\/p>\n","protected":false},"author":2,"featured_media":0,"comment_status":"closed","ping_status":"open","sticky":false,"template":"","format":"standard","meta":{"_acf_changed":false,"_et_pb_use_builder":"","_et_pb_old_content":"","_et_gb_content_width":"","footnotes":""},"categories":[19],"tags":[],"class_list":["post-10505","post","type-post","status-publish","format-standard","hentry","category-ultimas-noticias"],"acf":[],"yoast_head":"<!-- This site is optimized with the Yoast SEO plugin v27.3 - https:\/\/yoast.com\/product\/yoast-seo-wordpress\/ -->\n<title>Prote\u00e7\u00e3o de dados demanda abordagem multifuncional, trabalho conjunto e conscientiza\u00e7\u00e3o - ABES<\/title>\n<meta name=\"robots\" content=\"index, follow, max-snippet:-1, max-image-preview:large, max-video-preview:-1\" \/>\n<link rel=\"canonical\" href=\"https:\/\/abes.org.br\/en\/protecao-de-dados-demanda-abordagem-multifuncional-trabalho-conjunto-e-conscientizacao\/\" \/>\n<meta property=\"og:locale\" content=\"en_US\" \/>\n<meta property=\"og:type\" content=\"article\" \/>\n<meta property=\"og:title\" content=\"Prote\u00e7\u00e3o de dados demanda abordagem multifuncional, trabalho conjunto e conscientiza\u00e7\u00e3o - ABES\" \/>\n<meta property=\"og:description\" content=\"No dia 19\/08, aconteceu o webinar &ldquo;ABES NOVOS TEMPOS: Como o GDPR est&aacute; afetando os neg&oacute;cios na Europa e o que podemos aprender para a LGPD?&rdquo;, que reuniu um grupo de especialistas internacionais para debater sobre as leis de prote&ccedil;&atilde;o de dados e privacidade.&nbsp; O evento teve o apoio da Pontus Vision e do Movimento [&hellip;]\" \/>\n<meta property=\"og:url\" content=\"https:\/\/abes.org.br\/en\/protecao-de-dados-demanda-abordagem-multifuncional-trabalho-conjunto-e-conscientizacao\/\" \/>\n<meta property=\"og:site_name\" content=\"ABES\" \/>\n<meta property=\"article:publisher\" content=\"https:\/\/www.facebook.com\/ABES.software\" \/>\n<meta property=\"article:published_time\" content=\"2020-08-26T00:00:00+00:00\" \/>\n<meta property=\"og:image\" content=\"https:\/\/abes.org.br\/wp-content\/uploads\/2021\/01\/logo_abes_marca_tagline_horizontal_colorido_rgb.png\" \/>\n\t<meta property=\"og:image:width\" content=\"3509\" \/>\n\t<meta property=\"og:image:height\" content=\"2482\" \/>\n\t<meta property=\"og:image:type\" content=\"image\/png\" \/>\n<meta name=\"author\" content=\"prima-dev\" \/>\n<meta name=\"twitter:card\" content=\"summary_large_image\" \/>\n<meta name=\"twitter:creator\" content=\"@ABES_SOFTWARE\" \/>\n<meta name=\"twitter:site\" content=\"@ABES_SOFTWARE\" \/>\n<meta name=\"twitter:label1\" content=\"Written by\" \/>\n\t<meta name=\"twitter:data1\" content=\"prima-dev\" \/>\n\t<meta name=\"twitter:label2\" content=\"Est. reading time\" \/>\n\t<meta name=\"twitter:data2\" content=\"4 minutes\" \/>\n<script type=\"application\/ld+json\" class=\"yoast-schema-graph\">{\"@context\":\"https:\\\/\\\/schema.org\",\"@graph\":[{\"@type\":\"Article\",\"@id\":\"https:\\\/\\\/abes.org.br\\\/en\\\/protecao-de-dados-demanda-abordagem-multifuncional-trabalho-conjunto-e-conscientizacao\\\/#article\",\"isPartOf\":{\"@id\":\"https:\\\/\\\/abes.org.br\\\/en\\\/protecao-de-dados-demanda-abordagem-multifuncional-trabalho-conjunto-e-conscientizacao\\\/\"},\"author\":{\"name\":\"prima-dev\",\"@id\":\"https:\\\/\\\/abes.org.br\\\/#\\\/schema\\\/person\\\/1bad6bff859e7d56ec5664b01968e27e\"},\"headline\":\"Prote\u00e7\u00e3o de dados demanda abordagem multifuncional, trabalho conjunto e conscientiza\u00e7\u00e3o\",\"datePublished\":\"2020-08-26T00:00:00+00:00\",\"mainEntityOfPage\":{\"@id\":\"https:\\\/\\\/abes.org.br\\\/en\\\/protecao-de-dados-demanda-abordagem-multifuncional-trabalho-conjunto-e-conscientizacao\\\/\"},\"wordCount\":812,\"publisher\":{\"@id\":\"https:\\\/\\\/abes.org.br\\\/#organization\"},\"articleSection\":[\"\u00daltimas not\u00edcias\"],\"inLanguage\":\"en-US\"},{\"@type\":\"WebPage\",\"@id\":\"https:\\\/\\\/abes.org.br\\\/en\\\/protecao-de-dados-demanda-abordagem-multifuncional-trabalho-conjunto-e-conscientizacao\\\/\",\"url\":\"https:\\\/\\\/abes.org.br\\\/en\\\/protecao-de-dados-demanda-abordagem-multifuncional-trabalho-conjunto-e-conscientizacao\\\/\",\"name\":\"Prote\u00e7\u00e3o de dados demanda abordagem multifuncional, trabalho conjunto e conscientiza\u00e7\u00e3o - ABES\",\"isPartOf\":{\"@id\":\"https:\\\/\\\/abes.org.br\\\/#website\"},\"datePublished\":\"2020-08-26T00:00:00+00:00\",\"breadcrumb\":{\"@id\":\"https:\\\/\\\/abes.org.br\\\/en\\\/protecao-de-dados-demanda-abordagem-multifuncional-trabalho-conjunto-e-conscientizacao\\\/#breadcrumb\"},\"inLanguage\":\"en-US\",\"potentialAction\":[{\"@type\":\"ReadAction\",\"target\":[\"https:\\\/\\\/abes.org.br\\\/en\\\/protecao-de-dados-demanda-abordagem-multifuncional-trabalho-conjunto-e-conscientizacao\\\/\"]}]},{\"@type\":\"BreadcrumbList\",\"@id\":\"https:\\\/\\\/abes.org.br\\\/en\\\/protecao-de-dados-demanda-abordagem-multifuncional-trabalho-conjunto-e-conscientizacao\\\/#breadcrumb\",\"itemListElement\":[{\"@type\":\"ListItem\",\"position\":1,\"name\":\"In\u00edcio\",\"item\":\"https:\\\/\\\/abes.org.br\\\/\"},{\"@type\":\"ListItem\",\"position\":2,\"name\":\"Prote\u00e7\u00e3o de dados demanda abordagem multifuncional, trabalho conjunto e conscientiza\u00e7\u00e3o\"}]},{\"@type\":\"WebSite\",\"@id\":\"https:\\\/\\\/abes.org.br\\\/#website\",\"url\":\"https:\\\/\\\/abes.org.br\\\/\",\"name\":\"ABES\",\"description\":\"Associa\u00e7\u00e3o Brasileira das Empresas de Software\",\"publisher\":{\"@id\":\"https:\\\/\\\/abes.org.br\\\/#organization\"},\"potentialAction\":[{\"@type\":\"SearchAction\",\"target\":{\"@type\":\"EntryPoint\",\"urlTemplate\":\"https:\\\/\\\/abes.org.br\\\/?s={search_term_string}\"},\"query-input\":{\"@type\":\"PropertyValueSpecification\",\"valueRequired\":true,\"valueName\":\"search_term_string\"}}],\"inLanguage\":\"en-US\"},{\"@type\":\"Organization\",\"@id\":\"https:\\\/\\\/abes.org.br\\\/#organization\",\"name\":\"Associa\u00e7\u00e3o Brasileira das Empresas de Software\",\"url\":\"https:\\\/\\\/abes.org.br\\\/\",\"logo\":{\"@type\":\"ImageObject\",\"inLanguage\":\"en-US\",\"@id\":\"https:\\\/\\\/abes.org.br\\\/#\\\/schema\\\/logo\\\/image\\\/\",\"url\":\"https:\\\/\\\/abes.org.br\\\/wp-content\\\/uploads\\\/2020\\\/09\\\/logo_abes_marca_d_tagline_horizontal_verde-amarelo_cmyk.png\",\"contentUrl\":\"https:\\\/\\\/abes.org.br\\\/wp-content\\\/uploads\\\/2020\\\/09\\\/logo_abes_marca_d_tagline_horizontal_verde-amarelo_cmyk.png\",\"width\":324,\"height\":70,\"caption\":\"Associa\u00e7\u00e3o Brasileira das Empresas de Software\"},\"image\":{\"@id\":\"https:\\\/\\\/abes.org.br\\\/#\\\/schema\\\/logo\\\/image\\\/\"},\"sameAs\":[\"https:\\\/\\\/www.facebook.com\\\/ABES.software\",\"https:\\\/\\\/x.com\\\/ABES_SOFTWARE\",\"https:\\\/\\\/www.linkedin.com\\\/company\\\/abes-software\\\/\",\"https:\\\/\\\/www.instagram.com\\\/abes_software\\\/\"]},{\"@type\":\"Person\",\"@id\":\"https:\\\/\\\/abes.org.br\\\/#\\\/schema\\\/person\\\/1bad6bff859e7d56ec5664b01968e27e\",\"name\":\"prima-dev\",\"image\":{\"@type\":\"ImageObject\",\"inLanguage\":\"en-US\",\"@id\":\"https:\\\/\\\/secure.gravatar.com\\\/avatar\\\/039c6325210cecd393c57645bc755f7d13deed578fddf4dbfa87bc05dcbcfa4b?s=96&d=mm&r=g\",\"url\":\"https:\\\/\\\/secure.gravatar.com\\\/avatar\\\/039c6325210cecd393c57645bc755f7d13deed578fddf4dbfa87bc05dcbcfa4b?s=96&d=mm&r=g\",\"contentUrl\":\"https:\\\/\\\/secure.gravatar.com\\\/avatar\\\/039c6325210cecd393c57645bc755f7d13deed578fddf4dbfa87bc05dcbcfa4b?s=96&d=mm&r=g\",\"caption\":\"prima-dev\"},\"url\":\"https:\\\/\\\/abes.org.br\\\/en\\\/author\\\/prima-dev\\\/\"}]}<\/script>\n<!-- \/ Yoast SEO plugin. -->","yoast_head_json":{"title":"Prote\u00e7\u00e3o de dados demanda abordagem multifuncional, trabalho conjunto e conscientiza\u00e7\u00e3o - ABES","robots":{"index":"index","follow":"follow","max-snippet":"max-snippet:-1","max-image-preview":"max-image-preview:large","max-video-preview":"max-video-preview:-1"},"canonical":"https:\/\/abes.org.br\/en\/protecao-de-dados-demanda-abordagem-multifuncional-trabalho-conjunto-e-conscientizacao\/","og_locale":"en_US","og_type":"article","og_title":"Prote\u00e7\u00e3o de dados demanda abordagem multifuncional, trabalho conjunto e conscientiza\u00e7\u00e3o - ABES","og_description":"No dia 19\/08, aconteceu o webinar &ldquo;ABES NOVOS TEMPOS: Como o GDPR est&aacute; afetando os neg&oacute;cios na Europa e o que podemos aprender para a LGPD?&rdquo;, que reuniu um grupo de especialistas internacionais para debater sobre as leis de prote&ccedil;&atilde;o de dados e privacidade.&nbsp; O evento teve o apoio da Pontus Vision e do Movimento [&hellip;]","og_url":"https:\/\/abes.org.br\/en\/protecao-de-dados-demanda-abordagem-multifuncional-trabalho-conjunto-e-conscientizacao\/","og_site_name":"ABES","article_publisher":"https:\/\/www.facebook.com\/ABES.software","article_published_time":"2020-08-26T00:00:00+00:00","og_image":[{"width":3509,"height":2482,"url":"https:\/\/abes.org.br\/wp-content\/uploads\/2021\/01\/logo_abes_marca_tagline_horizontal_colorido_rgb.png","type":"image\/png"}],"author":"prima-dev","twitter_card":"summary_large_image","twitter_creator":"@ABES_SOFTWARE","twitter_site":"@ABES_SOFTWARE","twitter_misc":{"Written by":"prima-dev","Est. reading time":"4 minutes"},"schema":{"@context":"https:\/\/schema.org","@graph":[{"@type":"Article","@id":"https:\/\/abes.org.br\/en\/protecao-de-dados-demanda-abordagem-multifuncional-trabalho-conjunto-e-conscientizacao\/#article","isPartOf":{"@id":"https:\/\/abes.org.br\/en\/protecao-de-dados-demanda-abordagem-multifuncional-trabalho-conjunto-e-conscientizacao\/"},"author":{"name":"prima-dev","@id":"https:\/\/abes.org.br\/#\/schema\/person\/1bad6bff859e7d56ec5664b01968e27e"},"headline":"Prote\u00e7\u00e3o de dados demanda abordagem multifuncional, trabalho conjunto e conscientiza\u00e7\u00e3o","datePublished":"2020-08-26T00:00:00+00:00","mainEntityOfPage":{"@id":"https:\/\/abes.org.br\/en\/protecao-de-dados-demanda-abordagem-multifuncional-trabalho-conjunto-e-conscientizacao\/"},"wordCount":812,"publisher":{"@id":"https:\/\/abes.org.br\/#organization"},"articleSection":["\u00daltimas not\u00edcias"],"inLanguage":"en-US"},{"@type":"WebPage","@id":"https:\/\/abes.org.br\/en\/protecao-de-dados-demanda-abordagem-multifuncional-trabalho-conjunto-e-conscientizacao\/","url":"https:\/\/abes.org.br\/en\/protecao-de-dados-demanda-abordagem-multifuncional-trabalho-conjunto-e-conscientizacao\/","name":"Prote\u00e7\u00e3o de dados demanda abordagem multifuncional, trabalho conjunto e conscientiza\u00e7\u00e3o - ABES","isPartOf":{"@id":"https:\/\/abes.org.br\/#website"},"datePublished":"2020-08-26T00:00:00+00:00","breadcrumb":{"@id":"https:\/\/abes.org.br\/en\/protecao-de-dados-demanda-abordagem-multifuncional-trabalho-conjunto-e-conscientizacao\/#breadcrumb"},"inLanguage":"en-US","potentialAction":[{"@type":"ReadAction","target":["https:\/\/abes.org.br\/en\/protecao-de-dados-demanda-abordagem-multifuncional-trabalho-conjunto-e-conscientizacao\/"]}]},{"@type":"BreadcrumbList","@id":"https:\/\/abes.org.br\/en\/protecao-de-dados-demanda-abordagem-multifuncional-trabalho-conjunto-e-conscientizacao\/#breadcrumb","itemListElement":[{"@type":"ListItem","position":1,"name":"In\u00edcio","item":"https:\/\/abes.org.br\/"},{"@type":"ListItem","position":2,"name":"Prote\u00e7\u00e3o de dados demanda abordagem multifuncional, trabalho conjunto e conscientiza\u00e7\u00e3o"}]},{"@type":"WebSite","@id":"https:\/\/abes.org.br\/#website","url":"https:\/\/abes.org.br\/","name":"ABES","description":"Brazilian Association of Software Companies","publisher":{"@id":"https:\/\/abes.org.br\/#organization"},"potentialAction":[{"@type":"SearchAction","target":{"@type":"EntryPoint","urlTemplate":"https:\/\/abes.org.br\/?s={search_term_string}"},"query-input":{"@type":"PropertyValueSpecification","valueRequired":true,"valueName":"search_term_string"}}],"inLanguage":"en-US"},{"@type":"Organization","@id":"https:\/\/abes.org.br\/#organization","name":"Brazilian Association of Software Companies","url":"https:\/\/abes.org.br\/","logo":{"@type":"ImageObject","inLanguage":"en-US","@id":"https:\/\/abes.org.br\/#\/schema\/logo\/image\/","url":"https:\/\/abes.org.br\/wp-content\/uploads\/2020\/09\/logo_abes_marca_d_tagline_horizontal_verde-amarelo_cmyk.png","contentUrl":"https:\/\/abes.org.br\/wp-content\/uploads\/2020\/09\/logo_abes_marca_d_tagline_horizontal_verde-amarelo_cmyk.png","width":324,"height":70,"caption":"Associa\u00e7\u00e3o Brasileira das Empresas de Software"},"image":{"@id":"https:\/\/abes.org.br\/#\/schema\/logo\/image\/"},"sameAs":["https:\/\/www.facebook.com\/ABES.software","https:\/\/x.com\/ABES_SOFTWARE","https:\/\/www.linkedin.com\/company\/abes-software\/","https:\/\/www.instagram.com\/abes_software\/"]},{"@type":"Person","@id":"https:\/\/abes.org.br\/#\/schema\/person\/1bad6bff859e7d56ec5664b01968e27e","name":"prima-dev","image":{"@type":"ImageObject","inLanguage":"en-US","@id":"https:\/\/secure.gravatar.com\/avatar\/039c6325210cecd393c57645bc755f7d13deed578fddf4dbfa87bc05dcbcfa4b?s=96&d=mm&r=g","url":"https:\/\/secure.gravatar.com\/avatar\/039c6325210cecd393c57645bc755f7d13deed578fddf4dbfa87bc05dcbcfa4b?s=96&d=mm&r=g","contentUrl":"https:\/\/secure.gravatar.com\/avatar\/039c6325210cecd393c57645bc755f7d13deed578fddf4dbfa87bc05dcbcfa4b?s=96&d=mm&r=g","caption":"prima-dev"},"url":"https:\/\/abes.org.br\/en\/author\/prima-dev\/"}]}},"publishpress_future_action":{"enabled":false,"date":"2026-05-03 20:14:09","action":"change-status","newStatus":"draft","terms":[],"taxonomy":"category","extraData":[]},"publishpress_future_workflow_manual_trigger":{"enabledWorkflows":[]},"_links":{"self":[{"href":"https:\/\/abes.org.br\/en\/wp-json\/wp\/v2\/posts\/10505","targetHints":{"allow":["GET"]}}],"collection":[{"href":"https:\/\/abes.org.br\/en\/wp-json\/wp\/v2\/posts"}],"about":[{"href":"https:\/\/abes.org.br\/en\/wp-json\/wp\/v2\/types\/post"}],"author":[{"embeddable":true,"href":"https:\/\/abes.org.br\/en\/wp-json\/wp\/v2\/users\/2"}],"replies":[{"embeddable":true,"href":"https:\/\/abes.org.br\/en\/wp-json\/wp\/v2\/comments?post=10505"}],"version-history":[{"count":0,"href":"https:\/\/abes.org.br\/en\/wp-json\/wp\/v2\/posts\/10505\/revisions"}],"wp:attachment":[{"href":"https:\/\/abes.org.br\/en\/wp-json\/wp\/v2\/media?parent=10505"}],"wp:term":[{"taxonomy":"category","embeddable":true,"href":"https:\/\/abes.org.br\/en\/wp-json\/wp\/v2\/categories?post=10505"},{"taxonomy":"post_tag","embeddable":true,"href":"https:\/\/abes.org.br\/en\/wp-json\/wp\/v2\/tags?post=10505"}],"curies":[{"name":"wp","href":"https:\/\/api.w.org\/{rel}","templated":true}]}}