{"id":10489,"date":"2020-08-20T00:00:00","date_gmt":"2020-08-20T00:00:00","guid":{"rendered":"https:\/\/abes.org.br\/?p=10489"},"modified":"2020-08-20T00:00:00","modified_gmt":"2020-08-20T00:00:00","slug":"ideiagov-anuncia-selecionados-pelo-edital-de-diagnostico-da-covid-19-por-meio-de-exames-de-imagem","status":"publish","type":"post","link":"https:\/\/abes.org.br\/en\/ideiagov-anuncia-selecionados-pelo-edital-de-diagnostico-da-covid-19-por-meio-de-exames-de-imagem\/","title":{"rendered":"IdeiaGov announces selected by COVID-19&#039;s diagnostic notice through imaging exams"},"content":{"rendered":"<div style=\"text-align: justify;\">\n<p>\n\tNotice sought institutions that offer the best artificial intelligence solutions for imaging diagnosis<\/p>\n<p>\tIdeiaGov, Innovation Hub that brings market and society solutions to the challenges of the State Government of S\u00e3o Paulo, selected three proponents to participate in the technological challenge and find a solution for the use of artificial intelligence algorithm to diagnose COVID-19 through computed tomography imaging and chest x-ray.<\/p>\n<p>\tThe three selected to meet the challenge and show how artificial intelligence can be linked to health benefits were: Consortium between MICLB FEEC Unicamp and Neuralmin, Otawa Health and Visibilia.<\/p>\n<p>\tThe consortium between MICLB FEEC Unicamp and Neuralmin presented a solution that can be used both in chest radiography and in computed tomography and that involves the use of convolutional neural networks (CNN), aiming to improve the efficiency of decisions and care.<\/p>\n<p>\tOtawa Health, which has experience in mobile application development and artificial intelligence projects, created an AIIA COVID-19 tool for probability detection for COVID-19 using x-ray images.<\/p>\n<p>\tVisibilia, a Latin American consultancy specializing in the application and development of strategic business solutions, presented a system named FADCIL, which will automatically identify coronaviruses in medical lung images using Deep Learning, type of <a href=\"https:\/\/www.sas.com\/pt_br\/insights\/analytics\/machine-learning.html\">machine learning<\/a> that trains computers to perform tasks like human beings, which include speech recognition, image identification and predictions.<\/p>\n<p>\t&quot;The challenge was very well defined and the solutions chosen fulfilled exactly what we were expecting from the use of artificial intelligence for imaging diagnosis&quot;, explains Felipe Massami Maruyama, director of innovation in government at Impact Hub ahead of IdeiaGov.<\/p>\n<p>\t&quot;This is a new and expected stage of the RadVid-19 platform \u2013 which is part of IdeiaGov \u2013 and since April it has contributed to the diagnosis of the new coronavirus in hospitals across the country. Now, with these selected companies, we will be able to work with a national algorithm and continue this project&quot;, explains Prof. Dr Giovanni Guido Cerri, president of the Center for Technological Innovation \u2013 InovaHC at the Hospital das Cl\u00ednicas of the Faculty of Medicine of the University of S\u00e3o Paulo (HCFMUSP).<\/p>\n<p>\t<strong>Benefits<\/strong><\/p>\n<p>\tThe companies will have access to the technical teams of the Hospital das Cl\u00ednicas of the Faculty of Medicine of the University of S\u00e3o Paulo (HCFMUSP), the Technological Research Institute of the State of S\u00e3o Paulo (IPT) and the Data Processing Company of S\u00e3o Paulo (PRODESP ), for guidance, support in the execution of proofs of concept and pilot tests, in addition to exchanging technical information, of a non-confidential nature, related to coping with the Covid-19 pandemic.<\/p>\n<p>\tIn addition, they will have a referral to HCFMUSP or other Scientific, Technological and Innovation Institutions (&quot;ICTs&quot;) linked to the S\u00e3o Paulo State Health Department (SES) to carry out tests, use cases and pilot projects and , will also be able to apply the solution in real-use environments for testing and validation of the method both for technological and marketing approval.<\/p>\n<p>\tThey will also be connected with potential suppliers and partners to scale up the scale production of the solution that was presented, they will receive support for the internationalization of the solutions that are implemented and will have a connection between the selected project proponents with angel investors and investment funds. venture capital, as well as sources of public and private financing for RD&amp;l.<\/p>\n<p>\t<strong>About IdeiaGov <\/strong>\u2013 IdeiaGov is an Innovation Hub that brings market and society solutions to the challenges of the Government of the State of S\u00e3o Paulo, offering better public services for citizens and more efficiency in public management. The program works on three action fronts: as a meeting space between different actors of the Impact Entrepreneurship Ecosystem and the Science, Technology and Innovation System; through the acceleration of businesses that solve challenges in the public interest and complement the government&#039;s work in fostering a prosperous and just society; and through support programs that enhance the relationship and the contracting of innovative solutions for government agencies in the State of S\u00e3o Paulo.<\/p>\n<p>\tLed by the S\u00e3o Paulo State Economic Development and Government Secretariats, IdeiaGov is operated by the Impact Hub and has several partners: the S\u00e3o Paulo State Secretariat of Health, the Hospital das Cl\u00ednicas of the Faculty of Medicine of the University of S\u00e3o Paulo Paulo, the Technological Research Institute of S\u00e3o Paulo (IPT), the S\u00e3o Paulo State Attorney General (PGE) and the S\u00e3o Paulo Data Processing Company (PRODESP), in addition to organizations operating in the areas of business generation , from science and technology, government innovation and social technologies, such as Wylinka and the Tellus Institute.<\/p>\n<p>\t<strong>About InovaHC<\/strong> \u2013 The Technological Innovation Center \u2013 InovaHC \u2013 connects entrepreneurs and resources in order to generate more efficient healthcare innovation solutions for managers, physicians and patients. To do so, it works on three fronts: In.cube (Incubator of ideas), In.pulse (Business Accelerator) and In.pacte (impacts people by supporting the potential and scalability of the businesses developed). Its general proposal is in accordance with state and federal laws, which are motivated to make technological innovation a strategic component of economics and development.<\/div>","protected":false},"excerpt":{"rendered":"<p>Edital buscou institui&ccedil;&otilde;es que oferecem as melhores solu&ccedil;&otilde;es de intelig&ecirc;ncia artificial para diagn&oacute;stico por imagem O IdeiaGov, Hub de inova&ccedil;&atilde;o que traz solu&ccedil;&otilde;es de mercado e da sociedade para desafios do Governo do Estado de S&atilde;o Paulo, selecionou tr&ecirc;s proponentes para participarem do desafio tecnol&oacute;gico e encontrarem uma solu&ccedil;&atilde;o para o uso de algoritmo de [&hellip;]<\/p>\n","protected":false},"author":2,"featured_media":0,"comment_status":"closed","ping_status":"open","sticky":false,"template":"","format":"standard","meta":{"_acf_changed":false,"_et_pb_use_builder":"","_et_pb_old_content":"","_et_gb_content_width":"","footnotes":""},"categories":[19],"tags":[],"class_list":["post-10489","post","type-post","status-publish","format-standard","hentry","category-ultimas-noticias"],"acf":[],"yoast_head":"<!-- This site is optimized with the Yoast SEO plugin v27.3 - https:\/\/yoast.com\/product\/yoast-seo-wordpress\/ -->\n<title>IdeiaGov anuncia selecionados pelo edital de diagn\u00f3stico da COVID-19 por meio de exames de imagem - ABES<\/title>\n<meta name=\"robots\" content=\"index, follow, max-snippet:-1, max-image-preview:large, max-video-preview:-1\" \/>\n<link rel=\"canonical\" href=\"https:\/\/abes.org.br\/en\/ideiagov-anuncia-selecionados-pelo-edital-de-diagnostico-da-covid-19-por-meio-de-exames-de-imagem\/\" \/>\n<meta property=\"og:locale\" content=\"en_US\" \/>\n<meta property=\"og:type\" content=\"article\" \/>\n<meta property=\"og:title\" content=\"IdeiaGov anuncia selecionados pelo edital de diagn\u00f3stico da COVID-19 por meio de exames de imagem - ABES\" \/>\n<meta property=\"og:description\" content=\"Edital buscou institui&ccedil;&otilde;es que oferecem as melhores solu&ccedil;&otilde;es de intelig&ecirc;ncia artificial para diagn&oacute;stico por imagem O IdeiaGov, Hub de inova&ccedil;&atilde;o que traz solu&ccedil;&otilde;es de mercado e da sociedade para desafios do Governo do Estado de S&atilde;o Paulo, selecionou tr&ecirc;s proponentes para participarem do desafio tecnol&oacute;gico e encontrarem uma solu&ccedil;&atilde;o para o uso de algoritmo de [&hellip;]\" \/>\n<meta property=\"og:url\" content=\"https:\/\/abes.org.br\/en\/ideiagov-anuncia-selecionados-pelo-edital-de-diagnostico-da-covid-19-por-meio-de-exames-de-imagem\/\" \/>\n<meta property=\"og:site_name\" content=\"ABES\" \/>\n<meta property=\"article:publisher\" content=\"https:\/\/www.facebook.com\/ABES.software\" \/>\n<meta property=\"article:published_time\" content=\"2020-08-20T00:00:00+00:00\" \/>\n<meta property=\"og:image\" content=\"https:\/\/abes.org.br\/wp-content\/uploads\/2021\/01\/logo_abes_marca_tagline_horizontal_colorido_rgb.png\" \/>\n\t<meta property=\"og:image:width\" content=\"3509\" \/>\n\t<meta property=\"og:image:height\" content=\"2482\" \/>\n\t<meta property=\"og:image:type\" content=\"image\/png\" \/>\n<meta name=\"author\" content=\"prima-dev\" \/>\n<meta name=\"twitter:card\" content=\"summary_large_image\" \/>\n<meta name=\"twitter:creator\" content=\"@ABES_SOFTWARE\" \/>\n<meta name=\"twitter:site\" content=\"@ABES_SOFTWARE\" \/>\n<meta name=\"twitter:label1\" content=\"Written by\" \/>\n\t<meta name=\"twitter:data1\" content=\"prima-dev\" \/>\n\t<meta name=\"twitter:label2\" content=\"Est. reading time\" \/>\n\t<meta name=\"twitter:data2\" content=\"6 minutes\" \/>\n<script type=\"application\/ld+json\" class=\"yoast-schema-graph\">{\"@context\":\"https:\\\/\\\/schema.org\",\"@graph\":[{\"@type\":\"Article\",\"@id\":\"https:\\\/\\\/abes.org.br\\\/ideiagov-anuncia-selecionados-pelo-edital-de-diagnostico-da-covid-19-por-meio-de-exames-de-imagem\\\/#article\",\"isPartOf\":{\"@id\":\"https:\\\/\\\/abes.org.br\\\/ideiagov-anuncia-selecionados-pelo-edital-de-diagnostico-da-covid-19-por-meio-de-exames-de-imagem\\\/\"},\"author\":{\"name\":\"prima-dev\",\"@id\":\"https:\\\/\\\/abes.org.br\\\/#\\\/schema\\\/person\\\/1bad6bff859e7d56ec5664b01968e27e\"},\"headline\":\"IdeiaGov anuncia selecionados pelo edital de diagn\u00f3stico da COVID-19 por meio de exames de imagem\",\"datePublished\":\"2020-08-20T00:00:00+00:00\",\"mainEntityOfPage\":{\"@id\":\"https:\\\/\\\/abes.org.br\\\/ideiagov-anuncia-selecionados-pelo-edital-de-diagnostico-da-covid-19-por-meio-de-exames-de-imagem\\\/\"},\"wordCount\":1251,\"publisher\":{\"@id\":\"https:\\\/\\\/abes.org.br\\\/#organization\"},\"articleSection\":[\"\u00daltimas not\u00edcias\"],\"inLanguage\":\"en-US\"},{\"@type\":\"WebPage\",\"@id\":\"https:\\\/\\\/abes.org.br\\\/ideiagov-anuncia-selecionados-pelo-edital-de-diagnostico-da-covid-19-por-meio-de-exames-de-imagem\\\/\",\"url\":\"https:\\\/\\\/abes.org.br\\\/ideiagov-anuncia-selecionados-pelo-edital-de-diagnostico-da-covid-19-por-meio-de-exames-de-imagem\\\/\",\"name\":\"IdeiaGov anuncia selecionados pelo edital de diagn\u00f3stico da COVID-19 por meio de exames de imagem - ABES\",\"isPartOf\":{\"@id\":\"https:\\\/\\\/abes.org.br\\\/#website\"},\"datePublished\":\"2020-08-20T00:00:00+00:00\",\"breadcrumb\":{\"@id\":\"https:\\\/\\\/abes.org.br\\\/ideiagov-anuncia-selecionados-pelo-edital-de-diagnostico-da-covid-19-por-meio-de-exames-de-imagem\\\/#breadcrumb\"},\"inLanguage\":\"en-US\",\"potentialAction\":[{\"@type\":\"ReadAction\",\"target\":[\"https:\\\/\\\/abes.org.br\\\/ideiagov-anuncia-selecionados-pelo-edital-de-diagnostico-da-covid-19-por-meio-de-exames-de-imagem\\\/\"]}]},{\"@type\":\"BreadcrumbList\",\"@id\":\"https:\\\/\\\/abes.org.br\\\/ideiagov-anuncia-selecionados-pelo-edital-de-diagnostico-da-covid-19-por-meio-de-exames-de-imagem\\\/#breadcrumb\",\"itemListElement\":[{\"@type\":\"ListItem\",\"position\":1,\"name\":\"In\u00edcio\",\"item\":\"https:\\\/\\\/abes.org.br\\\/\"},{\"@type\":\"ListItem\",\"position\":2,\"name\":\"IdeiaGov anuncia selecionados pelo edital de diagn\u00f3stico da COVID-19 por meio de exames de imagem\"}]},{\"@type\":\"WebSite\",\"@id\":\"https:\\\/\\\/abes.org.br\\\/#website\",\"url\":\"https:\\\/\\\/abes.org.br\\\/\",\"name\":\"ABES\",\"description\":\"Associa\u00e7\u00e3o Brasileira das Empresas de Software\",\"publisher\":{\"@id\":\"https:\\\/\\\/abes.org.br\\\/#organization\"},\"potentialAction\":[{\"@type\":\"SearchAction\",\"target\":{\"@type\":\"EntryPoint\",\"urlTemplate\":\"https:\\\/\\\/abes.org.br\\\/?s={search_term_string}\"},\"query-input\":{\"@type\":\"PropertyValueSpecification\",\"valueRequired\":true,\"valueName\":\"search_term_string\"}}],\"inLanguage\":\"en-US\"},{\"@type\":\"Organization\",\"@id\":\"https:\\\/\\\/abes.org.br\\\/#organization\",\"name\":\"Associa\u00e7\u00e3o Brasileira das Empresas de Software\",\"url\":\"https:\\\/\\\/abes.org.br\\\/\",\"logo\":{\"@type\":\"ImageObject\",\"inLanguage\":\"en-US\",\"@id\":\"https:\\\/\\\/abes.org.br\\\/#\\\/schema\\\/logo\\\/image\\\/\",\"url\":\"https:\\\/\\\/abes.org.br\\\/wp-content\\\/uploads\\\/2020\\\/09\\\/logo_abes_marca_d_tagline_horizontal_verde-amarelo_cmyk.png\",\"contentUrl\":\"https:\\\/\\\/abes.org.br\\\/wp-content\\\/uploads\\\/2020\\\/09\\\/logo_abes_marca_d_tagline_horizontal_verde-amarelo_cmyk.png\",\"width\":324,\"height\":70,\"caption\":\"Associa\u00e7\u00e3o Brasileira das Empresas de Software\"},\"image\":{\"@id\":\"https:\\\/\\\/abes.org.br\\\/#\\\/schema\\\/logo\\\/image\\\/\"},\"sameAs\":[\"https:\\\/\\\/www.facebook.com\\\/ABES.software\",\"https:\\\/\\\/x.com\\\/ABES_SOFTWARE\",\"https:\\\/\\\/www.linkedin.com\\\/company\\\/abes-software\\\/\",\"https:\\\/\\\/www.instagram.com\\\/abes_software\\\/\"]},{\"@type\":\"Person\",\"@id\":\"https:\\\/\\\/abes.org.br\\\/#\\\/schema\\\/person\\\/1bad6bff859e7d56ec5664b01968e27e\",\"name\":\"prima-dev\",\"image\":{\"@type\":\"ImageObject\",\"inLanguage\":\"en-US\",\"@id\":\"https:\\\/\\\/secure.gravatar.com\\\/avatar\\\/039c6325210cecd393c57645bc755f7d13deed578fddf4dbfa87bc05dcbcfa4b?s=96&d=mm&r=g\",\"url\":\"https:\\\/\\\/secure.gravatar.com\\\/avatar\\\/039c6325210cecd393c57645bc755f7d13deed578fddf4dbfa87bc05dcbcfa4b?s=96&d=mm&r=g\",\"contentUrl\":\"https:\\\/\\\/secure.gravatar.com\\\/avatar\\\/039c6325210cecd393c57645bc755f7d13deed578fddf4dbfa87bc05dcbcfa4b?s=96&d=mm&r=g\",\"caption\":\"prima-dev\"},\"url\":\"https:\\\/\\\/abes.org.br\\\/en\\\/author\\\/prima-dev\\\/\"}]}<\/script>\n<!-- \/ Yoast SEO plugin. -->","yoast_head_json":{"title":"IdeiaGov anuncia selecionados pelo edital de diagn\u00f3stico da COVID-19 por meio de exames de imagem - ABES","robots":{"index":"index","follow":"follow","max-snippet":"max-snippet:-1","max-image-preview":"max-image-preview:large","max-video-preview":"max-video-preview:-1"},"canonical":"https:\/\/abes.org.br\/en\/ideiagov-anuncia-selecionados-pelo-edital-de-diagnostico-da-covid-19-por-meio-de-exames-de-imagem\/","og_locale":"en_US","og_type":"article","og_title":"IdeiaGov anuncia selecionados pelo edital de diagn\u00f3stico da COVID-19 por meio de exames de imagem - ABES","og_description":"Edital buscou institui&ccedil;&otilde;es que oferecem as melhores solu&ccedil;&otilde;es de intelig&ecirc;ncia artificial para diagn&oacute;stico por imagem O IdeiaGov, Hub de inova&ccedil;&atilde;o que traz solu&ccedil;&otilde;es de mercado e da sociedade para desafios do Governo do Estado de S&atilde;o Paulo, selecionou tr&ecirc;s proponentes para participarem do desafio tecnol&oacute;gico e encontrarem uma solu&ccedil;&atilde;o para o uso de algoritmo de [&hellip;]","og_url":"https:\/\/abes.org.br\/en\/ideiagov-anuncia-selecionados-pelo-edital-de-diagnostico-da-covid-19-por-meio-de-exames-de-imagem\/","og_site_name":"ABES","article_publisher":"https:\/\/www.facebook.com\/ABES.software","article_published_time":"2020-08-20T00:00:00+00:00","og_image":[{"width":3509,"height":2482,"url":"https:\/\/abes.org.br\/wp-content\/uploads\/2021\/01\/logo_abes_marca_tagline_horizontal_colorido_rgb.png","type":"image\/png"}],"author":"prima-dev","twitter_card":"summary_large_image","twitter_creator":"@ABES_SOFTWARE","twitter_site":"@ABES_SOFTWARE","twitter_misc":{"Written by":"prima-dev","Est. reading time":"6 minutes"},"schema":{"@context":"https:\/\/schema.org","@graph":[{"@type":"Article","@id":"https:\/\/abes.org.br\/ideiagov-anuncia-selecionados-pelo-edital-de-diagnostico-da-covid-19-por-meio-de-exames-de-imagem\/#article","isPartOf":{"@id":"https:\/\/abes.org.br\/ideiagov-anuncia-selecionados-pelo-edital-de-diagnostico-da-covid-19-por-meio-de-exames-de-imagem\/"},"author":{"name":"prima-dev","@id":"https:\/\/abes.org.br\/#\/schema\/person\/1bad6bff859e7d56ec5664b01968e27e"},"headline":"IdeiaGov anuncia selecionados pelo edital de diagn\u00f3stico da COVID-19 por meio de exames de imagem","datePublished":"2020-08-20T00:00:00+00:00","mainEntityOfPage":{"@id":"https:\/\/abes.org.br\/ideiagov-anuncia-selecionados-pelo-edital-de-diagnostico-da-covid-19-por-meio-de-exames-de-imagem\/"},"wordCount":1251,"publisher":{"@id":"https:\/\/abes.org.br\/#organization"},"articleSection":["\u00daltimas not\u00edcias"],"inLanguage":"en-US"},{"@type":"WebPage","@id":"https:\/\/abes.org.br\/ideiagov-anuncia-selecionados-pelo-edital-de-diagnostico-da-covid-19-por-meio-de-exames-de-imagem\/","url":"https:\/\/abes.org.br\/ideiagov-anuncia-selecionados-pelo-edital-de-diagnostico-da-covid-19-por-meio-de-exames-de-imagem\/","name":"IdeiaGov anuncia selecionados pelo edital de diagn\u00f3stico da COVID-19 por meio de exames de imagem - ABES","isPartOf":{"@id":"https:\/\/abes.org.br\/#website"},"datePublished":"2020-08-20T00:00:00+00:00","breadcrumb":{"@id":"https:\/\/abes.org.br\/ideiagov-anuncia-selecionados-pelo-edital-de-diagnostico-da-covid-19-por-meio-de-exames-de-imagem\/#breadcrumb"},"inLanguage":"en-US","potentialAction":[{"@type":"ReadAction","target":["https:\/\/abes.org.br\/ideiagov-anuncia-selecionados-pelo-edital-de-diagnostico-da-covid-19-por-meio-de-exames-de-imagem\/"]}]},{"@type":"BreadcrumbList","@id":"https:\/\/abes.org.br\/ideiagov-anuncia-selecionados-pelo-edital-de-diagnostico-da-covid-19-por-meio-de-exames-de-imagem\/#breadcrumb","itemListElement":[{"@type":"ListItem","position":1,"name":"In\u00edcio","item":"https:\/\/abes.org.br\/"},{"@type":"ListItem","position":2,"name":"IdeiaGov anuncia selecionados pelo edital de diagn\u00f3stico da COVID-19 por meio de exames de imagem"}]},{"@type":"WebSite","@id":"https:\/\/abes.org.br\/#website","url":"https:\/\/abes.org.br\/","name":"ABES","description":"Brazilian Association of Software Companies","publisher":{"@id":"https:\/\/abes.org.br\/#organization"},"potentialAction":[{"@type":"SearchAction","target":{"@type":"EntryPoint","urlTemplate":"https:\/\/abes.org.br\/?s={search_term_string}"},"query-input":{"@type":"PropertyValueSpecification","valueRequired":true,"valueName":"search_term_string"}}],"inLanguage":"en-US"},{"@type":"Organization","@id":"https:\/\/abes.org.br\/#organization","name":"Brazilian Association of Software Companies","url":"https:\/\/abes.org.br\/","logo":{"@type":"ImageObject","inLanguage":"en-US","@id":"https:\/\/abes.org.br\/#\/schema\/logo\/image\/","url":"https:\/\/abes.org.br\/wp-content\/uploads\/2020\/09\/logo_abes_marca_d_tagline_horizontal_verde-amarelo_cmyk.png","contentUrl":"https:\/\/abes.org.br\/wp-content\/uploads\/2020\/09\/logo_abes_marca_d_tagline_horizontal_verde-amarelo_cmyk.png","width":324,"height":70,"caption":"Associa\u00e7\u00e3o Brasileira das Empresas de Software"},"image":{"@id":"https:\/\/abes.org.br\/#\/schema\/logo\/image\/"},"sameAs":["https:\/\/www.facebook.com\/ABES.software","https:\/\/x.com\/ABES_SOFTWARE","https:\/\/www.linkedin.com\/company\/abes-software\/","https:\/\/www.instagram.com\/abes_software\/"]},{"@type":"Person","@id":"https:\/\/abes.org.br\/#\/schema\/person\/1bad6bff859e7d56ec5664b01968e27e","name":"prima-dev","image":{"@type":"ImageObject","inLanguage":"en-US","@id":"https:\/\/secure.gravatar.com\/avatar\/039c6325210cecd393c57645bc755f7d13deed578fddf4dbfa87bc05dcbcfa4b?s=96&d=mm&r=g","url":"https:\/\/secure.gravatar.com\/avatar\/039c6325210cecd393c57645bc755f7d13deed578fddf4dbfa87bc05dcbcfa4b?s=96&d=mm&r=g","contentUrl":"https:\/\/secure.gravatar.com\/avatar\/039c6325210cecd393c57645bc755f7d13deed578fddf4dbfa87bc05dcbcfa4b?s=96&d=mm&r=g","caption":"prima-dev"},"url":"https:\/\/abes.org.br\/en\/author\/prima-dev\/"}]}},"publishpress_future_action":{"enabled":false,"date":"2026-05-03 16:49:39","action":"change-status","newStatus":"draft","terms":[],"taxonomy":"category","extraData":[]},"publishpress_future_workflow_manual_trigger":{"enabledWorkflows":[]},"_links":{"self":[{"href":"https:\/\/abes.org.br\/en\/wp-json\/wp\/v2\/posts\/10489","targetHints":{"allow":["GET"]}}],"collection":[{"href":"https:\/\/abes.org.br\/en\/wp-json\/wp\/v2\/posts"}],"about":[{"href":"https:\/\/abes.org.br\/en\/wp-json\/wp\/v2\/types\/post"}],"author":[{"embeddable":true,"href":"https:\/\/abes.org.br\/en\/wp-json\/wp\/v2\/users\/2"}],"replies":[{"embeddable":true,"href":"https:\/\/abes.org.br\/en\/wp-json\/wp\/v2\/comments?post=10489"}],"version-history":[{"count":0,"href":"https:\/\/abes.org.br\/en\/wp-json\/wp\/v2\/posts\/10489\/revisions"}],"wp:attachment":[{"href":"https:\/\/abes.org.br\/en\/wp-json\/wp\/v2\/media?parent=10489"}],"wp:term":[{"taxonomy":"category","embeddable":true,"href":"https:\/\/abes.org.br\/en\/wp-json\/wp\/v2\/categories?post=10489"},{"taxonomy":"post_tag","embeddable":true,"href":"https:\/\/abes.org.br\/en\/wp-json\/wp\/v2\/tags?post=10489"}],"curies":[{"name":"wp","href":"https:\/\/api.w.org\/{rel}","templated":true}]}}